{"id":42358,"date":"2024-03-14T14:42:14","date_gmt":"2024-03-14T17:42:14","guid":{"rendered":"https:\/\/verdadeon.com.br\/portal\/?p=42358"},"modified":"2024-03-14T14:42:14","modified_gmt":"2024-03-14T17:42:14","slug":"vendas-do-comercio-na-pascoa-devem-crescer-45-e-chegar-a-r-344-bi","status":"publish","type":"post","link":"https:\/\/verdadeon.com.br\/portal\/2024\/03\/14\/vendas-do-comercio-na-pascoa-devem-crescer-45-e-chegar-a-r-344-bi\/","title":{"rendered":"Vendas do com\u00e9rcio na P\u00e1scoa devem crescer 4,5% e chegar a R$ 3,44 bi"},"content":{"rendered":"<div class=\"row\">\n<h2 class=\"col-10 offset-1 animated fadeInDown dealy-900 display-8 display-md-8 alt-font font-italic my-1 text-center\">Proje\u00e7\u00e3o foi divulgada pela CNC e inclui itens como chocolate e vinho<\/h2>\n<p>O com\u00e9rcio brasileiro espera um faturamento total de R$ 3,44 bilh\u00f5es em vendas relacionadas \u00e0 P\u00e1scoa. Isso representa um crescimento de 4,5% na compara\u00e7\u00e3o com o ano passado, j\u00e1 descontada a infla\u00e7\u00e3o. A estimativa foi divulgada na quarta-feira (13) pela Confedera\u00e7\u00e3o Nacional do Com\u00e9rcio de Bens, Servi\u00e7os e Turismo (CNC) e abrange itens caracter\u00edsticos como chocolate, bacalhau e vinhos.<img data-recalc-dims=\"1\" decoding=\"async\" src=\"https:\/\/i0.wp.com\/agenciabrasil.ebc.com.br\/ebc.png?w=1220&#038;ssl=1\" \/><img data-recalc-dims=\"1\" decoding=\"async\" src=\"https:\/\/i0.wp.com\/agenciabrasil.ebc.com.br\/ebc.gif?w=1220&#038;ssl=1\" \/><\/p>\n<p>A P\u00e1scoa \u00e9 a sexta data comemorativa mais relevante para o com\u00e9rcio. Se confirmada a expectativa, ser\u00e1 o quarto ano seguido de alta nas vendas. A trajet\u00f3ria de crescimento que vinha sendo observada desde 2016 foi interrompida apenas em 2020, ano em que se iniciou a pandemia de covid-19, que afetou severamente toda a economia.<\/p>\n<p>Quatro estados devem responder por mais da metade (51%) do total de vendas esperadas: S\u00e3o Paulo (R$ 948,08 milh\u00f5es), Minas Gerais (R$ 352,57 milh\u00f5es), Rio de Janeiro (R$ 243,19 milh\u00f5es) e Rio Grande do Sul (R$ 194,18 milh\u00f5es).<\/p>\n<p>J\u00e1 em rela\u00e7\u00e3o \u00e0 evolu\u00e7\u00e3o anual do faturamento, os maiores destaques s\u00e3o Santa Catarina e Minas Gerais, com crescimentos de 7,4% e 7,2%, respectivamente.<\/p>\n<p>O levantamento da CNC aponta que a P\u00e1scoa deste ano vem acompanhada de grande alta de importa\u00e7\u00e3o de itens t\u00edpicos do per\u00edodo. As compras externas de chocolate devem alcan\u00e7ar 3,35 mil toneladas, avan\u00e7o de 21,4% em rela\u00e7\u00e3o a 2023. No caso do bacalhau, deve haver um crescimento mais significativo, 61,9%. S\u00e3o 7,12 mil toneladas, a maior importa\u00e7\u00e3o registrada desde o in\u00edcio do levantamento, em 1997.<\/p>\n<p><strong>Pre\u00e7os<\/strong><\/p>\n<p>A pesquisa da CNC aponta que os pre\u00e7os dos produtos e servi\u00e7os t\u00edpicos estar\u00e3o 5,2% mais caros este ano. Essa \u201cinfla\u00e7\u00e3o da P\u00e1scoa\u201d \u00e9 superior \u00e0\u00a0<a href=\"https:\/\/agenciabrasil.ebc.com.br\/economia\/noticia\/2024-03\/ibge-inflacao-oficial-sobe-083-em-fevereiro\" target=\"_blank\" rel=\"noopener\">infla\u00e7\u00e3o oficial\u00a0<\/a>acumulada no pa\u00eds em 12 meses, 4,5%.<\/p>\n<p>A lista de itens inclui chocolate, pescado, bacalhau, bolos, azeite de oliva, refrigerante e \u00e1gua, vinho e alimenta\u00e7\u00e3o fora de casa. O \u00fanico que deve chegar mais barato este ano \u00e9 o bacalhau, com recuo de 3,2% no pre\u00e7o.<\/p>\n<p>J\u00e1 o grande vil\u00e3o \u00e9 o azeite de oliva, que ficou 45,7% mais caro em rela\u00e7\u00e3o \u00e0 \u00faltima P\u00e1scoa.<\/p>\n<p>De acordo com a CNC, a valoriza\u00e7\u00e3o do real frente o d\u00f3lar ajudou a tornar mais baratos pre\u00e7os de produtos importados. A taxa de c\u00e2mbio, que \u00e0s v\u00e9speras da P\u00e1scoa de 2023 se situava em R$ 5,20, atualmente se encontra perto dos R$ 5 \u2013 um recuo de quase 4,3%.<\/p>\n<p>Fonte: Ag\u00eancia Brasil<\/p>\n<\/div>\n","protected":false},"excerpt":{"rendered":"<p>Proje\u00e7\u00e3o foi divulgada pela CNC e inclui itens como chocolate e vinho O com\u00e9rcio brasileiro espera um faturamento total de R$ 3,44 bilh\u00f5es em vendas relacionadas<span class=\"excerpt-hellip\"> [\u2026]<\/span><\/p>\n","protected":false},"author":10,"featured_media":42359,"comment_status":"open","ping_status":"open","sticky":false,"template":"","format":"standard","meta":{"_jetpack_memberships_contains_paid_content":false,"footnotes":"","jetpack_publicize_message":"","jetpack_publicize_feature_enabled":true,"jetpack_social_post_already_shared":false,"jetpack_social_options":{"image_generator_settings":{"template":"highway","default_image_id":0,"enabled":false},"version":2}},"categories":[28,44],"tags":[],"class_list":["post-42358","post","type-post","status-publish","format-standard","has-post-thumbnail","hentry","category-cotidiano","category-noticias"],"yoast_head":"<!-- This site is optimized with the Yoast SEO plugin v25.6 - https:\/\/yoast.com\/wordpress\/plugins\/seo\/ -->\n<title>Vendas do com\u00e9rcio na P\u00e1scoa devem crescer 4,5% e chegar a R$ 3,44 bi - VerdadeOn<\/title>\n<meta name=\"robots\" content=\"index, follow, max-snippet:-1, max-image-preview:large, max-video-preview:-1\" \/>\n<link rel=\"canonical\" href=\"https:\/\/verdadeon.com.br\/portal\/2024\/03\/14\/vendas-do-comercio-na-pascoa-devem-crescer-45-e-chegar-a-r-344-bi\/\" \/>\n<meta property=\"og:locale\" content=\"pt_BR\" \/>\n<meta property=\"og:type\" content=\"article\" \/>\n<meta property=\"og:title\" content=\"Vendas do com\u00e9rcio na P\u00e1scoa devem crescer 4,5% e chegar a R$ 3,44 bi - VerdadeOn\" \/>\n<meta property=\"og:description\" content=\"Proje\u00e7\u00e3o foi divulgada pela CNC e inclui itens como chocolate e vinho O com\u00e9rcio brasileiro espera um faturamento total de R$ 3,44 bilh\u00f5es em vendas relacionadas [\u2026]\" \/>\n<meta property=\"og:url\" content=\"https:\/\/verdadeon.com.br\/portal\/2024\/03\/14\/vendas-do-comercio-na-pascoa-devem-crescer-45-e-chegar-a-r-344-bi\/\" \/>\n<meta property=\"og:site_name\" content=\"VerdadeOn\" \/>\n<meta property=\"article:published_time\" content=\"2024-03-14T17:42:14+00:00\" \/>\n<meta property=\"og:image\" content=\"https:\/\/verdadeon.com.br\/portal\/wp-content\/uploads\/2024\/03\/AnyConv.com__1114582-df_img_0787.jpg\" \/>\n\t<meta property=\"og:image:width\" content=\"1044\" \/>\n\t<meta property=\"og:image:height\" content=\"700\" \/>\n\t<meta property=\"og:image:type\" content=\"image\/jpeg\" \/>\n<meta name=\"author\" content=\"Redacao VerdadeOn\" \/>\n<meta name=\"twitter:card\" content=\"summary_large_image\" \/>\n<meta name=\"twitter:label1\" content=\"Escrito por\" \/>\n\t<meta name=\"twitter:data1\" content=\"Redacao VerdadeOn\" \/>\n\t<meta name=\"twitter:label2\" content=\"Est. tempo de leitura\" \/>\n\t<meta name=\"twitter:data2\" content=\"3 minutos\" \/>\n<script type=\"application\/ld+json\" class=\"yoast-schema-graph\">{\"@context\":\"https:\/\/schema.org\",\"@graph\":[{\"@type\":\"WebPage\",\"@id\":\"https:\/\/verdadeon.com.br\/portal\/2024\/03\/14\/vendas-do-comercio-na-pascoa-devem-crescer-45-e-chegar-a-r-344-bi\/\",\"url\":\"https:\/\/verdadeon.com.br\/portal\/2024\/03\/14\/vendas-do-comercio-na-pascoa-devem-crescer-45-e-chegar-a-r-344-bi\/\",\"name\":\"Vendas do com\u00e9rcio na P\u00e1scoa devem crescer 4,5% e chegar a R$ 3,44 bi - VerdadeOn\",\"isPartOf\":{\"@id\":\"https:\/\/verdadeon.com.br\/portal\/#website\"},\"primaryImageOfPage\":{\"@id\":\"https:\/\/verdadeon.com.br\/portal\/2024\/03\/14\/vendas-do-comercio-na-pascoa-devem-crescer-45-e-chegar-a-r-344-bi\/#primaryimage\"},\"image\":{\"@id\":\"https:\/\/verdadeon.com.br\/portal\/2024\/03\/14\/vendas-do-comercio-na-pascoa-devem-crescer-45-e-chegar-a-r-344-bi\/#primaryimage\"},\"thumbnailUrl\":\"https:\/\/i0.wp.com\/verdadeon.com.br\/portal\/wp-content\/uploads\/2024\/03\/AnyConv.com__1114582-df_img_0787.jpg?fit=1044%2C700&ssl=1\",\"datePublished\":\"2024-03-14T17:42:14+00:00\",\"author\":{\"@id\":\"https:\/\/verdadeon.com.br\/portal\/#\/schema\/person\/a5060ad1e9ea3df545188fc93ce43d2f\"},\"breadcrumb\":{\"@id\":\"https:\/\/verdadeon.com.br\/portal\/2024\/03\/14\/vendas-do-comercio-na-pascoa-devem-crescer-45-e-chegar-a-r-344-bi\/#breadcrumb\"},\"inLanguage\":\"pt-BR\",\"potentialAction\":[{\"@type\":\"ReadAction\",\"target\":[\"https:\/\/verdadeon.com.br\/portal\/2024\/03\/14\/vendas-do-comercio-na-pascoa-devem-crescer-45-e-chegar-a-r-344-bi\/\"]}]},{\"@type\":\"ImageObject\",\"inLanguage\":\"pt-BR\",\"@id\":\"https:\/\/verdadeon.com.br\/portal\/2024\/03\/14\/vendas-do-comercio-na-pascoa-devem-crescer-45-e-chegar-a-r-344-bi\/#primaryimage\",\"url\":\"https:\/\/i0.wp.com\/verdadeon.com.br\/portal\/wp-content\/uploads\/2024\/03\/AnyConv.com__1114582-df_img_0787.jpg?fit=1044%2C700&ssl=1\",\"contentUrl\":\"https:\/\/i0.wp.com\/verdadeon.com.br\/portal\/wp-content\/uploads\/2024\/03\/AnyConv.com__1114582-df_img_0787.jpg?fit=1044%2C700&ssl=1\",\"width\":1044,\"height\":700,\"caption\":\"Opera\u00e7\u00e3o P\u00e1scoa: equipes do Procon-SP realizaram dilig\u00eancias em 31 munic\u00edpios (\u00a9Marcelo Camargo\/Ag\u00eancia Brasil)\"},{\"@type\":\"BreadcrumbList\",\"@id\":\"https:\/\/verdadeon.com.br\/portal\/2024\/03\/14\/vendas-do-comercio-na-pascoa-devem-crescer-45-e-chegar-a-r-344-bi\/#breadcrumb\",\"itemListElement\":[{\"@type\":\"ListItem\",\"position\":1,\"name\":\"In\u00edcio\",\"item\":\"https:\/\/verdadeon.com.br\/portal\/\"},{\"@type\":\"ListItem\",\"position\":2,\"name\":\"Vendas do com\u00e9rcio na P\u00e1scoa devem crescer 4,5% e chegar a R$ 3,44 bi\"}]},{\"@type\":\"WebSite\",\"@id\":\"https:\/\/verdadeon.com.br\/portal\/#website\",\"url\":\"https:\/\/verdadeon.com.br\/portal\/\",\"name\":\"VerdadeOn\",\"description\":\"Not\u00edcias di\u00e1rias sobre Franca, Regi\u00e3o, Esporte, Cultura, Cotidiano, Colunas. Cobertura nos principais eventos da cidade \u00e9 aqui - Verdadeon Franca\",\"potentialAction\":[{\"@type\":\"SearchAction\",\"target\":{\"@type\":\"EntryPoint\",\"urlTemplate\":\"https:\/\/verdadeon.com.br\/portal\/?s={search_term_string}\"},\"query-input\":{\"@type\":\"PropertyValueSpecification\",\"valueRequired\":true,\"valueName\":\"search_term_string\"}}],\"inLanguage\":\"pt-BR\"},{\"@type\":\"Person\",\"@id\":\"https:\/\/verdadeon.com.br\/portal\/#\/schema\/person\/a5060ad1e9ea3df545188fc93ce43d2f\",\"name\":\"Redacao VerdadeOn\",\"image\":{\"@type\":\"ImageObject\",\"inLanguage\":\"pt-BR\",\"@id\":\"https:\/\/verdadeon.com.br\/portal\/#\/schema\/person\/image\/\",\"url\":\"https:\/\/secure.gravatar.com\/avatar\/459a9613caaaf07f582c3d0841eea68bdd66f533e465e6ba8b9cb45619572cf4?s=96&d=mm&r=g\",\"contentUrl\":\"https:\/\/secure.gravatar.com\/avatar\/459a9613caaaf07f582c3d0841eea68bdd66f533e465e6ba8b9cb45619572cf4?s=96&d=mm&r=g\",\"caption\":\"Redacao VerdadeOn\"},\"url\":\"https:\/\/verdadeon.com.br\/portal\/author\/redacao\/\"}]}<\/script>\n<!-- \/ Yoast SEO plugin. -->","yoast_head_json":{"title":"Vendas do com\u00e9rcio na P\u00e1scoa devem crescer 4,5% e chegar a R$ 3,44 bi - VerdadeOn","robots":{"index":"index","follow":"follow","max-snippet":"max-snippet:-1","max-image-preview":"max-image-preview:large","max-video-preview":"max-video-preview:-1"},"canonical":"https:\/\/verdadeon.com.br\/portal\/2024\/03\/14\/vendas-do-comercio-na-pascoa-devem-crescer-45-e-chegar-a-r-344-bi\/","og_locale":"pt_BR","og_type":"article","og_title":"Vendas do com\u00e9rcio na P\u00e1scoa devem crescer 4,5% e chegar a R$ 3,44 bi - VerdadeOn","og_description":"Proje\u00e7\u00e3o foi divulgada pela CNC e inclui itens como chocolate e vinho O com\u00e9rcio brasileiro espera um faturamento total de R$ 3,44 bilh\u00f5es em vendas relacionadas [\u2026]","og_url":"https:\/\/verdadeon.com.br\/portal\/2024\/03\/14\/vendas-do-comercio-na-pascoa-devem-crescer-45-e-chegar-a-r-344-bi\/","og_site_name":"VerdadeOn","article_published_time":"2024-03-14T17:42:14+00:00","og_image":[{"width":1044,"height":700,"url":"https:\/\/verdadeon.com.br\/portal\/wp-content\/uploads\/2024\/03\/AnyConv.com__1114582-df_img_0787.jpg","type":"image\/jpeg"}],"author":"Redacao VerdadeOn","twitter_card":"summary_large_image","twitter_misc":{"Escrito por":"Redacao VerdadeOn","Est. tempo de leitura":"3 minutos"},"schema":{"@context":"https:\/\/schema.org","@graph":[{"@type":"WebPage","@id":"https:\/\/verdadeon.com.br\/portal\/2024\/03\/14\/vendas-do-comercio-na-pascoa-devem-crescer-45-e-chegar-a-r-344-bi\/","url":"https:\/\/verdadeon.com.br\/portal\/2024\/03\/14\/vendas-do-comercio-na-pascoa-devem-crescer-45-e-chegar-a-r-344-bi\/","name":"Vendas do com\u00e9rcio na P\u00e1scoa devem crescer 4,5% e chegar a R$ 3,44 bi - VerdadeOn","isPartOf":{"@id":"https:\/\/verdadeon.com.br\/portal\/#website"},"primaryImageOfPage":{"@id":"https:\/\/verdadeon.com.br\/portal\/2024\/03\/14\/vendas-do-comercio-na-pascoa-devem-crescer-45-e-chegar-a-r-344-bi\/#primaryimage"},"image":{"@id":"https:\/\/verdadeon.com.br\/portal\/2024\/03\/14\/vendas-do-comercio-na-pascoa-devem-crescer-45-e-chegar-a-r-344-bi\/#primaryimage"},"thumbnailUrl":"https:\/\/i0.wp.com\/verdadeon.com.br\/portal\/wp-content\/uploads\/2024\/03\/AnyConv.com__1114582-df_img_0787.jpg?fit=1044%2C700&ssl=1","datePublished":"2024-03-14T17:42:14+00:00","author":{"@id":"https:\/\/verdadeon.com.br\/portal\/#\/schema\/person\/a5060ad1e9ea3df545188fc93ce43d2f"},"breadcrumb":{"@id":"https:\/\/verdadeon.com.br\/portal\/2024\/03\/14\/vendas-do-comercio-na-pascoa-devem-crescer-45-e-chegar-a-r-344-bi\/#breadcrumb"},"inLanguage":"pt-BR","potentialAction":[{"@type":"ReadAction","target":["https:\/\/verdadeon.com.br\/portal\/2024\/03\/14\/vendas-do-comercio-na-pascoa-devem-crescer-45-e-chegar-a-r-344-bi\/"]}]},{"@type":"ImageObject","inLanguage":"pt-BR","@id":"https:\/\/verdadeon.com.br\/portal\/2024\/03\/14\/vendas-do-comercio-na-pascoa-devem-crescer-45-e-chegar-a-r-344-bi\/#primaryimage","url":"https:\/\/i0.wp.com\/verdadeon.com.br\/portal\/wp-content\/uploads\/2024\/03\/AnyConv.com__1114582-df_img_0787.jpg?fit=1044%2C700&ssl=1","contentUrl":"https:\/\/i0.wp.com\/verdadeon.com.br\/portal\/wp-content\/uploads\/2024\/03\/AnyConv.com__1114582-df_img_0787.jpg?fit=1044%2C700&ssl=1","width":1044,"height":700,"caption":"Opera\u00e7\u00e3o P\u00e1scoa: equipes do Procon-SP realizaram dilig\u00eancias em 31 munic\u00edpios (\u00a9Marcelo Camargo\/Ag\u00eancia Brasil)"},{"@type":"BreadcrumbList","@id":"https:\/\/verdadeon.com.br\/portal\/2024\/03\/14\/vendas-do-comercio-na-pascoa-devem-crescer-45-e-chegar-a-r-344-bi\/#breadcrumb","itemListElement":[{"@type":"ListItem","position":1,"name":"In\u00edcio","item":"https:\/\/verdadeon.com.br\/portal\/"},{"@type":"ListItem","position":2,"name":"Vendas do com\u00e9rcio na P\u00e1scoa devem crescer 4,5% e chegar a R$ 3,44 bi"}]},{"@type":"WebSite","@id":"https:\/\/verdadeon.com.br\/portal\/#website","url":"https:\/\/verdadeon.com.br\/portal\/","name":"VerdadeOn","description":"Not\u00edcias di\u00e1rias sobre Franca, Regi\u00e3o, Esporte, Cultura, Cotidiano, Colunas. Cobertura nos principais eventos da cidade \u00e9 aqui - Verdadeon Franca","potentialAction":[{"@type":"SearchAction","target":{"@type":"EntryPoint","urlTemplate":"https:\/\/verdadeon.com.br\/portal\/?s={search_term_string}"},"query-input":{"@type":"PropertyValueSpecification","valueRequired":true,"valueName":"search_term_string"}}],"inLanguage":"pt-BR"},{"@type":"Person","@id":"https:\/\/verdadeon.com.br\/portal\/#\/schema\/person\/a5060ad1e9ea3df545188fc93ce43d2f","name":"Redacao VerdadeOn","image":{"@type":"ImageObject","inLanguage":"pt-BR","@id":"https:\/\/verdadeon.com.br\/portal\/#\/schema\/person\/image\/","url":"https:\/\/secure.gravatar.com\/avatar\/459a9613caaaf07f582c3d0841eea68bdd66f533e465e6ba8b9cb45619572cf4?s=96&d=mm&r=g","contentUrl":"https:\/\/secure.gravatar.com\/avatar\/459a9613caaaf07f582c3d0841eea68bdd66f533e465e6ba8b9cb45619572cf4?s=96&d=mm&r=g","caption":"Redacao VerdadeOn"},"url":"https:\/\/verdadeon.com.br\/portal\/author\/redacao\/"}]}},"jetpack_publicize_connections":[],"jetpack_featured_media_url":"https:\/\/i0.wp.com\/verdadeon.com.br\/portal\/wp-content\/uploads\/2024\/03\/AnyConv.com__1114582-df_img_0787.jpg?fit=1044%2C700&ssl=1","jetpack_sharing_enabled":true,"_links":{"self":[{"href":"https:\/\/verdadeon.com.br\/portal\/wp-json\/wp\/v2\/posts\/42358","targetHints":{"allow":["GET"]}}],"collection":[{"href":"https:\/\/verdadeon.com.br\/portal\/wp-json\/wp\/v2\/posts"}],"about":[{"href":"https:\/\/verdadeon.com.br\/portal\/wp-json\/wp\/v2\/types\/post"}],"author":[{"embeddable":true,"href":"https:\/\/verdadeon.com.br\/portal\/wp-json\/wp\/v2\/users\/10"}],"replies":[{"embeddable":true,"href":"https:\/\/verdadeon.com.br\/portal\/wp-json\/wp\/v2\/comments?post=42358"}],"version-history":[{"count":1,"href":"https:\/\/verdadeon.com.br\/portal\/wp-json\/wp\/v2\/posts\/42358\/revisions"}],"predecessor-version":[{"id":42360,"href":"https:\/\/verdadeon.com.br\/portal\/wp-json\/wp\/v2\/posts\/42358\/revisions\/42360"}],"wp:featuredmedia":[{"embeddable":true,"href":"https:\/\/verdadeon.com.br\/portal\/wp-json\/wp\/v2\/media\/42359"}],"wp:attachment":[{"href":"https:\/\/verdadeon.com.br\/portal\/wp-json\/wp\/v2\/media?parent=42358"}],"wp:term":[{"taxonomy":"category","embeddable":true,"href":"https:\/\/verdadeon.com.br\/portal\/wp-json\/wp\/v2\/categories?post=42358"},{"taxonomy":"post_tag","embeddable":true,"href":"https:\/\/verdadeon.com.br\/portal\/wp-json\/wp\/v2\/tags?post=42358"}],"curies":[{"name":"wp","href":"https:\/\/api.w.org\/{rel}","templated":true}]}}