{"id":42283,"date":"2024-03-12T12:29:01","date_gmt":"2024-03-12T15:29:01","guid":{"rendered":"https:\/\/verdadeon.com.br\/portal\/?p=42283"},"modified":"2024-03-12T12:29:01","modified_gmt":"2024-03-12T15:29:01","slug":"emprega-franca-e-pat-tem-mais-de-188-vagas-sendo-48-so-para-construcao-civil","status":"publish","type":"post","link":"https:\/\/verdadeon.com.br\/portal\/2024\/03\/12\/emprega-franca-e-pat-tem-mais-de-188-vagas-sendo-48-so-para-construcao-civil\/","title":{"rendered":"Emprega Franca e PAT t\u00eam mais de 188 vagas, sendo 48 s\u00f3 para constru\u00e7\u00e3o civil"},"content":{"rendered":"<h2>Os interessados em se candidatar as vagas dever\u00e3o comparecer ao &#8216;Emprega Franca&#8217;\/ PAT, munidos do curr\u00edculo impresso e dos documentos pessoais, como RG, CPF, PIS, Carteira de Trabalho, CNH e comprovante de endere\u00e7o<\/h2>\n<p>A Secretaria de Desenvolvimento anunciou nesta segunda-feira, 11, que est\u00e3o dispon\u00edveis 188 vagas de trabalho pelo Programa &#8216;Emprega Franca&#8217; e o PAT (Posto de Atendimento ao Trabalhador).<\/p>\n<p>Desta quantidade, 48 s\u00e3o destinadas para a constru\u00e7\u00e3o civil, que disponibiliza, de forma imediata, 25 para ajudante de obras, sete de eletricista de instala\u00e7\u00e3o, 12 para pedreiros, tr\u00eas para servente e uma para auxiliar de manuten\u00e7\u00e3o predial.<\/p>\n<p>Karla de Paula, diretora de Empreendedorismo, Emprego e Renda, informou que para o setor da constru\u00e7\u00e3o civil, a demanda por m\u00e3o de obra \u00e9 crescente e, devido a esta grande procura, a secretaria criou um banco de curr\u00edculos para as empresas e empreendedores, que necessitam de contrata\u00e7\u00e3o destes profissionais. &#8220;Estamos \u00e0 disposi\u00e7\u00e3o para intermediar as vagas de trabalho dispon\u00edveis, atendendo o trabalhador e o empregador em todas as suas necessidades&#8221;, explicou.<\/p>\n<p>Os interessados em se candidatar as vagas dever\u00e3o comparecer ao &#8216;Emprega Franca&#8217;\/ PAT, munidos do curr\u00edculo impresso e dos documentos pessoais, como RG, CPF, PIS, Carteira de Trabalho, CNH e comprovante de endere\u00e7o. Para algumas oportunidades \u00e9 necess\u00e1rio ter o Ensino M\u00e9dio completo e experi\u00eancia, para outras apenas o Ensino Fundamental, sem comprova\u00e7\u00e3o de ter trabalhado na \u00e1rea anteriormente.<\/p>\n<p>Al\u00e9m desta \u00e1rea, est\u00e3o dispon\u00edveis no PAT vagas para bamburista com experi\u00eancia em m\u00e1quina de misturar massa de borracha; consultor de vendas com experi\u00eancia, CNH A\/B e carro ou moto dispon\u00edveis para trabalho; defumador para fabrica\u00e7\u00e3o de bacon sem experi\u00eancia; auxiliares administrativo, cont\u00e1bil, de produ\u00e7\u00e3o, consultor de vendas, corretor de im\u00f3veis, gerente comercial, cuidador de idosos, operador de caixa exclusivo para pessoas com defici\u00eancia (PCD), dentre outras. Para consultar as vagas, basta acessar o endere\u00e7o\u00a0<a href=\"http:\/\/bit.ly\/vagaspatfranca\" target=\"_blank\" rel=\"noopener\" data-saferedirecturl=\"https:\/\/www.google.com\/url?q=http:\/\/bit.ly\/vagaspatfranca&amp;source=gmail&amp;ust=1710343053666000&amp;usg=AOvVaw3kqAcXgqatG0_U0gP9vmDs\">bit.ly\/vagaspatfranca<\/a> .<\/p>\n<p>J\u00e1 pelo Programa &#8216;Emprega Franca&#8217;, est\u00e3o dispon\u00edveis oportunidades para auxiliar eletricista, auxiliar de escrit\u00f3rio, caixa e atividades financeiras, chapeiro, designer gr\u00e1fico, fiscal de loja de apoio &#8211; preven\u00e7\u00e3o e perdas, gar\u00e7om e gar\u00e7onete, motorista de garagem, operador de m\u00e1quinas, social media e vendedor eletro e eletr\u00f4nico. Para acessar e se candidatar \u00e0s vagas, os interessados dever\u00e3o entrar no site da Prefeitura, no link do &#8216;Emprega Franca&#8217;, <a href=\"https:\/\/www.franca.sp.gov.br\/pmf-emprega-franca\/\" target=\"_blank\" rel=\"noopener\" data-saferedirecturl=\"https:\/\/www.google.com\/url?q=https:\/\/www.franca.sp.gov.br\/pmf-emprega-franca\/&amp;source=gmail&amp;ust=1710343053666000&amp;usg=AOvVaw3rHG7GlITc4jdQ4y2e0DwP\">https:\/\/www.franca.sp.gov.br\/<wbr \/>pmf-emprega-franca\/<\/a> , onde poder\u00e3o cadastrar o curr\u00edculo.<\/p>\n<p>O &#8216;Emprega Franca e o PAT&#8217; ficam em pr\u00e9dio anexo \u00e0 Rodovi\u00e1ria de Franca, na rua Professor Laerte Barbosa Cintra, no Residencial Baldassari e funcionam de segunda a sexta-feira, das 8 \u00e0s 16 horas. Informa\u00e7\u00f5es poder\u00e3o ser obtidas pelo WhatsApp (16) 99601-0848.<\/p>\n","protected":false},"excerpt":{"rendered":"<p>Os interessados em se candidatar as vagas dever\u00e3o comparecer ao &#8216;Emprega Franca&#8217;\/ PAT, munidos do curr\u00edculo impresso e dos documentos pessoais, como RG, CPF, PIS, Carteira<span class=\"excerpt-hellip\"> [\u2026]<\/span><\/p>\n","protected":false},"author":10,"featured_media":37056,"comment_status":"open","ping_status":"open","sticky":false,"template":"","format":"standard","meta":{"_jetpack_memberships_contains_paid_content":false,"footnotes":"","jetpack_publicize_message":"","jetpack_publicize_feature_enabled":true,"jetpack_social_post_already_shared":false,"jetpack_social_options":{"image_generator_settings":{"template":"highway","default_image_id":0,"enabled":false},"version":2}},"categories":[28,44],"tags":[],"class_list":["post-42283","post","type-post","status-publish","format-standard","has-post-thumbnail","hentry","category-cotidiano","category-noticias"],"yoast_head":"<!-- This site is optimized with the Yoast SEO plugin v25.6 - https:\/\/yoast.com\/wordpress\/plugins\/seo\/ -->\n<title>Emprega Franca e PAT t\u00eam mais de 188 vagas, sendo 48 s\u00f3 para constru\u00e7\u00e3o civil - VerdadeOn<\/title>\n<meta name=\"robots\" content=\"index, follow, max-snippet:-1, max-image-preview:large, max-video-preview:-1\" \/>\n<link rel=\"canonical\" href=\"https:\/\/verdadeon.com.br\/portal\/2024\/03\/12\/emprega-franca-e-pat-tem-mais-de-188-vagas-sendo-48-so-para-construcao-civil\/\" \/>\n<meta property=\"og:locale\" content=\"pt_BR\" \/>\n<meta property=\"og:type\" content=\"article\" \/>\n<meta property=\"og:title\" content=\"Emprega Franca e PAT t\u00eam mais de 188 vagas, sendo 48 s\u00f3 para constru\u00e7\u00e3o civil - VerdadeOn\" \/>\n<meta property=\"og:description\" content=\"Os interessados em se candidatar as vagas dever\u00e3o comparecer ao &#8216;Emprega Franca&#8217;\/ PAT, munidos do curr\u00edculo impresso e dos documentos pessoais, como RG, CPF, PIS, Carteira [\u2026]\" \/>\n<meta property=\"og:url\" content=\"https:\/\/verdadeon.com.br\/portal\/2024\/03\/12\/emprega-franca-e-pat-tem-mais-de-188-vagas-sendo-48-so-para-construcao-civil\/\" \/>\n<meta property=\"og:site_name\" content=\"VerdadeOn\" \/>\n<meta property=\"article:published_time\" content=\"2024-03-12T15:29:01+00:00\" \/>\n<meta property=\"og:image\" content=\"https:\/\/verdadeon.com.br\/portal\/wp-content\/uploads\/2023\/08\/DSC_2558-scaled.jpg\" \/>\n\t<meta property=\"og:image:width\" content=\"2560\" \/>\n\t<meta property=\"og:image:height\" content=\"1715\" \/>\n\t<meta property=\"og:image:type\" content=\"image\/jpeg\" \/>\n<meta name=\"author\" content=\"Redacao VerdadeOn\" \/>\n<meta name=\"twitter:card\" content=\"summary_large_image\" \/>\n<meta name=\"twitter:label1\" content=\"Escrito por\" \/>\n\t<meta name=\"twitter:data1\" content=\"Redacao VerdadeOn\" \/>\n\t<meta name=\"twitter:label2\" content=\"Est. tempo de leitura\" \/>\n\t<meta name=\"twitter:data2\" content=\"2 minutos\" \/>\n<script type=\"application\/ld+json\" class=\"yoast-schema-graph\">{\"@context\":\"https:\/\/schema.org\",\"@graph\":[{\"@type\":\"WebPage\",\"@id\":\"https:\/\/verdadeon.com.br\/portal\/2024\/03\/12\/emprega-franca-e-pat-tem-mais-de-188-vagas-sendo-48-so-para-construcao-civil\/\",\"url\":\"https:\/\/verdadeon.com.br\/portal\/2024\/03\/12\/emprega-franca-e-pat-tem-mais-de-188-vagas-sendo-48-so-para-construcao-civil\/\",\"name\":\"Emprega Franca e PAT t\u00eam mais de 188 vagas, sendo 48 s\u00f3 para constru\u00e7\u00e3o civil - VerdadeOn\",\"isPartOf\":{\"@id\":\"https:\/\/verdadeon.com.br\/portal\/#website\"},\"primaryImageOfPage\":{\"@id\":\"https:\/\/verdadeon.com.br\/portal\/2024\/03\/12\/emprega-franca-e-pat-tem-mais-de-188-vagas-sendo-48-so-para-construcao-civil\/#primaryimage\"},\"image\":{\"@id\":\"https:\/\/verdadeon.com.br\/portal\/2024\/03\/12\/emprega-franca-e-pat-tem-mais-de-188-vagas-sendo-48-so-para-construcao-civil\/#primaryimage\"},\"thumbnailUrl\":\"https:\/\/i0.wp.com\/verdadeon.com.br\/portal\/wp-content\/uploads\/2023\/08\/DSC_2558-scaled.jpg?fit=2560%2C1715&ssl=1\",\"datePublished\":\"2024-03-12T15:29:01+00:00\",\"author\":{\"@id\":\"https:\/\/verdadeon.com.br\/portal\/#\/schema\/person\/a5060ad1e9ea3df545188fc93ce43d2f\"},\"breadcrumb\":{\"@id\":\"https:\/\/verdadeon.com.br\/portal\/2024\/03\/12\/emprega-franca-e-pat-tem-mais-de-188-vagas-sendo-48-so-para-construcao-civil\/#breadcrumb\"},\"inLanguage\":\"pt-BR\",\"potentialAction\":[{\"@type\":\"ReadAction\",\"target\":[\"https:\/\/verdadeon.com.br\/portal\/2024\/03\/12\/emprega-franca-e-pat-tem-mais-de-188-vagas-sendo-48-so-para-construcao-civil\/\"]}]},{\"@type\":\"ImageObject\",\"inLanguage\":\"pt-BR\",\"@id\":\"https:\/\/verdadeon.com.br\/portal\/2024\/03\/12\/emprega-franca-e-pat-tem-mais-de-188-vagas-sendo-48-so-para-construcao-civil\/#primaryimage\",\"url\":\"https:\/\/i0.wp.com\/verdadeon.com.br\/portal\/wp-content\/uploads\/2023\/08\/DSC_2558-scaled.jpg?fit=2560%2C1715&ssl=1\",\"contentUrl\":\"https:\/\/i0.wp.com\/verdadeon.com.br\/portal\/wp-content\/uploads\/2023\/08\/DSC_2558-scaled.jpg?fit=2560%2C1715&ssl=1\",\"width\":2560,\"height\":1715,\"caption\":\"Evento acontece na sede, com vagas para diferentes \u00e1reas. Interessados devem comparecer com documenta\u00e7\u00e3o e curr\u00edculo atualizado (\u00a9Divulga\u00e7\u00e3o)\"},{\"@type\":\"BreadcrumbList\",\"@id\":\"https:\/\/verdadeon.com.br\/portal\/2024\/03\/12\/emprega-franca-e-pat-tem-mais-de-188-vagas-sendo-48-so-para-construcao-civil\/#breadcrumb\",\"itemListElement\":[{\"@type\":\"ListItem\",\"position\":1,\"name\":\"In\u00edcio\",\"item\":\"https:\/\/verdadeon.com.br\/portal\/\"},{\"@type\":\"ListItem\",\"position\":2,\"name\":\"Emprega Franca e PAT t\u00eam mais de 188 vagas, sendo 48 s\u00f3 para constru\u00e7\u00e3o civil\"}]},{\"@type\":\"WebSite\",\"@id\":\"https:\/\/verdadeon.com.br\/portal\/#website\",\"url\":\"https:\/\/verdadeon.com.br\/portal\/\",\"name\":\"VerdadeOn\",\"description\":\"Not\u00edcias di\u00e1rias sobre Franca, Regi\u00e3o, Esporte, Cultura, Cotidiano, Colunas. Cobertura nos principais eventos da cidade \u00e9 aqui - Verdadeon Franca\",\"potentialAction\":[{\"@type\":\"SearchAction\",\"target\":{\"@type\":\"EntryPoint\",\"urlTemplate\":\"https:\/\/verdadeon.com.br\/portal\/?s={search_term_string}\"},\"query-input\":{\"@type\":\"PropertyValueSpecification\",\"valueRequired\":true,\"valueName\":\"search_term_string\"}}],\"inLanguage\":\"pt-BR\"},{\"@type\":\"Person\",\"@id\":\"https:\/\/verdadeon.com.br\/portal\/#\/schema\/person\/a5060ad1e9ea3df545188fc93ce43d2f\",\"name\":\"Redacao VerdadeOn\",\"image\":{\"@type\":\"ImageObject\",\"inLanguage\":\"pt-BR\",\"@id\":\"https:\/\/verdadeon.com.br\/portal\/#\/schema\/person\/image\/\",\"url\":\"https:\/\/secure.gravatar.com\/avatar\/459a9613caaaf07f582c3d0841eea68bdd66f533e465e6ba8b9cb45619572cf4?s=96&d=mm&r=g\",\"contentUrl\":\"https:\/\/secure.gravatar.com\/avatar\/459a9613caaaf07f582c3d0841eea68bdd66f533e465e6ba8b9cb45619572cf4?s=96&d=mm&r=g\",\"caption\":\"Redacao VerdadeOn\"},\"url\":\"https:\/\/verdadeon.com.br\/portal\/author\/redacao\/\"}]}<\/script>\n<!-- \/ Yoast SEO plugin. -->","yoast_head_json":{"title":"Emprega Franca e PAT t\u00eam mais de 188 vagas, sendo 48 s\u00f3 para constru\u00e7\u00e3o civil - VerdadeOn","robots":{"index":"index","follow":"follow","max-snippet":"max-snippet:-1","max-image-preview":"max-image-preview:large","max-video-preview":"max-video-preview:-1"},"canonical":"https:\/\/verdadeon.com.br\/portal\/2024\/03\/12\/emprega-franca-e-pat-tem-mais-de-188-vagas-sendo-48-so-para-construcao-civil\/","og_locale":"pt_BR","og_type":"article","og_title":"Emprega Franca e PAT t\u00eam mais de 188 vagas, sendo 48 s\u00f3 para constru\u00e7\u00e3o civil - VerdadeOn","og_description":"Os interessados em se candidatar as vagas dever\u00e3o comparecer ao &#8216;Emprega Franca&#8217;\/ PAT, munidos do curr\u00edculo impresso e dos documentos pessoais, como RG, CPF, PIS, Carteira [\u2026]","og_url":"https:\/\/verdadeon.com.br\/portal\/2024\/03\/12\/emprega-franca-e-pat-tem-mais-de-188-vagas-sendo-48-so-para-construcao-civil\/","og_site_name":"VerdadeOn","article_published_time":"2024-03-12T15:29:01+00:00","og_image":[{"width":2560,"height":1715,"url":"https:\/\/verdadeon.com.br\/portal\/wp-content\/uploads\/2023\/08\/DSC_2558-scaled.jpg","type":"image\/jpeg"}],"author":"Redacao VerdadeOn","twitter_card":"summary_large_image","twitter_misc":{"Escrito por":"Redacao VerdadeOn","Est. tempo de leitura":"2 minutos"},"schema":{"@context":"https:\/\/schema.org","@graph":[{"@type":"WebPage","@id":"https:\/\/verdadeon.com.br\/portal\/2024\/03\/12\/emprega-franca-e-pat-tem-mais-de-188-vagas-sendo-48-so-para-construcao-civil\/","url":"https:\/\/verdadeon.com.br\/portal\/2024\/03\/12\/emprega-franca-e-pat-tem-mais-de-188-vagas-sendo-48-so-para-construcao-civil\/","name":"Emprega Franca e PAT t\u00eam mais de 188 vagas, sendo 48 s\u00f3 para constru\u00e7\u00e3o civil - VerdadeOn","isPartOf":{"@id":"https:\/\/verdadeon.com.br\/portal\/#website"},"primaryImageOfPage":{"@id":"https:\/\/verdadeon.com.br\/portal\/2024\/03\/12\/emprega-franca-e-pat-tem-mais-de-188-vagas-sendo-48-so-para-construcao-civil\/#primaryimage"},"image":{"@id":"https:\/\/verdadeon.com.br\/portal\/2024\/03\/12\/emprega-franca-e-pat-tem-mais-de-188-vagas-sendo-48-so-para-construcao-civil\/#primaryimage"},"thumbnailUrl":"https:\/\/i0.wp.com\/verdadeon.com.br\/portal\/wp-content\/uploads\/2023\/08\/DSC_2558-scaled.jpg?fit=2560%2C1715&ssl=1","datePublished":"2024-03-12T15:29:01+00:00","author":{"@id":"https:\/\/verdadeon.com.br\/portal\/#\/schema\/person\/a5060ad1e9ea3df545188fc93ce43d2f"},"breadcrumb":{"@id":"https:\/\/verdadeon.com.br\/portal\/2024\/03\/12\/emprega-franca-e-pat-tem-mais-de-188-vagas-sendo-48-so-para-construcao-civil\/#breadcrumb"},"inLanguage":"pt-BR","potentialAction":[{"@type":"ReadAction","target":["https:\/\/verdadeon.com.br\/portal\/2024\/03\/12\/emprega-franca-e-pat-tem-mais-de-188-vagas-sendo-48-so-para-construcao-civil\/"]}]},{"@type":"ImageObject","inLanguage":"pt-BR","@id":"https:\/\/verdadeon.com.br\/portal\/2024\/03\/12\/emprega-franca-e-pat-tem-mais-de-188-vagas-sendo-48-so-para-construcao-civil\/#primaryimage","url":"https:\/\/i0.wp.com\/verdadeon.com.br\/portal\/wp-content\/uploads\/2023\/08\/DSC_2558-scaled.jpg?fit=2560%2C1715&ssl=1","contentUrl":"https:\/\/i0.wp.com\/verdadeon.com.br\/portal\/wp-content\/uploads\/2023\/08\/DSC_2558-scaled.jpg?fit=2560%2C1715&ssl=1","width":2560,"height":1715,"caption":"Evento acontece na sede, com vagas para diferentes \u00e1reas. Interessados devem comparecer com documenta\u00e7\u00e3o e curr\u00edculo atualizado (\u00a9Divulga\u00e7\u00e3o)"},{"@type":"BreadcrumbList","@id":"https:\/\/verdadeon.com.br\/portal\/2024\/03\/12\/emprega-franca-e-pat-tem-mais-de-188-vagas-sendo-48-so-para-construcao-civil\/#breadcrumb","itemListElement":[{"@type":"ListItem","position":1,"name":"In\u00edcio","item":"https:\/\/verdadeon.com.br\/portal\/"},{"@type":"ListItem","position":2,"name":"Emprega Franca e PAT t\u00eam mais de 188 vagas, sendo 48 s\u00f3 para constru\u00e7\u00e3o civil"}]},{"@type":"WebSite","@id":"https:\/\/verdadeon.com.br\/portal\/#website","url":"https:\/\/verdadeon.com.br\/portal\/","name":"VerdadeOn","description":"Not\u00edcias di\u00e1rias sobre Franca, Regi\u00e3o, Esporte, Cultura, Cotidiano, Colunas. Cobertura nos principais eventos da cidade \u00e9 aqui - Verdadeon Franca","potentialAction":[{"@type":"SearchAction","target":{"@type":"EntryPoint","urlTemplate":"https:\/\/verdadeon.com.br\/portal\/?s={search_term_string}"},"query-input":{"@type":"PropertyValueSpecification","valueRequired":true,"valueName":"search_term_string"}}],"inLanguage":"pt-BR"},{"@type":"Person","@id":"https:\/\/verdadeon.com.br\/portal\/#\/schema\/person\/a5060ad1e9ea3df545188fc93ce43d2f","name":"Redacao VerdadeOn","image":{"@type":"ImageObject","inLanguage":"pt-BR","@id":"https:\/\/verdadeon.com.br\/portal\/#\/schema\/person\/image\/","url":"https:\/\/secure.gravatar.com\/avatar\/459a9613caaaf07f582c3d0841eea68bdd66f533e465e6ba8b9cb45619572cf4?s=96&d=mm&r=g","contentUrl":"https:\/\/secure.gravatar.com\/avatar\/459a9613caaaf07f582c3d0841eea68bdd66f533e465e6ba8b9cb45619572cf4?s=96&d=mm&r=g","caption":"Redacao VerdadeOn"},"url":"https:\/\/verdadeon.com.br\/portal\/author\/redacao\/"}]}},"jetpack_publicize_connections":[],"jetpack_featured_media_url":"https:\/\/i0.wp.com\/verdadeon.com.br\/portal\/wp-content\/uploads\/2023\/08\/DSC_2558-scaled.jpg?fit=2560%2C1715&ssl=1","jetpack_sharing_enabled":true,"_links":{"self":[{"href":"https:\/\/verdadeon.com.br\/portal\/wp-json\/wp\/v2\/posts\/42283","targetHints":{"allow":["GET"]}}],"collection":[{"href":"https:\/\/verdadeon.com.br\/portal\/wp-json\/wp\/v2\/posts"}],"about":[{"href":"https:\/\/verdadeon.com.br\/portal\/wp-json\/wp\/v2\/types\/post"}],"author":[{"embeddable":true,"href":"https:\/\/verdadeon.com.br\/portal\/wp-json\/wp\/v2\/users\/10"}],"replies":[{"embeddable":true,"href":"https:\/\/verdadeon.com.br\/portal\/wp-json\/wp\/v2\/comments?post=42283"}],"version-history":[{"count":1,"href":"https:\/\/verdadeon.com.br\/portal\/wp-json\/wp\/v2\/posts\/42283\/revisions"}],"predecessor-version":[{"id":42284,"href":"https:\/\/verdadeon.com.br\/portal\/wp-json\/wp\/v2\/posts\/42283\/revisions\/42284"}],"wp:featuredmedia":[{"embeddable":true,"href":"https:\/\/verdadeon.com.br\/portal\/wp-json\/wp\/v2\/media\/37056"}],"wp:attachment":[{"href":"https:\/\/verdadeon.com.br\/portal\/wp-json\/wp\/v2\/media?parent=42283"}],"wp:term":[{"taxonomy":"category","embeddable":true,"href":"https:\/\/verdadeon.com.br\/portal\/wp-json\/wp\/v2\/categories?post=42283"},{"taxonomy":"post_tag","embeddable":true,"href":"https:\/\/verdadeon.com.br\/portal\/wp-json\/wp\/v2\/tags?post=42283"}],"curies":[{"name":"wp","href":"https:\/\/api.w.org\/{rel}","templated":true}]}}