{"id":42240,"date":"2024-03-11T10:57:18","date_gmt":"2024-03-11T13:57:18","guid":{"rendered":"https:\/\/verdadeon.com.br\/portal\/?p=42240"},"modified":"2024-03-11T11:04:43","modified_gmt":"2024-03-11T14:04:43","slug":"4a-edicao-da-alta-cafe-comeca-nesta-terca-dia-12","status":"publish","type":"post","link":"https:\/\/verdadeon.com.br\/portal\/2024\/03\/11\/4a-edicao-da-alta-cafe-comeca-nesta-terca-dia-12\/","title":{"rendered":"4\u00aa edi\u00e7\u00e3o da Alta Caf\u00e9 come\u00e7a nesta ter\u00e7a, dia 12"},"content":{"rendered":"<h2>Solenidade de abertura acontece \u00e0s 10 horas com a presen\u00e7a do vice-governador de SP e do secret\u00e1rio de Desenvolvimento Econ\u00f4mico<\/h2>\n<p>O Clube de Campo da Franca, em Restinga\/SP, receber\u00e1 a partir de ter\u00e7a-feira, 12 de mar\u00e7o, a 4\u00aa Alta Caf\u00e9 \u2013 Feira de Neg\u00f3cios e Tecnologia da Alta Mogiana, um dos mais importantes eventos da cafeicultura brasileira. O evento acontece at\u00e9 quinta-feira, dia 14, das 08 \u00e0s 17h.<\/p>\n<p>A abertura oficial est\u00e1 marcada para \u00e0s 10 horas do primeiro dia, no sal\u00e3o principal do clube. Para esta edi\u00e7\u00e3o, est\u00e3o confirmadas na solenidade as presen\u00e7as do vice-governador do Estado de S\u00e3o Paulo, Fel\u00edcio Hamuth, do secret\u00e1rio estadual de Desenvolvimento Econ\u00f4mico, Jorge Lima e do superintendente da Secretaria Estadual de Agricultura e Pecu\u00e1ria, Guilherme Campos.<\/p>\n<p>A 4\u00aa Alta Caf\u00e9 oferece aos produtores de caf\u00e9, solu\u00e7\u00f5es e alternativas para que encontrem sustentabilidade, possibilidades de redu\u00e7\u00e3o de custo na lavoura e maior produtividade no campo.<\/p>\n<p>Com mais de 110 expositores ligados ao setor cafeeiro, a Alta Caf\u00e9 deste ano espera receber mais de 10 mil visitantes.<\/p>\n<p><strong>A Feira<\/strong><br \/>\n<strong>Tema:<\/strong> &#8220;Da semente \u00e0 x\u00edcara&#8221;<br \/>\n<strong>Local:<\/strong> Rodovia C\u00e2ndido Portinari, Km 383, s\/n, Zona Rural, Restinga SP<br \/>\n<strong>Data:<\/strong> 12 a 14 de mar\u00e7o<br \/>\n<strong>Hor\u00e1rio:<\/strong> 08 \u00e0s 17 horas.<br \/>\n<strong>Entrada e estacionamento:<\/strong> gratuitos<\/p>\n","protected":false},"excerpt":{"rendered":"<p>Solenidade de abertura acontece \u00e0s 10 horas com a presen\u00e7a do vice-governador de SP e do secret\u00e1rio de Desenvolvimento Econ\u00f4mico O Clube de Campo da Franca,<span class=\"excerpt-hellip\"> [\u2026]<\/span><\/p>\n","protected":false},"author":10,"featured_media":32534,"comment_status":"open","ping_status":"open","sticky":false,"template":"","format":"standard","meta":{"_jetpack_memberships_contains_paid_content":false,"footnotes":"","jetpack_publicize_message":"","jetpack_publicize_feature_enabled":true,"jetpack_social_post_already_shared":false,"jetpack_social_options":{"image_generator_settings":{"template":"highway","default_image_id":0,"enabled":false},"version":2}},"categories":[28,81],"tags":[],"class_list":["post-42240","post","type-post","status-publish","format-standard","has-post-thumbnail","hentry","category-cotidiano","category-manchete"],"yoast_head":"<!-- This site is optimized with the Yoast SEO plugin v25.6 - https:\/\/yoast.com\/wordpress\/plugins\/seo\/ -->\n<title>4\u00aa edi\u00e7\u00e3o da Alta Caf\u00e9 come\u00e7a nesta ter\u00e7a, dia 12 - VerdadeOn<\/title>\n<meta name=\"robots\" content=\"index, follow, max-snippet:-1, max-image-preview:large, max-video-preview:-1\" \/>\n<link rel=\"canonical\" href=\"https:\/\/verdadeon.com.br\/portal\/2024\/03\/11\/4a-edicao-da-alta-cafe-comeca-nesta-terca-dia-12\/\" \/>\n<meta property=\"og:locale\" content=\"pt_BR\" \/>\n<meta property=\"og:type\" content=\"article\" \/>\n<meta property=\"og:title\" content=\"4\u00aa edi\u00e7\u00e3o da Alta Caf\u00e9 come\u00e7a nesta ter\u00e7a, dia 12 - VerdadeOn\" \/>\n<meta property=\"og:description\" content=\"Solenidade de abertura acontece \u00e0s 10 horas com a presen\u00e7a do vice-governador de SP e do secret\u00e1rio de Desenvolvimento Econ\u00f4mico O Clube de Campo da Franca, [\u2026]\" \/>\n<meta property=\"og:url\" content=\"https:\/\/verdadeon.com.br\/portal\/2024\/03\/11\/4a-edicao-da-alta-cafe-comeca-nesta-terca-dia-12\/\" \/>\n<meta property=\"og:site_name\" content=\"VerdadeOn\" \/>\n<meta property=\"article:published_time\" content=\"2024-03-11T13:57:18+00:00\" \/>\n<meta property=\"article:modified_time\" content=\"2024-03-11T14:04:43+00:00\" \/>\n<meta property=\"og:image\" content=\"https:\/\/verdadeon.com.br\/portal\/wp-content\/uploads\/2023\/03\/WhatsApp-Image-2023-03-14-at-12.43.00.jpeg\" \/>\n\t<meta property=\"og:image:width\" content=\"1000\" \/>\n\t<meta property=\"og:image:height\" content=\"670\" \/>\n\t<meta property=\"og:image:type\" content=\"image\/jpeg\" \/>\n<meta name=\"author\" content=\"Redacao VerdadeOn\" \/>\n<meta name=\"twitter:card\" content=\"summary_large_image\" \/>\n<meta name=\"twitter:label1\" content=\"Escrito por\" \/>\n\t<meta name=\"twitter:data1\" content=\"Redacao VerdadeOn\" \/>\n\t<meta name=\"twitter:label2\" content=\"Est. tempo de leitura\" \/>\n\t<meta name=\"twitter:data2\" content=\"1 minuto\" \/>\n<script type=\"application\/ld+json\" class=\"yoast-schema-graph\">{\"@context\":\"https:\/\/schema.org\",\"@graph\":[{\"@type\":\"WebPage\",\"@id\":\"https:\/\/verdadeon.com.br\/portal\/2024\/03\/11\/4a-edicao-da-alta-cafe-comeca-nesta-terca-dia-12\/\",\"url\":\"https:\/\/verdadeon.com.br\/portal\/2024\/03\/11\/4a-edicao-da-alta-cafe-comeca-nesta-terca-dia-12\/\",\"name\":\"4\u00aa edi\u00e7\u00e3o da Alta Caf\u00e9 come\u00e7a nesta ter\u00e7a, dia 12 - VerdadeOn\",\"isPartOf\":{\"@id\":\"https:\/\/verdadeon.com.br\/portal\/#website\"},\"primaryImageOfPage\":{\"@id\":\"https:\/\/verdadeon.com.br\/portal\/2024\/03\/11\/4a-edicao-da-alta-cafe-comeca-nesta-terca-dia-12\/#primaryimage\"},\"image\":{\"@id\":\"https:\/\/verdadeon.com.br\/portal\/2024\/03\/11\/4a-edicao-da-alta-cafe-comeca-nesta-terca-dia-12\/#primaryimage\"},\"thumbnailUrl\":\"https:\/\/i0.wp.com\/verdadeon.com.br\/portal\/wp-content\/uploads\/2023\/03\/WhatsApp-Image-2023-03-14-at-12.43.00.jpeg?fit=1000%2C670&ssl=1\",\"datePublished\":\"2024-03-11T13:57:18+00:00\",\"dateModified\":\"2024-03-11T14:04:43+00:00\",\"author\":{\"@id\":\"https:\/\/verdadeon.com.br\/portal\/#\/schema\/person\/a5060ad1e9ea3df545188fc93ce43d2f\"},\"breadcrumb\":{\"@id\":\"https:\/\/verdadeon.com.br\/portal\/2024\/03\/11\/4a-edicao-da-alta-cafe-comeca-nesta-terca-dia-12\/#breadcrumb\"},\"inLanguage\":\"pt-BR\",\"potentialAction\":[{\"@type\":\"ReadAction\",\"target\":[\"https:\/\/verdadeon.com.br\/portal\/2024\/03\/11\/4a-edicao-da-alta-cafe-comeca-nesta-terca-dia-12\/\"]}]},{\"@type\":\"ImageObject\",\"inLanguage\":\"pt-BR\",\"@id\":\"https:\/\/verdadeon.com.br\/portal\/2024\/03\/11\/4a-edicao-da-alta-cafe-comeca-nesta-terca-dia-12\/#primaryimage\",\"url\":\"https:\/\/i0.wp.com\/verdadeon.com.br\/portal\/wp-content\/uploads\/2023\/03\/WhatsApp-Image-2023-03-14-at-12.43.00.jpeg?fit=1000%2C670&ssl=1\",\"contentUrl\":\"https:\/\/i0.wp.com\/verdadeon.com.br\/portal\/wp-content\/uploads\/2023\/03\/WhatsApp-Image-2023-03-14-at-12.43.00.jpeg?fit=1000%2C670&ssl=1\",\"width\":1000,\"height\":670,\"caption\":\"Conhe\u00e7a a programa\u00e7\u00e3o da 4\u00aa edi\u00e7\u00e3o da Alta Caf\u00e9 (\u00a9Divulga\u00e7\u00e3o)\"},{\"@type\":\"BreadcrumbList\",\"@id\":\"https:\/\/verdadeon.com.br\/portal\/2024\/03\/11\/4a-edicao-da-alta-cafe-comeca-nesta-terca-dia-12\/#breadcrumb\",\"itemListElement\":[{\"@type\":\"ListItem\",\"position\":1,\"name\":\"In\u00edcio\",\"item\":\"https:\/\/verdadeon.com.br\/portal\/\"},{\"@type\":\"ListItem\",\"position\":2,\"name\":\"4\u00aa edi\u00e7\u00e3o da Alta Caf\u00e9 come\u00e7a nesta ter\u00e7a, dia 12\"}]},{\"@type\":\"WebSite\",\"@id\":\"https:\/\/verdadeon.com.br\/portal\/#website\",\"url\":\"https:\/\/verdadeon.com.br\/portal\/\",\"name\":\"VerdadeOn\",\"description\":\"Not\u00edcias di\u00e1rias sobre Franca, Regi\u00e3o, Esporte, Cultura, Cotidiano, Colunas. Cobertura nos principais eventos da cidade \u00e9 aqui - Verdadeon Franca\",\"potentialAction\":[{\"@type\":\"SearchAction\",\"target\":{\"@type\":\"EntryPoint\",\"urlTemplate\":\"https:\/\/verdadeon.com.br\/portal\/?s={search_term_string}\"},\"query-input\":{\"@type\":\"PropertyValueSpecification\",\"valueRequired\":true,\"valueName\":\"search_term_string\"}}],\"inLanguage\":\"pt-BR\"},{\"@type\":\"Person\",\"@id\":\"https:\/\/verdadeon.com.br\/portal\/#\/schema\/person\/a5060ad1e9ea3df545188fc93ce43d2f\",\"name\":\"Redacao VerdadeOn\",\"image\":{\"@type\":\"ImageObject\",\"inLanguage\":\"pt-BR\",\"@id\":\"https:\/\/verdadeon.com.br\/portal\/#\/schema\/person\/image\/\",\"url\":\"https:\/\/secure.gravatar.com\/avatar\/459a9613caaaf07f582c3d0841eea68bdd66f533e465e6ba8b9cb45619572cf4?s=96&d=mm&r=g\",\"contentUrl\":\"https:\/\/secure.gravatar.com\/avatar\/459a9613caaaf07f582c3d0841eea68bdd66f533e465e6ba8b9cb45619572cf4?s=96&d=mm&r=g\",\"caption\":\"Redacao VerdadeOn\"},\"url\":\"https:\/\/verdadeon.com.br\/portal\/author\/redacao\/\"}]}<\/script>\n<!-- \/ Yoast SEO plugin. -->","yoast_head_json":{"title":"4\u00aa edi\u00e7\u00e3o da Alta Caf\u00e9 come\u00e7a nesta ter\u00e7a, dia 12 - VerdadeOn","robots":{"index":"index","follow":"follow","max-snippet":"max-snippet:-1","max-image-preview":"max-image-preview:large","max-video-preview":"max-video-preview:-1"},"canonical":"https:\/\/verdadeon.com.br\/portal\/2024\/03\/11\/4a-edicao-da-alta-cafe-comeca-nesta-terca-dia-12\/","og_locale":"pt_BR","og_type":"article","og_title":"4\u00aa edi\u00e7\u00e3o da Alta Caf\u00e9 come\u00e7a nesta ter\u00e7a, dia 12 - VerdadeOn","og_description":"Solenidade de abertura acontece \u00e0s 10 horas com a presen\u00e7a do vice-governador de SP e do secret\u00e1rio de Desenvolvimento Econ\u00f4mico O Clube de Campo da Franca, [\u2026]","og_url":"https:\/\/verdadeon.com.br\/portal\/2024\/03\/11\/4a-edicao-da-alta-cafe-comeca-nesta-terca-dia-12\/","og_site_name":"VerdadeOn","article_published_time":"2024-03-11T13:57:18+00:00","article_modified_time":"2024-03-11T14:04:43+00:00","og_image":[{"width":1000,"height":670,"url":"https:\/\/verdadeon.com.br\/portal\/wp-content\/uploads\/2023\/03\/WhatsApp-Image-2023-03-14-at-12.43.00.jpeg","type":"image\/jpeg"}],"author":"Redacao VerdadeOn","twitter_card":"summary_large_image","twitter_misc":{"Escrito por":"Redacao VerdadeOn","Est. tempo de leitura":"1 minuto"},"schema":{"@context":"https:\/\/schema.org","@graph":[{"@type":"WebPage","@id":"https:\/\/verdadeon.com.br\/portal\/2024\/03\/11\/4a-edicao-da-alta-cafe-comeca-nesta-terca-dia-12\/","url":"https:\/\/verdadeon.com.br\/portal\/2024\/03\/11\/4a-edicao-da-alta-cafe-comeca-nesta-terca-dia-12\/","name":"4\u00aa edi\u00e7\u00e3o da Alta Caf\u00e9 come\u00e7a nesta ter\u00e7a, dia 12 - VerdadeOn","isPartOf":{"@id":"https:\/\/verdadeon.com.br\/portal\/#website"},"primaryImageOfPage":{"@id":"https:\/\/verdadeon.com.br\/portal\/2024\/03\/11\/4a-edicao-da-alta-cafe-comeca-nesta-terca-dia-12\/#primaryimage"},"image":{"@id":"https:\/\/verdadeon.com.br\/portal\/2024\/03\/11\/4a-edicao-da-alta-cafe-comeca-nesta-terca-dia-12\/#primaryimage"},"thumbnailUrl":"https:\/\/i0.wp.com\/verdadeon.com.br\/portal\/wp-content\/uploads\/2023\/03\/WhatsApp-Image-2023-03-14-at-12.43.00.jpeg?fit=1000%2C670&ssl=1","datePublished":"2024-03-11T13:57:18+00:00","dateModified":"2024-03-11T14:04:43+00:00","author":{"@id":"https:\/\/verdadeon.com.br\/portal\/#\/schema\/person\/a5060ad1e9ea3df545188fc93ce43d2f"},"breadcrumb":{"@id":"https:\/\/verdadeon.com.br\/portal\/2024\/03\/11\/4a-edicao-da-alta-cafe-comeca-nesta-terca-dia-12\/#breadcrumb"},"inLanguage":"pt-BR","potentialAction":[{"@type":"ReadAction","target":["https:\/\/verdadeon.com.br\/portal\/2024\/03\/11\/4a-edicao-da-alta-cafe-comeca-nesta-terca-dia-12\/"]}]},{"@type":"ImageObject","inLanguage":"pt-BR","@id":"https:\/\/verdadeon.com.br\/portal\/2024\/03\/11\/4a-edicao-da-alta-cafe-comeca-nesta-terca-dia-12\/#primaryimage","url":"https:\/\/i0.wp.com\/verdadeon.com.br\/portal\/wp-content\/uploads\/2023\/03\/WhatsApp-Image-2023-03-14-at-12.43.00.jpeg?fit=1000%2C670&ssl=1","contentUrl":"https:\/\/i0.wp.com\/verdadeon.com.br\/portal\/wp-content\/uploads\/2023\/03\/WhatsApp-Image-2023-03-14-at-12.43.00.jpeg?fit=1000%2C670&ssl=1","width":1000,"height":670,"caption":"Conhe\u00e7a a programa\u00e7\u00e3o da 4\u00aa edi\u00e7\u00e3o da Alta Caf\u00e9 (\u00a9Divulga\u00e7\u00e3o)"},{"@type":"BreadcrumbList","@id":"https:\/\/verdadeon.com.br\/portal\/2024\/03\/11\/4a-edicao-da-alta-cafe-comeca-nesta-terca-dia-12\/#breadcrumb","itemListElement":[{"@type":"ListItem","position":1,"name":"In\u00edcio","item":"https:\/\/verdadeon.com.br\/portal\/"},{"@type":"ListItem","position":2,"name":"4\u00aa edi\u00e7\u00e3o da Alta Caf\u00e9 come\u00e7a nesta ter\u00e7a, dia 12"}]},{"@type":"WebSite","@id":"https:\/\/verdadeon.com.br\/portal\/#website","url":"https:\/\/verdadeon.com.br\/portal\/","name":"VerdadeOn","description":"Not\u00edcias di\u00e1rias sobre Franca, Regi\u00e3o, Esporte, Cultura, Cotidiano, Colunas. Cobertura nos principais eventos da cidade \u00e9 aqui - Verdadeon Franca","potentialAction":[{"@type":"SearchAction","target":{"@type":"EntryPoint","urlTemplate":"https:\/\/verdadeon.com.br\/portal\/?s={search_term_string}"},"query-input":{"@type":"PropertyValueSpecification","valueRequired":true,"valueName":"search_term_string"}}],"inLanguage":"pt-BR"},{"@type":"Person","@id":"https:\/\/verdadeon.com.br\/portal\/#\/schema\/person\/a5060ad1e9ea3df545188fc93ce43d2f","name":"Redacao VerdadeOn","image":{"@type":"ImageObject","inLanguage":"pt-BR","@id":"https:\/\/verdadeon.com.br\/portal\/#\/schema\/person\/image\/","url":"https:\/\/secure.gravatar.com\/avatar\/459a9613caaaf07f582c3d0841eea68bdd66f533e465e6ba8b9cb45619572cf4?s=96&d=mm&r=g","contentUrl":"https:\/\/secure.gravatar.com\/avatar\/459a9613caaaf07f582c3d0841eea68bdd66f533e465e6ba8b9cb45619572cf4?s=96&d=mm&r=g","caption":"Redacao VerdadeOn"},"url":"https:\/\/verdadeon.com.br\/portal\/author\/redacao\/"}]}},"jetpack_publicize_connections":[],"jetpack_featured_media_url":"https:\/\/i0.wp.com\/verdadeon.com.br\/portal\/wp-content\/uploads\/2023\/03\/WhatsApp-Image-2023-03-14-at-12.43.00.jpeg?fit=1000%2C670&ssl=1","jetpack_sharing_enabled":true,"_links":{"self":[{"href":"https:\/\/verdadeon.com.br\/portal\/wp-json\/wp\/v2\/posts\/42240","targetHints":{"allow":["GET"]}}],"collection":[{"href":"https:\/\/verdadeon.com.br\/portal\/wp-json\/wp\/v2\/posts"}],"about":[{"href":"https:\/\/verdadeon.com.br\/portal\/wp-json\/wp\/v2\/types\/post"}],"author":[{"embeddable":true,"href":"https:\/\/verdadeon.com.br\/portal\/wp-json\/wp\/v2\/users\/10"}],"replies":[{"embeddable":true,"href":"https:\/\/verdadeon.com.br\/portal\/wp-json\/wp\/v2\/comments?post=42240"}],"version-history":[{"count":1,"href":"https:\/\/verdadeon.com.br\/portal\/wp-json\/wp\/v2\/posts\/42240\/revisions"}],"predecessor-version":[{"id":42241,"href":"https:\/\/verdadeon.com.br\/portal\/wp-json\/wp\/v2\/posts\/42240\/revisions\/42241"}],"wp:featuredmedia":[{"embeddable":true,"href":"https:\/\/verdadeon.com.br\/portal\/wp-json\/wp\/v2\/media\/32534"}],"wp:attachment":[{"href":"https:\/\/verdadeon.com.br\/portal\/wp-json\/wp\/v2\/media?parent=42240"}],"wp:term":[{"taxonomy":"category","embeddable":true,"href":"https:\/\/verdadeon.com.br\/portal\/wp-json\/wp\/v2\/categories?post=42240"},{"taxonomy":"post_tag","embeddable":true,"href":"https:\/\/verdadeon.com.br\/portal\/wp-json\/wp\/v2\/tags?post=42240"}],"curies":[{"name":"wp","href":"https:\/\/api.w.org\/{rel}","templated":true}]}}