{"id":4217,"date":"2020-02-25T12:18:05","date_gmt":"2020-02-25T15:18:05","guid":{"rendered":"http:\/\/verdadeon.com.br\/portal\/?p=4217"},"modified":"2020-02-25T12:18:05","modified_gmt":"2020-02-25T15:18:05","slug":"governador-de-minas-curte-carnaval-em-rifaina","status":"publish","type":"post","link":"https:\/\/verdadeon.com.br\/portal\/2020\/02\/25\/governador-de-minas-curte-carnaval-em-rifaina\/","title":{"rendered":"Governador de Minas curte Carnaval em Rifaina"},"content":{"rendered":"<h2>A \u00faltima vez que esteve na cidade paulista foi no R\u00e9veillon<\/h2>\n<p>Depois de passar o \u00faltimo R\u00e9veillon em Rifaina, o Governador de Minas Gerais, Romeu Zema, voltou ao destino para curtir o Carnaval em um rancho com a fam\u00edlia.<\/p>\n<p>Mais uma vez, o governador optou pela calmaria, fez passeio de lancha, foi at\u00e9 a orla de Rifaina, nadou com os filhos e at\u00e9 brincou com o seu cachorro Dante nas \u00e1guas do Rio Grande, que faz divisa entre os Estados de S\u00e3o Paulo e Minas.<\/p>\n<p>N\u00e3o se sabe se o governador manteve contato com pol\u00edticos ou com moradores tanto de Rifaina ou da cidade Sacramento (MG). Em sua conta do Instagram, ele divulgou v\u00e1rias fotos deste passeio, mas desta vez o check-in foi na cidade mineira, ao contr\u00e1rio do in\u00edcio de ano.<\/p>\n<p>O rancho que Zema frequenta \u00e9 da fam\u00edlia e sua localiza\u00e7\u00e3o \u00e9 do lado da cidade paulista. H\u00e1 muitos anos, ele deixou de ir at\u00e9 a propriedade. Depois do R\u00e9veillon, somente agora ele retornou ao local.<\/p>\n<p>Romeu Zema \u00e9 natural de Arax\u00e1 (MG), que fica a 75 quil\u00f4metros da divisa entre os dois estados.<\/p>\n<p>Al\u00e9m do pol\u00edtico, outro que tamb\u00e9m est\u00e1 curtindo o carnaval no rancho em Rifaina, \u00e9 o cantor Daniel. O artista, inclusive, j\u00e1 se encontrou com a cantora J\u00falia Dev\u00f3s e o amigo Rionegro, da dupla com Solim\u00f5es.<\/p>\n","protected":false},"excerpt":{"rendered":"<p>A \u00faltima vez que esteve na cidade paulista foi no R\u00e9veillon Depois de passar o \u00faltimo R\u00e9veillon em Rifaina, o Governador de Minas Gerais, Romeu Zema,<span class=\"excerpt-hellip\"> [\u2026]<\/span><\/p>\n","protected":false},"author":10,"featured_media":4218,"comment_status":"open","ping_status":"open","sticky":false,"template":"","format":"standard","meta":{"_jetpack_memberships_contains_paid_content":false,"footnotes":"","jetpack_publicize_message":"","jetpack_publicize_feature_enabled":true,"jetpack_social_post_already_shared":false,"jetpack_social_options":{"image_generator_settings":{"template":"highway","default_image_id":0,"enabled":false},"version":2}},"categories":[28,44],"tags":[],"class_list":["post-4217","post","type-post","status-publish","format-standard","has-post-thumbnail","hentry","category-cotidiano","category-noticias"],"yoast_head":"<!-- This site is optimized with the Yoast SEO plugin v25.6 - https:\/\/yoast.com\/wordpress\/plugins\/seo\/ -->\n<title>Governador de Minas curte Carnaval em Rifaina - VerdadeOn<\/title>\n<meta name=\"robots\" content=\"index, follow, max-snippet:-1, max-image-preview:large, max-video-preview:-1\" \/>\n<link rel=\"canonical\" href=\"https:\/\/verdadeon.com.br\/portal\/2020\/02\/25\/governador-de-minas-curte-carnaval-em-rifaina\/\" \/>\n<meta property=\"og:locale\" content=\"pt_BR\" \/>\n<meta property=\"og:type\" content=\"article\" \/>\n<meta property=\"og:title\" content=\"Governador de Minas curte Carnaval em Rifaina - VerdadeOn\" \/>\n<meta property=\"og:description\" content=\"A \u00faltima vez que esteve na cidade paulista foi no R\u00e9veillon Depois de passar o \u00faltimo R\u00e9veillon em Rifaina, o Governador de Minas Gerais, Romeu Zema, [\u2026]\" \/>\n<meta property=\"og:url\" content=\"https:\/\/verdadeon.com.br\/portal\/2020\/02\/25\/governador-de-minas-curte-carnaval-em-rifaina\/\" \/>\n<meta property=\"og:site_name\" content=\"VerdadeOn\" \/>\n<meta property=\"article:published_time\" content=\"2020-02-25T15:18:05+00:00\" \/>\n<meta property=\"og:image\" content=\"https:\/\/verdadeon.com.br\/portal\/wp-content\/uploads\/2020\/02\/WhatsApp-Image-2020-02-25-at-11.59.59-scaled.jpeg\" \/>\n\t<meta property=\"og:image:width\" content=\"893\" \/>\n\t<meta property=\"og:image:height\" content=\"670\" \/>\n\t<meta property=\"og:image:type\" content=\"image\/jpeg\" \/>\n<meta name=\"author\" content=\"Redacao VerdadeOn\" \/>\n<meta name=\"twitter:card\" content=\"summary_large_image\" \/>\n<meta name=\"twitter:label1\" content=\"Escrito por\" \/>\n\t<meta name=\"twitter:data1\" content=\"Redacao VerdadeOn\" \/>\n\t<meta name=\"twitter:label2\" content=\"Est. tempo de leitura\" \/>\n\t<meta name=\"twitter:data2\" content=\"1 minuto\" \/>\n<script type=\"application\/ld+json\" class=\"yoast-schema-graph\">{\"@context\":\"https:\/\/schema.org\",\"@graph\":[{\"@type\":\"WebPage\",\"@id\":\"https:\/\/verdadeon.com.br\/portal\/2020\/02\/25\/governador-de-minas-curte-carnaval-em-rifaina\/\",\"url\":\"https:\/\/verdadeon.com.br\/portal\/2020\/02\/25\/governador-de-minas-curte-carnaval-em-rifaina\/\",\"name\":\"Governador de Minas curte Carnaval em Rifaina - VerdadeOn\",\"isPartOf\":{\"@id\":\"https:\/\/verdadeon.com.br\/portal\/#website\"},\"primaryImageOfPage\":{\"@id\":\"https:\/\/verdadeon.com.br\/portal\/2020\/02\/25\/governador-de-minas-curte-carnaval-em-rifaina\/#primaryimage\"},\"image\":{\"@id\":\"https:\/\/verdadeon.com.br\/portal\/2020\/02\/25\/governador-de-minas-curte-carnaval-em-rifaina\/#primaryimage\"},\"thumbnailUrl\":\"https:\/\/i0.wp.com\/verdadeon.com.br\/portal\/wp-content\/uploads\/2020\/02\/WhatsApp-Image-2020-02-25-at-11.59.59-scaled.jpeg?fit=893%2C670&ssl=1\",\"datePublished\":\"2020-02-25T15:18:05+00:00\",\"author\":{\"@id\":\"https:\/\/verdadeon.com.br\/portal\/#\/schema\/person\/a5060ad1e9ea3df545188fc93ce43d2f\"},\"breadcrumb\":{\"@id\":\"https:\/\/verdadeon.com.br\/portal\/2020\/02\/25\/governador-de-minas-curte-carnaval-em-rifaina\/#breadcrumb\"},\"inLanguage\":\"pt-BR\",\"potentialAction\":[{\"@type\":\"ReadAction\",\"target\":[\"https:\/\/verdadeon.com.br\/portal\/2020\/02\/25\/governador-de-minas-curte-carnaval-em-rifaina\/\"]}]},{\"@type\":\"ImageObject\",\"inLanguage\":\"pt-BR\",\"@id\":\"https:\/\/verdadeon.com.br\/portal\/2020\/02\/25\/governador-de-minas-curte-carnaval-em-rifaina\/#primaryimage\",\"url\":\"https:\/\/i0.wp.com\/verdadeon.com.br\/portal\/wp-content\/uploads\/2020\/02\/WhatsApp-Image-2020-02-25-at-11.59.59-scaled.jpeg?fit=893%2C670&ssl=1\",\"contentUrl\":\"https:\/\/i0.wp.com\/verdadeon.com.br\/portal\/wp-content\/uploads\/2020\/02\/WhatsApp-Image-2020-02-25-at-11.59.59-scaled.jpeg?fit=893%2C670&ssl=1\",\"width\":893,\"height\":670,\"caption\":\"O governador Romeu Zema aproveitou o per\u00edodo para nadar e passear de lancha nas \u00e1guas do Rio Grande, divisa de Minas com S\u00e3o Paulo |Foto: Reprod. Redes Sociais\"},{\"@type\":\"BreadcrumbList\",\"@id\":\"https:\/\/verdadeon.com.br\/portal\/2020\/02\/25\/governador-de-minas-curte-carnaval-em-rifaina\/#breadcrumb\",\"itemListElement\":[{\"@type\":\"ListItem\",\"position\":1,\"name\":\"In\u00edcio\",\"item\":\"https:\/\/verdadeon.com.br\/portal\/\"},{\"@type\":\"ListItem\",\"position\":2,\"name\":\"Governador de Minas curte Carnaval em Rifaina\"}]},{\"@type\":\"WebSite\",\"@id\":\"https:\/\/verdadeon.com.br\/portal\/#website\",\"url\":\"https:\/\/verdadeon.com.br\/portal\/\",\"name\":\"VerdadeOn\",\"description\":\"Not\u00edcias di\u00e1rias sobre Franca, Regi\u00e3o, Esporte, Cultura, Cotidiano, Colunas. Cobertura nos principais eventos da cidade \u00e9 aqui - Verdadeon Franca\",\"potentialAction\":[{\"@type\":\"SearchAction\",\"target\":{\"@type\":\"EntryPoint\",\"urlTemplate\":\"https:\/\/verdadeon.com.br\/portal\/?s={search_term_string}\"},\"query-input\":{\"@type\":\"PropertyValueSpecification\",\"valueRequired\":true,\"valueName\":\"search_term_string\"}}],\"inLanguage\":\"pt-BR\"},{\"@type\":\"Person\",\"@id\":\"https:\/\/verdadeon.com.br\/portal\/#\/schema\/person\/a5060ad1e9ea3df545188fc93ce43d2f\",\"name\":\"Redacao VerdadeOn\",\"image\":{\"@type\":\"ImageObject\",\"inLanguage\":\"pt-BR\",\"@id\":\"https:\/\/verdadeon.com.br\/portal\/#\/schema\/person\/image\/\",\"url\":\"https:\/\/secure.gravatar.com\/avatar\/459a9613caaaf07f582c3d0841eea68bdd66f533e465e6ba8b9cb45619572cf4?s=96&d=mm&r=g\",\"contentUrl\":\"https:\/\/secure.gravatar.com\/avatar\/459a9613caaaf07f582c3d0841eea68bdd66f533e465e6ba8b9cb45619572cf4?s=96&d=mm&r=g\",\"caption\":\"Redacao VerdadeOn\"},\"url\":\"https:\/\/verdadeon.com.br\/portal\/author\/redacao\/\"}]}<\/script>\n<!-- \/ Yoast SEO plugin. -->","yoast_head_json":{"title":"Governador de Minas curte Carnaval em Rifaina - VerdadeOn","robots":{"index":"index","follow":"follow","max-snippet":"max-snippet:-1","max-image-preview":"max-image-preview:large","max-video-preview":"max-video-preview:-1"},"canonical":"https:\/\/verdadeon.com.br\/portal\/2020\/02\/25\/governador-de-minas-curte-carnaval-em-rifaina\/","og_locale":"pt_BR","og_type":"article","og_title":"Governador de Minas curte Carnaval em Rifaina - VerdadeOn","og_description":"A \u00faltima vez que esteve na cidade paulista foi no R\u00e9veillon Depois de passar o \u00faltimo R\u00e9veillon em Rifaina, o Governador de Minas Gerais, Romeu Zema, [\u2026]","og_url":"https:\/\/verdadeon.com.br\/portal\/2020\/02\/25\/governador-de-minas-curte-carnaval-em-rifaina\/","og_site_name":"VerdadeOn","article_published_time":"2020-02-25T15:18:05+00:00","og_image":[{"width":893,"height":670,"url":"https:\/\/verdadeon.com.br\/portal\/wp-content\/uploads\/2020\/02\/WhatsApp-Image-2020-02-25-at-11.59.59-scaled.jpeg","type":"image\/jpeg"}],"author":"Redacao VerdadeOn","twitter_card":"summary_large_image","twitter_misc":{"Escrito por":"Redacao VerdadeOn","Est. tempo de leitura":"1 minuto"},"schema":{"@context":"https:\/\/schema.org","@graph":[{"@type":"WebPage","@id":"https:\/\/verdadeon.com.br\/portal\/2020\/02\/25\/governador-de-minas-curte-carnaval-em-rifaina\/","url":"https:\/\/verdadeon.com.br\/portal\/2020\/02\/25\/governador-de-minas-curte-carnaval-em-rifaina\/","name":"Governador de Minas curte Carnaval em Rifaina - VerdadeOn","isPartOf":{"@id":"https:\/\/verdadeon.com.br\/portal\/#website"},"primaryImageOfPage":{"@id":"https:\/\/verdadeon.com.br\/portal\/2020\/02\/25\/governador-de-minas-curte-carnaval-em-rifaina\/#primaryimage"},"image":{"@id":"https:\/\/verdadeon.com.br\/portal\/2020\/02\/25\/governador-de-minas-curte-carnaval-em-rifaina\/#primaryimage"},"thumbnailUrl":"https:\/\/i0.wp.com\/verdadeon.com.br\/portal\/wp-content\/uploads\/2020\/02\/WhatsApp-Image-2020-02-25-at-11.59.59-scaled.jpeg?fit=893%2C670&ssl=1","datePublished":"2020-02-25T15:18:05+00:00","author":{"@id":"https:\/\/verdadeon.com.br\/portal\/#\/schema\/person\/a5060ad1e9ea3df545188fc93ce43d2f"},"breadcrumb":{"@id":"https:\/\/verdadeon.com.br\/portal\/2020\/02\/25\/governador-de-minas-curte-carnaval-em-rifaina\/#breadcrumb"},"inLanguage":"pt-BR","potentialAction":[{"@type":"ReadAction","target":["https:\/\/verdadeon.com.br\/portal\/2020\/02\/25\/governador-de-minas-curte-carnaval-em-rifaina\/"]}]},{"@type":"ImageObject","inLanguage":"pt-BR","@id":"https:\/\/verdadeon.com.br\/portal\/2020\/02\/25\/governador-de-minas-curte-carnaval-em-rifaina\/#primaryimage","url":"https:\/\/i0.wp.com\/verdadeon.com.br\/portal\/wp-content\/uploads\/2020\/02\/WhatsApp-Image-2020-02-25-at-11.59.59-scaled.jpeg?fit=893%2C670&ssl=1","contentUrl":"https:\/\/i0.wp.com\/verdadeon.com.br\/portal\/wp-content\/uploads\/2020\/02\/WhatsApp-Image-2020-02-25-at-11.59.59-scaled.jpeg?fit=893%2C670&ssl=1","width":893,"height":670,"caption":"O governador Romeu Zema aproveitou o per\u00edodo para nadar e passear de lancha nas \u00e1guas do Rio Grande, divisa de Minas com S\u00e3o Paulo |Foto: Reprod. Redes Sociais"},{"@type":"BreadcrumbList","@id":"https:\/\/verdadeon.com.br\/portal\/2020\/02\/25\/governador-de-minas-curte-carnaval-em-rifaina\/#breadcrumb","itemListElement":[{"@type":"ListItem","position":1,"name":"In\u00edcio","item":"https:\/\/verdadeon.com.br\/portal\/"},{"@type":"ListItem","position":2,"name":"Governador de Minas curte Carnaval em Rifaina"}]},{"@type":"WebSite","@id":"https:\/\/verdadeon.com.br\/portal\/#website","url":"https:\/\/verdadeon.com.br\/portal\/","name":"VerdadeOn","description":"Not\u00edcias di\u00e1rias sobre Franca, Regi\u00e3o, Esporte, Cultura, Cotidiano, Colunas. Cobertura nos principais eventos da cidade \u00e9 aqui - Verdadeon Franca","potentialAction":[{"@type":"SearchAction","target":{"@type":"EntryPoint","urlTemplate":"https:\/\/verdadeon.com.br\/portal\/?s={search_term_string}"},"query-input":{"@type":"PropertyValueSpecification","valueRequired":true,"valueName":"search_term_string"}}],"inLanguage":"pt-BR"},{"@type":"Person","@id":"https:\/\/verdadeon.com.br\/portal\/#\/schema\/person\/a5060ad1e9ea3df545188fc93ce43d2f","name":"Redacao VerdadeOn","image":{"@type":"ImageObject","inLanguage":"pt-BR","@id":"https:\/\/verdadeon.com.br\/portal\/#\/schema\/person\/image\/","url":"https:\/\/secure.gravatar.com\/avatar\/459a9613caaaf07f582c3d0841eea68bdd66f533e465e6ba8b9cb45619572cf4?s=96&d=mm&r=g","contentUrl":"https:\/\/secure.gravatar.com\/avatar\/459a9613caaaf07f582c3d0841eea68bdd66f533e465e6ba8b9cb45619572cf4?s=96&d=mm&r=g","caption":"Redacao VerdadeOn"},"url":"https:\/\/verdadeon.com.br\/portal\/author\/redacao\/"}]}},"jetpack_publicize_connections":[],"jetpack_featured_media_url":"https:\/\/i0.wp.com\/verdadeon.com.br\/portal\/wp-content\/uploads\/2020\/02\/WhatsApp-Image-2020-02-25-at-11.59.59-scaled.jpeg?fit=893%2C670&ssl=1","jetpack_sharing_enabled":true,"_links":{"self":[{"href":"https:\/\/verdadeon.com.br\/portal\/wp-json\/wp\/v2\/posts\/4217","targetHints":{"allow":["GET"]}}],"collection":[{"href":"https:\/\/verdadeon.com.br\/portal\/wp-json\/wp\/v2\/posts"}],"about":[{"href":"https:\/\/verdadeon.com.br\/portal\/wp-json\/wp\/v2\/types\/post"}],"author":[{"embeddable":true,"href":"https:\/\/verdadeon.com.br\/portal\/wp-json\/wp\/v2\/users\/10"}],"replies":[{"embeddable":true,"href":"https:\/\/verdadeon.com.br\/portal\/wp-json\/wp\/v2\/comments?post=4217"}],"version-history":[{"count":0,"href":"https:\/\/verdadeon.com.br\/portal\/wp-json\/wp\/v2\/posts\/4217\/revisions"}],"wp:featuredmedia":[{"embeddable":true,"href":"https:\/\/verdadeon.com.br\/portal\/wp-json\/wp\/v2\/media\/4218"}],"wp:attachment":[{"href":"https:\/\/verdadeon.com.br\/portal\/wp-json\/wp\/v2\/media?parent=4217"}],"wp:term":[{"taxonomy":"category","embeddable":true,"href":"https:\/\/verdadeon.com.br\/portal\/wp-json\/wp\/v2\/categories?post=4217"},{"taxonomy":"post_tag","embeddable":true,"href":"https:\/\/verdadeon.com.br\/portal\/wp-json\/wp\/v2\/tags?post=4217"}],"curies":[{"name":"wp","href":"https:\/\/api.w.org\/{rel}","templated":true}]}}