{"id":4210,"date":"2020-02-24T15:57:18","date_gmt":"2020-02-24T18:57:18","guid":{"rendered":"http:\/\/verdadeon.com.br\/portal\/?p=4210"},"modified":"2020-02-24T17:22:06","modified_gmt":"2020-02-24T20:22:06","slug":"jovens-tenistas-francanos-brilham-entre-os-melhores-do-brasil","status":"publish","type":"post","link":"https:\/\/verdadeon.com.br\/portal\/2020\/02\/24\/jovens-tenistas-francanos-brilham-entre-os-melhores-do-brasil\/","title":{"rendered":"Jovens tenistas francanos brilham entre os melhores do Brasil"},"content":{"rendered":"<h2>Let\u00edcia Marangoni e Pedro Burin s\u00e3o destaques no cen\u00e1rio nacional<\/h2>\n<p>Let\u00edcia Marangoni e Pedro Burin: os francanos podem guardar com carinho esses dois nomes, j\u00e1 que devem ouvi-los com frequ\u00eancia em outras oportunidades no futuro. Isso porque os jovens de 12 e 14 anos, respectivamente, s\u00e3o destaques no Pa\u00eds quando o assunto \u00e9 a categoria de base do t\u00eanis nacional.<\/p>\n<p>Campe\u00f5es de boa parte dos torneios que disputaram neste ano, a dupla chama a aten\u00e7\u00e3o pelo alto n\u00edvel demonstrado, apesar da pouca idade. Na \u00faltima atualiza\u00e7\u00e3o do ranking dos melhores tenistas do Brasil, divulgada na semana passada pela CBT (Confedera\u00e7\u00e3o Brasileira de T\u00eanis), Let\u00edcia aparece na primeira coloca\u00e7\u00e3o da categoria feminina at\u00e9 12 anos e Pedro est\u00e1 em 2\u00ba entre os meninos com idades sub-14.<\/p>\n<p>A pontua\u00e7\u00e3o dos jovens foi computada ap\u00f3s a disputa do Brasil Juniors Cup, torneio realizado em Porto Alegre. Na ocasi\u00e3o, Let\u00edcia garantiu mais uma ta\u00e7a e Pedro chegou at\u00e9 a semifinal. Os resultados, somados \u00e0s participa\u00e7\u00f5es anteriores em n\u00edvel nacional, deram aos atletas de Franca a possibilidade de serem considerados alguns dos melhores do Pa\u00eds.<\/p>\n<p>Entre outras conquistas, os destaques ficam por conta dos resultados em competi\u00e7\u00f5es relevantes na modalidade como a Copa S\u00e3o Paulo, Banana Bowl, que aconteceu no Rio de janeiro e etapas do circuito paulista, comandadas pela CBT e realizadas em Santos, S\u00e3o Bernardo, Barueri e Alphaville.<\/p>\n<p>O pr\u00f3ximo desafio de ambos \u00e9 garantir vaga na equipe brasileira que disputar\u00e1 o Campeonato Sul-Americano, em junho, no Peru. Todos os torneios que eles disputarem at\u00e9 maio servem como classificat\u00f3rios para a competi\u00e7\u00e3o e os resultados positivos aumentam a possibilidade dos dois estarem no grupo para representar o Brasil. Cada categoria contar\u00e1 com tr\u00eas atletas na competi\u00e7\u00e3o continental.<\/p>\n<p>Al\u00e9m de Let\u00edcia e Pedro, o t\u00eanis francano j\u00e1 pode ser apontado como destaque nacional tamb\u00e9m por conta de outros nomes da cidade que est\u00e3o se destacando e fazendo parte da lista dos melhores na modalidade. Tamb\u00e9m no sub-12, Mait\u00ea Carloni ocupa a 27\u00aa posi\u00e7\u00e3o do ranking. J\u00e1 o grupo das meninas at\u00e9 14 anos conta com Yasmin Costa em 10\u00b0 e Mariah Trist\u00e3o que ocupa o 17\u00b0 lugar.<\/p>\n","protected":false},"excerpt":{"rendered":"<p>Let\u00edcia Marangoni e Pedro Burin s\u00e3o destaques no cen\u00e1rio nacional Let\u00edcia Marangoni e Pedro Burin: os francanos podem guardar com carinho esses dois nomes, j\u00e1 que<span class=\"excerpt-hellip\"> [\u2026]<\/span><\/p>\n","protected":false},"author":10,"featured_media":4212,"comment_status":"open","ping_status":"open","sticky":false,"template":"","format":"standard","meta":{"_jetpack_memberships_contains_paid_content":false,"footnotes":"","jetpack_publicize_message":"","jetpack_publicize_feature_enabled":true,"jetpack_social_post_already_shared":false,"jetpack_social_options":{"image_generator_settings":{"template":"highway","default_image_id":0,"enabled":false},"version":2}},"categories":[29,44],"tags":[31],"class_list":["post-4210","post","type-post","status-publish","format-standard","has-post-thumbnail","hentry","category-esportes","category-noticias","tag-esportes"],"yoast_head":"<!-- This site is optimized with the Yoast SEO plugin v25.6 - https:\/\/yoast.com\/wordpress\/plugins\/seo\/ -->\n<title>Jovens tenistas francanos brilham entre os melhores do Brasil - VerdadeOn<\/title>\n<meta name=\"robots\" content=\"index, follow, max-snippet:-1, max-image-preview:large, max-video-preview:-1\" \/>\n<link rel=\"canonical\" href=\"https:\/\/verdadeon.com.br\/portal\/2020\/02\/24\/jovens-tenistas-francanos-brilham-entre-os-melhores-do-brasil\/\" \/>\n<meta property=\"og:locale\" content=\"pt_BR\" \/>\n<meta property=\"og:type\" content=\"article\" \/>\n<meta property=\"og:title\" content=\"Jovens tenistas francanos brilham entre os melhores do Brasil - VerdadeOn\" \/>\n<meta property=\"og:description\" content=\"Let\u00edcia Marangoni e Pedro Burin s\u00e3o destaques no cen\u00e1rio nacional Let\u00edcia Marangoni e Pedro Burin: os francanos podem guardar com carinho esses dois nomes, j\u00e1 que [\u2026]\" \/>\n<meta property=\"og:url\" content=\"https:\/\/verdadeon.com.br\/portal\/2020\/02\/24\/jovens-tenistas-francanos-brilham-entre-os-melhores-do-brasil\/\" \/>\n<meta property=\"og:site_name\" content=\"VerdadeOn\" \/>\n<meta property=\"article:published_time\" content=\"2020-02-24T18:57:18+00:00\" \/>\n<meta property=\"article:modified_time\" content=\"2020-02-24T20:22:06+00:00\" \/>\n<meta property=\"og:image\" content=\"https:\/\/verdadeon.com.br\/portal\/wp-content\/uploads\/2020\/02\/Screenshot_20200224-155531.png\" \/>\n\t<meta property=\"og:image:width\" content=\"377\" \/>\n\t<meta property=\"og:image:height\" content=\"670\" \/>\n\t<meta property=\"og:image:type\" content=\"image\/png\" \/>\n<meta name=\"author\" content=\"Redacao VerdadeOn\" \/>\n<meta name=\"twitter:card\" content=\"summary_large_image\" \/>\n<meta name=\"twitter:label1\" content=\"Escrito por\" \/>\n\t<meta name=\"twitter:data1\" content=\"Redacao VerdadeOn\" \/>\n\t<meta name=\"twitter:label2\" content=\"Est. tempo de leitura\" \/>\n\t<meta name=\"twitter:data2\" content=\"2 minutos\" \/>\n<script type=\"application\/ld+json\" class=\"yoast-schema-graph\">{\"@context\":\"https:\/\/schema.org\",\"@graph\":[{\"@type\":\"WebPage\",\"@id\":\"https:\/\/verdadeon.com.br\/portal\/2020\/02\/24\/jovens-tenistas-francanos-brilham-entre-os-melhores-do-brasil\/\",\"url\":\"https:\/\/verdadeon.com.br\/portal\/2020\/02\/24\/jovens-tenistas-francanos-brilham-entre-os-melhores-do-brasil\/\",\"name\":\"Jovens tenistas francanos brilham entre os melhores do Brasil - VerdadeOn\",\"isPartOf\":{\"@id\":\"https:\/\/verdadeon.com.br\/portal\/#website\"},\"primaryImageOfPage\":{\"@id\":\"https:\/\/verdadeon.com.br\/portal\/2020\/02\/24\/jovens-tenistas-francanos-brilham-entre-os-melhores-do-brasil\/#primaryimage\"},\"image\":{\"@id\":\"https:\/\/verdadeon.com.br\/portal\/2020\/02\/24\/jovens-tenistas-francanos-brilham-entre-os-melhores-do-brasil\/#primaryimage\"},\"thumbnailUrl\":\"https:\/\/i0.wp.com\/verdadeon.com.br\/portal\/wp-content\/uploads\/2020\/02\/Screenshot_20200224-155531.png?fit=377%2C670&ssl=1\",\"datePublished\":\"2020-02-24T18:57:18+00:00\",\"dateModified\":\"2020-02-24T20:22:06+00:00\",\"author\":{\"@id\":\"https:\/\/verdadeon.com.br\/portal\/#\/schema\/person\/a5060ad1e9ea3df545188fc93ce43d2f\"},\"breadcrumb\":{\"@id\":\"https:\/\/verdadeon.com.br\/portal\/2020\/02\/24\/jovens-tenistas-francanos-brilham-entre-os-melhores-do-brasil\/#breadcrumb\"},\"inLanguage\":\"pt-BR\",\"potentialAction\":[{\"@type\":\"ReadAction\",\"target\":[\"https:\/\/verdadeon.com.br\/portal\/2020\/02\/24\/jovens-tenistas-francanos-brilham-entre-os-melhores-do-brasil\/\"]}]},{\"@type\":\"ImageObject\",\"inLanguage\":\"pt-BR\",\"@id\":\"https:\/\/verdadeon.com.br\/portal\/2020\/02\/24\/jovens-tenistas-francanos-brilham-entre-os-melhores-do-brasil\/#primaryimage\",\"url\":\"https:\/\/i0.wp.com\/verdadeon.com.br\/portal\/wp-content\/uploads\/2020\/02\/Screenshot_20200224-155531.png?fit=377%2C670&ssl=1\",\"contentUrl\":\"https:\/\/i0.wp.com\/verdadeon.com.br\/portal\/wp-content\/uploads\/2020\/02\/Screenshot_20200224-155531.png?fit=377%2C670&ssl=1\",\"width\":377,\"height\":670},{\"@type\":\"BreadcrumbList\",\"@id\":\"https:\/\/verdadeon.com.br\/portal\/2020\/02\/24\/jovens-tenistas-francanos-brilham-entre-os-melhores-do-brasil\/#breadcrumb\",\"itemListElement\":[{\"@type\":\"ListItem\",\"position\":1,\"name\":\"In\u00edcio\",\"item\":\"https:\/\/verdadeon.com.br\/portal\/\"},{\"@type\":\"ListItem\",\"position\":2,\"name\":\"Jovens tenistas francanos brilham entre os melhores do Brasil\"}]},{\"@type\":\"WebSite\",\"@id\":\"https:\/\/verdadeon.com.br\/portal\/#website\",\"url\":\"https:\/\/verdadeon.com.br\/portal\/\",\"name\":\"VerdadeOn\",\"description\":\"Not\u00edcias di\u00e1rias sobre Franca, Regi\u00e3o, Esporte, Cultura, Cotidiano, Colunas. Cobertura nos principais eventos da cidade \u00e9 aqui - Verdadeon Franca\",\"potentialAction\":[{\"@type\":\"SearchAction\",\"target\":{\"@type\":\"EntryPoint\",\"urlTemplate\":\"https:\/\/verdadeon.com.br\/portal\/?s={search_term_string}\"},\"query-input\":{\"@type\":\"PropertyValueSpecification\",\"valueRequired\":true,\"valueName\":\"search_term_string\"}}],\"inLanguage\":\"pt-BR\"},{\"@type\":\"Person\",\"@id\":\"https:\/\/verdadeon.com.br\/portal\/#\/schema\/person\/a5060ad1e9ea3df545188fc93ce43d2f\",\"name\":\"Redacao VerdadeOn\",\"image\":{\"@type\":\"ImageObject\",\"inLanguage\":\"pt-BR\",\"@id\":\"https:\/\/verdadeon.com.br\/portal\/#\/schema\/person\/image\/\",\"url\":\"https:\/\/secure.gravatar.com\/avatar\/459a9613caaaf07f582c3d0841eea68bdd66f533e465e6ba8b9cb45619572cf4?s=96&d=mm&r=g\",\"contentUrl\":\"https:\/\/secure.gravatar.com\/avatar\/459a9613caaaf07f582c3d0841eea68bdd66f533e465e6ba8b9cb45619572cf4?s=96&d=mm&r=g\",\"caption\":\"Redacao VerdadeOn\"},\"url\":\"https:\/\/verdadeon.com.br\/portal\/author\/redacao\/\"}]}<\/script>\n<!-- \/ Yoast SEO plugin. -->","yoast_head_json":{"title":"Jovens tenistas francanos brilham entre os melhores do Brasil - VerdadeOn","robots":{"index":"index","follow":"follow","max-snippet":"max-snippet:-1","max-image-preview":"max-image-preview:large","max-video-preview":"max-video-preview:-1"},"canonical":"https:\/\/verdadeon.com.br\/portal\/2020\/02\/24\/jovens-tenistas-francanos-brilham-entre-os-melhores-do-brasil\/","og_locale":"pt_BR","og_type":"article","og_title":"Jovens tenistas francanos brilham entre os melhores do Brasil - VerdadeOn","og_description":"Let\u00edcia Marangoni e Pedro Burin s\u00e3o destaques no cen\u00e1rio nacional Let\u00edcia Marangoni e Pedro Burin: os francanos podem guardar com carinho esses dois nomes, j\u00e1 que [\u2026]","og_url":"https:\/\/verdadeon.com.br\/portal\/2020\/02\/24\/jovens-tenistas-francanos-brilham-entre-os-melhores-do-brasil\/","og_site_name":"VerdadeOn","article_published_time":"2020-02-24T18:57:18+00:00","article_modified_time":"2020-02-24T20:22:06+00:00","og_image":[{"width":377,"height":670,"url":"https:\/\/verdadeon.com.br\/portal\/wp-content\/uploads\/2020\/02\/Screenshot_20200224-155531.png","type":"image\/png"}],"author":"Redacao VerdadeOn","twitter_card":"summary_large_image","twitter_misc":{"Escrito por":"Redacao VerdadeOn","Est. tempo de leitura":"2 minutos"},"schema":{"@context":"https:\/\/schema.org","@graph":[{"@type":"WebPage","@id":"https:\/\/verdadeon.com.br\/portal\/2020\/02\/24\/jovens-tenistas-francanos-brilham-entre-os-melhores-do-brasil\/","url":"https:\/\/verdadeon.com.br\/portal\/2020\/02\/24\/jovens-tenistas-francanos-brilham-entre-os-melhores-do-brasil\/","name":"Jovens tenistas francanos brilham entre os melhores do Brasil - VerdadeOn","isPartOf":{"@id":"https:\/\/verdadeon.com.br\/portal\/#website"},"primaryImageOfPage":{"@id":"https:\/\/verdadeon.com.br\/portal\/2020\/02\/24\/jovens-tenistas-francanos-brilham-entre-os-melhores-do-brasil\/#primaryimage"},"image":{"@id":"https:\/\/verdadeon.com.br\/portal\/2020\/02\/24\/jovens-tenistas-francanos-brilham-entre-os-melhores-do-brasil\/#primaryimage"},"thumbnailUrl":"https:\/\/i0.wp.com\/verdadeon.com.br\/portal\/wp-content\/uploads\/2020\/02\/Screenshot_20200224-155531.png?fit=377%2C670&ssl=1","datePublished":"2020-02-24T18:57:18+00:00","dateModified":"2020-02-24T20:22:06+00:00","author":{"@id":"https:\/\/verdadeon.com.br\/portal\/#\/schema\/person\/a5060ad1e9ea3df545188fc93ce43d2f"},"breadcrumb":{"@id":"https:\/\/verdadeon.com.br\/portal\/2020\/02\/24\/jovens-tenistas-francanos-brilham-entre-os-melhores-do-brasil\/#breadcrumb"},"inLanguage":"pt-BR","potentialAction":[{"@type":"ReadAction","target":["https:\/\/verdadeon.com.br\/portal\/2020\/02\/24\/jovens-tenistas-francanos-brilham-entre-os-melhores-do-brasil\/"]}]},{"@type":"ImageObject","inLanguage":"pt-BR","@id":"https:\/\/verdadeon.com.br\/portal\/2020\/02\/24\/jovens-tenistas-francanos-brilham-entre-os-melhores-do-brasil\/#primaryimage","url":"https:\/\/i0.wp.com\/verdadeon.com.br\/portal\/wp-content\/uploads\/2020\/02\/Screenshot_20200224-155531.png?fit=377%2C670&ssl=1","contentUrl":"https:\/\/i0.wp.com\/verdadeon.com.br\/portal\/wp-content\/uploads\/2020\/02\/Screenshot_20200224-155531.png?fit=377%2C670&ssl=1","width":377,"height":670},{"@type":"BreadcrumbList","@id":"https:\/\/verdadeon.com.br\/portal\/2020\/02\/24\/jovens-tenistas-francanos-brilham-entre-os-melhores-do-brasil\/#breadcrumb","itemListElement":[{"@type":"ListItem","position":1,"name":"In\u00edcio","item":"https:\/\/verdadeon.com.br\/portal\/"},{"@type":"ListItem","position":2,"name":"Jovens tenistas francanos brilham entre os melhores do Brasil"}]},{"@type":"WebSite","@id":"https:\/\/verdadeon.com.br\/portal\/#website","url":"https:\/\/verdadeon.com.br\/portal\/","name":"VerdadeOn","description":"Not\u00edcias di\u00e1rias sobre Franca, Regi\u00e3o, Esporte, Cultura, Cotidiano, Colunas. Cobertura nos principais eventos da cidade \u00e9 aqui - Verdadeon Franca","potentialAction":[{"@type":"SearchAction","target":{"@type":"EntryPoint","urlTemplate":"https:\/\/verdadeon.com.br\/portal\/?s={search_term_string}"},"query-input":{"@type":"PropertyValueSpecification","valueRequired":true,"valueName":"search_term_string"}}],"inLanguage":"pt-BR"},{"@type":"Person","@id":"https:\/\/verdadeon.com.br\/portal\/#\/schema\/person\/a5060ad1e9ea3df545188fc93ce43d2f","name":"Redacao VerdadeOn","image":{"@type":"ImageObject","inLanguage":"pt-BR","@id":"https:\/\/verdadeon.com.br\/portal\/#\/schema\/person\/image\/","url":"https:\/\/secure.gravatar.com\/avatar\/459a9613caaaf07f582c3d0841eea68bdd66f533e465e6ba8b9cb45619572cf4?s=96&d=mm&r=g","contentUrl":"https:\/\/secure.gravatar.com\/avatar\/459a9613caaaf07f582c3d0841eea68bdd66f533e465e6ba8b9cb45619572cf4?s=96&d=mm&r=g","caption":"Redacao VerdadeOn"},"url":"https:\/\/verdadeon.com.br\/portal\/author\/redacao\/"}]}},"jetpack_publicize_connections":[],"jetpack_featured_media_url":"https:\/\/i0.wp.com\/verdadeon.com.br\/portal\/wp-content\/uploads\/2020\/02\/Screenshot_20200224-155531.png?fit=377%2C670&ssl=1","jetpack_sharing_enabled":true,"_links":{"self":[{"href":"https:\/\/verdadeon.com.br\/portal\/wp-json\/wp\/v2\/posts\/4210","targetHints":{"allow":["GET"]}}],"collection":[{"href":"https:\/\/verdadeon.com.br\/portal\/wp-json\/wp\/v2\/posts"}],"about":[{"href":"https:\/\/verdadeon.com.br\/portal\/wp-json\/wp\/v2\/types\/post"}],"author":[{"embeddable":true,"href":"https:\/\/verdadeon.com.br\/portal\/wp-json\/wp\/v2\/users\/10"}],"replies":[{"embeddable":true,"href":"https:\/\/verdadeon.com.br\/portal\/wp-json\/wp\/v2\/comments?post=4210"}],"version-history":[{"count":0,"href":"https:\/\/verdadeon.com.br\/portal\/wp-json\/wp\/v2\/posts\/4210\/revisions"}],"wp:featuredmedia":[{"embeddable":true,"href":"https:\/\/verdadeon.com.br\/portal\/wp-json\/wp\/v2\/media\/4212"}],"wp:attachment":[{"href":"https:\/\/verdadeon.com.br\/portal\/wp-json\/wp\/v2\/media?parent=4210"}],"wp:term":[{"taxonomy":"category","embeddable":true,"href":"https:\/\/verdadeon.com.br\/portal\/wp-json\/wp\/v2\/categories?post=4210"},{"taxonomy":"post_tag","embeddable":true,"href":"https:\/\/verdadeon.com.br\/portal\/wp-json\/wp\/v2\/tags?post=4210"}],"curies":[{"name":"wp","href":"https:\/\/api.w.org\/{rel}","templated":true}]}}