{"id":42027,"date":"2024-03-02T12:41:04","date_gmt":"2024-03-02T15:41:04","guid":{"rendered":"https:\/\/verdadeon.com.br\/portal\/?p=42027"},"modified":"2024-03-02T12:41:04","modified_gmt":"2024-03-02T15:41:04","slug":"cuidados-com-dengue-devem-ser-maiores-na-gestacao","status":"publish","type":"post","link":"https:\/\/verdadeon.com.br\/portal\/2024\/03\/02\/cuidados-com-dengue-devem-ser-maiores-na-gestacao\/","title":{"rendered":"Cuidados com dengue devem ser maiores na gesta\u00e7\u00e3o"},"content":{"rendered":"<div class=\"row\">\n<h2 class=\"col-10 offset-1 animated fadeInDown dealy-900 display-8 display-md-8 alt-font font-italic my-1 text-center\">Alerta \u00e9 da Federa\u00e7\u00e3o Brasileira de Ginecologia Obstetr\u00edcia<\/h2>\n<p>O odor e o aumento do g\u00e1s carb\u00f4nico exalado pela pele das gestantes, aliados ao aumento da sua temperatura corporal, s\u00e3o fatores importantes para a atra\u00e7\u00e3o do mosquito Aedes aegypti. Al\u00e9m disso, as gr\u00e1vidas e pu\u00e9rperas est\u00e3o entre os grupos populacionais mais suscet\u00edveis a complica\u00e7\u00f5es e evolu\u00e7\u00e3o para as formas mais graves da dengue.\u00a0<img data-recalc-dims=\"1\" decoding=\"async\" src=\"https:\/\/i0.wp.com\/agenciabrasil.ebc.com.br\/ebc.png?w=1220&#038;ssl=1\" \/><img data-recalc-dims=\"1\" decoding=\"async\" src=\"https:\/\/i0.wp.com\/agenciabrasil.ebc.com.br\/ebc.gif?w=1220&#038;ssl=1\" \/><\/p>\n<p>O n\u00famero de casos de dengue em gestantes\u00a0<a href=\"https:\/\/agenciabrasil.ebc.com.br\/saude\/noticia\/2024-03\/casos-de-dengue-em-gestantes-aumentam-345-em-2024\" target=\"_blank\" rel=\"noopener\">aumentou 345,2% nas seis primeiras semanas deste ano<\/a>, na compara\u00e7\u00e3o com o mesmo per\u00edodo de 2023, segundo dados epidemiol\u00f3gicos do Minist\u00e9rio da Sa\u00fade divulgados nesta sexta-feira (1\u00ba).<\/p>\n<p>Diante desse cen\u00e1rio, a\u00a0 Federa\u00e7\u00e3o Brasileira de Ginecologia Obstetr\u00edcia (Febasgo) lan\u00e7ou o\u00a0<a href=\"https:\/\/www.febrasgo.org.br\/pt\/manual-de-prevencao-dengue-na-gestacao\" target=\"_blank\" rel=\"noopener\">Manual de Preven\u00e7\u00e3o, Diagn\u00f3stico e Tratamento da Dengue na Gesta\u00e7\u00e3o e no Puerp\u00e9rio<\/a>, em colabora\u00e7\u00e3o com o Minist\u00e9rio da Sa\u00fade e a Organiza\u00e7\u00e3o Pan-Americana de Sa\u00fade (Opas). O guia foi elaborado pelo Grupo de Trabalho dedicado ao manejo da doen\u00e7a em gestantes e pu\u00e9rperas, composto por 16 especialistas em ginecologia obstetr\u00edcia e traz dicas para evitar o cont\u00e1gio e prevenir complica\u00e7\u00f5es relacionadas \u00e0 dengue.<\/p>\n<p>\u201cUma vez infectadas, as gestantes t\u00eam maiores chances de apresentar desfechos desfavor\u00e1veis em compara\u00e7\u00e3o com n\u00e3o gestantes. Portanto, esse grupo \u00e9 de especial interesse e cuidado&#8221;, explica o m\u00e9dico Ant\u00f4nio Braga, membro do Grupo de Trabalho sobre Dengue na Gesta\u00e7\u00e3o da Febrasgo<\/p>\n<p><strong>Preven\u00e7\u00e3o<\/strong><\/p>\n<p>O controle dos criadouros de Aedes aegypti, as barreiras mec\u00e2nicas para evitar que o mosquito entre nas resid\u00eancias, como telas em portas e janelas, o uso de inseticidas, de roupas apropriadas e de repelentes est\u00e3o entre as recomenda\u00e7\u00f5es para evitar a contamina\u00e7\u00e3o. O uso de inseticidas por vaporiza\u00e7\u00e3o ambiental, tamb\u00e9m chamada de nebuliza\u00e7\u00e3o espacial ou fumac\u00ea, ou domiciliar, tamb\u00e9m est\u00e1 entre as medidas recomendadas.<\/p>\n<p>Segundo a Febrasgo, as gestantes devem priorizar o uso de repelentes aprovados pela Ag\u00eancia Nacional de Vigil\u00e2ncia Sanit\u00e1ria (Anvisa), como picaridina, icaridina, N,N-dietil-meta-toluamida (DEET), IR 3535 ou EBAAP.<\/p>\n<p>Outra vari\u00e1vel importante \u00e9 a prefer\u00eancia de cor para a qual o mosquito \u00e9 atra\u00eddo. A Febrasgo recomenda evitar o uso de roupas de cor vermelha, azul, alaranjada ou preta. Por sua vez, a cor branca n\u00e3o atrai o mosquito.<\/p>\n<p><strong>Recomenda\u00e7\u00f5es\u00a0<\/strong><\/p>\n<p>Em casos de infec\u00e7\u00e3o com menor gravidade, a orienta\u00e7\u00e3o \u00e9 repouso e aumento da ingest\u00e3o de l\u00edquidos. Gestantes com dengue requerem avalia\u00e7\u00e3o di\u00e1ria, incluindo repeti\u00e7\u00e3o do hemograma at\u00e9 48 horas ap\u00f3s a febre desaparecer.<\/p>\n<p>Se o estado for grave, com sinais de alarme, a interna\u00e7\u00e3o \u00e9 indicada. Em situa\u00e7\u00f5es de choque, sangramento ou disfun\u00e7\u00e3o grave de \u00f3rg\u00e3os, a paciente deve receber tratamento em uma unidade de terapia intensiva.<\/p>\n<div class=\"dnd-widget-wrapper context-cheio_8colunas type-image\">\n<div class=\"dnd-atom-rendered\"><img data-recalc-dims=\"1\" loading=\"lazy\" decoding=\"async\" class=\"size-full wp-image-42028 aligncenter\" src=\"https:\/\/i0.wp.com\/verdadeon.com.br\/portal\/wp-content\/uploads\/2024\/03\/protecao_copy.webp?resize=754%2C518&#038;ssl=1\" alt=\"\" width=\"754\" height=\"518\" srcset=\"https:\/\/i0.wp.com\/verdadeon.com.br\/portal\/wp-content\/uploads\/2024\/03\/protecao_copy.webp?w=754&amp;ssl=1 754w, https:\/\/i0.wp.com\/verdadeon.com.br\/portal\/wp-content\/uploads\/2024\/03\/protecao_copy.webp?resize=300%2C206&amp;ssl=1 300w, https:\/\/i0.wp.com\/verdadeon.com.br\/portal\/wp-content\/uploads\/2024\/03\/protecao_copy.webp?resize=213%2C146&amp;ssl=1 213w, https:\/\/i0.wp.com\/verdadeon.com.br\/portal\/wp-content\/uploads\/2024\/03\/protecao_copy.webp?resize=50%2C34&amp;ssl=1 50w, https:\/\/i0.wp.com\/verdadeon.com.br\/portal\/wp-content\/uploads\/2024\/03\/protecao_copy.webp?resize=109%2C75&amp;ssl=1 109w\" sizes=\"auto, (max-width: 754px) 100vw, 754px\" \/><\/div>\n<div>Fonte: Ag\u00eancia Brasil<\/div>\n<\/div>\n<\/div>\n","protected":false},"excerpt":{"rendered":"<p>Alerta \u00e9 da Federa\u00e7\u00e3o Brasileira de Ginecologia Obstetr\u00edcia O odor e o aumento do g\u00e1s carb\u00f4nico exalado pela pele das gestantes, aliados ao aumento da sua<span class=\"excerpt-hellip\"> [\u2026]<\/span><\/p>\n","protected":false},"author":10,"featured_media":42029,"comment_status":"open","ping_status":"open","sticky":false,"template":"","format":"standard","meta":{"_jetpack_memberships_contains_paid_content":false,"footnotes":"","jetpack_publicize_message":"","jetpack_publicize_feature_enabled":true,"jetpack_social_post_already_shared":false,"jetpack_social_options":{"image_generator_settings":{"template":"highway","default_image_id":0,"enabled":false},"version":2}},"categories":[28,44],"tags":[],"class_list":["post-42027","post","type-post","status-publish","format-standard","has-post-thumbnail","hentry","category-cotidiano","category-noticias"],"yoast_head":"<!-- This site is optimized with the Yoast SEO plugin v25.6 - https:\/\/yoast.com\/wordpress\/plugins\/seo\/ -->\n<title>Cuidados com dengue devem ser maiores na gesta\u00e7\u00e3o - VerdadeOn<\/title>\n<meta name=\"robots\" content=\"index, follow, max-snippet:-1, max-image-preview:large, max-video-preview:-1\" \/>\n<link rel=\"canonical\" href=\"https:\/\/verdadeon.com.br\/portal\/2024\/03\/02\/cuidados-com-dengue-devem-ser-maiores-na-gestacao\/\" \/>\n<meta property=\"og:locale\" content=\"pt_BR\" \/>\n<meta property=\"og:type\" content=\"article\" \/>\n<meta property=\"og:title\" content=\"Cuidados com dengue devem ser maiores na gesta\u00e7\u00e3o - VerdadeOn\" \/>\n<meta property=\"og:description\" content=\"Alerta \u00e9 da Federa\u00e7\u00e3o Brasileira de Ginecologia Obstetr\u00edcia O odor e o aumento do g\u00e1s carb\u00f4nico exalado pela pele das gestantes, aliados ao aumento da sua [\u2026]\" \/>\n<meta property=\"og:url\" content=\"https:\/\/verdadeon.com.br\/portal\/2024\/03\/02\/cuidados-com-dengue-devem-ser-maiores-na-gestacao\/\" \/>\n<meta property=\"og:site_name\" content=\"VerdadeOn\" \/>\n<meta property=\"article:published_time\" content=\"2024-03-02T15:41:04+00:00\" \/>\n<meta property=\"og:image\" content=\"https:\/\/i0.wp.com\/verdadeon.com.br\/portal\/wp-content\/uploads\/2024\/03\/pregnant-2635034.webp?fit=1044%2C700&ssl=1\" \/>\n\t<meta property=\"og:image:width\" content=\"1044\" \/>\n\t<meta property=\"og:image:height\" content=\"700\" \/>\n\t<meta property=\"og:image:type\" content=\"image\/webp\" \/>\n<meta name=\"author\" content=\"Redacao VerdadeOn\" \/>\n<meta name=\"twitter:card\" content=\"summary_large_image\" \/>\n<meta name=\"twitter:label1\" content=\"Escrito por\" \/>\n\t<meta name=\"twitter:data1\" content=\"Redacao VerdadeOn\" \/>\n\t<meta name=\"twitter:label2\" content=\"Est. tempo de leitura\" \/>\n\t<meta name=\"twitter:data2\" content=\"3 minutos\" \/>\n<script type=\"application\/ld+json\" class=\"yoast-schema-graph\">{\"@context\":\"https:\/\/schema.org\",\"@graph\":[{\"@type\":\"WebPage\",\"@id\":\"https:\/\/verdadeon.com.br\/portal\/2024\/03\/02\/cuidados-com-dengue-devem-ser-maiores-na-gestacao\/\",\"url\":\"https:\/\/verdadeon.com.br\/portal\/2024\/03\/02\/cuidados-com-dengue-devem-ser-maiores-na-gestacao\/\",\"name\":\"Cuidados com dengue devem ser maiores na gesta\u00e7\u00e3o - VerdadeOn\",\"isPartOf\":{\"@id\":\"https:\/\/verdadeon.com.br\/portal\/#website\"},\"primaryImageOfPage\":{\"@id\":\"https:\/\/verdadeon.com.br\/portal\/2024\/03\/02\/cuidados-com-dengue-devem-ser-maiores-na-gestacao\/#primaryimage\"},\"image\":{\"@id\":\"https:\/\/verdadeon.com.br\/portal\/2024\/03\/02\/cuidados-com-dengue-devem-ser-maiores-na-gestacao\/#primaryimage\"},\"thumbnailUrl\":\"https:\/\/i0.wp.com\/verdadeon.com.br\/portal\/wp-content\/uploads\/2024\/03\/pregnant-2635034.webp?fit=1044%2C700&ssl=1\",\"datePublished\":\"2024-03-02T15:41:04+00:00\",\"author\":{\"@id\":\"https:\/\/verdadeon.com.br\/portal\/#\/schema\/person\/a5060ad1e9ea3df545188fc93ce43d2f\"},\"breadcrumb\":{\"@id\":\"https:\/\/verdadeon.com.br\/portal\/2024\/03\/02\/cuidados-com-dengue-devem-ser-maiores-na-gestacao\/#breadcrumb\"},\"inLanguage\":\"pt-BR\",\"potentialAction\":[{\"@type\":\"ReadAction\",\"target\":[\"https:\/\/verdadeon.com.br\/portal\/2024\/03\/02\/cuidados-com-dengue-devem-ser-maiores-na-gestacao\/\"]}]},{\"@type\":\"ImageObject\",\"inLanguage\":\"pt-BR\",\"@id\":\"https:\/\/verdadeon.com.br\/portal\/2024\/03\/02\/cuidados-com-dengue-devem-ser-maiores-na-gestacao\/#primaryimage\",\"url\":\"https:\/\/i0.wp.com\/verdadeon.com.br\/portal\/wp-content\/uploads\/2024\/03\/pregnant-2635034.webp?fit=1044%2C700&ssl=1\",\"contentUrl\":\"https:\/\/i0.wp.com\/verdadeon.com.br\/portal\/wp-content\/uploads\/2024\/03\/pregnant-2635034.webp?fit=1044%2C700&ssl=1\",\"width\":1044,\"height\":700,\"caption\":\"a proposta da parlamentar prev\u00ea que a policial gestante deixe de fazer parte da escala de plant\u00f5es (\u00a9Fotorech\/Pixabay)\"},{\"@type\":\"BreadcrumbList\",\"@id\":\"https:\/\/verdadeon.com.br\/portal\/2024\/03\/02\/cuidados-com-dengue-devem-ser-maiores-na-gestacao\/#breadcrumb\",\"itemListElement\":[{\"@type\":\"ListItem\",\"position\":1,\"name\":\"In\u00edcio\",\"item\":\"https:\/\/verdadeon.com.br\/portal\/\"},{\"@type\":\"ListItem\",\"position\":2,\"name\":\"Cuidados com dengue devem ser maiores na gesta\u00e7\u00e3o\"}]},{\"@type\":\"WebSite\",\"@id\":\"https:\/\/verdadeon.com.br\/portal\/#website\",\"url\":\"https:\/\/verdadeon.com.br\/portal\/\",\"name\":\"VerdadeOn\",\"description\":\"Not\u00edcias di\u00e1rias sobre Franca, Regi\u00e3o, Esporte, Cultura, Cotidiano, Colunas. Cobertura nos principais eventos da cidade \u00e9 aqui - Verdadeon Franca\",\"potentialAction\":[{\"@type\":\"SearchAction\",\"target\":{\"@type\":\"EntryPoint\",\"urlTemplate\":\"https:\/\/verdadeon.com.br\/portal\/?s={search_term_string}\"},\"query-input\":{\"@type\":\"PropertyValueSpecification\",\"valueRequired\":true,\"valueName\":\"search_term_string\"}}],\"inLanguage\":\"pt-BR\"},{\"@type\":\"Person\",\"@id\":\"https:\/\/verdadeon.com.br\/portal\/#\/schema\/person\/a5060ad1e9ea3df545188fc93ce43d2f\",\"name\":\"Redacao VerdadeOn\",\"image\":{\"@type\":\"ImageObject\",\"inLanguage\":\"pt-BR\",\"@id\":\"https:\/\/verdadeon.com.br\/portal\/#\/schema\/person\/image\/\",\"url\":\"https:\/\/secure.gravatar.com\/avatar\/459a9613caaaf07f582c3d0841eea68bdd66f533e465e6ba8b9cb45619572cf4?s=96&d=mm&r=g\",\"contentUrl\":\"https:\/\/secure.gravatar.com\/avatar\/459a9613caaaf07f582c3d0841eea68bdd66f533e465e6ba8b9cb45619572cf4?s=96&d=mm&r=g\",\"caption\":\"Redacao VerdadeOn\"},\"url\":\"https:\/\/verdadeon.com.br\/portal\/author\/redacao\/\"}]}<\/script>\n<!-- \/ Yoast SEO plugin. -->","yoast_head_json":{"title":"Cuidados com dengue devem ser maiores na gesta\u00e7\u00e3o - VerdadeOn","robots":{"index":"index","follow":"follow","max-snippet":"max-snippet:-1","max-image-preview":"max-image-preview:large","max-video-preview":"max-video-preview:-1"},"canonical":"https:\/\/verdadeon.com.br\/portal\/2024\/03\/02\/cuidados-com-dengue-devem-ser-maiores-na-gestacao\/","og_locale":"pt_BR","og_type":"article","og_title":"Cuidados com dengue devem ser maiores na gesta\u00e7\u00e3o - VerdadeOn","og_description":"Alerta \u00e9 da Federa\u00e7\u00e3o Brasileira de Ginecologia Obstetr\u00edcia O odor e o aumento do g\u00e1s carb\u00f4nico exalado pela pele das gestantes, aliados ao aumento da sua [\u2026]","og_url":"https:\/\/verdadeon.com.br\/portal\/2024\/03\/02\/cuidados-com-dengue-devem-ser-maiores-na-gestacao\/","og_site_name":"VerdadeOn","article_published_time":"2024-03-02T15:41:04+00:00","og_image":[{"width":1044,"height":700,"url":"https:\/\/i0.wp.com\/verdadeon.com.br\/portal\/wp-content\/uploads\/2024\/03\/pregnant-2635034.webp?fit=1044%2C700&ssl=1","type":"image\/webp"}],"author":"Redacao VerdadeOn","twitter_card":"summary_large_image","twitter_misc":{"Escrito por":"Redacao VerdadeOn","Est. tempo de leitura":"3 minutos"},"schema":{"@context":"https:\/\/schema.org","@graph":[{"@type":"WebPage","@id":"https:\/\/verdadeon.com.br\/portal\/2024\/03\/02\/cuidados-com-dengue-devem-ser-maiores-na-gestacao\/","url":"https:\/\/verdadeon.com.br\/portal\/2024\/03\/02\/cuidados-com-dengue-devem-ser-maiores-na-gestacao\/","name":"Cuidados com dengue devem ser maiores na gesta\u00e7\u00e3o - VerdadeOn","isPartOf":{"@id":"https:\/\/verdadeon.com.br\/portal\/#website"},"primaryImageOfPage":{"@id":"https:\/\/verdadeon.com.br\/portal\/2024\/03\/02\/cuidados-com-dengue-devem-ser-maiores-na-gestacao\/#primaryimage"},"image":{"@id":"https:\/\/verdadeon.com.br\/portal\/2024\/03\/02\/cuidados-com-dengue-devem-ser-maiores-na-gestacao\/#primaryimage"},"thumbnailUrl":"https:\/\/i0.wp.com\/verdadeon.com.br\/portal\/wp-content\/uploads\/2024\/03\/pregnant-2635034.webp?fit=1044%2C700&ssl=1","datePublished":"2024-03-02T15:41:04+00:00","author":{"@id":"https:\/\/verdadeon.com.br\/portal\/#\/schema\/person\/a5060ad1e9ea3df545188fc93ce43d2f"},"breadcrumb":{"@id":"https:\/\/verdadeon.com.br\/portal\/2024\/03\/02\/cuidados-com-dengue-devem-ser-maiores-na-gestacao\/#breadcrumb"},"inLanguage":"pt-BR","potentialAction":[{"@type":"ReadAction","target":["https:\/\/verdadeon.com.br\/portal\/2024\/03\/02\/cuidados-com-dengue-devem-ser-maiores-na-gestacao\/"]}]},{"@type":"ImageObject","inLanguage":"pt-BR","@id":"https:\/\/verdadeon.com.br\/portal\/2024\/03\/02\/cuidados-com-dengue-devem-ser-maiores-na-gestacao\/#primaryimage","url":"https:\/\/i0.wp.com\/verdadeon.com.br\/portal\/wp-content\/uploads\/2024\/03\/pregnant-2635034.webp?fit=1044%2C700&ssl=1","contentUrl":"https:\/\/i0.wp.com\/verdadeon.com.br\/portal\/wp-content\/uploads\/2024\/03\/pregnant-2635034.webp?fit=1044%2C700&ssl=1","width":1044,"height":700,"caption":"a proposta da parlamentar prev\u00ea que a policial gestante deixe de fazer parte da escala de plant\u00f5es (\u00a9Fotorech\/Pixabay)"},{"@type":"BreadcrumbList","@id":"https:\/\/verdadeon.com.br\/portal\/2024\/03\/02\/cuidados-com-dengue-devem-ser-maiores-na-gestacao\/#breadcrumb","itemListElement":[{"@type":"ListItem","position":1,"name":"In\u00edcio","item":"https:\/\/verdadeon.com.br\/portal\/"},{"@type":"ListItem","position":2,"name":"Cuidados com dengue devem ser maiores na gesta\u00e7\u00e3o"}]},{"@type":"WebSite","@id":"https:\/\/verdadeon.com.br\/portal\/#website","url":"https:\/\/verdadeon.com.br\/portal\/","name":"VerdadeOn","description":"Not\u00edcias di\u00e1rias sobre Franca, Regi\u00e3o, Esporte, Cultura, Cotidiano, Colunas. Cobertura nos principais eventos da cidade \u00e9 aqui - Verdadeon Franca","potentialAction":[{"@type":"SearchAction","target":{"@type":"EntryPoint","urlTemplate":"https:\/\/verdadeon.com.br\/portal\/?s={search_term_string}"},"query-input":{"@type":"PropertyValueSpecification","valueRequired":true,"valueName":"search_term_string"}}],"inLanguage":"pt-BR"},{"@type":"Person","@id":"https:\/\/verdadeon.com.br\/portal\/#\/schema\/person\/a5060ad1e9ea3df545188fc93ce43d2f","name":"Redacao VerdadeOn","image":{"@type":"ImageObject","inLanguage":"pt-BR","@id":"https:\/\/verdadeon.com.br\/portal\/#\/schema\/person\/image\/","url":"https:\/\/secure.gravatar.com\/avatar\/459a9613caaaf07f582c3d0841eea68bdd66f533e465e6ba8b9cb45619572cf4?s=96&d=mm&r=g","contentUrl":"https:\/\/secure.gravatar.com\/avatar\/459a9613caaaf07f582c3d0841eea68bdd66f533e465e6ba8b9cb45619572cf4?s=96&d=mm&r=g","caption":"Redacao VerdadeOn"},"url":"https:\/\/verdadeon.com.br\/portal\/author\/redacao\/"}]}},"jetpack_publicize_connections":[],"jetpack_featured_media_url":"https:\/\/i0.wp.com\/verdadeon.com.br\/portal\/wp-content\/uploads\/2024\/03\/pregnant-2635034.webp?fit=1044%2C700&ssl=1","jetpack_sharing_enabled":true,"_links":{"self":[{"href":"https:\/\/verdadeon.com.br\/portal\/wp-json\/wp\/v2\/posts\/42027","targetHints":{"allow":["GET"]}}],"collection":[{"href":"https:\/\/verdadeon.com.br\/portal\/wp-json\/wp\/v2\/posts"}],"about":[{"href":"https:\/\/verdadeon.com.br\/portal\/wp-json\/wp\/v2\/types\/post"}],"author":[{"embeddable":true,"href":"https:\/\/verdadeon.com.br\/portal\/wp-json\/wp\/v2\/users\/10"}],"replies":[{"embeddable":true,"href":"https:\/\/verdadeon.com.br\/portal\/wp-json\/wp\/v2\/comments?post=42027"}],"version-history":[{"count":1,"href":"https:\/\/verdadeon.com.br\/portal\/wp-json\/wp\/v2\/posts\/42027\/revisions"}],"predecessor-version":[{"id":42030,"href":"https:\/\/verdadeon.com.br\/portal\/wp-json\/wp\/v2\/posts\/42027\/revisions\/42030"}],"wp:featuredmedia":[{"embeddable":true,"href":"https:\/\/verdadeon.com.br\/portal\/wp-json\/wp\/v2\/media\/42029"}],"wp:attachment":[{"href":"https:\/\/verdadeon.com.br\/portal\/wp-json\/wp\/v2\/media?parent=42027"}],"wp:term":[{"taxonomy":"category","embeddable":true,"href":"https:\/\/verdadeon.com.br\/portal\/wp-json\/wp\/v2\/categories?post=42027"},{"taxonomy":"post_tag","embeddable":true,"href":"https:\/\/verdadeon.com.br\/portal\/wp-json\/wp\/v2\/tags?post=42027"}],"curies":[{"name":"wp","href":"https:\/\/api.w.org\/{rel}","templated":true}]}}