{"id":42020,"date":"2024-03-02T12:30:42","date_gmt":"2024-03-02T15:30:42","guid":{"rendered":"https:\/\/verdadeon.com.br\/portal\/?p=42020"},"modified":"2024-03-02T12:30:42","modified_gmt":"2024-03-02T15:30:42","slug":"emprega-franca-realiza-processo-seletivo-para-vagas-na-area-de-manutencao-mecanica","status":"publish","type":"post","link":"https:\/\/verdadeon.com.br\/portal\/2024\/03\/02\/emprega-franca-realiza-processo-seletivo-para-vagas-na-area-de-manutencao-mecanica\/","title":{"rendered":"\u2018Emprega Franca\u2019 realiza processo seletivo para vagas na \u00e1rea de manuten\u00e7\u00e3o mec\u00e2nica"},"content":{"rendered":"<h2>As vagas s\u00e3o tempor\u00e1rias, v\u00e1lidas por 90 dias<\/h2>\n<p>O \u2018Emprega Franca\u2019, programa da Secretaria de Desenvolvimento, realiza na pr\u00f3xima segunda-feira, 4 de mar\u00e7o, um processo seletivo para a contrata\u00e7\u00e3o de funcion\u00e1rios na \u00e1rea de manuten\u00e7\u00e3o mec\u00e2nica.<\/p>\n<p>As vagas s\u00e3o tempor\u00e1rias, v\u00e1lidas por 90 dias. \u00c9 necess\u00e1rio ter disponibilidade para ficar hospedado em Rifaina durante a semana, sendo necess\u00e1ria tamb\u00e9m experi\u00eancia nas \u00e1reas e Ensino M\u00e9dio completo. As oportunidades s\u00e3o para Auxiliar T\u00e9cnico de Mec\u00e2nica, Eletricista, Ferramenteiro e T\u00e9cnico Mec\u00e2nico \u2013 Industrial.<\/p>\n<p>As entrevistas ser\u00e3o \u00e0s 10 e \u00e0s 16 horas. A a\u00e7\u00e3o ser\u00e1 na sede do \u2018Emprega Franca\u2019, que fica em pr\u00e9dio anexo \u00e0 Rodovi\u00e1ria de Franca (na Rua Professor Laerte Barbosa Cintra, no Residencial Baldassari). \u00c9 necess\u00e1rio levar o curr\u00edculo impresso e os documentos pessoais.<\/p>\n<p><b>Oportunidades<\/b><\/p>\n<p>A Prefeitura mant\u00e9m o Programa \u2018Emprega Franca\u2019 e o PAT (Posto de Atendimento ao Trabalhador), que oferecem vagas em diversas \u00e1reas e com variados n\u00edveis de escolaridade.<\/p>\n<p>Desde a cria\u00e7\u00e3o do \u2018Emprega Franca\u2019, em 2022, a Secretaria de Desenvolvimento recebeu 43.173 curr\u00edculos e fez encaminhamentos para empresas realizarem as contrata\u00e7\u00f5es de acordo com suas necessidades. As vagas do programa est\u00e3o dispon\u00edveis atrav\u00e9s do link <a href=\"http:\/\/www.franca.sp.gov.br\/pmf-vagas-emprego\/\" target=\"_blank\" rel=\"noopener\" data-saferedirecturl=\"https:\/\/www.google.com\/url?q=http:\/\/www.franca.sp.gov.br\/pmf-vagas-emprego\/&amp;source=gmail&amp;ust=1709477832593000&amp;usg=AOvVaw04I-RQfG4SKQ8aVJcbM9lK\">www.franca.sp.gov.br\/pmf-<wbr \/>vagas-emprego\/<\/a>\u00a0. Nesta aba, as empresas que estiverem em busca de profissionais tamb\u00e9m podem protocolar as oportunidades dispon\u00edveis.<\/p>\n<p>J\u00e1 o PAT realiza atendimento presencial, na sede do \u2018Emprega Franca\u2019, para as vagas disponibilizadas no link <a href=\"http:\/\/bit.ly\/vagaspatfranca\" target=\"_blank\" rel=\"noopener\" data-saferedirecturl=\"https:\/\/www.google.com\/url?q=http:\/\/bit.ly\/vagaspatfranca&amp;source=gmail&amp;ust=1709477832593000&amp;usg=AOvVaw3h3lp9tb5tRCAixGl0eO38\">bit.ly\/vagaspatfranca<\/a>. O espa\u00e7o funciona de segunda a sexta-feira, das 8 \u00e0s 16 horas. Informa\u00e7\u00f5es poder\u00e3o ser obtidas pelo WhatsApp (16) 99601-0848.<\/p>\n","protected":false},"excerpt":{"rendered":"<p>As vagas s\u00e3o tempor\u00e1rias, v\u00e1lidas por 90 dias O \u2018Emprega Franca\u2019, programa da Secretaria de Desenvolvimento, realiza na pr\u00f3xima segunda-feira, 4 de mar\u00e7o, um processo seletivo<span class=\"excerpt-hellip\"> [\u2026]<\/span><\/p>\n","protected":false},"author":10,"featured_media":36792,"comment_status":"open","ping_status":"open","sticky":false,"template":"","format":"standard","meta":{"_jetpack_memberships_contains_paid_content":false,"footnotes":"","jetpack_publicize_message":"","jetpack_publicize_feature_enabled":true,"jetpack_social_post_already_shared":false,"jetpack_social_options":{"image_generator_settings":{"template":"highway","default_image_id":0,"enabled":false},"version":2}},"categories":[28,44],"tags":[],"class_list":["post-42020","post","type-post","status-publish","format-standard","has-post-thumbnail","hentry","category-cotidiano","category-noticias"],"yoast_head":"<!-- This site is optimized with the Yoast SEO plugin v25.6 - https:\/\/yoast.com\/wordpress\/plugins\/seo\/ -->\n<title>\u2018Emprega Franca\u2019 realiza processo seletivo para vagas na \u00e1rea de manuten\u00e7\u00e3o mec\u00e2nica - VerdadeOn<\/title>\n<meta name=\"robots\" content=\"index, follow, max-snippet:-1, max-image-preview:large, max-video-preview:-1\" \/>\n<link rel=\"canonical\" href=\"https:\/\/verdadeon.com.br\/portal\/2024\/03\/02\/emprega-franca-realiza-processo-seletivo-para-vagas-na-area-de-manutencao-mecanica\/\" \/>\n<meta property=\"og:locale\" content=\"pt_BR\" \/>\n<meta property=\"og:type\" content=\"article\" \/>\n<meta property=\"og:title\" content=\"\u2018Emprega Franca\u2019 realiza processo seletivo para vagas na \u00e1rea de manuten\u00e7\u00e3o mec\u00e2nica - VerdadeOn\" \/>\n<meta property=\"og:description\" content=\"As vagas s\u00e3o tempor\u00e1rias, v\u00e1lidas por 90 dias O \u2018Emprega Franca\u2019, programa da Secretaria de Desenvolvimento, realiza na pr\u00f3xima segunda-feira, 4 de mar\u00e7o, um processo seletivo [\u2026]\" \/>\n<meta property=\"og:url\" content=\"https:\/\/verdadeon.com.br\/portal\/2024\/03\/02\/emprega-franca-realiza-processo-seletivo-para-vagas-na-area-de-manutencao-mecanica\/\" \/>\n<meta property=\"og:site_name\" content=\"VerdadeOn\" \/>\n<meta property=\"article:published_time\" content=\"2024-03-02T15:30:42+00:00\" \/>\n<meta property=\"og:image\" content=\"https:\/\/verdadeon.com.br\/portal\/wp-content\/uploads\/2023\/08\/IMG_1232.jpg\" \/>\n\t<meta property=\"og:image:width\" content=\"2008\" \/>\n\t<meta property=\"og:image:height\" content=\"1345\" \/>\n\t<meta property=\"og:image:type\" content=\"image\/jpeg\" \/>\n<meta name=\"author\" content=\"Redacao VerdadeOn\" \/>\n<meta name=\"twitter:card\" content=\"summary_large_image\" \/>\n<meta name=\"twitter:label1\" content=\"Escrito por\" \/>\n\t<meta name=\"twitter:data1\" content=\"Redacao VerdadeOn\" \/>\n\t<meta name=\"twitter:label2\" content=\"Est. tempo de leitura\" \/>\n\t<meta name=\"twitter:data2\" content=\"2 minutos\" \/>\n<script type=\"application\/ld+json\" class=\"yoast-schema-graph\">{\"@context\":\"https:\/\/schema.org\",\"@graph\":[{\"@type\":\"WebPage\",\"@id\":\"https:\/\/verdadeon.com.br\/portal\/2024\/03\/02\/emprega-franca-realiza-processo-seletivo-para-vagas-na-area-de-manutencao-mecanica\/\",\"url\":\"https:\/\/verdadeon.com.br\/portal\/2024\/03\/02\/emprega-franca-realiza-processo-seletivo-para-vagas-na-area-de-manutencao-mecanica\/\",\"name\":\"\u2018Emprega Franca\u2019 realiza processo seletivo para vagas na \u00e1rea de manuten\u00e7\u00e3o mec\u00e2nica - VerdadeOn\",\"isPartOf\":{\"@id\":\"https:\/\/verdadeon.com.br\/portal\/#website\"},\"primaryImageOfPage\":{\"@id\":\"https:\/\/verdadeon.com.br\/portal\/2024\/03\/02\/emprega-franca-realiza-processo-seletivo-para-vagas-na-area-de-manutencao-mecanica\/#primaryimage\"},\"image\":{\"@id\":\"https:\/\/verdadeon.com.br\/portal\/2024\/03\/02\/emprega-franca-realiza-processo-seletivo-para-vagas-na-area-de-manutencao-mecanica\/#primaryimage\"},\"thumbnailUrl\":\"https:\/\/i0.wp.com\/verdadeon.com.br\/portal\/wp-content\/uploads\/2023\/08\/IMG_1232.jpg?fit=2008%2C1345&ssl=1\",\"datePublished\":\"2024-03-02T15:30:42+00:00\",\"author\":{\"@id\":\"https:\/\/verdadeon.com.br\/portal\/#\/schema\/person\/a5060ad1e9ea3df545188fc93ce43d2f\"},\"breadcrumb\":{\"@id\":\"https:\/\/verdadeon.com.br\/portal\/2024\/03\/02\/emprega-franca-realiza-processo-seletivo-para-vagas-na-area-de-manutencao-mecanica\/#breadcrumb\"},\"inLanguage\":\"pt-BR\",\"potentialAction\":[{\"@type\":\"ReadAction\",\"target\":[\"https:\/\/verdadeon.com.br\/portal\/2024\/03\/02\/emprega-franca-realiza-processo-seletivo-para-vagas-na-area-de-manutencao-mecanica\/\"]}]},{\"@type\":\"ImageObject\",\"inLanguage\":\"pt-BR\",\"@id\":\"https:\/\/verdadeon.com.br\/portal\/2024\/03\/02\/emprega-franca-realiza-processo-seletivo-para-vagas-na-area-de-manutencao-mecanica\/#primaryimage\",\"url\":\"https:\/\/i0.wp.com\/verdadeon.com.br\/portal\/wp-content\/uploads\/2023\/08\/IMG_1232.jpg?fit=2008%2C1345&ssl=1\",\"contentUrl\":\"https:\/\/i0.wp.com\/verdadeon.com.br\/portal\/wp-content\/uploads\/2023\/08\/IMG_1232.jpg?fit=2008%2C1345&ssl=1\",\"width\":2008,\"height\":1345,\"caption\":\"PAT e PEI ficam na sede do \\\"Emprega Franca\\\", em pr\u00e9dio anexo \u00e0 Rodovi\u00e1ria de Franca (\u00a9Divulga\u00e7\u00e3o)\"},{\"@type\":\"BreadcrumbList\",\"@id\":\"https:\/\/verdadeon.com.br\/portal\/2024\/03\/02\/emprega-franca-realiza-processo-seletivo-para-vagas-na-area-de-manutencao-mecanica\/#breadcrumb\",\"itemListElement\":[{\"@type\":\"ListItem\",\"position\":1,\"name\":\"In\u00edcio\",\"item\":\"https:\/\/verdadeon.com.br\/portal\/\"},{\"@type\":\"ListItem\",\"position\":2,\"name\":\"\u2018Emprega Franca\u2019 realiza processo seletivo para vagas na \u00e1rea de manuten\u00e7\u00e3o mec\u00e2nica\"}]},{\"@type\":\"WebSite\",\"@id\":\"https:\/\/verdadeon.com.br\/portal\/#website\",\"url\":\"https:\/\/verdadeon.com.br\/portal\/\",\"name\":\"VerdadeOn\",\"description\":\"Not\u00edcias di\u00e1rias sobre Franca, Regi\u00e3o, Esporte, Cultura, Cotidiano, Colunas. Cobertura nos principais eventos da cidade \u00e9 aqui - Verdadeon Franca\",\"potentialAction\":[{\"@type\":\"SearchAction\",\"target\":{\"@type\":\"EntryPoint\",\"urlTemplate\":\"https:\/\/verdadeon.com.br\/portal\/?s={search_term_string}\"},\"query-input\":{\"@type\":\"PropertyValueSpecification\",\"valueRequired\":true,\"valueName\":\"search_term_string\"}}],\"inLanguage\":\"pt-BR\"},{\"@type\":\"Person\",\"@id\":\"https:\/\/verdadeon.com.br\/portal\/#\/schema\/person\/a5060ad1e9ea3df545188fc93ce43d2f\",\"name\":\"Redacao VerdadeOn\",\"image\":{\"@type\":\"ImageObject\",\"inLanguage\":\"pt-BR\",\"@id\":\"https:\/\/verdadeon.com.br\/portal\/#\/schema\/person\/image\/\",\"url\":\"https:\/\/secure.gravatar.com\/avatar\/459a9613caaaf07f582c3d0841eea68bdd66f533e465e6ba8b9cb45619572cf4?s=96&d=mm&r=g\",\"contentUrl\":\"https:\/\/secure.gravatar.com\/avatar\/459a9613caaaf07f582c3d0841eea68bdd66f533e465e6ba8b9cb45619572cf4?s=96&d=mm&r=g\",\"caption\":\"Redacao VerdadeOn\"},\"url\":\"https:\/\/verdadeon.com.br\/portal\/author\/redacao\/\"}]}<\/script>\n<!-- \/ Yoast SEO plugin. -->","yoast_head_json":{"title":"\u2018Emprega Franca\u2019 realiza processo seletivo para vagas na \u00e1rea de manuten\u00e7\u00e3o mec\u00e2nica - VerdadeOn","robots":{"index":"index","follow":"follow","max-snippet":"max-snippet:-1","max-image-preview":"max-image-preview:large","max-video-preview":"max-video-preview:-1"},"canonical":"https:\/\/verdadeon.com.br\/portal\/2024\/03\/02\/emprega-franca-realiza-processo-seletivo-para-vagas-na-area-de-manutencao-mecanica\/","og_locale":"pt_BR","og_type":"article","og_title":"\u2018Emprega Franca\u2019 realiza processo seletivo para vagas na \u00e1rea de manuten\u00e7\u00e3o mec\u00e2nica - VerdadeOn","og_description":"As vagas s\u00e3o tempor\u00e1rias, v\u00e1lidas por 90 dias O \u2018Emprega Franca\u2019, programa da Secretaria de Desenvolvimento, realiza na pr\u00f3xima segunda-feira, 4 de mar\u00e7o, um processo seletivo [\u2026]","og_url":"https:\/\/verdadeon.com.br\/portal\/2024\/03\/02\/emprega-franca-realiza-processo-seletivo-para-vagas-na-area-de-manutencao-mecanica\/","og_site_name":"VerdadeOn","article_published_time":"2024-03-02T15:30:42+00:00","og_image":[{"width":2008,"height":1345,"url":"https:\/\/verdadeon.com.br\/portal\/wp-content\/uploads\/2023\/08\/IMG_1232.jpg","type":"image\/jpeg"}],"author":"Redacao VerdadeOn","twitter_card":"summary_large_image","twitter_misc":{"Escrito por":"Redacao VerdadeOn","Est. tempo de leitura":"2 minutos"},"schema":{"@context":"https:\/\/schema.org","@graph":[{"@type":"WebPage","@id":"https:\/\/verdadeon.com.br\/portal\/2024\/03\/02\/emprega-franca-realiza-processo-seletivo-para-vagas-na-area-de-manutencao-mecanica\/","url":"https:\/\/verdadeon.com.br\/portal\/2024\/03\/02\/emprega-franca-realiza-processo-seletivo-para-vagas-na-area-de-manutencao-mecanica\/","name":"\u2018Emprega Franca\u2019 realiza processo seletivo para vagas na \u00e1rea de manuten\u00e7\u00e3o mec\u00e2nica - VerdadeOn","isPartOf":{"@id":"https:\/\/verdadeon.com.br\/portal\/#website"},"primaryImageOfPage":{"@id":"https:\/\/verdadeon.com.br\/portal\/2024\/03\/02\/emprega-franca-realiza-processo-seletivo-para-vagas-na-area-de-manutencao-mecanica\/#primaryimage"},"image":{"@id":"https:\/\/verdadeon.com.br\/portal\/2024\/03\/02\/emprega-franca-realiza-processo-seletivo-para-vagas-na-area-de-manutencao-mecanica\/#primaryimage"},"thumbnailUrl":"https:\/\/i0.wp.com\/verdadeon.com.br\/portal\/wp-content\/uploads\/2023\/08\/IMG_1232.jpg?fit=2008%2C1345&ssl=1","datePublished":"2024-03-02T15:30:42+00:00","author":{"@id":"https:\/\/verdadeon.com.br\/portal\/#\/schema\/person\/a5060ad1e9ea3df545188fc93ce43d2f"},"breadcrumb":{"@id":"https:\/\/verdadeon.com.br\/portal\/2024\/03\/02\/emprega-franca-realiza-processo-seletivo-para-vagas-na-area-de-manutencao-mecanica\/#breadcrumb"},"inLanguage":"pt-BR","potentialAction":[{"@type":"ReadAction","target":["https:\/\/verdadeon.com.br\/portal\/2024\/03\/02\/emprega-franca-realiza-processo-seletivo-para-vagas-na-area-de-manutencao-mecanica\/"]}]},{"@type":"ImageObject","inLanguage":"pt-BR","@id":"https:\/\/verdadeon.com.br\/portal\/2024\/03\/02\/emprega-franca-realiza-processo-seletivo-para-vagas-na-area-de-manutencao-mecanica\/#primaryimage","url":"https:\/\/i0.wp.com\/verdadeon.com.br\/portal\/wp-content\/uploads\/2023\/08\/IMG_1232.jpg?fit=2008%2C1345&ssl=1","contentUrl":"https:\/\/i0.wp.com\/verdadeon.com.br\/portal\/wp-content\/uploads\/2023\/08\/IMG_1232.jpg?fit=2008%2C1345&ssl=1","width":2008,"height":1345,"caption":"PAT e PEI ficam na sede do \"Emprega Franca\", em pr\u00e9dio anexo \u00e0 Rodovi\u00e1ria de Franca (\u00a9Divulga\u00e7\u00e3o)"},{"@type":"BreadcrumbList","@id":"https:\/\/verdadeon.com.br\/portal\/2024\/03\/02\/emprega-franca-realiza-processo-seletivo-para-vagas-na-area-de-manutencao-mecanica\/#breadcrumb","itemListElement":[{"@type":"ListItem","position":1,"name":"In\u00edcio","item":"https:\/\/verdadeon.com.br\/portal\/"},{"@type":"ListItem","position":2,"name":"\u2018Emprega Franca\u2019 realiza processo seletivo para vagas na \u00e1rea de manuten\u00e7\u00e3o mec\u00e2nica"}]},{"@type":"WebSite","@id":"https:\/\/verdadeon.com.br\/portal\/#website","url":"https:\/\/verdadeon.com.br\/portal\/","name":"VerdadeOn","description":"Not\u00edcias di\u00e1rias sobre Franca, Regi\u00e3o, Esporte, Cultura, Cotidiano, Colunas. Cobertura nos principais eventos da cidade \u00e9 aqui - Verdadeon Franca","potentialAction":[{"@type":"SearchAction","target":{"@type":"EntryPoint","urlTemplate":"https:\/\/verdadeon.com.br\/portal\/?s={search_term_string}"},"query-input":{"@type":"PropertyValueSpecification","valueRequired":true,"valueName":"search_term_string"}}],"inLanguage":"pt-BR"},{"@type":"Person","@id":"https:\/\/verdadeon.com.br\/portal\/#\/schema\/person\/a5060ad1e9ea3df545188fc93ce43d2f","name":"Redacao VerdadeOn","image":{"@type":"ImageObject","inLanguage":"pt-BR","@id":"https:\/\/verdadeon.com.br\/portal\/#\/schema\/person\/image\/","url":"https:\/\/secure.gravatar.com\/avatar\/459a9613caaaf07f582c3d0841eea68bdd66f533e465e6ba8b9cb45619572cf4?s=96&d=mm&r=g","contentUrl":"https:\/\/secure.gravatar.com\/avatar\/459a9613caaaf07f582c3d0841eea68bdd66f533e465e6ba8b9cb45619572cf4?s=96&d=mm&r=g","caption":"Redacao VerdadeOn"},"url":"https:\/\/verdadeon.com.br\/portal\/author\/redacao\/"}]}},"jetpack_publicize_connections":[],"jetpack_featured_media_url":"https:\/\/i0.wp.com\/verdadeon.com.br\/portal\/wp-content\/uploads\/2023\/08\/IMG_1232.jpg?fit=2008%2C1345&ssl=1","jetpack_sharing_enabled":true,"_links":{"self":[{"href":"https:\/\/verdadeon.com.br\/portal\/wp-json\/wp\/v2\/posts\/42020","targetHints":{"allow":["GET"]}}],"collection":[{"href":"https:\/\/verdadeon.com.br\/portal\/wp-json\/wp\/v2\/posts"}],"about":[{"href":"https:\/\/verdadeon.com.br\/portal\/wp-json\/wp\/v2\/types\/post"}],"author":[{"embeddable":true,"href":"https:\/\/verdadeon.com.br\/portal\/wp-json\/wp\/v2\/users\/10"}],"replies":[{"embeddable":true,"href":"https:\/\/verdadeon.com.br\/portal\/wp-json\/wp\/v2\/comments?post=42020"}],"version-history":[{"count":1,"href":"https:\/\/verdadeon.com.br\/portal\/wp-json\/wp\/v2\/posts\/42020\/revisions"}],"predecessor-version":[{"id":42021,"href":"https:\/\/verdadeon.com.br\/portal\/wp-json\/wp\/v2\/posts\/42020\/revisions\/42021"}],"wp:featuredmedia":[{"embeddable":true,"href":"https:\/\/verdadeon.com.br\/portal\/wp-json\/wp\/v2\/media\/36792"}],"wp:attachment":[{"href":"https:\/\/verdadeon.com.br\/portal\/wp-json\/wp\/v2\/media?parent=42020"}],"wp:term":[{"taxonomy":"category","embeddable":true,"href":"https:\/\/verdadeon.com.br\/portal\/wp-json\/wp\/v2\/categories?post=42020"},{"taxonomy":"post_tag","embeddable":true,"href":"https:\/\/verdadeon.com.br\/portal\/wp-json\/wp\/v2\/tags?post=42020"}],"curies":[{"name":"wp","href":"https:\/\/api.w.org\/{rel}","templated":true}]}}