{"id":41994,"date":"2024-03-01T13:51:05","date_gmt":"2024-03-01T16:51:05","guid":{"rendered":"https:\/\/verdadeon.com.br\/portal\/?p=41994"},"modified":"2024-03-01T13:51:05","modified_gmt":"2024-03-01T16:51:05","slug":"agencia-acif-cria-conteudo-gratuito-de-mkt-para-impulsionar-comercio-em-datas-comemorativas","status":"publish","type":"post","link":"https:\/\/verdadeon.com.br\/portal\/2024\/03\/01\/agencia-acif-cria-conteudo-gratuito-de-mkt-para-impulsionar-comercio-em-datas-comemorativas\/","title":{"rendered":"Ag\u00eancia ACIF cria conte\u00fado gratuito de MKT para impulsionar com\u00e9rcio em datas comemorativas"},"content":{"rendered":"<h2>Box dispon\u00edvel para download conta com e-book de estrat\u00e9gias e pe\u00e7as prontas para comunica\u00e7\u00e3o online<\/h2>\n<p>A ACIF (Associa\u00e7\u00e3o do Com\u00e9rcio e Ind\u00fastria de Franca), por meio de sua Ag\u00eancia de Publicidade, acaba de lan\u00e7ar o \u201cBox de MKT\u201d: projeto que visa disponibilizar, gratuitamente e durante as principais datas do calend\u00e1rio comercial, materiais de publicidade voltados para o ambiente online. J\u00e1 dispon\u00edvel para download, os primeiros conte\u00fados t\u00eam como proposta o Dia do Consumidor, celebrado em 15 de mar\u00e7o. Os interessados ter\u00e3o acesso a um e-book orientativo, que traz estrat\u00e9gicas para trabalhar a data de forma efetiva nas redes, al\u00e9m de artes para feed, story, selo e \u00edcones.<\/p>\n<p>\u201cO Box Mkt Gratuito \u00e9 a nova iniciativa da Ag\u00eancia ACIF, que tem o objetivo de fortalecer o seu neg\u00f3cio atrav\u00e9s da comunica\u00e7\u00e3o\u201d, afirma a coordenadora de Marketing da ACIF, Tha\u00eds Ferrari. \u201cEm todas as principais campanhas e datas do ano, vamos disponibilizar materiais de comunica\u00e7\u00e3o para que sejam trabalhados pelas empresas. Come\u00e7amos pelo Dia do Consumidor, afinal, a data possui um potencial comercial muito grande. A comemora\u00e7\u00e3o acontece no dia 15 de mar\u00e7o e, apesar de ter se popularizado apenas em 2014, j\u00e1 possui uma enorme ades\u00e3o pelos comerciantes\u201d, acrescenta.<\/p>\n<p>Al\u00e9m do e-book e pe\u00e7as promocionais, a Ag\u00eancia ACIF tem preparado v\u00eddeos com dicas e informa\u00e7\u00f5es importantes para obter maior desempenho comercial nas redes. Temas como: como usar o Instagram; WhatsApp Business como estrat\u00e9gia de vendas; e a import\u00e2ncia da p\u00e1gina do Facebook, tamb\u00e9m ser\u00e3o trabalhados pelo projeto \u201cBox de MKT\u201d, de forma gratuita para todos. Associados ACIF ainda poder\u00e3o agendar um hor\u00e1rio com um especialista para tirar d\u00favidas e se informar, tamb\u00e9m sem custos.<\/p>\n<p><b>Como Acessar<\/b><\/p>\n<p>Para baixar o \u201cBox de MKT\u201d, basta\u00a0acessar o site\u00a0<a href=\"http:\/\/campanhasacif.com.br\/\" target=\"_blank\" rel=\"noopener\" data-saferedirecturl=\"https:\/\/www.google.com\/url?q=http:\/\/campanhasacif.com.br&amp;source=gmail&amp;ust=1709397935263000&amp;usg=AOvVaw3kPkUVmdWhQzcpjWJjUTXp\">campanhasacif.com.br<\/a>, preencher um formul\u00e1rio simples (nome e contatos) e fazer o download. Depois, basta aplicar o logo da empresa nos materiais baixados e divulgar as promo\u00e7\u00f5es da empresa nas redes. O telefone de contato da Ag\u00eancia ACIF para suporte e d\u00favidas \u00e9 (16) 9 9997-5756 (WhatsApp).<\/p>\n","protected":false},"excerpt":{"rendered":"<p>Box dispon\u00edvel para download conta com e-book de estrat\u00e9gias e pe\u00e7as prontas para comunica\u00e7\u00e3o online A ACIF (Associa\u00e7\u00e3o do Com\u00e9rcio e Ind\u00fastria de Franca), por meio<span class=\"excerpt-hellip\"> [\u2026]<\/span><\/p>\n","protected":false},"author":10,"featured_media":41995,"comment_status":"open","ping_status":"open","sticky":false,"template":"","format":"standard","meta":{"_jetpack_memberships_contains_paid_content":false,"footnotes":"","jetpack_publicize_message":"","jetpack_publicize_feature_enabled":true,"jetpack_social_post_already_shared":false,"jetpack_social_options":{"image_generator_settings":{"template":"highway","default_image_id":0,"enabled":false},"version":2}},"categories":[28,44],"tags":[],"class_list":["post-41994","post","type-post","status-publish","format-standard","has-post-thumbnail","hentry","category-cotidiano","category-noticias"],"yoast_head":"<!-- This site is optimized with the Yoast SEO plugin v25.6 - https:\/\/yoast.com\/wordpress\/plugins\/seo\/ -->\n<title>Ag\u00eancia ACIF cria conte\u00fado gratuito de MKT para impulsionar com\u00e9rcio em datas comemorativas - VerdadeOn<\/title>\n<meta name=\"robots\" content=\"index, follow, max-snippet:-1, max-image-preview:large, max-video-preview:-1\" \/>\n<link rel=\"canonical\" href=\"https:\/\/verdadeon.com.br\/portal\/2024\/03\/01\/agencia-acif-cria-conteudo-gratuito-de-mkt-para-impulsionar-comercio-em-datas-comemorativas\/\" \/>\n<meta property=\"og:locale\" content=\"pt_BR\" \/>\n<meta property=\"og:type\" content=\"article\" \/>\n<meta property=\"og:title\" content=\"Ag\u00eancia ACIF cria conte\u00fado gratuito de MKT para impulsionar com\u00e9rcio em datas comemorativas - VerdadeOn\" \/>\n<meta property=\"og:description\" content=\"Box dispon\u00edvel para download conta com e-book de estrat\u00e9gias e pe\u00e7as prontas para comunica\u00e7\u00e3o online A ACIF (Associa\u00e7\u00e3o do Com\u00e9rcio e Ind\u00fastria de Franca), por meio [\u2026]\" \/>\n<meta property=\"og:url\" content=\"https:\/\/verdadeon.com.br\/portal\/2024\/03\/01\/agencia-acif-cria-conteudo-gratuito-de-mkt-para-impulsionar-comercio-em-datas-comemorativas\/\" \/>\n<meta property=\"og:site_name\" content=\"VerdadeOn\" \/>\n<meta property=\"article:published_time\" content=\"2024-03-01T16:51:05+00:00\" \/>\n<meta property=\"og:image\" content=\"https:\/\/verdadeon.com.br\/portal\/wp-content\/uploads\/2024\/03\/BOX-MKT-ACIF.jpeg\" \/>\n\t<meta property=\"og:image:width\" content=\"1374\" \/>\n\t<meta property=\"og:image:height\" content=\"920\" \/>\n\t<meta property=\"og:image:type\" content=\"image\/jpeg\" \/>\n<meta name=\"author\" content=\"Redacao VerdadeOn\" \/>\n<meta name=\"twitter:card\" content=\"summary_large_image\" \/>\n<meta name=\"twitter:label1\" content=\"Escrito por\" \/>\n\t<meta name=\"twitter:data1\" content=\"Redacao VerdadeOn\" \/>\n\t<meta name=\"twitter:label2\" content=\"Est. tempo de leitura\" \/>\n\t<meta name=\"twitter:data2\" content=\"2 minutos\" \/>\n<script type=\"application\/ld+json\" class=\"yoast-schema-graph\">{\"@context\":\"https:\/\/schema.org\",\"@graph\":[{\"@type\":\"WebPage\",\"@id\":\"https:\/\/verdadeon.com.br\/portal\/2024\/03\/01\/agencia-acif-cria-conteudo-gratuito-de-mkt-para-impulsionar-comercio-em-datas-comemorativas\/\",\"url\":\"https:\/\/verdadeon.com.br\/portal\/2024\/03\/01\/agencia-acif-cria-conteudo-gratuito-de-mkt-para-impulsionar-comercio-em-datas-comemorativas\/\",\"name\":\"Ag\u00eancia ACIF cria conte\u00fado gratuito de MKT para impulsionar com\u00e9rcio em datas comemorativas - VerdadeOn\",\"isPartOf\":{\"@id\":\"https:\/\/verdadeon.com.br\/portal\/#website\"},\"primaryImageOfPage\":{\"@id\":\"https:\/\/verdadeon.com.br\/portal\/2024\/03\/01\/agencia-acif-cria-conteudo-gratuito-de-mkt-para-impulsionar-comercio-em-datas-comemorativas\/#primaryimage\"},\"image\":{\"@id\":\"https:\/\/verdadeon.com.br\/portal\/2024\/03\/01\/agencia-acif-cria-conteudo-gratuito-de-mkt-para-impulsionar-comercio-em-datas-comemorativas\/#primaryimage\"},\"thumbnailUrl\":\"https:\/\/i0.wp.com\/verdadeon.com.br\/portal\/wp-content\/uploads\/2024\/03\/BOX-MKT-ACIF.jpeg?fit=1374%2C920&ssl=1\",\"datePublished\":\"2024-03-01T16:51:05+00:00\",\"author\":{\"@id\":\"https:\/\/verdadeon.com.br\/portal\/#\/schema\/person\/a5060ad1e9ea3df545188fc93ce43d2f\"},\"breadcrumb\":{\"@id\":\"https:\/\/verdadeon.com.br\/portal\/2024\/03\/01\/agencia-acif-cria-conteudo-gratuito-de-mkt-para-impulsionar-comercio-em-datas-comemorativas\/#breadcrumb\"},\"inLanguage\":\"pt-BR\",\"potentialAction\":[{\"@type\":\"ReadAction\",\"target\":[\"https:\/\/verdadeon.com.br\/portal\/2024\/03\/01\/agencia-acif-cria-conteudo-gratuito-de-mkt-para-impulsionar-comercio-em-datas-comemorativas\/\"]}]},{\"@type\":\"ImageObject\",\"inLanguage\":\"pt-BR\",\"@id\":\"https:\/\/verdadeon.com.br\/portal\/2024\/03\/01\/agencia-acif-cria-conteudo-gratuito-de-mkt-para-impulsionar-comercio-em-datas-comemorativas\/#primaryimage\",\"url\":\"https:\/\/i0.wp.com\/verdadeon.com.br\/portal\/wp-content\/uploads\/2024\/03\/BOX-MKT-ACIF.jpeg?fit=1374%2C920&ssl=1\",\"contentUrl\":\"https:\/\/i0.wp.com\/verdadeon.com.br\/portal\/wp-content\/uploads\/2024\/03\/BOX-MKT-ACIF.jpeg?fit=1374%2C920&ssl=1\",\"width\":1374,\"height\":920,\"caption\":\"O Box de MKT \u00e9 gratuito e conta com artes para feeds e stories, al\u00e9m de um e-book com estrat\u00e9gias para as campanhas (\u00a9Divulga\u00e7\u00e3o)\"},{\"@type\":\"BreadcrumbList\",\"@id\":\"https:\/\/verdadeon.com.br\/portal\/2024\/03\/01\/agencia-acif-cria-conteudo-gratuito-de-mkt-para-impulsionar-comercio-em-datas-comemorativas\/#breadcrumb\",\"itemListElement\":[{\"@type\":\"ListItem\",\"position\":1,\"name\":\"In\u00edcio\",\"item\":\"https:\/\/verdadeon.com.br\/portal\/\"},{\"@type\":\"ListItem\",\"position\":2,\"name\":\"Ag\u00eancia ACIF cria conte\u00fado gratuito de MKT para impulsionar com\u00e9rcio em datas comemorativas\"}]},{\"@type\":\"WebSite\",\"@id\":\"https:\/\/verdadeon.com.br\/portal\/#website\",\"url\":\"https:\/\/verdadeon.com.br\/portal\/\",\"name\":\"VerdadeOn\",\"description\":\"Not\u00edcias di\u00e1rias sobre Franca, Regi\u00e3o, Esporte, Cultura, Cotidiano, Colunas. Cobertura nos principais eventos da cidade \u00e9 aqui - Verdadeon Franca\",\"potentialAction\":[{\"@type\":\"SearchAction\",\"target\":{\"@type\":\"EntryPoint\",\"urlTemplate\":\"https:\/\/verdadeon.com.br\/portal\/?s={search_term_string}\"},\"query-input\":{\"@type\":\"PropertyValueSpecification\",\"valueRequired\":true,\"valueName\":\"search_term_string\"}}],\"inLanguage\":\"pt-BR\"},{\"@type\":\"Person\",\"@id\":\"https:\/\/verdadeon.com.br\/portal\/#\/schema\/person\/a5060ad1e9ea3df545188fc93ce43d2f\",\"name\":\"Redacao VerdadeOn\",\"image\":{\"@type\":\"ImageObject\",\"inLanguage\":\"pt-BR\",\"@id\":\"https:\/\/verdadeon.com.br\/portal\/#\/schema\/person\/image\/\",\"url\":\"https:\/\/secure.gravatar.com\/avatar\/459a9613caaaf07f582c3d0841eea68bdd66f533e465e6ba8b9cb45619572cf4?s=96&d=mm&r=g\",\"contentUrl\":\"https:\/\/secure.gravatar.com\/avatar\/459a9613caaaf07f582c3d0841eea68bdd66f533e465e6ba8b9cb45619572cf4?s=96&d=mm&r=g\",\"caption\":\"Redacao VerdadeOn\"},\"url\":\"https:\/\/verdadeon.com.br\/portal\/author\/redacao\/\"}]}<\/script>\n<!-- \/ Yoast SEO plugin. -->","yoast_head_json":{"title":"Ag\u00eancia ACIF cria conte\u00fado gratuito de MKT para impulsionar com\u00e9rcio em datas comemorativas - VerdadeOn","robots":{"index":"index","follow":"follow","max-snippet":"max-snippet:-1","max-image-preview":"max-image-preview:large","max-video-preview":"max-video-preview:-1"},"canonical":"https:\/\/verdadeon.com.br\/portal\/2024\/03\/01\/agencia-acif-cria-conteudo-gratuito-de-mkt-para-impulsionar-comercio-em-datas-comemorativas\/","og_locale":"pt_BR","og_type":"article","og_title":"Ag\u00eancia ACIF cria conte\u00fado gratuito de MKT para impulsionar com\u00e9rcio em datas comemorativas - VerdadeOn","og_description":"Box dispon\u00edvel para download conta com e-book de estrat\u00e9gias e pe\u00e7as prontas para comunica\u00e7\u00e3o online A ACIF (Associa\u00e7\u00e3o do Com\u00e9rcio e Ind\u00fastria de Franca), por meio [\u2026]","og_url":"https:\/\/verdadeon.com.br\/portal\/2024\/03\/01\/agencia-acif-cria-conteudo-gratuito-de-mkt-para-impulsionar-comercio-em-datas-comemorativas\/","og_site_name":"VerdadeOn","article_published_time":"2024-03-01T16:51:05+00:00","og_image":[{"width":1374,"height":920,"url":"https:\/\/verdadeon.com.br\/portal\/wp-content\/uploads\/2024\/03\/BOX-MKT-ACIF.jpeg","type":"image\/jpeg"}],"author":"Redacao VerdadeOn","twitter_card":"summary_large_image","twitter_misc":{"Escrito por":"Redacao VerdadeOn","Est. tempo de leitura":"2 minutos"},"schema":{"@context":"https:\/\/schema.org","@graph":[{"@type":"WebPage","@id":"https:\/\/verdadeon.com.br\/portal\/2024\/03\/01\/agencia-acif-cria-conteudo-gratuito-de-mkt-para-impulsionar-comercio-em-datas-comemorativas\/","url":"https:\/\/verdadeon.com.br\/portal\/2024\/03\/01\/agencia-acif-cria-conteudo-gratuito-de-mkt-para-impulsionar-comercio-em-datas-comemorativas\/","name":"Ag\u00eancia ACIF cria conte\u00fado gratuito de MKT para impulsionar com\u00e9rcio em datas comemorativas - VerdadeOn","isPartOf":{"@id":"https:\/\/verdadeon.com.br\/portal\/#website"},"primaryImageOfPage":{"@id":"https:\/\/verdadeon.com.br\/portal\/2024\/03\/01\/agencia-acif-cria-conteudo-gratuito-de-mkt-para-impulsionar-comercio-em-datas-comemorativas\/#primaryimage"},"image":{"@id":"https:\/\/verdadeon.com.br\/portal\/2024\/03\/01\/agencia-acif-cria-conteudo-gratuito-de-mkt-para-impulsionar-comercio-em-datas-comemorativas\/#primaryimage"},"thumbnailUrl":"https:\/\/i0.wp.com\/verdadeon.com.br\/portal\/wp-content\/uploads\/2024\/03\/BOX-MKT-ACIF.jpeg?fit=1374%2C920&ssl=1","datePublished":"2024-03-01T16:51:05+00:00","author":{"@id":"https:\/\/verdadeon.com.br\/portal\/#\/schema\/person\/a5060ad1e9ea3df545188fc93ce43d2f"},"breadcrumb":{"@id":"https:\/\/verdadeon.com.br\/portal\/2024\/03\/01\/agencia-acif-cria-conteudo-gratuito-de-mkt-para-impulsionar-comercio-em-datas-comemorativas\/#breadcrumb"},"inLanguage":"pt-BR","potentialAction":[{"@type":"ReadAction","target":["https:\/\/verdadeon.com.br\/portal\/2024\/03\/01\/agencia-acif-cria-conteudo-gratuito-de-mkt-para-impulsionar-comercio-em-datas-comemorativas\/"]}]},{"@type":"ImageObject","inLanguage":"pt-BR","@id":"https:\/\/verdadeon.com.br\/portal\/2024\/03\/01\/agencia-acif-cria-conteudo-gratuito-de-mkt-para-impulsionar-comercio-em-datas-comemorativas\/#primaryimage","url":"https:\/\/i0.wp.com\/verdadeon.com.br\/portal\/wp-content\/uploads\/2024\/03\/BOX-MKT-ACIF.jpeg?fit=1374%2C920&ssl=1","contentUrl":"https:\/\/i0.wp.com\/verdadeon.com.br\/portal\/wp-content\/uploads\/2024\/03\/BOX-MKT-ACIF.jpeg?fit=1374%2C920&ssl=1","width":1374,"height":920,"caption":"O Box de MKT \u00e9 gratuito e conta com artes para feeds e stories, al\u00e9m de um e-book com estrat\u00e9gias para as campanhas (\u00a9Divulga\u00e7\u00e3o)"},{"@type":"BreadcrumbList","@id":"https:\/\/verdadeon.com.br\/portal\/2024\/03\/01\/agencia-acif-cria-conteudo-gratuito-de-mkt-para-impulsionar-comercio-em-datas-comemorativas\/#breadcrumb","itemListElement":[{"@type":"ListItem","position":1,"name":"In\u00edcio","item":"https:\/\/verdadeon.com.br\/portal\/"},{"@type":"ListItem","position":2,"name":"Ag\u00eancia ACIF cria conte\u00fado gratuito de MKT para impulsionar com\u00e9rcio em datas comemorativas"}]},{"@type":"WebSite","@id":"https:\/\/verdadeon.com.br\/portal\/#website","url":"https:\/\/verdadeon.com.br\/portal\/","name":"VerdadeOn","description":"Not\u00edcias di\u00e1rias sobre Franca, Regi\u00e3o, Esporte, Cultura, Cotidiano, Colunas. Cobertura nos principais eventos da cidade \u00e9 aqui - Verdadeon Franca","potentialAction":[{"@type":"SearchAction","target":{"@type":"EntryPoint","urlTemplate":"https:\/\/verdadeon.com.br\/portal\/?s={search_term_string}"},"query-input":{"@type":"PropertyValueSpecification","valueRequired":true,"valueName":"search_term_string"}}],"inLanguage":"pt-BR"},{"@type":"Person","@id":"https:\/\/verdadeon.com.br\/portal\/#\/schema\/person\/a5060ad1e9ea3df545188fc93ce43d2f","name":"Redacao VerdadeOn","image":{"@type":"ImageObject","inLanguage":"pt-BR","@id":"https:\/\/verdadeon.com.br\/portal\/#\/schema\/person\/image\/","url":"https:\/\/secure.gravatar.com\/avatar\/459a9613caaaf07f582c3d0841eea68bdd66f533e465e6ba8b9cb45619572cf4?s=96&d=mm&r=g","contentUrl":"https:\/\/secure.gravatar.com\/avatar\/459a9613caaaf07f582c3d0841eea68bdd66f533e465e6ba8b9cb45619572cf4?s=96&d=mm&r=g","caption":"Redacao VerdadeOn"},"url":"https:\/\/verdadeon.com.br\/portal\/author\/redacao\/"}]}},"jetpack_publicize_connections":[],"jetpack_featured_media_url":"https:\/\/i0.wp.com\/verdadeon.com.br\/portal\/wp-content\/uploads\/2024\/03\/BOX-MKT-ACIF.jpeg?fit=1374%2C920&ssl=1","jetpack_sharing_enabled":true,"_links":{"self":[{"href":"https:\/\/verdadeon.com.br\/portal\/wp-json\/wp\/v2\/posts\/41994","targetHints":{"allow":["GET"]}}],"collection":[{"href":"https:\/\/verdadeon.com.br\/portal\/wp-json\/wp\/v2\/posts"}],"about":[{"href":"https:\/\/verdadeon.com.br\/portal\/wp-json\/wp\/v2\/types\/post"}],"author":[{"embeddable":true,"href":"https:\/\/verdadeon.com.br\/portal\/wp-json\/wp\/v2\/users\/10"}],"replies":[{"embeddable":true,"href":"https:\/\/verdadeon.com.br\/portal\/wp-json\/wp\/v2\/comments?post=41994"}],"version-history":[{"count":1,"href":"https:\/\/verdadeon.com.br\/portal\/wp-json\/wp\/v2\/posts\/41994\/revisions"}],"predecessor-version":[{"id":41996,"href":"https:\/\/verdadeon.com.br\/portal\/wp-json\/wp\/v2\/posts\/41994\/revisions\/41996"}],"wp:featuredmedia":[{"embeddable":true,"href":"https:\/\/verdadeon.com.br\/portal\/wp-json\/wp\/v2\/media\/41995"}],"wp:attachment":[{"href":"https:\/\/verdadeon.com.br\/portal\/wp-json\/wp\/v2\/media?parent=41994"}],"wp:term":[{"taxonomy":"category","embeddable":true,"href":"https:\/\/verdadeon.com.br\/portal\/wp-json\/wp\/v2\/categories?post=41994"},{"taxonomy":"post_tag","embeddable":true,"href":"https:\/\/verdadeon.com.br\/portal\/wp-json\/wp\/v2\/tags?post=41994"}],"curies":[{"name":"wp","href":"https:\/\/api.w.org\/{rel}","templated":true}]}}