{"id":41975,"date":"2024-02-29T15:47:27","date_gmt":"2024-02-29T18:47:27","guid":{"rendered":"https:\/\/verdadeon.com.br\/portal\/?p=41975"},"modified":"2024-02-29T15:47:27","modified_gmt":"2024-02-29T18:47:27","slug":"barista-ensinara-em-workshop-gratuito-aprimorar-receita-de-cafe-na-4a-alta-cafe","status":"publish","type":"post","link":"https:\/\/verdadeon.com.br\/portal\/2024\/02\/29\/barista-ensinara-em-workshop-gratuito-aprimorar-receita-de-cafe-na-4a-alta-cafe\/","title":{"rendered":"Barista ensinar\u00e1, em workshop gratuito, aprimorar receita de caf\u00e9 na 4\u00aa Alta Caf\u00e9"},"content":{"rendered":"<h2>Feira ter\u00e1 espa\u00e7o exclusivo para a cadeia produtiva do caf\u00e9 com an\u00e1lise de bebida, cafeteria, torrefa\u00e7\u00e3o e marcas de caf\u00e9s especiais<\/h2>\n<p>Segunda bebida mais consumida do pa\u00eds, atr\u00e1s apenas da \u00e1gua, o caf\u00e9 est\u00e1 presente em quase 100% dos lares brasileiros. A paix\u00e3o \u00e9 tamanha, que o Brasil \u00e9 o vice-l\u00edder entre os maiores mercados consumidores do mundo. Para abordar ainda mais esse universo, a 4\u00aa Alta Caf\u00e9 \u2013 que acontece de 12 a 14 de mar\u00e7o, no Clube de Campo da Franca, em Restinga \u2013 ter\u00e1 pela primeira vez, um espa\u00e7o exclusivo para promover e incentivar a cadeia produtiva de caf\u00e9.<\/p>\n<p>O Espa\u00e7o Caf\u00e9 funcionar\u00e1 durante os tr\u00eas dias de evento e contar\u00e1 com uma programa\u00e7\u00e3o de experi\u00eancias gratuitas para os visitantes, al\u00e9m de reunir iniciantes, coffee lovers, baristas, produtores e outros profissionais do setor cafeeiro. O local ter\u00e1 ainda uma cafeteria e estandes com marcas de caf\u00e9s especiais de diferentes regi\u00f5es produtoras.<\/p>\n<p>\u201cO Espa\u00e7o Caf\u00e9 ser\u00e1 uma das novidades da Alta Caf\u00e9 2024, que ocorrer\u00e1 pela primeira vez em espa\u00e7o paralelo \u00e0 exposi\u00e7\u00e3o de m\u00e1quinas e insumos agr\u00edcolas. O intuito \u00e9 o de celebrar e dar a oportunidade para que os amantes da bebida conhe\u00e7am e aprendam ainda mais sobre esse universo\u201d, diz o empres\u00e1rio J\u00falio Ferreira, s\u00f3cio fundador da Doca Complexo Cafeeiro. A Doca e a Carmomaq s\u00e3o apoiadoras da iniciativa.<\/p>\n<p>Um dos destaques do recinto ser\u00e1 o recebimento de amostras de caf\u00e9 para an\u00e1lise sensorial sem custo para o produtor. Ela ocorrer\u00e1 nos dias 12 e 13, at\u00e9 \u00e0s 11 horas e as vagas s\u00e3o limitadas.<\/p>\n<p>\u201cO produtor poder\u00e1 levar uma amostra de caf\u00e9 especial para fazer a an\u00e1lise sensorial do seu caf\u00e9 sem custo, feita por especialistas, para determinar a qualidade dos lotes produzidos. Essa etapa \u00e9 de extrema import\u00e2ncia para definir a qualidade do lote, ajudando assim na hora da venda\u201d destaca o presidente da feira, Jos\u00e9 Henrique Mendon\u00e7a.<\/p>\n<p>Haver\u00e1 ainda rodadas de cupping feita pelo especialista Carlos Henrique para identificar a qualidade da bebida, torrefa\u00e7\u00e3o e um workshop em que o p\u00fablico aprender\u00e1 m\u00e9todos populares de preparo de caf\u00e9 em casa com o uso de Prensa Francesa, Mellita e Cafeteira Moka Italiana. O workshop ser\u00e1 ministrado pela Doca Caf\u00e9s, sobre o comando de J\u00falio Ferreira e Guilherme Dias em dois hor\u00e1rios (10h e 15h), no dia 14 e sem a necessidade de inscri\u00e7\u00e3o pr\u00e9via.<\/p>\n<p>\u201cNesse workshop o p\u00fablico ir\u00e1 aprender as boas pr\u00e1ticas do dia a dia e algumas vari\u00e1veis para melhorar suas receitas no preparo de caf\u00e9s atrav\u00e9s dos m\u00e9todos mais populares\u201d, revela Ferreira.<\/p>\n<p>Al\u00e9m do Espa\u00e7o Caf\u00e9, a feira contar\u00e1 com a exposi\u00e7\u00e3o de m\u00e1quinas e implementos agr\u00edcolas voltados para a cafeicultura e outros dois workshops, um voltado para ESG e o outro destinado \u00e0 \u201cMulheres no Agro\u201d.<\/p>\n","protected":false},"excerpt":{"rendered":"<p>Feira ter\u00e1 espa\u00e7o exclusivo para a cadeia produtiva do caf\u00e9 com an\u00e1lise de bebida, cafeteria, torrefa\u00e7\u00e3o e marcas de caf\u00e9s especiais Segunda bebida mais consumida do<span class=\"excerpt-hellip\"> [\u2026]<\/span><\/p>\n","protected":false},"author":10,"featured_media":41976,"comment_status":"open","ping_status":"open","sticky":false,"template":"","format":"standard","meta":{"_jetpack_memberships_contains_paid_content":false,"footnotes":"","jetpack_publicize_message":"","jetpack_publicize_feature_enabled":true,"jetpack_social_post_already_shared":false,"jetpack_social_options":{"image_generator_settings":{"template":"highway","default_image_id":0,"enabled":false},"version":2}},"categories":[28,44],"tags":[],"class_list":["post-41975","post","type-post","status-publish","format-standard","has-post-thumbnail","hentry","category-cotidiano","category-noticias"],"yoast_head":"<!-- This site is optimized with the Yoast SEO plugin v25.6 - https:\/\/yoast.com\/wordpress\/plugins\/seo\/ -->\n<title>Barista ensinar\u00e1, em workshop gratuito, aprimorar receita de caf\u00e9 na 4\u00aa Alta Caf\u00e9 - VerdadeOn<\/title>\n<meta name=\"robots\" content=\"index, follow, max-snippet:-1, max-image-preview:large, max-video-preview:-1\" \/>\n<link rel=\"canonical\" href=\"https:\/\/verdadeon.com.br\/portal\/2024\/02\/29\/barista-ensinara-em-workshop-gratuito-aprimorar-receita-de-cafe-na-4a-alta-cafe\/\" \/>\n<meta property=\"og:locale\" content=\"pt_BR\" \/>\n<meta property=\"og:type\" content=\"article\" \/>\n<meta property=\"og:title\" content=\"Barista ensinar\u00e1, em workshop gratuito, aprimorar receita de caf\u00e9 na 4\u00aa Alta Caf\u00e9 - VerdadeOn\" \/>\n<meta property=\"og:description\" content=\"Feira ter\u00e1 espa\u00e7o exclusivo para a cadeia produtiva do caf\u00e9 com an\u00e1lise de bebida, cafeteria, torrefa\u00e7\u00e3o e marcas de caf\u00e9s especiais Segunda bebida mais consumida do [\u2026]\" \/>\n<meta property=\"og:url\" content=\"https:\/\/verdadeon.com.br\/portal\/2024\/02\/29\/barista-ensinara-em-workshop-gratuito-aprimorar-receita-de-cafe-na-4a-alta-cafe\/\" \/>\n<meta property=\"og:site_name\" content=\"VerdadeOn\" \/>\n<meta property=\"article:published_time\" content=\"2024-02-29T18:47:27+00:00\" \/>\n<meta property=\"og:image\" content=\"https:\/\/verdadeon.com.br\/portal\/wp-content\/uploads\/2024\/02\/WhatsApp-Image-2024-02-29-at-15.27.25-1.jpeg\" \/>\n\t<meta property=\"og:image:width\" content=\"1274\" \/>\n\t<meta property=\"og:image:height\" content=\"853\" \/>\n\t<meta property=\"og:image:type\" content=\"image\/jpeg\" \/>\n<meta name=\"author\" content=\"Redacao VerdadeOn\" \/>\n<meta name=\"twitter:card\" content=\"summary_large_image\" \/>\n<meta name=\"twitter:label1\" content=\"Escrito por\" \/>\n\t<meta name=\"twitter:data1\" content=\"Redacao VerdadeOn\" \/>\n\t<meta name=\"twitter:label2\" content=\"Est. tempo de leitura\" \/>\n\t<meta name=\"twitter:data2\" content=\"3 minutos\" \/>\n<script type=\"application\/ld+json\" class=\"yoast-schema-graph\">{\"@context\":\"https:\/\/schema.org\",\"@graph\":[{\"@type\":\"WebPage\",\"@id\":\"https:\/\/verdadeon.com.br\/portal\/2024\/02\/29\/barista-ensinara-em-workshop-gratuito-aprimorar-receita-de-cafe-na-4a-alta-cafe\/\",\"url\":\"https:\/\/verdadeon.com.br\/portal\/2024\/02\/29\/barista-ensinara-em-workshop-gratuito-aprimorar-receita-de-cafe-na-4a-alta-cafe\/\",\"name\":\"Barista ensinar\u00e1, em workshop gratuito, aprimorar receita de caf\u00e9 na 4\u00aa Alta Caf\u00e9 - VerdadeOn\",\"isPartOf\":{\"@id\":\"https:\/\/verdadeon.com.br\/portal\/#website\"},\"primaryImageOfPage\":{\"@id\":\"https:\/\/verdadeon.com.br\/portal\/2024\/02\/29\/barista-ensinara-em-workshop-gratuito-aprimorar-receita-de-cafe-na-4a-alta-cafe\/#primaryimage\"},\"image\":{\"@id\":\"https:\/\/verdadeon.com.br\/portal\/2024\/02\/29\/barista-ensinara-em-workshop-gratuito-aprimorar-receita-de-cafe-na-4a-alta-cafe\/#primaryimage\"},\"thumbnailUrl\":\"https:\/\/i0.wp.com\/verdadeon.com.br\/portal\/wp-content\/uploads\/2024\/02\/WhatsApp-Image-2024-02-29-at-15.27.25-1.jpeg?fit=1274%2C853&ssl=1\",\"datePublished\":\"2024-02-29T18:47:27+00:00\",\"author\":{\"@id\":\"https:\/\/verdadeon.com.br\/portal\/#\/schema\/person\/a5060ad1e9ea3df545188fc93ce43d2f\"},\"breadcrumb\":{\"@id\":\"https:\/\/verdadeon.com.br\/portal\/2024\/02\/29\/barista-ensinara-em-workshop-gratuito-aprimorar-receita-de-cafe-na-4a-alta-cafe\/#breadcrumb\"},\"inLanguage\":\"pt-BR\",\"potentialAction\":[{\"@type\":\"ReadAction\",\"target\":[\"https:\/\/verdadeon.com.br\/portal\/2024\/02\/29\/barista-ensinara-em-workshop-gratuito-aprimorar-receita-de-cafe-na-4a-alta-cafe\/\"]}]},{\"@type\":\"ImageObject\",\"inLanguage\":\"pt-BR\",\"@id\":\"https:\/\/verdadeon.com.br\/portal\/2024\/02\/29\/barista-ensinara-em-workshop-gratuito-aprimorar-receita-de-cafe-na-4a-alta-cafe\/#primaryimage\",\"url\":\"https:\/\/i0.wp.com\/verdadeon.com.br\/portal\/wp-content\/uploads\/2024\/02\/WhatsApp-Image-2024-02-29-at-15.27.25-1.jpeg?fit=1274%2C853&ssl=1\",\"contentUrl\":\"https:\/\/i0.wp.com\/verdadeon.com.br\/portal\/wp-content\/uploads\/2024\/02\/WhatsApp-Image-2024-02-29-at-15.27.25-1.jpeg?fit=1274%2C853&ssl=1\",\"width\":1274,\"height\":853,\"caption\":\"Um dos destaques do recinto ser\u00e1 o recebimento de amostras de caf\u00e9 para an\u00e1lise sensorial sem custo para o produtor (\u00a9Divulga\u00e7\u00e3o)\"},{\"@type\":\"BreadcrumbList\",\"@id\":\"https:\/\/verdadeon.com.br\/portal\/2024\/02\/29\/barista-ensinara-em-workshop-gratuito-aprimorar-receita-de-cafe-na-4a-alta-cafe\/#breadcrumb\",\"itemListElement\":[{\"@type\":\"ListItem\",\"position\":1,\"name\":\"In\u00edcio\",\"item\":\"https:\/\/verdadeon.com.br\/portal\/\"},{\"@type\":\"ListItem\",\"position\":2,\"name\":\"Barista ensinar\u00e1, em workshop gratuito, aprimorar receita de caf\u00e9 na 4\u00aa Alta Caf\u00e9\"}]},{\"@type\":\"WebSite\",\"@id\":\"https:\/\/verdadeon.com.br\/portal\/#website\",\"url\":\"https:\/\/verdadeon.com.br\/portal\/\",\"name\":\"VerdadeOn\",\"description\":\"Not\u00edcias di\u00e1rias sobre Franca, Regi\u00e3o, Esporte, Cultura, Cotidiano, Colunas. Cobertura nos principais eventos da cidade \u00e9 aqui - Verdadeon Franca\",\"potentialAction\":[{\"@type\":\"SearchAction\",\"target\":{\"@type\":\"EntryPoint\",\"urlTemplate\":\"https:\/\/verdadeon.com.br\/portal\/?s={search_term_string}\"},\"query-input\":{\"@type\":\"PropertyValueSpecification\",\"valueRequired\":true,\"valueName\":\"search_term_string\"}}],\"inLanguage\":\"pt-BR\"},{\"@type\":\"Person\",\"@id\":\"https:\/\/verdadeon.com.br\/portal\/#\/schema\/person\/a5060ad1e9ea3df545188fc93ce43d2f\",\"name\":\"Redacao VerdadeOn\",\"image\":{\"@type\":\"ImageObject\",\"inLanguage\":\"pt-BR\",\"@id\":\"https:\/\/verdadeon.com.br\/portal\/#\/schema\/person\/image\/\",\"url\":\"https:\/\/secure.gravatar.com\/avatar\/459a9613caaaf07f582c3d0841eea68bdd66f533e465e6ba8b9cb45619572cf4?s=96&d=mm&r=g\",\"contentUrl\":\"https:\/\/secure.gravatar.com\/avatar\/459a9613caaaf07f582c3d0841eea68bdd66f533e465e6ba8b9cb45619572cf4?s=96&d=mm&r=g\",\"caption\":\"Redacao VerdadeOn\"},\"url\":\"https:\/\/verdadeon.com.br\/portal\/author\/redacao\/\"}]}<\/script>\n<!-- \/ Yoast SEO plugin. -->","yoast_head_json":{"title":"Barista ensinar\u00e1, em workshop gratuito, aprimorar receita de caf\u00e9 na 4\u00aa Alta Caf\u00e9 - VerdadeOn","robots":{"index":"index","follow":"follow","max-snippet":"max-snippet:-1","max-image-preview":"max-image-preview:large","max-video-preview":"max-video-preview:-1"},"canonical":"https:\/\/verdadeon.com.br\/portal\/2024\/02\/29\/barista-ensinara-em-workshop-gratuito-aprimorar-receita-de-cafe-na-4a-alta-cafe\/","og_locale":"pt_BR","og_type":"article","og_title":"Barista ensinar\u00e1, em workshop gratuito, aprimorar receita de caf\u00e9 na 4\u00aa Alta Caf\u00e9 - VerdadeOn","og_description":"Feira ter\u00e1 espa\u00e7o exclusivo para a cadeia produtiva do caf\u00e9 com an\u00e1lise de bebida, cafeteria, torrefa\u00e7\u00e3o e marcas de caf\u00e9s especiais Segunda bebida mais consumida do [\u2026]","og_url":"https:\/\/verdadeon.com.br\/portal\/2024\/02\/29\/barista-ensinara-em-workshop-gratuito-aprimorar-receita-de-cafe-na-4a-alta-cafe\/","og_site_name":"VerdadeOn","article_published_time":"2024-02-29T18:47:27+00:00","og_image":[{"width":1274,"height":853,"url":"https:\/\/verdadeon.com.br\/portal\/wp-content\/uploads\/2024\/02\/WhatsApp-Image-2024-02-29-at-15.27.25-1.jpeg","type":"image\/jpeg"}],"author":"Redacao VerdadeOn","twitter_card":"summary_large_image","twitter_misc":{"Escrito por":"Redacao VerdadeOn","Est. tempo de leitura":"3 minutos"},"schema":{"@context":"https:\/\/schema.org","@graph":[{"@type":"WebPage","@id":"https:\/\/verdadeon.com.br\/portal\/2024\/02\/29\/barista-ensinara-em-workshop-gratuito-aprimorar-receita-de-cafe-na-4a-alta-cafe\/","url":"https:\/\/verdadeon.com.br\/portal\/2024\/02\/29\/barista-ensinara-em-workshop-gratuito-aprimorar-receita-de-cafe-na-4a-alta-cafe\/","name":"Barista ensinar\u00e1, em workshop gratuito, aprimorar receita de caf\u00e9 na 4\u00aa Alta Caf\u00e9 - VerdadeOn","isPartOf":{"@id":"https:\/\/verdadeon.com.br\/portal\/#website"},"primaryImageOfPage":{"@id":"https:\/\/verdadeon.com.br\/portal\/2024\/02\/29\/barista-ensinara-em-workshop-gratuito-aprimorar-receita-de-cafe-na-4a-alta-cafe\/#primaryimage"},"image":{"@id":"https:\/\/verdadeon.com.br\/portal\/2024\/02\/29\/barista-ensinara-em-workshop-gratuito-aprimorar-receita-de-cafe-na-4a-alta-cafe\/#primaryimage"},"thumbnailUrl":"https:\/\/i0.wp.com\/verdadeon.com.br\/portal\/wp-content\/uploads\/2024\/02\/WhatsApp-Image-2024-02-29-at-15.27.25-1.jpeg?fit=1274%2C853&ssl=1","datePublished":"2024-02-29T18:47:27+00:00","author":{"@id":"https:\/\/verdadeon.com.br\/portal\/#\/schema\/person\/a5060ad1e9ea3df545188fc93ce43d2f"},"breadcrumb":{"@id":"https:\/\/verdadeon.com.br\/portal\/2024\/02\/29\/barista-ensinara-em-workshop-gratuito-aprimorar-receita-de-cafe-na-4a-alta-cafe\/#breadcrumb"},"inLanguage":"pt-BR","potentialAction":[{"@type":"ReadAction","target":["https:\/\/verdadeon.com.br\/portal\/2024\/02\/29\/barista-ensinara-em-workshop-gratuito-aprimorar-receita-de-cafe-na-4a-alta-cafe\/"]}]},{"@type":"ImageObject","inLanguage":"pt-BR","@id":"https:\/\/verdadeon.com.br\/portal\/2024\/02\/29\/barista-ensinara-em-workshop-gratuito-aprimorar-receita-de-cafe-na-4a-alta-cafe\/#primaryimage","url":"https:\/\/i0.wp.com\/verdadeon.com.br\/portal\/wp-content\/uploads\/2024\/02\/WhatsApp-Image-2024-02-29-at-15.27.25-1.jpeg?fit=1274%2C853&ssl=1","contentUrl":"https:\/\/i0.wp.com\/verdadeon.com.br\/portal\/wp-content\/uploads\/2024\/02\/WhatsApp-Image-2024-02-29-at-15.27.25-1.jpeg?fit=1274%2C853&ssl=1","width":1274,"height":853,"caption":"Um dos destaques do recinto ser\u00e1 o recebimento de amostras de caf\u00e9 para an\u00e1lise sensorial sem custo para o produtor (\u00a9Divulga\u00e7\u00e3o)"},{"@type":"BreadcrumbList","@id":"https:\/\/verdadeon.com.br\/portal\/2024\/02\/29\/barista-ensinara-em-workshop-gratuito-aprimorar-receita-de-cafe-na-4a-alta-cafe\/#breadcrumb","itemListElement":[{"@type":"ListItem","position":1,"name":"In\u00edcio","item":"https:\/\/verdadeon.com.br\/portal\/"},{"@type":"ListItem","position":2,"name":"Barista ensinar\u00e1, em workshop gratuito, aprimorar receita de caf\u00e9 na 4\u00aa Alta Caf\u00e9"}]},{"@type":"WebSite","@id":"https:\/\/verdadeon.com.br\/portal\/#website","url":"https:\/\/verdadeon.com.br\/portal\/","name":"VerdadeOn","description":"Not\u00edcias di\u00e1rias sobre Franca, Regi\u00e3o, Esporte, Cultura, Cotidiano, Colunas. Cobertura nos principais eventos da cidade \u00e9 aqui - Verdadeon Franca","potentialAction":[{"@type":"SearchAction","target":{"@type":"EntryPoint","urlTemplate":"https:\/\/verdadeon.com.br\/portal\/?s={search_term_string}"},"query-input":{"@type":"PropertyValueSpecification","valueRequired":true,"valueName":"search_term_string"}}],"inLanguage":"pt-BR"},{"@type":"Person","@id":"https:\/\/verdadeon.com.br\/portal\/#\/schema\/person\/a5060ad1e9ea3df545188fc93ce43d2f","name":"Redacao VerdadeOn","image":{"@type":"ImageObject","inLanguage":"pt-BR","@id":"https:\/\/verdadeon.com.br\/portal\/#\/schema\/person\/image\/","url":"https:\/\/secure.gravatar.com\/avatar\/459a9613caaaf07f582c3d0841eea68bdd66f533e465e6ba8b9cb45619572cf4?s=96&d=mm&r=g","contentUrl":"https:\/\/secure.gravatar.com\/avatar\/459a9613caaaf07f582c3d0841eea68bdd66f533e465e6ba8b9cb45619572cf4?s=96&d=mm&r=g","caption":"Redacao VerdadeOn"},"url":"https:\/\/verdadeon.com.br\/portal\/author\/redacao\/"}]}},"jetpack_publicize_connections":[],"jetpack_featured_media_url":"https:\/\/i0.wp.com\/verdadeon.com.br\/portal\/wp-content\/uploads\/2024\/02\/WhatsApp-Image-2024-02-29-at-15.27.25-1.jpeg?fit=1274%2C853&ssl=1","jetpack_sharing_enabled":true,"_links":{"self":[{"href":"https:\/\/verdadeon.com.br\/portal\/wp-json\/wp\/v2\/posts\/41975","targetHints":{"allow":["GET"]}}],"collection":[{"href":"https:\/\/verdadeon.com.br\/portal\/wp-json\/wp\/v2\/posts"}],"about":[{"href":"https:\/\/verdadeon.com.br\/portal\/wp-json\/wp\/v2\/types\/post"}],"author":[{"embeddable":true,"href":"https:\/\/verdadeon.com.br\/portal\/wp-json\/wp\/v2\/users\/10"}],"replies":[{"embeddable":true,"href":"https:\/\/verdadeon.com.br\/portal\/wp-json\/wp\/v2\/comments?post=41975"}],"version-history":[{"count":1,"href":"https:\/\/verdadeon.com.br\/portal\/wp-json\/wp\/v2\/posts\/41975\/revisions"}],"predecessor-version":[{"id":41977,"href":"https:\/\/verdadeon.com.br\/portal\/wp-json\/wp\/v2\/posts\/41975\/revisions\/41977"}],"wp:featuredmedia":[{"embeddable":true,"href":"https:\/\/verdadeon.com.br\/portal\/wp-json\/wp\/v2\/media\/41976"}],"wp:attachment":[{"href":"https:\/\/verdadeon.com.br\/portal\/wp-json\/wp\/v2\/media?parent=41975"}],"wp:term":[{"taxonomy":"category","embeddable":true,"href":"https:\/\/verdadeon.com.br\/portal\/wp-json\/wp\/v2\/categories?post=41975"},{"taxonomy":"post_tag","embeddable":true,"href":"https:\/\/verdadeon.com.br\/portal\/wp-json\/wp\/v2\/tags?post=41975"}],"curies":[{"name":"wp","href":"https:\/\/api.w.org\/{rel}","templated":true}]}}