{"id":41971,"date":"2024-02-29T15:40:25","date_gmt":"2024-02-29T18:40:25","guid":{"rendered":"https:\/\/verdadeon.com.br\/portal\/?p=41971"},"modified":"2024-02-29T15:40:25","modified_gmt":"2024-02-29T18:40:25","slug":"exposicao-avesso-do-avesso-utiliza-bordado-para-refletir-sobre-questoes-de-genero-e-do-trabalho","status":"publish","type":"post","link":"https:\/\/verdadeon.com.br\/portal\/2024\/02\/29\/exposicao-avesso-do-avesso-utiliza-bordado-para-refletir-sobre-questoes-de-genero-e-do-trabalho\/","title":{"rendered":"Exposi\u00e7\u00e3o \u201cAvesso do avesso\u201d utiliza bordado para refletir sobre quest\u00f5es de g\u00eanero e do trabalho"},"content":{"rendered":"<h2>Mostra do artista visual santista, Julian Campos, inicia itiner\u00e2ncia por Franca, a partir de 1\u00ba de mar\u00e7o e depois ser\u00e1 exposta em Ribeir\u00e3o Preto e Praia Grande, com abertura nos meses de maio e julho, respectivamente<\/h2>\n<p>O LAB &#8211; Laborat\u00f3rio das Artes, em Franca\/SP, recebe a partir de 1\u00ba de mar\u00e7o a exposi\u00e7\u00e3o <em>&#8220;Avesso do avesso&#8221;<\/em>, produ\u00e7\u00e3o individual do artista santista Julian Campos. A mostra foi contemplada pelo edital ProAC 13\/2023 &#8211; Artes Visuais &#8211; Circula\u00e7\u00e3o de Exposi\u00e7\u00e3o, do Governo do Estado de S\u00e3o Paulo, por meio da Secretaria da Cultura, Economia e Ind\u00fastria Criativas. A primeira cidade a receber a itiner\u00e2ncia no Estado de S\u00e3o Paulo \u00e9 Franca (at\u00e9 3 de abril). Na sequ\u00eancia, a mostra segue para Ribeir\u00e3o Preto (24 de maio a 6 de julho) e Praia Grande, em julho.<\/p>\n<p><em>&#8220;Avesso do avesso&#8221;<\/em>, s\u00e9rie iniciada em 2018, re\u00fane 60 bordados de Julian Campos criados a partir de toalhas e artigos encontrados em brech\u00f3s e bazares de caridade de S\u00e3o Vicente\/SP, onde o artista reside e trabalha.<\/p>\n<p>Ao criar novos bordados nessas pe\u00e7as, representando as suas pr\u00f3prias m\u00e3os e os gestos comuns do ato de bordar, o artista investiga o seu lugar como artista homem que pesquisa, produz e faz uso de uma t\u00e9cnica historicamente colocada como um fazer dom\u00e9stico da mulher \u2013 o bordado.<\/p>\n<p>A primeira edi\u00e7\u00e3o desta exposi\u00e7\u00e3o aconteceu em 2022, na Galeria de Arte do Centro de Atividades do Sesc Palmas, em Palmas\/TO, seguida da exibi\u00e7\u00e3o no Museu de Arte Decorativa de Uberaba\/MG, no ano passado. Obras desta s\u00e9rie j\u00e1 foram selecionadas e expostas em diversos sal\u00f5es de artes do Brasil, com destaque para o 52\u00ba SAC &#8211; Sal\u00e3o de Arte Contempor\u00e2nea de Piracicaba, em 2023, onde um tr\u00edptico de bordados recebeu o Pr\u00eamio Prefeitura de Piracicaba e hoje faz parte do acervo p\u00fablico da cidade. Outros nove trabalhos da s\u00e9rie <em>&#8220;Avesso do avesso&#8221; <\/em>participaram do 28\u00ba Sal\u00e3o de Artes Pl\u00e1sticas de Praia Grande\/SP, onde tamb\u00e9m receberam Men\u00e7\u00e3o Honrosa do J\u00fari.<\/p>\n<p>Os trabalhos presentes na exposi\u00e7\u00e3o surgiram a partir de questionamentos do artista sobre a pr\u00e1tica tradicional do bordado e o lugar dos fazeres manuais dentro da Arte Contempor\u00e2nea, promovendo reflex\u00f5es sobre temas como trabalho e g\u00eanero. Segundo Julian Campos, \u201cestas pe\u00e7as antigas bordadas de uso dom\u00e9stico evocam uma mem\u00f3ria afetiva que permite criar di\u00e1logos sobre os assuntos que interessam na sua pesquisa\u201d, explica o artista visual.<\/p>\n<p>Na abertura da exposi\u00e7\u00e3o no LAB &#8211; Laborat\u00f3rio das Artes, no dia 1\u00ba de mar\u00e7o, o artista estar\u00e1 presente para um bate-papo com o p\u00fablico. Dentro da programa\u00e7\u00e3o, Julian Campos ministrar\u00e1 a oficina &#8220;<em>Introdu\u00e7\u00e3o ao Bordado Livre&#8221; <\/em>no dia 2 de mar\u00e7o, no LAB &#8211; Laborat\u00f3rio das Artes. As inscri\u00e7\u00f5es s\u00e3o gratuitas e podemfeitas atrav\u00e9s do formul\u00e1rio online no link bit.ly\/oficinabordadofranca.<\/p>\n<p><strong>Sobre o artista<\/strong><\/p>\n<p>Julian Campos \u00e9 artista visual, ilustrador e produtor cultural. Graduado em Comunica\u00e7\u00e3o Social pela Universidade Santa Cec\u00edlia de Santos, realiza trabalhos em diversas t\u00e9cnicas que prezam o fazer manual, como gravura, bordado, cer\u00e2mica e colagem, tendo o desenho como assunto e linguagem art\u00edstica sempre presente em sua produ\u00e7\u00e3o. \u00c9 artista colaborador do N\u00facleo de Livros de Artista, da Casa Contempor\u00e2nea, em S\u00e3o Paulo\/SP, onde coordena o Grupo de pesquisa e produ\u00e7\u00e3o em Bordado Livre e seus diversos suportes \u2013 <em>Entre Pontos<\/em>. Ministra cursos e oficinas em espa\u00e7os culturais como unidades do SESC, Pinacoteca do Estado de S\u00e3o Paulo e Oficinas Culturais do Estado de S\u00e3o Paulo.<\/p>\n<p>Tem participado de exposi\u00e7\u00f5es, mostras e sal\u00f5es de artes no Brasil e no exterior com sua produ\u00e7\u00e3o voltada \u00e0 linguagem gr\u00e1fica \u2013 gravura, desenho, bordado e livro de artista.<\/p>\n<p><strong>SERVI\u00c7O<\/strong><\/p>\n<p><strong>Exposi\u00e7\u00e3o \u201cAvesso do avesso\u201d, de Julian Campos<\/strong><\/p>\n<p>Data: 1\u00ba de mar\u00e7o a 3 de abril de 2024<\/p>\n<p>Local: LAB &#8211; Laborat\u00f3rio das Artes (Rua Cuba, 1099 \u2013 Jardim Consola\u00e7\u00e3o \u2013 Franca\/SP)<\/p>\n<p>Informa\u00e7\u00f5es: (16) 3722-5004<\/p>\n<p><strong>Programa\u00e7\u00e3o<\/strong><\/p>\n<p><strong>Abertura:<\/strong><\/p>\n<p>1\u00ba de mar\u00e7o \u00e0s 20h<\/p>\n<p><strong>Visita\u00e7\u00e3o aberta ao p\u00fablico:<\/strong><\/p>\n<p>De 1\u00ba de mar\u00e7o a 3 de abril de 2024<\/p>\n<p>Segunda a sexta, das 10 \u00e0s 12h e das 14h \u00e0s 17h<\/p>\n<p>Entrada gratuita e Classifica\u00e7\u00e3o Livre<\/p>\n<p>Agendamento para grupos: (16) 3722-5004<\/p>\n<p><strong>Oficina &#8220;Introdu\u00e7\u00e3o ao Bordado Livre&#8221;, com o artista Julian Campos<\/strong><\/p>\n<p>Data: 2\/03 (s\u00e1bado)<\/p>\n<p>Hor\u00e1rio: das 14h \u00e0s 17h<\/p>\n<p>P\u00fablico: Acima de 14 anos<\/p>\n<p>20 vagas (ordem de inscri\u00e7\u00e3o)<\/p>\n<p>Inscri\u00e7\u00f5es gratuitas atrav\u00e9s do formul\u00e1rio on-line no link:<br \/>\nbit.ly\/oficinabordadofranca.<\/p>\n","protected":false},"excerpt":{"rendered":"<p>Mostra do artista visual santista, Julian Campos, inicia itiner\u00e2ncia por Franca, a partir de 1\u00ba de mar\u00e7o e depois ser\u00e1 exposta em Ribeir\u00e3o Preto e Praia<span class=\"excerpt-hellip\"> [\u2026]<\/span><\/p>\n","protected":false},"author":10,"featured_media":41972,"comment_status":"open","ping_status":"open","sticky":false,"template":"","format":"standard","meta":{"_jetpack_memberships_contains_paid_content":false,"footnotes":"","jetpack_publicize_message":"","jetpack_publicize_feature_enabled":true,"jetpack_social_post_already_shared":false,"jetpack_social_options":{"image_generator_settings":{"template":"highway","default_image_id":0,"enabled":false},"version":2}},"categories":[28,44],"tags":[],"class_list":["post-41971","post","type-post","status-publish","format-standard","has-post-thumbnail","hentry","category-cotidiano","category-noticias"],"yoast_head":"<!-- This site is optimized with the Yoast SEO plugin v25.6 - https:\/\/yoast.com\/wordpress\/plugins\/seo\/ -->\n<title>Exposi\u00e7\u00e3o \u201cAvesso do avesso\u201d utiliza bordado para refletir sobre quest\u00f5es de g\u00eanero e do trabalho - VerdadeOn<\/title>\n<meta name=\"robots\" content=\"index, follow, max-snippet:-1, max-image-preview:large, max-video-preview:-1\" \/>\n<link rel=\"canonical\" href=\"https:\/\/verdadeon.com.br\/portal\/2024\/02\/29\/exposicao-avesso-do-avesso-utiliza-bordado-para-refletir-sobre-questoes-de-genero-e-do-trabalho\/\" \/>\n<meta property=\"og:locale\" content=\"pt_BR\" \/>\n<meta property=\"og:type\" content=\"article\" \/>\n<meta property=\"og:title\" content=\"Exposi\u00e7\u00e3o \u201cAvesso do avesso\u201d utiliza bordado para refletir sobre quest\u00f5es de g\u00eanero e do trabalho - VerdadeOn\" \/>\n<meta property=\"og:description\" content=\"Mostra do artista visual santista, Julian Campos, inicia itiner\u00e2ncia por Franca, a partir de 1\u00ba de mar\u00e7o e depois ser\u00e1 exposta em Ribeir\u00e3o Preto e Praia [\u2026]\" \/>\n<meta property=\"og:url\" content=\"https:\/\/verdadeon.com.br\/portal\/2024\/02\/29\/exposicao-avesso-do-avesso-utiliza-bordado-para-refletir-sobre-questoes-de-genero-e-do-trabalho\/\" \/>\n<meta property=\"og:site_name\" content=\"VerdadeOn\" \/>\n<meta property=\"article:published_time\" content=\"2024-02-29T18:40:25+00:00\" \/>\n<meta property=\"og:image\" content=\"https:\/\/verdadeon.com.br\/portal\/wp-content\/uploads\/2024\/02\/Divulgacao-Julian-Campos-2021-scaled.jpg\" \/>\n\t<meta property=\"og:image:width\" content=\"2560\" \/>\n\t<meta property=\"og:image:height\" content=\"1715\" \/>\n\t<meta property=\"og:image:type\" content=\"image\/jpeg\" \/>\n<meta name=\"author\" content=\"Redacao VerdadeOn\" \/>\n<meta name=\"twitter:card\" content=\"summary_large_image\" \/>\n<meta name=\"twitter:label1\" content=\"Escrito por\" \/>\n\t<meta name=\"twitter:data1\" content=\"Redacao VerdadeOn\" \/>\n\t<meta name=\"twitter:label2\" content=\"Est. tempo de leitura\" \/>\n\t<meta name=\"twitter:data2\" content=\"4 minutos\" \/>\n<script type=\"application\/ld+json\" class=\"yoast-schema-graph\">{\"@context\":\"https:\/\/schema.org\",\"@graph\":[{\"@type\":\"WebPage\",\"@id\":\"https:\/\/verdadeon.com.br\/portal\/2024\/02\/29\/exposicao-avesso-do-avesso-utiliza-bordado-para-refletir-sobre-questoes-de-genero-e-do-trabalho\/\",\"url\":\"https:\/\/verdadeon.com.br\/portal\/2024\/02\/29\/exposicao-avesso-do-avesso-utiliza-bordado-para-refletir-sobre-questoes-de-genero-e-do-trabalho\/\",\"name\":\"Exposi\u00e7\u00e3o \u201cAvesso do avesso\u201d utiliza bordado para refletir sobre quest\u00f5es de g\u00eanero e do trabalho - VerdadeOn\",\"isPartOf\":{\"@id\":\"https:\/\/verdadeon.com.br\/portal\/#website\"},\"primaryImageOfPage\":{\"@id\":\"https:\/\/verdadeon.com.br\/portal\/2024\/02\/29\/exposicao-avesso-do-avesso-utiliza-bordado-para-refletir-sobre-questoes-de-genero-e-do-trabalho\/#primaryimage\"},\"image\":{\"@id\":\"https:\/\/verdadeon.com.br\/portal\/2024\/02\/29\/exposicao-avesso-do-avesso-utiliza-bordado-para-refletir-sobre-questoes-de-genero-e-do-trabalho\/#primaryimage\"},\"thumbnailUrl\":\"https:\/\/i0.wp.com\/verdadeon.com.br\/portal\/wp-content\/uploads\/2024\/02\/Divulgacao-Julian-Campos-2021-scaled.jpg?fit=2560%2C1715&ssl=1\",\"datePublished\":\"2024-02-29T18:40:25+00:00\",\"author\":{\"@id\":\"https:\/\/verdadeon.com.br\/portal\/#\/schema\/person\/a5060ad1e9ea3df545188fc93ce43d2f\"},\"breadcrumb\":{\"@id\":\"https:\/\/verdadeon.com.br\/portal\/2024\/02\/29\/exposicao-avesso-do-avesso-utiliza-bordado-para-refletir-sobre-questoes-de-genero-e-do-trabalho\/#breadcrumb\"},\"inLanguage\":\"pt-BR\",\"potentialAction\":[{\"@type\":\"ReadAction\",\"target\":[\"https:\/\/verdadeon.com.br\/portal\/2024\/02\/29\/exposicao-avesso-do-avesso-utiliza-bordado-para-refletir-sobre-questoes-de-genero-e-do-trabalho\/\"]}]},{\"@type\":\"ImageObject\",\"inLanguage\":\"pt-BR\",\"@id\":\"https:\/\/verdadeon.com.br\/portal\/2024\/02\/29\/exposicao-avesso-do-avesso-utiliza-bordado-para-refletir-sobre-questoes-de-genero-e-do-trabalho\/#primaryimage\",\"url\":\"https:\/\/i0.wp.com\/verdadeon.com.br\/portal\/wp-content\/uploads\/2024\/02\/Divulgacao-Julian-Campos-2021-scaled.jpg?fit=2560%2C1715&ssl=1\",\"contentUrl\":\"https:\/\/i0.wp.com\/verdadeon.com.br\/portal\/wp-content\/uploads\/2024\/02\/Divulgacao-Julian-Campos-2021-scaled.jpg?fit=2560%2C1715&ssl=1\",\"width\":2560,\"height\":1715,\"caption\":\"O artista de Santos, Julian Campos (\u00a9Divulga\u00e7\u00e3o)\"},{\"@type\":\"BreadcrumbList\",\"@id\":\"https:\/\/verdadeon.com.br\/portal\/2024\/02\/29\/exposicao-avesso-do-avesso-utiliza-bordado-para-refletir-sobre-questoes-de-genero-e-do-trabalho\/#breadcrumb\",\"itemListElement\":[{\"@type\":\"ListItem\",\"position\":1,\"name\":\"In\u00edcio\",\"item\":\"https:\/\/verdadeon.com.br\/portal\/\"},{\"@type\":\"ListItem\",\"position\":2,\"name\":\"Exposi\u00e7\u00e3o \u201cAvesso do avesso\u201d utiliza bordado para refletir sobre quest\u00f5es de g\u00eanero e do trabalho\"}]},{\"@type\":\"WebSite\",\"@id\":\"https:\/\/verdadeon.com.br\/portal\/#website\",\"url\":\"https:\/\/verdadeon.com.br\/portal\/\",\"name\":\"VerdadeOn\",\"description\":\"Not\u00edcias di\u00e1rias sobre Franca, Regi\u00e3o, Esporte, Cultura, Cotidiano, Colunas. Cobertura nos principais eventos da cidade \u00e9 aqui - Verdadeon Franca\",\"potentialAction\":[{\"@type\":\"SearchAction\",\"target\":{\"@type\":\"EntryPoint\",\"urlTemplate\":\"https:\/\/verdadeon.com.br\/portal\/?s={search_term_string}\"},\"query-input\":{\"@type\":\"PropertyValueSpecification\",\"valueRequired\":true,\"valueName\":\"search_term_string\"}}],\"inLanguage\":\"pt-BR\"},{\"@type\":\"Person\",\"@id\":\"https:\/\/verdadeon.com.br\/portal\/#\/schema\/person\/a5060ad1e9ea3df545188fc93ce43d2f\",\"name\":\"Redacao VerdadeOn\",\"image\":{\"@type\":\"ImageObject\",\"inLanguage\":\"pt-BR\",\"@id\":\"https:\/\/verdadeon.com.br\/portal\/#\/schema\/person\/image\/\",\"url\":\"https:\/\/secure.gravatar.com\/avatar\/459a9613caaaf07f582c3d0841eea68bdd66f533e465e6ba8b9cb45619572cf4?s=96&d=mm&r=g\",\"contentUrl\":\"https:\/\/secure.gravatar.com\/avatar\/459a9613caaaf07f582c3d0841eea68bdd66f533e465e6ba8b9cb45619572cf4?s=96&d=mm&r=g\",\"caption\":\"Redacao VerdadeOn\"},\"url\":\"https:\/\/verdadeon.com.br\/portal\/author\/redacao\/\"}]}<\/script>\n<!-- \/ Yoast SEO plugin. -->","yoast_head_json":{"title":"Exposi\u00e7\u00e3o \u201cAvesso do avesso\u201d utiliza bordado para refletir sobre quest\u00f5es de g\u00eanero e do trabalho - VerdadeOn","robots":{"index":"index","follow":"follow","max-snippet":"max-snippet:-1","max-image-preview":"max-image-preview:large","max-video-preview":"max-video-preview:-1"},"canonical":"https:\/\/verdadeon.com.br\/portal\/2024\/02\/29\/exposicao-avesso-do-avesso-utiliza-bordado-para-refletir-sobre-questoes-de-genero-e-do-trabalho\/","og_locale":"pt_BR","og_type":"article","og_title":"Exposi\u00e7\u00e3o \u201cAvesso do avesso\u201d utiliza bordado para refletir sobre quest\u00f5es de g\u00eanero e do trabalho - VerdadeOn","og_description":"Mostra do artista visual santista, Julian Campos, inicia itiner\u00e2ncia por Franca, a partir de 1\u00ba de mar\u00e7o e depois ser\u00e1 exposta em Ribeir\u00e3o Preto e Praia [\u2026]","og_url":"https:\/\/verdadeon.com.br\/portal\/2024\/02\/29\/exposicao-avesso-do-avesso-utiliza-bordado-para-refletir-sobre-questoes-de-genero-e-do-trabalho\/","og_site_name":"VerdadeOn","article_published_time":"2024-02-29T18:40:25+00:00","og_image":[{"width":2560,"height":1715,"url":"https:\/\/verdadeon.com.br\/portal\/wp-content\/uploads\/2024\/02\/Divulgacao-Julian-Campos-2021-scaled.jpg","type":"image\/jpeg"}],"author":"Redacao VerdadeOn","twitter_card":"summary_large_image","twitter_misc":{"Escrito por":"Redacao VerdadeOn","Est. tempo de leitura":"4 minutos"},"schema":{"@context":"https:\/\/schema.org","@graph":[{"@type":"WebPage","@id":"https:\/\/verdadeon.com.br\/portal\/2024\/02\/29\/exposicao-avesso-do-avesso-utiliza-bordado-para-refletir-sobre-questoes-de-genero-e-do-trabalho\/","url":"https:\/\/verdadeon.com.br\/portal\/2024\/02\/29\/exposicao-avesso-do-avesso-utiliza-bordado-para-refletir-sobre-questoes-de-genero-e-do-trabalho\/","name":"Exposi\u00e7\u00e3o \u201cAvesso do avesso\u201d utiliza bordado para refletir sobre quest\u00f5es de g\u00eanero e do trabalho - VerdadeOn","isPartOf":{"@id":"https:\/\/verdadeon.com.br\/portal\/#website"},"primaryImageOfPage":{"@id":"https:\/\/verdadeon.com.br\/portal\/2024\/02\/29\/exposicao-avesso-do-avesso-utiliza-bordado-para-refletir-sobre-questoes-de-genero-e-do-trabalho\/#primaryimage"},"image":{"@id":"https:\/\/verdadeon.com.br\/portal\/2024\/02\/29\/exposicao-avesso-do-avesso-utiliza-bordado-para-refletir-sobre-questoes-de-genero-e-do-trabalho\/#primaryimage"},"thumbnailUrl":"https:\/\/i0.wp.com\/verdadeon.com.br\/portal\/wp-content\/uploads\/2024\/02\/Divulgacao-Julian-Campos-2021-scaled.jpg?fit=2560%2C1715&ssl=1","datePublished":"2024-02-29T18:40:25+00:00","author":{"@id":"https:\/\/verdadeon.com.br\/portal\/#\/schema\/person\/a5060ad1e9ea3df545188fc93ce43d2f"},"breadcrumb":{"@id":"https:\/\/verdadeon.com.br\/portal\/2024\/02\/29\/exposicao-avesso-do-avesso-utiliza-bordado-para-refletir-sobre-questoes-de-genero-e-do-trabalho\/#breadcrumb"},"inLanguage":"pt-BR","potentialAction":[{"@type":"ReadAction","target":["https:\/\/verdadeon.com.br\/portal\/2024\/02\/29\/exposicao-avesso-do-avesso-utiliza-bordado-para-refletir-sobre-questoes-de-genero-e-do-trabalho\/"]}]},{"@type":"ImageObject","inLanguage":"pt-BR","@id":"https:\/\/verdadeon.com.br\/portal\/2024\/02\/29\/exposicao-avesso-do-avesso-utiliza-bordado-para-refletir-sobre-questoes-de-genero-e-do-trabalho\/#primaryimage","url":"https:\/\/i0.wp.com\/verdadeon.com.br\/portal\/wp-content\/uploads\/2024\/02\/Divulgacao-Julian-Campos-2021-scaled.jpg?fit=2560%2C1715&ssl=1","contentUrl":"https:\/\/i0.wp.com\/verdadeon.com.br\/portal\/wp-content\/uploads\/2024\/02\/Divulgacao-Julian-Campos-2021-scaled.jpg?fit=2560%2C1715&ssl=1","width":2560,"height":1715,"caption":"O artista de Santos, Julian Campos (\u00a9Divulga\u00e7\u00e3o)"},{"@type":"BreadcrumbList","@id":"https:\/\/verdadeon.com.br\/portal\/2024\/02\/29\/exposicao-avesso-do-avesso-utiliza-bordado-para-refletir-sobre-questoes-de-genero-e-do-trabalho\/#breadcrumb","itemListElement":[{"@type":"ListItem","position":1,"name":"In\u00edcio","item":"https:\/\/verdadeon.com.br\/portal\/"},{"@type":"ListItem","position":2,"name":"Exposi\u00e7\u00e3o \u201cAvesso do avesso\u201d utiliza bordado para refletir sobre quest\u00f5es de g\u00eanero e do trabalho"}]},{"@type":"WebSite","@id":"https:\/\/verdadeon.com.br\/portal\/#website","url":"https:\/\/verdadeon.com.br\/portal\/","name":"VerdadeOn","description":"Not\u00edcias di\u00e1rias sobre Franca, Regi\u00e3o, Esporte, Cultura, Cotidiano, Colunas. Cobertura nos principais eventos da cidade \u00e9 aqui - Verdadeon Franca","potentialAction":[{"@type":"SearchAction","target":{"@type":"EntryPoint","urlTemplate":"https:\/\/verdadeon.com.br\/portal\/?s={search_term_string}"},"query-input":{"@type":"PropertyValueSpecification","valueRequired":true,"valueName":"search_term_string"}}],"inLanguage":"pt-BR"},{"@type":"Person","@id":"https:\/\/verdadeon.com.br\/portal\/#\/schema\/person\/a5060ad1e9ea3df545188fc93ce43d2f","name":"Redacao VerdadeOn","image":{"@type":"ImageObject","inLanguage":"pt-BR","@id":"https:\/\/verdadeon.com.br\/portal\/#\/schema\/person\/image\/","url":"https:\/\/secure.gravatar.com\/avatar\/459a9613caaaf07f582c3d0841eea68bdd66f533e465e6ba8b9cb45619572cf4?s=96&d=mm&r=g","contentUrl":"https:\/\/secure.gravatar.com\/avatar\/459a9613caaaf07f582c3d0841eea68bdd66f533e465e6ba8b9cb45619572cf4?s=96&d=mm&r=g","caption":"Redacao VerdadeOn"},"url":"https:\/\/verdadeon.com.br\/portal\/author\/redacao\/"}]}},"jetpack_publicize_connections":[],"jetpack_featured_media_url":"https:\/\/i0.wp.com\/verdadeon.com.br\/portal\/wp-content\/uploads\/2024\/02\/Divulgacao-Julian-Campos-2021-scaled.jpg?fit=2560%2C1715&ssl=1","jetpack_sharing_enabled":true,"_links":{"self":[{"href":"https:\/\/verdadeon.com.br\/portal\/wp-json\/wp\/v2\/posts\/41971","targetHints":{"allow":["GET"]}}],"collection":[{"href":"https:\/\/verdadeon.com.br\/portal\/wp-json\/wp\/v2\/posts"}],"about":[{"href":"https:\/\/verdadeon.com.br\/portal\/wp-json\/wp\/v2\/types\/post"}],"author":[{"embeddable":true,"href":"https:\/\/verdadeon.com.br\/portal\/wp-json\/wp\/v2\/users\/10"}],"replies":[{"embeddable":true,"href":"https:\/\/verdadeon.com.br\/portal\/wp-json\/wp\/v2\/comments?post=41971"}],"version-history":[{"count":1,"href":"https:\/\/verdadeon.com.br\/portal\/wp-json\/wp\/v2\/posts\/41971\/revisions"}],"predecessor-version":[{"id":41973,"href":"https:\/\/verdadeon.com.br\/portal\/wp-json\/wp\/v2\/posts\/41971\/revisions\/41973"}],"wp:featuredmedia":[{"embeddable":true,"href":"https:\/\/verdadeon.com.br\/portal\/wp-json\/wp\/v2\/media\/41972"}],"wp:attachment":[{"href":"https:\/\/verdadeon.com.br\/portal\/wp-json\/wp\/v2\/media?parent=41971"}],"wp:term":[{"taxonomy":"category","embeddable":true,"href":"https:\/\/verdadeon.com.br\/portal\/wp-json\/wp\/v2\/categories?post=41971"},{"taxonomy":"post_tag","embeddable":true,"href":"https:\/\/verdadeon.com.br\/portal\/wp-json\/wp\/v2\/tags?post=41971"}],"curies":[{"name":"wp","href":"https:\/\/api.w.org\/{rel}","templated":true}]}}