{"id":41949,"date":"2024-02-28T10:00:14","date_gmt":"2024-02-28T13:00:14","guid":{"rendered":"https:\/\/verdadeon.com.br\/portal\/?p=41949"},"modified":"2024-02-28T16:48:04","modified_gmt":"2024-02-28T19:48:04","slug":"emprega-franca-tem-209-oportunidades-de-trabalho","status":"publish","type":"post","link":"https:\/\/verdadeon.com.br\/portal\/2024\/02\/28\/emprega-franca-tem-209-oportunidades-de-trabalho\/","title":{"rendered":"\u2018Emprega Franca\u2019 tem 209 oportunidades de trabalho"},"content":{"rendered":"<h2>S\u00e3o 13 oportunidades no Emprega e 196 no PAT<\/h2>\n<p>O \u2018Emprega Franca\u2019, programa da Secretaria de Desenvolvimento e o PAT (Posto de Atendimento ao Trabalhador) est\u00e3o com 209 vagas de trabalho, em variados segmentos de atua\u00e7\u00e3o.<\/p>\n<p>S\u00e3o 13 oportunidades no Emprega e 196 no PAT, com destaque para ajudante de obras, almoxarife, apontador de obras, auxiliar cont\u00e1bil, auxiliar de pessoal, carpinteiro, corretor de im\u00f3veis, dobrador gr\u00e1fico, eletricista, mestre de obras, impressor de m\u00e1quina off-set, pedreiro, operador de guilhotina, supervisor de vendas de servi\u00e7os, t\u00e9cnico de planejamento de obras e t\u00e9cnico em seguran\u00e7a do trabalho. Al\u00e9m destas vagas, o PAT est\u00e1 com 45 oportunidades para pessoas com defici\u00eancia em diversas \u00e1reas.<\/p>\n<p>Os interessados nas vagas do &#8216;Emprega&#8217; poder\u00e3o se cadastrar para enviar curr\u00edculos no site da Prefeitura, atrav\u00e9s do link <a href=\"http:\/\/www.franca.sp.gov.br\/pmf-vagas-emprego\/\" target=\"_blank\" rel=\"noopener\" data-saferedirecturl=\"https:\/\/www.google.com\/url?q=http:\/\/www.franca.sp.gov.br\/pmf-vagas-emprego\/&amp;source=gmail&amp;ust=1709216745602000&amp;usg=AOvVaw3D_qvNRLV36CbAFdHEDdJT\">www.franca.sp.gov.br\/pmf-<wbr \/>vagas-emprego\/<\/a>\u00a0. Nesta aba, as empresas que estiverem em busca de profissionais tamb\u00e9m podem protocolar as vagas dispon\u00edveis.<\/p>\n<p>Para incentivar a empregabilidade e preencher estas vagas e outras no segmento de manuten\u00e7\u00e3o mec\u00e2nica, ser\u00e3o realizados, nos dias 4 e 5 de mar\u00e7o, processos seletivos na sede do \u2018Emprega Franca\u2019, que fica em pr\u00e9dio anexo \u00e0 Rodovi\u00e1ria de Franca, na Rua Professor Laerte Barbosa Cintra, no Residencial Baldassari. \u00c9 necess\u00e1rio levar o curr\u00edculo impresso e documentos pessoais, podendo se candidatar para at\u00e9 tr\u00eas vagas pelo PAT e cinco pelo \u2018Emprega Franca\u2019.<\/p>\n<p>O funcionamento da sede do \u2018Emprega\u2019 \u00e9 de segunda a sexta-feira, das 8 \u00e0s 16 horas. Informa\u00e7\u00f5es poder\u00e3o ser obtidas pelo WhatsApp (16) 99601-0848.<\/p>\n","protected":false},"excerpt":{"rendered":"<p>S\u00e3o 13 oportunidades no Emprega e 196 no PAT O \u2018Emprega Franca\u2019, programa da Secretaria de Desenvolvimento e o PAT (Posto de Atendimento ao Trabalhador) est\u00e3o<span class=\"excerpt-hellip\"> [\u2026]<\/span><\/p>\n","protected":false},"author":10,"featured_media":37056,"comment_status":"open","ping_status":"open","sticky":false,"template":"","format":"standard","meta":{"_jetpack_memberships_contains_paid_content":false,"footnotes":"","jetpack_publicize_message":"","jetpack_publicize_feature_enabled":true,"jetpack_social_post_already_shared":false,"jetpack_social_options":{"image_generator_settings":{"template":"highway","default_image_id":0,"enabled":false},"version":2}},"categories":[28,44],"tags":[],"class_list":["post-41949","post","type-post","status-publish","format-standard","has-post-thumbnail","hentry","category-cotidiano","category-noticias"],"yoast_head":"<!-- This site is optimized with the Yoast SEO plugin v25.6 - https:\/\/yoast.com\/wordpress\/plugins\/seo\/ -->\n<title>\u2018Emprega Franca\u2019 tem 209 oportunidades de trabalho - VerdadeOn<\/title>\n<meta name=\"robots\" content=\"index, follow, max-snippet:-1, max-image-preview:large, max-video-preview:-1\" \/>\n<link rel=\"canonical\" href=\"https:\/\/verdadeon.com.br\/portal\/2024\/02\/28\/emprega-franca-tem-209-oportunidades-de-trabalho\/\" \/>\n<meta property=\"og:locale\" content=\"pt_BR\" \/>\n<meta property=\"og:type\" content=\"article\" \/>\n<meta property=\"og:title\" content=\"\u2018Emprega Franca\u2019 tem 209 oportunidades de trabalho - VerdadeOn\" \/>\n<meta property=\"og:description\" content=\"S\u00e3o 13 oportunidades no Emprega e 196 no PAT O \u2018Emprega Franca\u2019, programa da Secretaria de Desenvolvimento e o PAT (Posto de Atendimento ao Trabalhador) est\u00e3o [\u2026]\" \/>\n<meta property=\"og:url\" content=\"https:\/\/verdadeon.com.br\/portal\/2024\/02\/28\/emprega-franca-tem-209-oportunidades-de-trabalho\/\" \/>\n<meta property=\"og:site_name\" content=\"VerdadeOn\" \/>\n<meta property=\"article:published_time\" content=\"2024-02-28T13:00:14+00:00\" \/>\n<meta property=\"article:modified_time\" content=\"2024-02-28T19:48:04+00:00\" \/>\n<meta property=\"og:image\" content=\"https:\/\/verdadeon.com.br\/portal\/wp-content\/uploads\/2023\/08\/DSC_2558-scaled.jpg\" \/>\n\t<meta property=\"og:image:width\" content=\"2560\" \/>\n\t<meta property=\"og:image:height\" content=\"1715\" \/>\n\t<meta property=\"og:image:type\" content=\"image\/jpeg\" \/>\n<meta name=\"author\" content=\"Redacao VerdadeOn\" \/>\n<meta name=\"twitter:card\" content=\"summary_large_image\" \/>\n<meta name=\"twitter:label1\" content=\"Escrito por\" \/>\n\t<meta name=\"twitter:data1\" content=\"Redacao VerdadeOn\" \/>\n\t<meta name=\"twitter:label2\" content=\"Est. tempo de leitura\" \/>\n\t<meta name=\"twitter:data2\" content=\"2 minutos\" \/>\n<script type=\"application\/ld+json\" class=\"yoast-schema-graph\">{\"@context\":\"https:\/\/schema.org\",\"@graph\":[{\"@type\":\"WebPage\",\"@id\":\"https:\/\/verdadeon.com.br\/portal\/2024\/02\/28\/emprega-franca-tem-209-oportunidades-de-trabalho\/\",\"url\":\"https:\/\/verdadeon.com.br\/portal\/2024\/02\/28\/emprega-franca-tem-209-oportunidades-de-trabalho\/\",\"name\":\"\u2018Emprega Franca\u2019 tem 209 oportunidades de trabalho - VerdadeOn\",\"isPartOf\":{\"@id\":\"https:\/\/verdadeon.com.br\/portal\/#website\"},\"primaryImageOfPage\":{\"@id\":\"https:\/\/verdadeon.com.br\/portal\/2024\/02\/28\/emprega-franca-tem-209-oportunidades-de-trabalho\/#primaryimage\"},\"image\":{\"@id\":\"https:\/\/verdadeon.com.br\/portal\/2024\/02\/28\/emprega-franca-tem-209-oportunidades-de-trabalho\/#primaryimage\"},\"thumbnailUrl\":\"https:\/\/i0.wp.com\/verdadeon.com.br\/portal\/wp-content\/uploads\/2023\/08\/DSC_2558-scaled.jpg?fit=2560%2C1715&ssl=1\",\"datePublished\":\"2024-02-28T13:00:14+00:00\",\"dateModified\":\"2024-02-28T19:48:04+00:00\",\"author\":{\"@id\":\"https:\/\/verdadeon.com.br\/portal\/#\/schema\/person\/a5060ad1e9ea3df545188fc93ce43d2f\"},\"breadcrumb\":{\"@id\":\"https:\/\/verdadeon.com.br\/portal\/2024\/02\/28\/emprega-franca-tem-209-oportunidades-de-trabalho\/#breadcrumb\"},\"inLanguage\":\"pt-BR\",\"potentialAction\":[{\"@type\":\"ReadAction\",\"target\":[\"https:\/\/verdadeon.com.br\/portal\/2024\/02\/28\/emprega-franca-tem-209-oportunidades-de-trabalho\/\"]}]},{\"@type\":\"ImageObject\",\"inLanguage\":\"pt-BR\",\"@id\":\"https:\/\/verdadeon.com.br\/portal\/2024\/02\/28\/emprega-franca-tem-209-oportunidades-de-trabalho\/#primaryimage\",\"url\":\"https:\/\/i0.wp.com\/verdadeon.com.br\/portal\/wp-content\/uploads\/2023\/08\/DSC_2558-scaled.jpg?fit=2560%2C1715&ssl=1\",\"contentUrl\":\"https:\/\/i0.wp.com\/verdadeon.com.br\/portal\/wp-content\/uploads\/2023\/08\/DSC_2558-scaled.jpg?fit=2560%2C1715&ssl=1\",\"width\":2560,\"height\":1715,\"caption\":\"Evento acontece na sede, com vagas para diferentes \u00e1reas. Interessados devem comparecer com documenta\u00e7\u00e3o e curr\u00edculo atualizado (\u00a9Divulga\u00e7\u00e3o)\"},{\"@type\":\"BreadcrumbList\",\"@id\":\"https:\/\/verdadeon.com.br\/portal\/2024\/02\/28\/emprega-franca-tem-209-oportunidades-de-trabalho\/#breadcrumb\",\"itemListElement\":[{\"@type\":\"ListItem\",\"position\":1,\"name\":\"In\u00edcio\",\"item\":\"https:\/\/verdadeon.com.br\/portal\/\"},{\"@type\":\"ListItem\",\"position\":2,\"name\":\"\u2018Emprega Franca\u2019 tem 209 oportunidades de trabalho\"}]},{\"@type\":\"WebSite\",\"@id\":\"https:\/\/verdadeon.com.br\/portal\/#website\",\"url\":\"https:\/\/verdadeon.com.br\/portal\/\",\"name\":\"VerdadeOn\",\"description\":\"Not\u00edcias di\u00e1rias sobre Franca, Regi\u00e3o, Esporte, Cultura, Cotidiano, Colunas. Cobertura nos principais eventos da cidade \u00e9 aqui - Verdadeon Franca\",\"potentialAction\":[{\"@type\":\"SearchAction\",\"target\":{\"@type\":\"EntryPoint\",\"urlTemplate\":\"https:\/\/verdadeon.com.br\/portal\/?s={search_term_string}\"},\"query-input\":{\"@type\":\"PropertyValueSpecification\",\"valueRequired\":true,\"valueName\":\"search_term_string\"}}],\"inLanguage\":\"pt-BR\"},{\"@type\":\"Person\",\"@id\":\"https:\/\/verdadeon.com.br\/portal\/#\/schema\/person\/a5060ad1e9ea3df545188fc93ce43d2f\",\"name\":\"Redacao VerdadeOn\",\"image\":{\"@type\":\"ImageObject\",\"inLanguage\":\"pt-BR\",\"@id\":\"https:\/\/verdadeon.com.br\/portal\/#\/schema\/person\/image\/\",\"url\":\"https:\/\/secure.gravatar.com\/avatar\/459a9613caaaf07f582c3d0841eea68bdd66f533e465e6ba8b9cb45619572cf4?s=96&d=mm&r=g\",\"contentUrl\":\"https:\/\/secure.gravatar.com\/avatar\/459a9613caaaf07f582c3d0841eea68bdd66f533e465e6ba8b9cb45619572cf4?s=96&d=mm&r=g\",\"caption\":\"Redacao VerdadeOn\"},\"url\":\"https:\/\/verdadeon.com.br\/portal\/author\/redacao\/\"}]}<\/script>\n<!-- \/ Yoast SEO plugin. -->","yoast_head_json":{"title":"\u2018Emprega Franca\u2019 tem 209 oportunidades de trabalho - VerdadeOn","robots":{"index":"index","follow":"follow","max-snippet":"max-snippet:-1","max-image-preview":"max-image-preview:large","max-video-preview":"max-video-preview:-1"},"canonical":"https:\/\/verdadeon.com.br\/portal\/2024\/02\/28\/emprega-franca-tem-209-oportunidades-de-trabalho\/","og_locale":"pt_BR","og_type":"article","og_title":"\u2018Emprega Franca\u2019 tem 209 oportunidades de trabalho - VerdadeOn","og_description":"S\u00e3o 13 oportunidades no Emprega e 196 no PAT O \u2018Emprega Franca\u2019, programa da Secretaria de Desenvolvimento e o PAT (Posto de Atendimento ao Trabalhador) est\u00e3o [\u2026]","og_url":"https:\/\/verdadeon.com.br\/portal\/2024\/02\/28\/emprega-franca-tem-209-oportunidades-de-trabalho\/","og_site_name":"VerdadeOn","article_published_time":"2024-02-28T13:00:14+00:00","article_modified_time":"2024-02-28T19:48:04+00:00","og_image":[{"width":2560,"height":1715,"url":"https:\/\/verdadeon.com.br\/portal\/wp-content\/uploads\/2023\/08\/DSC_2558-scaled.jpg","type":"image\/jpeg"}],"author":"Redacao VerdadeOn","twitter_card":"summary_large_image","twitter_misc":{"Escrito por":"Redacao VerdadeOn","Est. tempo de leitura":"2 minutos"},"schema":{"@context":"https:\/\/schema.org","@graph":[{"@type":"WebPage","@id":"https:\/\/verdadeon.com.br\/portal\/2024\/02\/28\/emprega-franca-tem-209-oportunidades-de-trabalho\/","url":"https:\/\/verdadeon.com.br\/portal\/2024\/02\/28\/emprega-franca-tem-209-oportunidades-de-trabalho\/","name":"\u2018Emprega Franca\u2019 tem 209 oportunidades de trabalho - VerdadeOn","isPartOf":{"@id":"https:\/\/verdadeon.com.br\/portal\/#website"},"primaryImageOfPage":{"@id":"https:\/\/verdadeon.com.br\/portal\/2024\/02\/28\/emprega-franca-tem-209-oportunidades-de-trabalho\/#primaryimage"},"image":{"@id":"https:\/\/verdadeon.com.br\/portal\/2024\/02\/28\/emprega-franca-tem-209-oportunidades-de-trabalho\/#primaryimage"},"thumbnailUrl":"https:\/\/i0.wp.com\/verdadeon.com.br\/portal\/wp-content\/uploads\/2023\/08\/DSC_2558-scaled.jpg?fit=2560%2C1715&ssl=1","datePublished":"2024-02-28T13:00:14+00:00","dateModified":"2024-02-28T19:48:04+00:00","author":{"@id":"https:\/\/verdadeon.com.br\/portal\/#\/schema\/person\/a5060ad1e9ea3df545188fc93ce43d2f"},"breadcrumb":{"@id":"https:\/\/verdadeon.com.br\/portal\/2024\/02\/28\/emprega-franca-tem-209-oportunidades-de-trabalho\/#breadcrumb"},"inLanguage":"pt-BR","potentialAction":[{"@type":"ReadAction","target":["https:\/\/verdadeon.com.br\/portal\/2024\/02\/28\/emprega-franca-tem-209-oportunidades-de-trabalho\/"]}]},{"@type":"ImageObject","inLanguage":"pt-BR","@id":"https:\/\/verdadeon.com.br\/portal\/2024\/02\/28\/emprega-franca-tem-209-oportunidades-de-trabalho\/#primaryimage","url":"https:\/\/i0.wp.com\/verdadeon.com.br\/portal\/wp-content\/uploads\/2023\/08\/DSC_2558-scaled.jpg?fit=2560%2C1715&ssl=1","contentUrl":"https:\/\/i0.wp.com\/verdadeon.com.br\/portal\/wp-content\/uploads\/2023\/08\/DSC_2558-scaled.jpg?fit=2560%2C1715&ssl=1","width":2560,"height":1715,"caption":"Evento acontece na sede, com vagas para diferentes \u00e1reas. Interessados devem comparecer com documenta\u00e7\u00e3o e curr\u00edculo atualizado (\u00a9Divulga\u00e7\u00e3o)"},{"@type":"BreadcrumbList","@id":"https:\/\/verdadeon.com.br\/portal\/2024\/02\/28\/emprega-franca-tem-209-oportunidades-de-trabalho\/#breadcrumb","itemListElement":[{"@type":"ListItem","position":1,"name":"In\u00edcio","item":"https:\/\/verdadeon.com.br\/portal\/"},{"@type":"ListItem","position":2,"name":"\u2018Emprega Franca\u2019 tem 209 oportunidades de trabalho"}]},{"@type":"WebSite","@id":"https:\/\/verdadeon.com.br\/portal\/#website","url":"https:\/\/verdadeon.com.br\/portal\/","name":"VerdadeOn","description":"Not\u00edcias di\u00e1rias sobre Franca, Regi\u00e3o, Esporte, Cultura, Cotidiano, Colunas. Cobertura nos principais eventos da cidade \u00e9 aqui - Verdadeon Franca","potentialAction":[{"@type":"SearchAction","target":{"@type":"EntryPoint","urlTemplate":"https:\/\/verdadeon.com.br\/portal\/?s={search_term_string}"},"query-input":{"@type":"PropertyValueSpecification","valueRequired":true,"valueName":"search_term_string"}}],"inLanguage":"pt-BR"},{"@type":"Person","@id":"https:\/\/verdadeon.com.br\/portal\/#\/schema\/person\/a5060ad1e9ea3df545188fc93ce43d2f","name":"Redacao VerdadeOn","image":{"@type":"ImageObject","inLanguage":"pt-BR","@id":"https:\/\/verdadeon.com.br\/portal\/#\/schema\/person\/image\/","url":"https:\/\/secure.gravatar.com\/avatar\/459a9613caaaf07f582c3d0841eea68bdd66f533e465e6ba8b9cb45619572cf4?s=96&d=mm&r=g","contentUrl":"https:\/\/secure.gravatar.com\/avatar\/459a9613caaaf07f582c3d0841eea68bdd66f533e465e6ba8b9cb45619572cf4?s=96&d=mm&r=g","caption":"Redacao VerdadeOn"},"url":"https:\/\/verdadeon.com.br\/portal\/author\/redacao\/"}]}},"jetpack_publicize_connections":[],"jetpack_featured_media_url":"https:\/\/i0.wp.com\/verdadeon.com.br\/portal\/wp-content\/uploads\/2023\/08\/DSC_2558-scaled.jpg?fit=2560%2C1715&ssl=1","jetpack_sharing_enabled":true,"_links":{"self":[{"href":"https:\/\/verdadeon.com.br\/portal\/wp-json\/wp\/v2\/posts\/41949","targetHints":{"allow":["GET"]}}],"collection":[{"href":"https:\/\/verdadeon.com.br\/portal\/wp-json\/wp\/v2\/posts"}],"about":[{"href":"https:\/\/verdadeon.com.br\/portal\/wp-json\/wp\/v2\/types\/post"}],"author":[{"embeddable":true,"href":"https:\/\/verdadeon.com.br\/portal\/wp-json\/wp\/v2\/users\/10"}],"replies":[{"embeddable":true,"href":"https:\/\/verdadeon.com.br\/portal\/wp-json\/wp\/v2\/comments?post=41949"}],"version-history":[{"count":1,"href":"https:\/\/verdadeon.com.br\/portal\/wp-json\/wp\/v2\/posts\/41949\/revisions"}],"predecessor-version":[{"id":41950,"href":"https:\/\/verdadeon.com.br\/portal\/wp-json\/wp\/v2\/posts\/41949\/revisions\/41950"}],"wp:featuredmedia":[{"embeddable":true,"href":"https:\/\/verdadeon.com.br\/portal\/wp-json\/wp\/v2\/media\/37056"}],"wp:attachment":[{"href":"https:\/\/verdadeon.com.br\/portal\/wp-json\/wp\/v2\/media?parent=41949"}],"wp:term":[{"taxonomy":"category","embeddable":true,"href":"https:\/\/verdadeon.com.br\/portal\/wp-json\/wp\/v2\/categories?post=41949"},{"taxonomy":"post_tag","embeddable":true,"href":"https:\/\/verdadeon.com.br\/portal\/wp-json\/wp\/v2\/tags?post=41949"}],"curies":[{"name":"wp","href":"https:\/\/api.w.org\/{rel}","templated":true}]}}