{"id":41947,"date":"2024-02-28T10:00:59","date_gmt":"2024-02-28T13:00:59","guid":{"rendered":"https:\/\/verdadeon.com.br\/portal\/?p=41947"},"modified":"2024-02-28T16:45:50","modified_gmt":"2024-02-28T19:45:50","slug":"prazo-para-quitar-iptu-com-desconto-de-10-vence-na-quinta-feira","status":"publish","type":"post","link":"https:\/\/verdadeon.com.br\/portal\/2024\/02\/28\/prazo-para-quitar-iptu-com-desconto-de-10-vence-na-quinta-feira\/","title":{"rendered":"Prazo para quitar IPTU com desconto de 10% vence na quinta-feira"},"content":{"rendered":"<h2>Para quem n\u00e3o recebeu o boleto, continua dispon\u00edvel a impress\u00e3o da segunda via, pelo site da Prefeitura, visando \u00e0 quita\u00e7\u00e3o com desconto de 10%<\/h2>\n<p>Os contribuintes do IPTU (Imposto Predial Territorial e Urbano), que ainda n\u00e3o fizeram o pagamento do tributo neste ano, t\u00eam at\u00e9 esta quinta-feira, 29, para faz\u00ea-lo com um desconto de 10%. As quita\u00e7\u00f5es podem ser feitas na rede banc\u00e1ria e nas lot\u00e9ricas. O prazo foi estendido ap\u00f3s aprova\u00e7\u00e3o de lei na C\u00e2mara Municipal.<\/p>\n<p>Quem fez o pagamento da segunda parcela em cota \u00fanica (com 5% de desconto) antes do an\u00fancio da prorroga\u00e7\u00e3o poder\u00e1 reaver a diferen\u00e7a. Para tanto, deve entrar com o pedido de restitui\u00e7\u00e3o do valor pela Central On-line (<a href=\"https:\/\/www.franca.sp.gov.br\/centralonline\/login\" target=\"_blank\" rel=\"noopener\" data-saferedirecturl=\"https:\/\/www.google.com\/url?q=https:\/\/www.franca.sp.gov.br\/centralonline\/login&amp;source=gmail&amp;ust=1709216745601000&amp;usg=AOvVaw1-DAeQfKqW78n7b-f3Fz2i\">https:\/\/www.franca.sp.gov.br\/<wbr \/>centralonline\/login<\/a>) ou presencialmente, na Central de Atendimento, que funciona de segunda a sexta-feira, das 8h30 \u00e0s 16h, no pr\u00e9dio da Prefeitura.<\/p>\n<p><b>Boletos on-line<\/b><\/p>\n<p>Para quem n\u00e3o recebeu o boleto, continua dispon\u00edvel a impress\u00e3o da segunda via, pelo site da Prefeitura, visando \u00e0 quita\u00e7\u00e3o com desconto de 10%. A partir de segunda-feira, 4, ser\u00e3o disponibilizadas para impress\u00e3o as guias e op\u00e7\u00f5es em cota \u00fanica, sem desconto, com vencimento para o dia 15 de mar\u00e7o, ou o in\u00edcio do parcelamento, com a mesma data para pagamento.<\/p>\n<p>Para imprimir o boleto, basta acessar o link: <a href=\"https:\/\/www.franca.sp.gov.br\/pmf-iptu\/ReqBoletoIPTU.jsp\" target=\"_blank\" rel=\"noopener\" data-saferedirecturl=\"https:\/\/www.google.com\/url?q=https:\/\/www.franca.sp.gov.br\/pmf-iptu\/ReqBoletoIPTU.jsp&amp;source=gmail&amp;ust=1709216745601000&amp;usg=AOvVaw1UrDB9hbw-eW5iUZ2iGbCZ\">https:\/\/www.franca.sp.gov.br\/<wbr \/>pmf-iptu\/ReqBoletoIPTU.jsp<\/a>, inserir o n\u00famero do controle de cadastro ou cadastro do im\u00f3vel e clicar em Ok, que podem ser consultados em boletos do IPTU de anos anteriores.<\/p>\n<p>Para mais informa\u00e7\u00f5es, o contribuinte poder\u00e1 encaminhar mensagem para o WhatsApp (16) 3711-9575 ou por e-mail para <a href=\"mailto:iptu@franca.sp.gov.br\" target=\"_blank\" rel=\"noopener\">iptu@franca.sp.gov.br<\/a>\u00a0.<\/p>\n<p><b>Pr\u00eamio &#8216;IPTU em Dia&#8217;<\/b><\/p>\n<p>O contribuinte que fizer o pagamento \u00e0 vista do IPTU at\u00e9 o m\u00eas de mar\u00e7o, n\u00e3o havendo nenhum d\u00e9bito com a Prefeitura, concorrer\u00e1 ao pr\u00eamio do Projeto &#8216;IPTU Em Dia&#8217;, neste ano com o valor total de R$ 159,7 mil.<\/p>\n<p>O primeiro sorteio ocorrer\u00e1 no final de mar\u00e7o pela Loteria Federal, oferecendo um pr\u00eamio de R$ 79,7 mil (sem o desconto do IR). O segundo sorteio, de pr\u00eamio com igual valor, est\u00e1 previsto para dezembro, para as pessoas que optarem pelo parcelamento.<\/p>\n<p><b>D\u00edvidas em atraso<\/b><\/p>\n<p>Os contribuintes com d\u00e9bitos de IPTU de anos anteriores, poder\u00e3o imprimir o valor atualizado e quit\u00e1-lo at\u00e9 o final deste m\u00eas, inserindo os dados do im\u00f3vel no site da Prefeitura no link <a href=\"https:\/\/www.franca.sp.gov.br\/pmf-divida-ativa\" target=\"_blank\" rel=\"noopener\" data-saferedirecturl=\"https:\/\/www.google.com\/url?q=https:\/\/www.franca.sp.gov.br\/pmf-divida-ativa&amp;source=gmail&amp;ust=1709216745601000&amp;usg=AOvVaw1CtrjIa3q2ZoYUWVmu1PC-\">https:\/\/www.franca.sp.gov.br\/<wbr \/>pmf-divida-ativa<\/a>, ou solicitar o parcelamento, de maneira a facilitar o pagamento.<\/p>\n<p>Neste caso, o contribuinte poder\u00e1 encaminhar um e-mail para o endere\u00e7o <a href=\"mailto:divida@franca.sp.gov.br\" target=\"_blank\" rel=\"noopener\">divida@franca.sp.gov.br<\/a>, obter mais informa\u00e7\u00f5es pelo &#8216;ResolveZap&#8217; (16) 3711-9102 ou pelos telefones (16) 3711-9580 &#8211; 3711-9118 &#8211; 3711-9057 &#8211; 3711-9169.<\/p>\n","protected":false},"excerpt":{"rendered":"<p>Para quem n\u00e3o recebeu o boleto, continua dispon\u00edvel a impress\u00e3o da segunda via, pelo site da Prefeitura, visando \u00e0 quita\u00e7\u00e3o com desconto de 10% Os contribuintes<span class=\"excerpt-hellip\"> [\u2026]<\/span><\/p>\n","protected":false},"author":10,"featured_media":40419,"comment_status":"open","ping_status":"open","sticky":false,"template":"","format":"standard","meta":{"_jetpack_memberships_contains_paid_content":false,"footnotes":"","jetpack_publicize_message":"","jetpack_publicize_feature_enabled":true,"jetpack_social_post_already_shared":false,"jetpack_social_options":{"image_generator_settings":{"template":"highway","default_image_id":0,"enabled":false},"version":2}},"categories":[28,44],"tags":[],"class_list":["post-41947","post","type-post","status-publish","format-standard","has-post-thumbnail","hentry","category-cotidiano","category-noticias"],"yoast_head":"<!-- This site is optimized with the Yoast SEO plugin v25.6 - https:\/\/yoast.com\/wordpress\/plugins\/seo\/ -->\n<title>Prazo para quitar IPTU com desconto de 10% vence na quinta-feira - VerdadeOn<\/title>\n<meta name=\"robots\" content=\"index, follow, max-snippet:-1, max-image-preview:large, max-video-preview:-1\" \/>\n<link rel=\"canonical\" href=\"https:\/\/verdadeon.com.br\/portal\/2024\/02\/28\/prazo-para-quitar-iptu-com-desconto-de-10-vence-na-quinta-feira\/\" \/>\n<meta property=\"og:locale\" content=\"pt_BR\" \/>\n<meta property=\"og:type\" content=\"article\" \/>\n<meta property=\"og:title\" content=\"Prazo para quitar IPTU com desconto de 10% vence na quinta-feira - VerdadeOn\" \/>\n<meta property=\"og:description\" content=\"Para quem n\u00e3o recebeu o boleto, continua dispon\u00edvel a impress\u00e3o da segunda via, pelo site da Prefeitura, visando \u00e0 quita\u00e7\u00e3o com desconto de 10% Os contribuintes [\u2026]\" \/>\n<meta property=\"og:url\" content=\"https:\/\/verdadeon.com.br\/portal\/2024\/02\/28\/prazo-para-quitar-iptu-com-desconto-de-10-vence-na-quinta-feira\/\" \/>\n<meta property=\"og:site_name\" content=\"VerdadeOn\" \/>\n<meta property=\"article:published_time\" content=\"2024-02-28T13:00:59+00:00\" \/>\n<meta property=\"article:modified_time\" content=\"2024-02-28T19:45:50+00:00\" \/>\n<meta property=\"og:image\" content=\"https:\/\/verdadeon.com.br\/portal\/wp-content\/uploads\/2024\/01\/WhatsApp-Image-2024-01-04-at-16.10.20.jpeg\" \/>\n\t<meta property=\"og:image:width\" content=\"1600\" \/>\n\t<meta property=\"og:image:height\" content=\"1072\" \/>\n\t<meta property=\"og:image:type\" content=\"image\/jpeg\" \/>\n<meta name=\"author\" content=\"Redacao VerdadeOn\" \/>\n<meta name=\"twitter:card\" content=\"summary_large_image\" \/>\n<meta name=\"twitter:label1\" content=\"Escrito por\" \/>\n\t<meta name=\"twitter:data1\" content=\"Redacao VerdadeOn\" \/>\n\t<meta name=\"twitter:label2\" content=\"Est. tempo de leitura\" \/>\n\t<meta name=\"twitter:data2\" content=\"3 minutos\" \/>\n<script type=\"application\/ld+json\" class=\"yoast-schema-graph\">{\"@context\":\"https:\/\/schema.org\",\"@graph\":[{\"@type\":\"WebPage\",\"@id\":\"https:\/\/verdadeon.com.br\/portal\/2024\/02\/28\/prazo-para-quitar-iptu-com-desconto-de-10-vence-na-quinta-feira\/\",\"url\":\"https:\/\/verdadeon.com.br\/portal\/2024\/02\/28\/prazo-para-quitar-iptu-com-desconto-de-10-vence-na-quinta-feira\/\",\"name\":\"Prazo para quitar IPTU com desconto de 10% vence na quinta-feira - VerdadeOn\",\"isPartOf\":{\"@id\":\"https:\/\/verdadeon.com.br\/portal\/#website\"},\"primaryImageOfPage\":{\"@id\":\"https:\/\/verdadeon.com.br\/portal\/2024\/02\/28\/prazo-para-quitar-iptu-com-desconto-de-10-vence-na-quinta-feira\/#primaryimage\"},\"image\":{\"@id\":\"https:\/\/verdadeon.com.br\/portal\/2024\/02\/28\/prazo-para-quitar-iptu-com-desconto-de-10-vence-na-quinta-feira\/#primaryimage\"},\"thumbnailUrl\":\"https:\/\/i0.wp.com\/verdadeon.com.br\/portal\/wp-content\/uploads\/2024\/01\/WhatsApp-Image-2024-01-04-at-16.10.20.jpeg?fit=1600%2C1072&ssl=1\",\"datePublished\":\"2024-02-28T13:00:59+00:00\",\"dateModified\":\"2024-02-28T19:45:50+00:00\",\"author\":{\"@id\":\"https:\/\/verdadeon.com.br\/portal\/#\/schema\/person\/a5060ad1e9ea3df545188fc93ce43d2f\"},\"breadcrumb\":{\"@id\":\"https:\/\/verdadeon.com.br\/portal\/2024\/02\/28\/prazo-para-quitar-iptu-com-desconto-de-10-vence-na-quinta-feira\/#breadcrumb\"},\"inLanguage\":\"pt-BR\",\"potentialAction\":[{\"@type\":\"ReadAction\",\"target\":[\"https:\/\/verdadeon.com.br\/portal\/2024\/02\/28\/prazo-para-quitar-iptu-com-desconto-de-10-vence-na-quinta-feira\/\"]}]},{\"@type\":\"ImageObject\",\"inLanguage\":\"pt-BR\",\"@id\":\"https:\/\/verdadeon.com.br\/portal\/2024\/02\/28\/prazo-para-quitar-iptu-com-desconto-de-10-vence-na-quinta-feira\/#primaryimage\",\"url\":\"https:\/\/i0.wp.com\/verdadeon.com.br\/portal\/wp-content\/uploads\/2024\/01\/WhatsApp-Image-2024-01-04-at-16.10.20.jpeg?fit=1600%2C1072&ssl=1\",\"contentUrl\":\"https:\/\/i0.wp.com\/verdadeon.com.br\/portal\/wp-content\/uploads\/2024\/01\/WhatsApp-Image-2024-01-04-at-16.10.20.jpeg?fit=1600%2C1072&ssl=1\",\"width\":1600,\"height\":1072,\"caption\":\"As quita\u00e7\u00f5es podem ser feitas na rede banc\u00e1ria e nas lot\u00e9ricas (\u00a9Divulga\u00e7\u00e3o)\"},{\"@type\":\"BreadcrumbList\",\"@id\":\"https:\/\/verdadeon.com.br\/portal\/2024\/02\/28\/prazo-para-quitar-iptu-com-desconto-de-10-vence-na-quinta-feira\/#breadcrumb\",\"itemListElement\":[{\"@type\":\"ListItem\",\"position\":1,\"name\":\"In\u00edcio\",\"item\":\"https:\/\/verdadeon.com.br\/portal\/\"},{\"@type\":\"ListItem\",\"position\":2,\"name\":\"Prazo para quitar IPTU com desconto de 10% vence na quinta-feira\"}]},{\"@type\":\"WebSite\",\"@id\":\"https:\/\/verdadeon.com.br\/portal\/#website\",\"url\":\"https:\/\/verdadeon.com.br\/portal\/\",\"name\":\"VerdadeOn\",\"description\":\"Not\u00edcias di\u00e1rias sobre Franca, Regi\u00e3o, Esporte, Cultura, Cotidiano, Colunas. Cobertura nos principais eventos da cidade \u00e9 aqui - Verdadeon Franca\",\"potentialAction\":[{\"@type\":\"SearchAction\",\"target\":{\"@type\":\"EntryPoint\",\"urlTemplate\":\"https:\/\/verdadeon.com.br\/portal\/?s={search_term_string}\"},\"query-input\":{\"@type\":\"PropertyValueSpecification\",\"valueRequired\":true,\"valueName\":\"search_term_string\"}}],\"inLanguage\":\"pt-BR\"},{\"@type\":\"Person\",\"@id\":\"https:\/\/verdadeon.com.br\/portal\/#\/schema\/person\/a5060ad1e9ea3df545188fc93ce43d2f\",\"name\":\"Redacao VerdadeOn\",\"image\":{\"@type\":\"ImageObject\",\"inLanguage\":\"pt-BR\",\"@id\":\"https:\/\/verdadeon.com.br\/portal\/#\/schema\/person\/image\/\",\"url\":\"https:\/\/secure.gravatar.com\/avatar\/459a9613caaaf07f582c3d0841eea68bdd66f533e465e6ba8b9cb45619572cf4?s=96&d=mm&r=g\",\"contentUrl\":\"https:\/\/secure.gravatar.com\/avatar\/459a9613caaaf07f582c3d0841eea68bdd66f533e465e6ba8b9cb45619572cf4?s=96&d=mm&r=g\",\"caption\":\"Redacao VerdadeOn\"},\"url\":\"https:\/\/verdadeon.com.br\/portal\/author\/redacao\/\"}]}<\/script>\n<!-- \/ Yoast SEO plugin. -->","yoast_head_json":{"title":"Prazo para quitar IPTU com desconto de 10% vence na quinta-feira - VerdadeOn","robots":{"index":"index","follow":"follow","max-snippet":"max-snippet:-1","max-image-preview":"max-image-preview:large","max-video-preview":"max-video-preview:-1"},"canonical":"https:\/\/verdadeon.com.br\/portal\/2024\/02\/28\/prazo-para-quitar-iptu-com-desconto-de-10-vence-na-quinta-feira\/","og_locale":"pt_BR","og_type":"article","og_title":"Prazo para quitar IPTU com desconto de 10% vence na quinta-feira - VerdadeOn","og_description":"Para quem n\u00e3o recebeu o boleto, continua dispon\u00edvel a impress\u00e3o da segunda via, pelo site da Prefeitura, visando \u00e0 quita\u00e7\u00e3o com desconto de 10% Os contribuintes [\u2026]","og_url":"https:\/\/verdadeon.com.br\/portal\/2024\/02\/28\/prazo-para-quitar-iptu-com-desconto-de-10-vence-na-quinta-feira\/","og_site_name":"VerdadeOn","article_published_time":"2024-02-28T13:00:59+00:00","article_modified_time":"2024-02-28T19:45:50+00:00","og_image":[{"width":1600,"height":1072,"url":"https:\/\/verdadeon.com.br\/portal\/wp-content\/uploads\/2024\/01\/WhatsApp-Image-2024-01-04-at-16.10.20.jpeg","type":"image\/jpeg"}],"author":"Redacao VerdadeOn","twitter_card":"summary_large_image","twitter_misc":{"Escrito por":"Redacao VerdadeOn","Est. tempo de leitura":"3 minutos"},"schema":{"@context":"https:\/\/schema.org","@graph":[{"@type":"WebPage","@id":"https:\/\/verdadeon.com.br\/portal\/2024\/02\/28\/prazo-para-quitar-iptu-com-desconto-de-10-vence-na-quinta-feira\/","url":"https:\/\/verdadeon.com.br\/portal\/2024\/02\/28\/prazo-para-quitar-iptu-com-desconto-de-10-vence-na-quinta-feira\/","name":"Prazo para quitar IPTU com desconto de 10% vence na quinta-feira - VerdadeOn","isPartOf":{"@id":"https:\/\/verdadeon.com.br\/portal\/#website"},"primaryImageOfPage":{"@id":"https:\/\/verdadeon.com.br\/portal\/2024\/02\/28\/prazo-para-quitar-iptu-com-desconto-de-10-vence-na-quinta-feira\/#primaryimage"},"image":{"@id":"https:\/\/verdadeon.com.br\/portal\/2024\/02\/28\/prazo-para-quitar-iptu-com-desconto-de-10-vence-na-quinta-feira\/#primaryimage"},"thumbnailUrl":"https:\/\/i0.wp.com\/verdadeon.com.br\/portal\/wp-content\/uploads\/2024\/01\/WhatsApp-Image-2024-01-04-at-16.10.20.jpeg?fit=1600%2C1072&ssl=1","datePublished":"2024-02-28T13:00:59+00:00","dateModified":"2024-02-28T19:45:50+00:00","author":{"@id":"https:\/\/verdadeon.com.br\/portal\/#\/schema\/person\/a5060ad1e9ea3df545188fc93ce43d2f"},"breadcrumb":{"@id":"https:\/\/verdadeon.com.br\/portal\/2024\/02\/28\/prazo-para-quitar-iptu-com-desconto-de-10-vence-na-quinta-feira\/#breadcrumb"},"inLanguage":"pt-BR","potentialAction":[{"@type":"ReadAction","target":["https:\/\/verdadeon.com.br\/portal\/2024\/02\/28\/prazo-para-quitar-iptu-com-desconto-de-10-vence-na-quinta-feira\/"]}]},{"@type":"ImageObject","inLanguage":"pt-BR","@id":"https:\/\/verdadeon.com.br\/portal\/2024\/02\/28\/prazo-para-quitar-iptu-com-desconto-de-10-vence-na-quinta-feira\/#primaryimage","url":"https:\/\/i0.wp.com\/verdadeon.com.br\/portal\/wp-content\/uploads\/2024\/01\/WhatsApp-Image-2024-01-04-at-16.10.20.jpeg?fit=1600%2C1072&ssl=1","contentUrl":"https:\/\/i0.wp.com\/verdadeon.com.br\/portal\/wp-content\/uploads\/2024\/01\/WhatsApp-Image-2024-01-04-at-16.10.20.jpeg?fit=1600%2C1072&ssl=1","width":1600,"height":1072,"caption":"As quita\u00e7\u00f5es podem ser feitas na rede banc\u00e1ria e nas lot\u00e9ricas (\u00a9Divulga\u00e7\u00e3o)"},{"@type":"BreadcrumbList","@id":"https:\/\/verdadeon.com.br\/portal\/2024\/02\/28\/prazo-para-quitar-iptu-com-desconto-de-10-vence-na-quinta-feira\/#breadcrumb","itemListElement":[{"@type":"ListItem","position":1,"name":"In\u00edcio","item":"https:\/\/verdadeon.com.br\/portal\/"},{"@type":"ListItem","position":2,"name":"Prazo para quitar IPTU com desconto de 10% vence na quinta-feira"}]},{"@type":"WebSite","@id":"https:\/\/verdadeon.com.br\/portal\/#website","url":"https:\/\/verdadeon.com.br\/portal\/","name":"VerdadeOn","description":"Not\u00edcias di\u00e1rias sobre Franca, Regi\u00e3o, Esporte, Cultura, Cotidiano, Colunas. Cobertura nos principais eventos da cidade \u00e9 aqui - Verdadeon Franca","potentialAction":[{"@type":"SearchAction","target":{"@type":"EntryPoint","urlTemplate":"https:\/\/verdadeon.com.br\/portal\/?s={search_term_string}"},"query-input":{"@type":"PropertyValueSpecification","valueRequired":true,"valueName":"search_term_string"}}],"inLanguage":"pt-BR"},{"@type":"Person","@id":"https:\/\/verdadeon.com.br\/portal\/#\/schema\/person\/a5060ad1e9ea3df545188fc93ce43d2f","name":"Redacao VerdadeOn","image":{"@type":"ImageObject","inLanguage":"pt-BR","@id":"https:\/\/verdadeon.com.br\/portal\/#\/schema\/person\/image\/","url":"https:\/\/secure.gravatar.com\/avatar\/459a9613caaaf07f582c3d0841eea68bdd66f533e465e6ba8b9cb45619572cf4?s=96&d=mm&r=g","contentUrl":"https:\/\/secure.gravatar.com\/avatar\/459a9613caaaf07f582c3d0841eea68bdd66f533e465e6ba8b9cb45619572cf4?s=96&d=mm&r=g","caption":"Redacao VerdadeOn"},"url":"https:\/\/verdadeon.com.br\/portal\/author\/redacao\/"}]}},"jetpack_publicize_connections":[],"jetpack_featured_media_url":"https:\/\/i0.wp.com\/verdadeon.com.br\/portal\/wp-content\/uploads\/2024\/01\/WhatsApp-Image-2024-01-04-at-16.10.20.jpeg?fit=1600%2C1072&ssl=1","jetpack_sharing_enabled":true,"_links":{"self":[{"href":"https:\/\/verdadeon.com.br\/portal\/wp-json\/wp\/v2\/posts\/41947","targetHints":{"allow":["GET"]}}],"collection":[{"href":"https:\/\/verdadeon.com.br\/portal\/wp-json\/wp\/v2\/posts"}],"about":[{"href":"https:\/\/verdadeon.com.br\/portal\/wp-json\/wp\/v2\/types\/post"}],"author":[{"embeddable":true,"href":"https:\/\/verdadeon.com.br\/portal\/wp-json\/wp\/v2\/users\/10"}],"replies":[{"embeddable":true,"href":"https:\/\/verdadeon.com.br\/portal\/wp-json\/wp\/v2\/comments?post=41947"}],"version-history":[{"count":1,"href":"https:\/\/verdadeon.com.br\/portal\/wp-json\/wp\/v2\/posts\/41947\/revisions"}],"predecessor-version":[{"id":41948,"href":"https:\/\/verdadeon.com.br\/portal\/wp-json\/wp\/v2\/posts\/41947\/revisions\/41948"}],"wp:featuredmedia":[{"embeddable":true,"href":"https:\/\/verdadeon.com.br\/portal\/wp-json\/wp\/v2\/media\/40419"}],"wp:attachment":[{"href":"https:\/\/verdadeon.com.br\/portal\/wp-json\/wp\/v2\/media?parent=41947"}],"wp:term":[{"taxonomy":"category","embeddable":true,"href":"https:\/\/verdadeon.com.br\/portal\/wp-json\/wp\/v2\/categories?post=41947"},{"taxonomy":"post_tag","embeddable":true,"href":"https:\/\/verdadeon.com.br\/portal\/wp-json\/wp\/v2\/tags?post=41947"}],"curies":[{"name":"wp","href":"https:\/\/api.w.org\/{rel}","templated":true}]}}