{"id":41934,"date":"2024-02-28T11:12:48","date_gmt":"2024-02-28T14:12:48","guid":{"rendered":"https:\/\/verdadeon.com.br\/portal\/?p=41934"},"modified":"2024-02-28T11:12:48","modified_gmt":"2024-02-28T14:12:48","slug":"estudantes-podem-ter-aula-dentro-de-floresta-em-fazenda-de-patrocinio-paulista","status":"publish","type":"post","link":"https:\/\/verdadeon.com.br\/portal\/2024\/02\/28\/estudantes-podem-ter-aula-dentro-de-floresta-em-fazenda-de-patrocinio-paulista\/","title":{"rendered":"Estudantes podem ter aula dentro de floresta em fazenda de Patroc\u00ednio Paulista"},"content":{"rendered":"<h2>Visita\u00e7\u00e3o escolar na Fazenda Santa Cec\u00edlia tamb\u00e9m incluir alimentar animais rurais e passeio de carreta<\/h2>\n<p>Ter aula no meio de uma floresta com \u00e1rvores centen\u00e1rias, colocar a m\u00e3o na terra da horta org\u00e2nica e ter a oportunidade de alimentar animais do cen\u00e1rio rural fazem parte do programa de visita\u00e7\u00e3o escolar da Fazenda Santa Cec\u00edlia, em Patroc\u00ednio Paulista\/SP.<\/p>\n<p>Localizada a 40 quil\u00f4metros de Franca e com 94 anos de hist\u00f3ria, a fazenda possui a maior reserva particular bem preservada de Mata Atl\u00e2ntica do nordeste do Estado de S\u00e3o Paulo, al\u00e9m de uma \u00e1rea de 600 hectares de cerrado.<\/p>\n<p>\u201cFoi pensando na transi\u00e7\u00e3o entre os biomas e sua biodiversidade e na riqueza desse ambiente natural, com alta prioridade para conserva\u00e7\u00e3o e ref\u00fagio para esp\u00e9cies amea\u00e7adas de extin\u00e7\u00e3o, que resolvemos abrir a fazenda para a visita\u00e7\u00e3o de escolas. A propriedade \u00e9 o local ideal para aprender sobre educa\u00e7\u00e3o ambiental\u201d, explica a pedagoga e propriet\u00e1ria da Santa Cec\u00edlia, Cristiane Lopes Kaulich.<\/p>\n<p>Com conte\u00fado pedag\u00f3gico que pode ser adaptado de acordo com o curr\u00edculo escolar, a visita\u00e7\u00e3o \u00e9 dividida em cinco etapas: o passeio\/aula na reserva, a viv\u00eancia rural com horta, pomar e contato com os animais, passagem pelos recursos h\u00eddricos (incluindo tr\u00eas nascentes d\u2019\u00e1gua, represa e riacho), din\u00e2mica na sala da mata e passeio de carreta para conhecer o entorno da fazenda e as \u00e1reas agr\u00edcolas tradicionais.<\/p>\n<p>\u201cA gente anda na reserva at\u00e9 o ponto de transi\u00e7\u00e3o do cerrado e vai enriquecendo com conte\u00fado sobre os biomas ou o material espec\u00edfico da escola, o que \u00e9 estritamente positivo\u201d, destaca a bi\u00f3loga Ligia Pina, respons\u00e1vel por acompanhar as visitas.<\/p>\n<p><strong>Reservas<\/strong><\/p>\n<p>O agendamento para as turmas de 2024 est\u00e1 aberto com seis diferentes op\u00e7\u00f5es de passeio. H\u00e1 desde pacote simples com tr\u00eas horas de dura\u00e7\u00e3o at\u00e9 o mais completo com caf\u00e9 da manh\u00e3, almo\u00e7o caipira e lanche da tarde que come\u00e7a 9 horas e segue at\u00e9 \u00e0s 17h30.<\/p>\n<p>A fazenda conta com restaurante no local e tamb\u00e9m oferece op\u00e7\u00e3o de hospedagem para as escolas que desejarem ampliar a viv\u00eancia.<\/p>\n<p>Segundo as regras internas, as visitas est\u00e3o dispon\u00edveis para grupos a partir de 25 pessoas (10 no caso de hospedagem) e as reservas devem ser feitas com no m\u00ednimo de 15 dias de anteced\u00eancia. Mais informa\u00e7\u00f5es pelo Instagram @santaceciliafazenda<\/p>\n","protected":false},"excerpt":{"rendered":"<p>Visita\u00e7\u00e3o escolar na Fazenda Santa Cec\u00edlia tamb\u00e9m incluir alimentar animais rurais e passeio de carreta Ter aula no meio de uma floresta com \u00e1rvores centen\u00e1rias, colocar<span class=\"excerpt-hellip\"> [\u2026]<\/span><\/p>\n","protected":false},"author":10,"featured_media":41935,"comment_status":"open","ping_status":"open","sticky":false,"template":"","format":"standard","meta":{"_jetpack_memberships_contains_paid_content":false,"footnotes":"","jetpack_publicize_message":"","jetpack_publicize_feature_enabled":true,"jetpack_social_post_already_shared":false,"jetpack_social_options":{"image_generator_settings":{"template":"highway","default_image_id":0,"enabled":false},"version":2}},"categories":[28,44],"tags":[],"class_list":["post-41934","post","type-post","status-publish","format-standard","has-post-thumbnail","hentry","category-cotidiano","category-noticias"],"yoast_head":"<!-- This site is optimized with the Yoast SEO plugin v25.6 - https:\/\/yoast.com\/wordpress\/plugins\/seo\/ -->\n<title>Estudantes podem ter aula dentro de floresta em fazenda de Patroc\u00ednio Paulista - VerdadeOn<\/title>\n<meta name=\"robots\" content=\"index, follow, max-snippet:-1, max-image-preview:large, max-video-preview:-1\" \/>\n<link rel=\"canonical\" href=\"https:\/\/verdadeon.com.br\/portal\/2024\/02\/28\/estudantes-podem-ter-aula-dentro-de-floresta-em-fazenda-de-patrocinio-paulista\/\" \/>\n<meta property=\"og:locale\" content=\"pt_BR\" \/>\n<meta property=\"og:type\" content=\"article\" \/>\n<meta property=\"og:title\" content=\"Estudantes podem ter aula dentro de floresta em fazenda de Patroc\u00ednio Paulista - VerdadeOn\" \/>\n<meta property=\"og:description\" content=\"Visita\u00e7\u00e3o escolar na Fazenda Santa Cec\u00edlia tamb\u00e9m incluir alimentar animais rurais e passeio de carreta Ter aula no meio de uma floresta com \u00e1rvores centen\u00e1rias, colocar [\u2026]\" \/>\n<meta property=\"og:url\" content=\"https:\/\/verdadeon.com.br\/portal\/2024\/02\/28\/estudantes-podem-ter-aula-dentro-de-floresta-em-fazenda-de-patrocinio-paulista\/\" \/>\n<meta property=\"og:site_name\" content=\"VerdadeOn\" \/>\n<meta property=\"article:published_time\" content=\"2024-02-28T14:12:48+00:00\" \/>\n<meta property=\"og:image\" content=\"https:\/\/verdadeon.com.br\/portal\/wp-content\/uploads\/2024\/02\/WhatsApp-Image-2024-02-27-at-14.14.15.jpeg\" \/>\n\t<meta property=\"og:image:width\" content=\"956\" \/>\n\t<meta property=\"og:image:height\" content=\"641\" \/>\n\t<meta property=\"og:image:type\" content=\"image\/jpeg\" \/>\n<meta name=\"author\" content=\"Redacao VerdadeOn\" \/>\n<meta name=\"twitter:card\" content=\"summary_large_image\" \/>\n<meta name=\"twitter:label1\" content=\"Escrito por\" \/>\n\t<meta name=\"twitter:data1\" content=\"Redacao VerdadeOn\" \/>\n\t<meta name=\"twitter:label2\" content=\"Est. tempo de leitura\" \/>\n\t<meta name=\"twitter:data2\" content=\"3 minutos\" \/>\n<script type=\"application\/ld+json\" class=\"yoast-schema-graph\">{\"@context\":\"https:\/\/schema.org\",\"@graph\":[{\"@type\":\"WebPage\",\"@id\":\"https:\/\/verdadeon.com.br\/portal\/2024\/02\/28\/estudantes-podem-ter-aula-dentro-de-floresta-em-fazenda-de-patrocinio-paulista\/\",\"url\":\"https:\/\/verdadeon.com.br\/portal\/2024\/02\/28\/estudantes-podem-ter-aula-dentro-de-floresta-em-fazenda-de-patrocinio-paulista\/\",\"name\":\"Estudantes podem ter aula dentro de floresta em fazenda de Patroc\u00ednio Paulista - VerdadeOn\",\"isPartOf\":{\"@id\":\"https:\/\/verdadeon.com.br\/portal\/#website\"},\"primaryImageOfPage\":{\"@id\":\"https:\/\/verdadeon.com.br\/portal\/2024\/02\/28\/estudantes-podem-ter-aula-dentro-de-floresta-em-fazenda-de-patrocinio-paulista\/#primaryimage\"},\"image\":{\"@id\":\"https:\/\/verdadeon.com.br\/portal\/2024\/02\/28\/estudantes-podem-ter-aula-dentro-de-floresta-em-fazenda-de-patrocinio-paulista\/#primaryimage\"},\"thumbnailUrl\":\"https:\/\/i0.wp.com\/verdadeon.com.br\/portal\/wp-content\/uploads\/2024\/02\/WhatsApp-Image-2024-02-27-at-14.14.15.jpeg?fit=956%2C641&ssl=1\",\"datePublished\":\"2024-02-28T14:12:48+00:00\",\"author\":{\"@id\":\"https:\/\/verdadeon.com.br\/portal\/#\/schema\/person\/a5060ad1e9ea3df545188fc93ce43d2f\"},\"breadcrumb\":{\"@id\":\"https:\/\/verdadeon.com.br\/portal\/2024\/02\/28\/estudantes-podem-ter-aula-dentro-de-floresta-em-fazenda-de-patrocinio-paulista\/#breadcrumb\"},\"inLanguage\":\"pt-BR\",\"potentialAction\":[{\"@type\":\"ReadAction\",\"target\":[\"https:\/\/verdadeon.com.br\/portal\/2024\/02\/28\/estudantes-podem-ter-aula-dentro-de-floresta-em-fazenda-de-patrocinio-paulista\/\"]}]},{\"@type\":\"ImageObject\",\"inLanguage\":\"pt-BR\",\"@id\":\"https:\/\/verdadeon.com.br\/portal\/2024\/02\/28\/estudantes-podem-ter-aula-dentro-de-floresta-em-fazenda-de-patrocinio-paulista\/#primaryimage\",\"url\":\"https:\/\/i0.wp.com\/verdadeon.com.br\/portal\/wp-content\/uploads\/2024\/02\/WhatsApp-Image-2024-02-27-at-14.14.15.jpeg?fit=956%2C641&ssl=1\",\"contentUrl\":\"https:\/\/i0.wp.com\/verdadeon.com.br\/portal\/wp-content\/uploads\/2024\/02\/WhatsApp-Image-2024-02-27-at-14.14.15.jpeg?fit=956%2C641&ssl=1\",\"width\":956,\"height\":641,\"caption\":\"A fazenda conta com restaurante no local e tamb\u00e9m oferece op\u00e7\u00e3o de hospedagem para as escolas que desejarem ampliar a viv\u00eancia (\u00a9Divulga\u00e7\u00e3o)\"},{\"@type\":\"BreadcrumbList\",\"@id\":\"https:\/\/verdadeon.com.br\/portal\/2024\/02\/28\/estudantes-podem-ter-aula-dentro-de-floresta-em-fazenda-de-patrocinio-paulista\/#breadcrumb\",\"itemListElement\":[{\"@type\":\"ListItem\",\"position\":1,\"name\":\"In\u00edcio\",\"item\":\"https:\/\/verdadeon.com.br\/portal\/\"},{\"@type\":\"ListItem\",\"position\":2,\"name\":\"Estudantes podem ter aula dentro de floresta em fazenda de Patroc\u00ednio Paulista\"}]},{\"@type\":\"WebSite\",\"@id\":\"https:\/\/verdadeon.com.br\/portal\/#website\",\"url\":\"https:\/\/verdadeon.com.br\/portal\/\",\"name\":\"VerdadeOn\",\"description\":\"Not\u00edcias di\u00e1rias sobre Franca, Regi\u00e3o, Esporte, Cultura, Cotidiano, Colunas. Cobertura nos principais eventos da cidade \u00e9 aqui - Verdadeon Franca\",\"potentialAction\":[{\"@type\":\"SearchAction\",\"target\":{\"@type\":\"EntryPoint\",\"urlTemplate\":\"https:\/\/verdadeon.com.br\/portal\/?s={search_term_string}\"},\"query-input\":{\"@type\":\"PropertyValueSpecification\",\"valueRequired\":true,\"valueName\":\"search_term_string\"}}],\"inLanguage\":\"pt-BR\"},{\"@type\":\"Person\",\"@id\":\"https:\/\/verdadeon.com.br\/portal\/#\/schema\/person\/a5060ad1e9ea3df545188fc93ce43d2f\",\"name\":\"Redacao VerdadeOn\",\"image\":{\"@type\":\"ImageObject\",\"inLanguage\":\"pt-BR\",\"@id\":\"https:\/\/verdadeon.com.br\/portal\/#\/schema\/person\/image\/\",\"url\":\"https:\/\/secure.gravatar.com\/avatar\/459a9613caaaf07f582c3d0841eea68bdd66f533e465e6ba8b9cb45619572cf4?s=96&d=mm&r=g\",\"contentUrl\":\"https:\/\/secure.gravatar.com\/avatar\/459a9613caaaf07f582c3d0841eea68bdd66f533e465e6ba8b9cb45619572cf4?s=96&d=mm&r=g\",\"caption\":\"Redacao VerdadeOn\"},\"url\":\"https:\/\/verdadeon.com.br\/portal\/author\/redacao\/\"}]}<\/script>\n<!-- \/ Yoast SEO plugin. -->","yoast_head_json":{"title":"Estudantes podem ter aula dentro de floresta em fazenda de Patroc\u00ednio Paulista - VerdadeOn","robots":{"index":"index","follow":"follow","max-snippet":"max-snippet:-1","max-image-preview":"max-image-preview:large","max-video-preview":"max-video-preview:-1"},"canonical":"https:\/\/verdadeon.com.br\/portal\/2024\/02\/28\/estudantes-podem-ter-aula-dentro-de-floresta-em-fazenda-de-patrocinio-paulista\/","og_locale":"pt_BR","og_type":"article","og_title":"Estudantes podem ter aula dentro de floresta em fazenda de Patroc\u00ednio Paulista - VerdadeOn","og_description":"Visita\u00e7\u00e3o escolar na Fazenda Santa Cec\u00edlia tamb\u00e9m incluir alimentar animais rurais e passeio de carreta Ter aula no meio de uma floresta com \u00e1rvores centen\u00e1rias, colocar [\u2026]","og_url":"https:\/\/verdadeon.com.br\/portal\/2024\/02\/28\/estudantes-podem-ter-aula-dentro-de-floresta-em-fazenda-de-patrocinio-paulista\/","og_site_name":"VerdadeOn","article_published_time":"2024-02-28T14:12:48+00:00","og_image":[{"width":956,"height":641,"url":"https:\/\/verdadeon.com.br\/portal\/wp-content\/uploads\/2024\/02\/WhatsApp-Image-2024-02-27-at-14.14.15.jpeg","type":"image\/jpeg"}],"author":"Redacao VerdadeOn","twitter_card":"summary_large_image","twitter_misc":{"Escrito por":"Redacao VerdadeOn","Est. tempo de leitura":"3 minutos"},"schema":{"@context":"https:\/\/schema.org","@graph":[{"@type":"WebPage","@id":"https:\/\/verdadeon.com.br\/portal\/2024\/02\/28\/estudantes-podem-ter-aula-dentro-de-floresta-em-fazenda-de-patrocinio-paulista\/","url":"https:\/\/verdadeon.com.br\/portal\/2024\/02\/28\/estudantes-podem-ter-aula-dentro-de-floresta-em-fazenda-de-patrocinio-paulista\/","name":"Estudantes podem ter aula dentro de floresta em fazenda de Patroc\u00ednio Paulista - VerdadeOn","isPartOf":{"@id":"https:\/\/verdadeon.com.br\/portal\/#website"},"primaryImageOfPage":{"@id":"https:\/\/verdadeon.com.br\/portal\/2024\/02\/28\/estudantes-podem-ter-aula-dentro-de-floresta-em-fazenda-de-patrocinio-paulista\/#primaryimage"},"image":{"@id":"https:\/\/verdadeon.com.br\/portal\/2024\/02\/28\/estudantes-podem-ter-aula-dentro-de-floresta-em-fazenda-de-patrocinio-paulista\/#primaryimage"},"thumbnailUrl":"https:\/\/i0.wp.com\/verdadeon.com.br\/portal\/wp-content\/uploads\/2024\/02\/WhatsApp-Image-2024-02-27-at-14.14.15.jpeg?fit=956%2C641&ssl=1","datePublished":"2024-02-28T14:12:48+00:00","author":{"@id":"https:\/\/verdadeon.com.br\/portal\/#\/schema\/person\/a5060ad1e9ea3df545188fc93ce43d2f"},"breadcrumb":{"@id":"https:\/\/verdadeon.com.br\/portal\/2024\/02\/28\/estudantes-podem-ter-aula-dentro-de-floresta-em-fazenda-de-patrocinio-paulista\/#breadcrumb"},"inLanguage":"pt-BR","potentialAction":[{"@type":"ReadAction","target":["https:\/\/verdadeon.com.br\/portal\/2024\/02\/28\/estudantes-podem-ter-aula-dentro-de-floresta-em-fazenda-de-patrocinio-paulista\/"]}]},{"@type":"ImageObject","inLanguage":"pt-BR","@id":"https:\/\/verdadeon.com.br\/portal\/2024\/02\/28\/estudantes-podem-ter-aula-dentro-de-floresta-em-fazenda-de-patrocinio-paulista\/#primaryimage","url":"https:\/\/i0.wp.com\/verdadeon.com.br\/portal\/wp-content\/uploads\/2024\/02\/WhatsApp-Image-2024-02-27-at-14.14.15.jpeg?fit=956%2C641&ssl=1","contentUrl":"https:\/\/i0.wp.com\/verdadeon.com.br\/portal\/wp-content\/uploads\/2024\/02\/WhatsApp-Image-2024-02-27-at-14.14.15.jpeg?fit=956%2C641&ssl=1","width":956,"height":641,"caption":"A fazenda conta com restaurante no local e tamb\u00e9m oferece op\u00e7\u00e3o de hospedagem para as escolas que desejarem ampliar a viv\u00eancia (\u00a9Divulga\u00e7\u00e3o)"},{"@type":"BreadcrumbList","@id":"https:\/\/verdadeon.com.br\/portal\/2024\/02\/28\/estudantes-podem-ter-aula-dentro-de-floresta-em-fazenda-de-patrocinio-paulista\/#breadcrumb","itemListElement":[{"@type":"ListItem","position":1,"name":"In\u00edcio","item":"https:\/\/verdadeon.com.br\/portal\/"},{"@type":"ListItem","position":2,"name":"Estudantes podem ter aula dentro de floresta em fazenda de Patroc\u00ednio Paulista"}]},{"@type":"WebSite","@id":"https:\/\/verdadeon.com.br\/portal\/#website","url":"https:\/\/verdadeon.com.br\/portal\/","name":"VerdadeOn","description":"Not\u00edcias di\u00e1rias sobre Franca, Regi\u00e3o, Esporte, Cultura, Cotidiano, Colunas. Cobertura nos principais eventos da cidade \u00e9 aqui - Verdadeon Franca","potentialAction":[{"@type":"SearchAction","target":{"@type":"EntryPoint","urlTemplate":"https:\/\/verdadeon.com.br\/portal\/?s={search_term_string}"},"query-input":{"@type":"PropertyValueSpecification","valueRequired":true,"valueName":"search_term_string"}}],"inLanguage":"pt-BR"},{"@type":"Person","@id":"https:\/\/verdadeon.com.br\/portal\/#\/schema\/person\/a5060ad1e9ea3df545188fc93ce43d2f","name":"Redacao VerdadeOn","image":{"@type":"ImageObject","inLanguage":"pt-BR","@id":"https:\/\/verdadeon.com.br\/portal\/#\/schema\/person\/image\/","url":"https:\/\/secure.gravatar.com\/avatar\/459a9613caaaf07f582c3d0841eea68bdd66f533e465e6ba8b9cb45619572cf4?s=96&d=mm&r=g","contentUrl":"https:\/\/secure.gravatar.com\/avatar\/459a9613caaaf07f582c3d0841eea68bdd66f533e465e6ba8b9cb45619572cf4?s=96&d=mm&r=g","caption":"Redacao VerdadeOn"},"url":"https:\/\/verdadeon.com.br\/portal\/author\/redacao\/"}]}},"jetpack_publicize_connections":[],"jetpack_featured_media_url":"https:\/\/i0.wp.com\/verdadeon.com.br\/portal\/wp-content\/uploads\/2024\/02\/WhatsApp-Image-2024-02-27-at-14.14.15.jpeg?fit=956%2C641&ssl=1","jetpack_sharing_enabled":true,"_links":{"self":[{"href":"https:\/\/verdadeon.com.br\/portal\/wp-json\/wp\/v2\/posts\/41934","targetHints":{"allow":["GET"]}}],"collection":[{"href":"https:\/\/verdadeon.com.br\/portal\/wp-json\/wp\/v2\/posts"}],"about":[{"href":"https:\/\/verdadeon.com.br\/portal\/wp-json\/wp\/v2\/types\/post"}],"author":[{"embeddable":true,"href":"https:\/\/verdadeon.com.br\/portal\/wp-json\/wp\/v2\/users\/10"}],"replies":[{"embeddable":true,"href":"https:\/\/verdadeon.com.br\/portal\/wp-json\/wp\/v2\/comments?post=41934"}],"version-history":[{"count":1,"href":"https:\/\/verdadeon.com.br\/portal\/wp-json\/wp\/v2\/posts\/41934\/revisions"}],"predecessor-version":[{"id":41936,"href":"https:\/\/verdadeon.com.br\/portal\/wp-json\/wp\/v2\/posts\/41934\/revisions\/41936"}],"wp:featuredmedia":[{"embeddable":true,"href":"https:\/\/verdadeon.com.br\/portal\/wp-json\/wp\/v2\/media\/41935"}],"wp:attachment":[{"href":"https:\/\/verdadeon.com.br\/portal\/wp-json\/wp\/v2\/media?parent=41934"}],"wp:term":[{"taxonomy":"category","embeddable":true,"href":"https:\/\/verdadeon.com.br\/portal\/wp-json\/wp\/v2\/categories?post=41934"},{"taxonomy":"post_tag","embeddable":true,"href":"https:\/\/verdadeon.com.br\/portal\/wp-json\/wp\/v2\/tags?post=41934"}],"curies":[{"name":"wp","href":"https:\/\/api.w.org\/{rel}","templated":true}]}}