{"id":41718,"date":"2024-02-21T14:46:04","date_gmt":"2024-02-21T17:46:04","guid":{"rendered":"https:\/\/verdadeon.com.br\/portal\/?p=41718"},"modified":"2024-02-21T14:46:04","modified_gmt":"2024-02-21T17:46:04","slug":"feac-abre-inscricoes-da-33a-edicao-do-festival-aguas-de-marco","status":"publish","type":"post","link":"https:\/\/verdadeon.com.br\/portal\/2024\/02\/21\/feac-abre-inscricoes-da-33a-edicao-do-festival-aguas-de-marco\/","title":{"rendered":"FEAC abre inscri\u00e7\u00f5es da 33\u00aa edi\u00e7\u00e3o do Festival \u2018\u00c1guas de Mar\u00e7o\u2019"},"content":{"rendered":"<h2>Inscri\u00e7\u00f5es podem ser realizadas at\u00e9 o dia 10 de mar\u00e7o<\/h2>\n<p>A FEAC (Funda\u00e7\u00e3o Esporte, Arte e Cultura) publicou nesta ter\u00e7a-feira, 20, no Di\u00e1rio Oficial do Munic\u00edpio, o edital de chamamento p\u00fablico para a sele\u00e7\u00e3o de artistas e grupos para a 33\u00aa edi\u00e7\u00e3o do Festival \u2018\u00c1guas de Mar\u00e7o\u2019, tradicional evento que visa fomentar a cultura e a arte na cidade. A publica\u00e7\u00e3o pode ser conferida na \u00edntegra no link\u00a0<a href=\"https:\/\/www.franca.sp.gov.br\/arquivos\/diario-oficial\/documentos\/2465-20022024.pdf\" target=\"_blank\" rel=\"noopener\" data-saferedirecturl=\"https:\/\/www.google.com\/url?q=https:\/\/www.franca.sp.gov.br\/arquivos\/diario-oficial\/documentos\/2465-20022024.pdf&amp;source=gmail&amp;ust=1708621737730000&amp;usg=AOvVaw24zt_DPpP4IjodR0ZrlPkd\">https:\/\/www.franca.sp.gov.br\/<wbr \/>arquivos\/diario-oficial\/<wbr \/>documentos\/2465-20022024.pdf<\/a>.<\/p>\n<p>As inscri\u00e7\u00f5es, que come\u00e7aram nesta ter\u00e7a-feira, podem ser feitas at\u00e9 o dia 10 de mar\u00e7o, exclusivamente, atrav\u00e9s do e-mail <a href=\"mailto:chamamentosfeac@franca.sp.gov.br\" target=\"_blank\" rel=\"noopener\">chamamentosfeac@franca.sp.gov.<wbr \/>br<\/a>\u00a0. O \u2018\u00c1guas de Mar\u00e7o\u2019 acontecer\u00e1 entre os dias 18 e 27 de mar\u00e7o, no Teatro Municipal \u2018Jos\u00e9 Cyrino Goulart\u2019.<\/p>\n<p>O edital estabelece e orienta o tipo de material e informa\u00e7\u00f5es, que devem ser encaminhados por e-mail para as inscri\u00e7\u00f5es, sendo fundamental enviar, em anexo, arquivos com v\u00eddeo, folder, ilustra\u00e7\u00f5es, prospectos e\/ou memoriais, que demonstrem o trabalho proposto para ser avaliado.<\/p>\n<p>Ser\u00e3o aceitos projetos somente de artistas, grupos e companhias culturais de Franca. Al\u00e9m dos espet\u00e1culos de artes c\u00eanicas, os agentes poder\u00e3o se inscrever para apresenta\u00e7\u00f5es de dan\u00e7a, literatura, m\u00fasica, cultura popular e hip-hop. Eles ser\u00e3o definidos por uma Comiss\u00e3o de Sele\u00e7\u00e3o e Avalia\u00e7\u00e3o, composta por servidores nomeados pela FEAC e membros do Conselho Municipal de Pol\u00edtica Cultural (CMPC) de Franca, que tamb\u00e9m far\u00e1 a programa\u00e7\u00e3o e o cronograma de apresenta\u00e7\u00e3o dos trabalhos selecionados em conjunto com a FEAC. \u00a0As apresenta\u00e7\u00f5es ser\u00e3o em formato de mostras, com limites de tempo pr\u00e9-determinados na programa\u00e7\u00e3o, a exemplo do que ocorreu em 2023.<\/p>\n<p>Os melhores trabalhos em cada segmento ser\u00e3o premiados com certificados e verba de Destaque (1\u00ba lugar, R$ 2 mil), M\u00e9rito (2\u00ba lugar, R$ 1.500), Revela\u00e7\u00e3o (3\u00ba lugar, R$ 1.000) e Men\u00e7\u00e3o Honrosa (4\u00ba ao 6\u00ba lugar, R$ 500 cada).<\/p>\n<p>A divulga\u00e7\u00e3o dos resultados da sele\u00e7\u00e3o e do cronograma de apresenta\u00e7\u00f5es se dar\u00e1 atrav\u00e9s de publica\u00e7\u00e3o no Di\u00e1rio Oficial do Munic\u00edpio e no site da FEAC, onde j\u00e1 est\u00e1 dispon\u00edvel o edital completo atrav\u00e9s do link: <a href=\"http:\/\/feacfranca.sp.gov.br\/FEAC\/chamamentos\" target=\"_blank\" rel=\"noopener\" data-saferedirecturl=\"https:\/\/www.google.com\/url?q=http:\/\/feacfranca.sp.gov.br\/FEAC\/chamamentos&amp;source=gmail&amp;ust=1708621737730000&amp;usg=AOvVaw2oOVryVJXIIBOycd2rIuTi\">http:\/\/feacfranca.sp.gov.br\/<wbr \/>FEAC\/chamamentos<\/a>.<\/p>\n","protected":false},"excerpt":{"rendered":"<p>Inscri\u00e7\u00f5es podem ser realizadas at\u00e9 o dia 10 de mar\u00e7o A FEAC (Funda\u00e7\u00e3o Esporte, Arte e Cultura) publicou nesta ter\u00e7a-feira, 20, no Di\u00e1rio Oficial do Munic\u00edpio,<span class=\"excerpt-hellip\"> [\u2026]<\/span><\/p>\n","protected":false},"author":10,"featured_media":35917,"comment_status":"open","ping_status":"open","sticky":false,"template":"","format":"standard","meta":{"_jetpack_memberships_contains_paid_content":false,"footnotes":"","jetpack_publicize_message":"","jetpack_publicize_feature_enabled":true,"jetpack_social_post_already_shared":false,"jetpack_social_options":{"image_generator_settings":{"template":"highway","default_image_id":0,"enabled":false},"version":2}},"categories":[28,44],"tags":[],"class_list":["post-41718","post","type-post","status-publish","format-standard","has-post-thumbnail","hentry","category-cotidiano","category-noticias"],"yoast_head":"<!-- This site is optimized with the Yoast SEO plugin v25.6 - https:\/\/yoast.com\/wordpress\/plugins\/seo\/ -->\n<title>FEAC abre inscri\u00e7\u00f5es da 33\u00aa edi\u00e7\u00e3o do Festival \u2018\u00c1guas de Mar\u00e7o\u2019 - VerdadeOn<\/title>\n<meta name=\"robots\" content=\"index, follow, max-snippet:-1, max-image-preview:large, max-video-preview:-1\" \/>\n<link rel=\"canonical\" href=\"https:\/\/verdadeon.com.br\/portal\/2024\/02\/21\/feac-abre-inscricoes-da-33a-edicao-do-festival-aguas-de-marco\/\" \/>\n<meta property=\"og:locale\" content=\"pt_BR\" \/>\n<meta property=\"og:type\" content=\"article\" \/>\n<meta property=\"og:title\" content=\"FEAC abre inscri\u00e7\u00f5es da 33\u00aa edi\u00e7\u00e3o do Festival \u2018\u00c1guas de Mar\u00e7o\u2019 - VerdadeOn\" \/>\n<meta property=\"og:description\" content=\"Inscri\u00e7\u00f5es podem ser realizadas at\u00e9 o dia 10 de mar\u00e7o A FEAC (Funda\u00e7\u00e3o Esporte, Arte e Cultura) publicou nesta ter\u00e7a-feira, 20, no Di\u00e1rio Oficial do Munic\u00edpio, [\u2026]\" \/>\n<meta property=\"og:url\" content=\"https:\/\/verdadeon.com.br\/portal\/2024\/02\/21\/feac-abre-inscricoes-da-33a-edicao-do-festival-aguas-de-marco\/\" \/>\n<meta property=\"og:site_name\" content=\"VerdadeOn\" \/>\n<meta property=\"article:published_time\" content=\"2024-02-21T17:46:04+00:00\" \/>\n<meta property=\"og:image\" content=\"https:\/\/verdadeon.com.br\/portal\/wp-content\/uploads\/2023\/07\/DSC_3301-scaled.jpg\" \/>\n\t<meta property=\"og:image:width\" content=\"2560\" \/>\n\t<meta property=\"og:image:height\" content=\"1715\" \/>\n\t<meta property=\"og:image:type\" content=\"image\/jpeg\" \/>\n<meta name=\"author\" content=\"Redacao VerdadeOn\" \/>\n<meta name=\"twitter:card\" content=\"summary_large_image\" \/>\n<meta name=\"twitter:label1\" content=\"Escrito por\" \/>\n\t<meta name=\"twitter:data1\" content=\"Redacao VerdadeOn\" \/>\n\t<meta name=\"twitter:label2\" content=\"Est. tempo de leitura\" \/>\n\t<meta name=\"twitter:data2\" content=\"2 minutos\" \/>\n<script type=\"application\/ld+json\" class=\"yoast-schema-graph\">{\"@context\":\"https:\/\/schema.org\",\"@graph\":[{\"@type\":\"WebPage\",\"@id\":\"https:\/\/verdadeon.com.br\/portal\/2024\/02\/21\/feac-abre-inscricoes-da-33a-edicao-do-festival-aguas-de-marco\/\",\"url\":\"https:\/\/verdadeon.com.br\/portal\/2024\/02\/21\/feac-abre-inscricoes-da-33a-edicao-do-festival-aguas-de-marco\/\",\"name\":\"FEAC abre inscri\u00e7\u00f5es da 33\u00aa edi\u00e7\u00e3o do Festival \u2018\u00c1guas de Mar\u00e7o\u2019 - VerdadeOn\",\"isPartOf\":{\"@id\":\"https:\/\/verdadeon.com.br\/portal\/#website\"},\"primaryImageOfPage\":{\"@id\":\"https:\/\/verdadeon.com.br\/portal\/2024\/02\/21\/feac-abre-inscricoes-da-33a-edicao-do-festival-aguas-de-marco\/#primaryimage\"},\"image\":{\"@id\":\"https:\/\/verdadeon.com.br\/portal\/2024\/02\/21\/feac-abre-inscricoes-da-33a-edicao-do-festival-aguas-de-marco\/#primaryimage\"},\"thumbnailUrl\":\"https:\/\/i0.wp.com\/verdadeon.com.br\/portal\/wp-content\/uploads\/2023\/07\/DSC_3301-scaled.jpg?fit=2560%2C1715&ssl=1\",\"datePublished\":\"2024-02-21T17:46:04+00:00\",\"author\":{\"@id\":\"https:\/\/verdadeon.com.br\/portal\/#\/schema\/person\/a5060ad1e9ea3df545188fc93ce43d2f\"},\"breadcrumb\":{\"@id\":\"https:\/\/verdadeon.com.br\/portal\/2024\/02\/21\/feac-abre-inscricoes-da-33a-edicao-do-festival-aguas-de-marco\/#breadcrumb\"},\"inLanguage\":\"pt-BR\",\"potentialAction\":[{\"@type\":\"ReadAction\",\"target\":[\"https:\/\/verdadeon.com.br\/portal\/2024\/02\/21\/feac-abre-inscricoes-da-33a-edicao-do-festival-aguas-de-marco\/\"]}]},{\"@type\":\"ImageObject\",\"inLanguage\":\"pt-BR\",\"@id\":\"https:\/\/verdadeon.com.br\/portal\/2024\/02\/21\/feac-abre-inscricoes-da-33a-edicao-do-festival-aguas-de-marco\/#primaryimage\",\"url\":\"https:\/\/i0.wp.com\/verdadeon.com.br\/portal\/wp-content\/uploads\/2023\/07\/DSC_3301-scaled.jpg?fit=2560%2C1715&ssl=1\",\"contentUrl\":\"https:\/\/i0.wp.com\/verdadeon.com.br\/portal\/wp-content\/uploads\/2023\/07\/DSC_3301-scaled.jpg?fit=2560%2C1715&ssl=1\",\"width\":2560,\"height\":1715,\"caption\":\"Teatro Municipal \\\"Jos\u00e9 Cyrino Goulart\\\" (\u00a9Divulga\u00e7\u00e3o)\"},{\"@type\":\"BreadcrumbList\",\"@id\":\"https:\/\/verdadeon.com.br\/portal\/2024\/02\/21\/feac-abre-inscricoes-da-33a-edicao-do-festival-aguas-de-marco\/#breadcrumb\",\"itemListElement\":[{\"@type\":\"ListItem\",\"position\":1,\"name\":\"In\u00edcio\",\"item\":\"https:\/\/verdadeon.com.br\/portal\/\"},{\"@type\":\"ListItem\",\"position\":2,\"name\":\"FEAC abre inscri\u00e7\u00f5es da 33\u00aa edi\u00e7\u00e3o do Festival \u2018\u00c1guas de Mar\u00e7o\u2019\"}]},{\"@type\":\"WebSite\",\"@id\":\"https:\/\/verdadeon.com.br\/portal\/#website\",\"url\":\"https:\/\/verdadeon.com.br\/portal\/\",\"name\":\"VerdadeOn\",\"description\":\"Not\u00edcias di\u00e1rias sobre Franca, Regi\u00e3o, Esporte, Cultura, Cotidiano, Colunas. Cobertura nos principais eventos da cidade \u00e9 aqui - Verdadeon Franca\",\"potentialAction\":[{\"@type\":\"SearchAction\",\"target\":{\"@type\":\"EntryPoint\",\"urlTemplate\":\"https:\/\/verdadeon.com.br\/portal\/?s={search_term_string}\"},\"query-input\":{\"@type\":\"PropertyValueSpecification\",\"valueRequired\":true,\"valueName\":\"search_term_string\"}}],\"inLanguage\":\"pt-BR\"},{\"@type\":\"Person\",\"@id\":\"https:\/\/verdadeon.com.br\/portal\/#\/schema\/person\/a5060ad1e9ea3df545188fc93ce43d2f\",\"name\":\"Redacao VerdadeOn\",\"image\":{\"@type\":\"ImageObject\",\"inLanguage\":\"pt-BR\",\"@id\":\"https:\/\/verdadeon.com.br\/portal\/#\/schema\/person\/image\/\",\"url\":\"https:\/\/secure.gravatar.com\/avatar\/459a9613caaaf07f582c3d0841eea68bdd66f533e465e6ba8b9cb45619572cf4?s=96&d=mm&r=g\",\"contentUrl\":\"https:\/\/secure.gravatar.com\/avatar\/459a9613caaaf07f582c3d0841eea68bdd66f533e465e6ba8b9cb45619572cf4?s=96&d=mm&r=g\",\"caption\":\"Redacao VerdadeOn\"},\"url\":\"https:\/\/verdadeon.com.br\/portal\/author\/redacao\/\"}]}<\/script>\n<!-- \/ Yoast SEO plugin. -->","yoast_head_json":{"title":"FEAC abre inscri\u00e7\u00f5es da 33\u00aa edi\u00e7\u00e3o do Festival \u2018\u00c1guas de Mar\u00e7o\u2019 - VerdadeOn","robots":{"index":"index","follow":"follow","max-snippet":"max-snippet:-1","max-image-preview":"max-image-preview:large","max-video-preview":"max-video-preview:-1"},"canonical":"https:\/\/verdadeon.com.br\/portal\/2024\/02\/21\/feac-abre-inscricoes-da-33a-edicao-do-festival-aguas-de-marco\/","og_locale":"pt_BR","og_type":"article","og_title":"FEAC abre inscri\u00e7\u00f5es da 33\u00aa edi\u00e7\u00e3o do Festival \u2018\u00c1guas de Mar\u00e7o\u2019 - VerdadeOn","og_description":"Inscri\u00e7\u00f5es podem ser realizadas at\u00e9 o dia 10 de mar\u00e7o A FEAC (Funda\u00e7\u00e3o Esporte, Arte e Cultura) publicou nesta ter\u00e7a-feira, 20, no Di\u00e1rio Oficial do Munic\u00edpio, [\u2026]","og_url":"https:\/\/verdadeon.com.br\/portal\/2024\/02\/21\/feac-abre-inscricoes-da-33a-edicao-do-festival-aguas-de-marco\/","og_site_name":"VerdadeOn","article_published_time":"2024-02-21T17:46:04+00:00","og_image":[{"width":2560,"height":1715,"url":"https:\/\/verdadeon.com.br\/portal\/wp-content\/uploads\/2023\/07\/DSC_3301-scaled.jpg","type":"image\/jpeg"}],"author":"Redacao VerdadeOn","twitter_card":"summary_large_image","twitter_misc":{"Escrito por":"Redacao VerdadeOn","Est. tempo de leitura":"2 minutos"},"schema":{"@context":"https:\/\/schema.org","@graph":[{"@type":"WebPage","@id":"https:\/\/verdadeon.com.br\/portal\/2024\/02\/21\/feac-abre-inscricoes-da-33a-edicao-do-festival-aguas-de-marco\/","url":"https:\/\/verdadeon.com.br\/portal\/2024\/02\/21\/feac-abre-inscricoes-da-33a-edicao-do-festival-aguas-de-marco\/","name":"FEAC abre inscri\u00e7\u00f5es da 33\u00aa edi\u00e7\u00e3o do Festival \u2018\u00c1guas de Mar\u00e7o\u2019 - VerdadeOn","isPartOf":{"@id":"https:\/\/verdadeon.com.br\/portal\/#website"},"primaryImageOfPage":{"@id":"https:\/\/verdadeon.com.br\/portal\/2024\/02\/21\/feac-abre-inscricoes-da-33a-edicao-do-festival-aguas-de-marco\/#primaryimage"},"image":{"@id":"https:\/\/verdadeon.com.br\/portal\/2024\/02\/21\/feac-abre-inscricoes-da-33a-edicao-do-festival-aguas-de-marco\/#primaryimage"},"thumbnailUrl":"https:\/\/i0.wp.com\/verdadeon.com.br\/portal\/wp-content\/uploads\/2023\/07\/DSC_3301-scaled.jpg?fit=2560%2C1715&ssl=1","datePublished":"2024-02-21T17:46:04+00:00","author":{"@id":"https:\/\/verdadeon.com.br\/portal\/#\/schema\/person\/a5060ad1e9ea3df545188fc93ce43d2f"},"breadcrumb":{"@id":"https:\/\/verdadeon.com.br\/portal\/2024\/02\/21\/feac-abre-inscricoes-da-33a-edicao-do-festival-aguas-de-marco\/#breadcrumb"},"inLanguage":"pt-BR","potentialAction":[{"@type":"ReadAction","target":["https:\/\/verdadeon.com.br\/portal\/2024\/02\/21\/feac-abre-inscricoes-da-33a-edicao-do-festival-aguas-de-marco\/"]}]},{"@type":"ImageObject","inLanguage":"pt-BR","@id":"https:\/\/verdadeon.com.br\/portal\/2024\/02\/21\/feac-abre-inscricoes-da-33a-edicao-do-festival-aguas-de-marco\/#primaryimage","url":"https:\/\/i0.wp.com\/verdadeon.com.br\/portal\/wp-content\/uploads\/2023\/07\/DSC_3301-scaled.jpg?fit=2560%2C1715&ssl=1","contentUrl":"https:\/\/i0.wp.com\/verdadeon.com.br\/portal\/wp-content\/uploads\/2023\/07\/DSC_3301-scaled.jpg?fit=2560%2C1715&ssl=1","width":2560,"height":1715,"caption":"Teatro Municipal \"Jos\u00e9 Cyrino Goulart\" (\u00a9Divulga\u00e7\u00e3o)"},{"@type":"BreadcrumbList","@id":"https:\/\/verdadeon.com.br\/portal\/2024\/02\/21\/feac-abre-inscricoes-da-33a-edicao-do-festival-aguas-de-marco\/#breadcrumb","itemListElement":[{"@type":"ListItem","position":1,"name":"In\u00edcio","item":"https:\/\/verdadeon.com.br\/portal\/"},{"@type":"ListItem","position":2,"name":"FEAC abre inscri\u00e7\u00f5es da 33\u00aa edi\u00e7\u00e3o do Festival \u2018\u00c1guas de Mar\u00e7o\u2019"}]},{"@type":"WebSite","@id":"https:\/\/verdadeon.com.br\/portal\/#website","url":"https:\/\/verdadeon.com.br\/portal\/","name":"VerdadeOn","description":"Not\u00edcias di\u00e1rias sobre Franca, Regi\u00e3o, Esporte, Cultura, Cotidiano, Colunas. Cobertura nos principais eventos da cidade \u00e9 aqui - Verdadeon Franca","potentialAction":[{"@type":"SearchAction","target":{"@type":"EntryPoint","urlTemplate":"https:\/\/verdadeon.com.br\/portal\/?s={search_term_string}"},"query-input":{"@type":"PropertyValueSpecification","valueRequired":true,"valueName":"search_term_string"}}],"inLanguage":"pt-BR"},{"@type":"Person","@id":"https:\/\/verdadeon.com.br\/portal\/#\/schema\/person\/a5060ad1e9ea3df545188fc93ce43d2f","name":"Redacao VerdadeOn","image":{"@type":"ImageObject","inLanguage":"pt-BR","@id":"https:\/\/verdadeon.com.br\/portal\/#\/schema\/person\/image\/","url":"https:\/\/secure.gravatar.com\/avatar\/459a9613caaaf07f582c3d0841eea68bdd66f533e465e6ba8b9cb45619572cf4?s=96&d=mm&r=g","contentUrl":"https:\/\/secure.gravatar.com\/avatar\/459a9613caaaf07f582c3d0841eea68bdd66f533e465e6ba8b9cb45619572cf4?s=96&d=mm&r=g","caption":"Redacao VerdadeOn"},"url":"https:\/\/verdadeon.com.br\/portal\/author\/redacao\/"}]}},"jetpack_publicize_connections":[],"jetpack_featured_media_url":"https:\/\/i0.wp.com\/verdadeon.com.br\/portal\/wp-content\/uploads\/2023\/07\/DSC_3301-scaled.jpg?fit=2560%2C1715&ssl=1","jetpack_sharing_enabled":true,"_links":{"self":[{"href":"https:\/\/verdadeon.com.br\/portal\/wp-json\/wp\/v2\/posts\/41718","targetHints":{"allow":["GET"]}}],"collection":[{"href":"https:\/\/verdadeon.com.br\/portal\/wp-json\/wp\/v2\/posts"}],"about":[{"href":"https:\/\/verdadeon.com.br\/portal\/wp-json\/wp\/v2\/types\/post"}],"author":[{"embeddable":true,"href":"https:\/\/verdadeon.com.br\/portal\/wp-json\/wp\/v2\/users\/10"}],"replies":[{"embeddable":true,"href":"https:\/\/verdadeon.com.br\/portal\/wp-json\/wp\/v2\/comments?post=41718"}],"version-history":[{"count":1,"href":"https:\/\/verdadeon.com.br\/portal\/wp-json\/wp\/v2\/posts\/41718\/revisions"}],"predecessor-version":[{"id":41719,"href":"https:\/\/verdadeon.com.br\/portal\/wp-json\/wp\/v2\/posts\/41718\/revisions\/41719"}],"wp:featuredmedia":[{"embeddable":true,"href":"https:\/\/verdadeon.com.br\/portal\/wp-json\/wp\/v2\/media\/35917"}],"wp:attachment":[{"href":"https:\/\/verdadeon.com.br\/portal\/wp-json\/wp\/v2\/media?parent=41718"}],"wp:term":[{"taxonomy":"category","embeddable":true,"href":"https:\/\/verdadeon.com.br\/portal\/wp-json\/wp\/v2\/categories?post=41718"},{"taxonomy":"post_tag","embeddable":true,"href":"https:\/\/verdadeon.com.br\/portal\/wp-json\/wp\/v2\/tags?post=41718"}],"curies":[{"name":"wp","href":"https:\/\/api.w.org\/{rel}","templated":true}]}}