{"id":41690,"date":"2024-02-20T17:19:59","date_gmt":"2024-02-20T20:19:59","guid":{"rendered":"https:\/\/verdadeon.com.br\/portal\/?p=41690"},"modified":"2024-02-20T17:22:07","modified_gmt":"2024-02-20T20:22:07","slug":"familia-procura-por-morador-do-leporace-desaparecido-em-franca","status":"publish","type":"post","link":"https:\/\/verdadeon.com.br\/portal\/2024\/02\/20\/familia-procura-por-morador-do-leporace-desaparecido-em-franca\/","title":{"rendered":"Fam\u00edlia procura por morador do Leporace desaparecido em Franca"},"content":{"rendered":"<h2>Segundo o irm\u00e3o do morador, ele foi visto pela \u00faltima vez indo receber um aux\u00edlio<\/h2>\n<p>Um homem de 52 anos est\u00e1 desaparecido desde a \u00faltima sexta-feira, 16 de fevereiro. Trata-se de Ne\u00edlson Ant\u00f4nio Gomes, que teria sa\u00eddo para receber um aux\u00edlio e desde ent\u00e3o nunca mais foi visto.<\/p>\n<p>De acordo com Nilsinho, conhecido por ter trabalhado durante anos em lojas de tintas e irm\u00e3o da v\u00edtima, uma colaboradora do CRAS (Centro de Refer\u00eancia de Assist\u00eancia Social) ligou para que ele buscasse seu irm\u00e3o, que teria ido receber o Bolsa Fam\u00edlia, mas ele n\u00e3o esperou. &#8220;Sexta-feira&#8230; A mo\u00e7a do CRAS me ligou, que estava preocupada. [&#8230;] Ela ligou pra eu estar indo buscar ele, s\u00f3 que eu fui l\u00e1 e ele n\u00e3o me esperou. Ele \u00e9 esperto, \u00e9 ligeiro&#8221;, disse Nilsinho.<\/p>\n<p>Nilsinho declara que ele costumava ir em um barzinho perto da ponte do Parque Vicente Leporace, mas que n\u00e3o sabe outros locais que ele pudesse frequentar. Ne\u00edlson mora sozinho em um apartamento do bairro.<\/p>\n<p>Perguntado se ele faz uso de algum medicamento, o irm\u00e3o esclareceu: &#8220;ele n\u00e3o toma medica\u00e7\u00e3o. Era para tomar medica\u00e7\u00e3o, mas n\u00e3o toma. Ele toma bebida alco\u00f3lica, pinga, essas coisas pesadas a\u00ed. Fica doido da cabe\u00e7a, sabe? [N\u00e3o] falando coisa com coisa. Assim, era pra ele tomar o rem\u00e9dio. Quando ele toma o rem\u00e9dio, ele fica uma pessoa normal, mas a\u00ed n\u00e3o toma, toma cacha\u00e7a, pinga, mexe com droga, a\u00ed fica louco!&#8221;<\/p>\n<p>A fam\u00edlia registrou um boletim de ocorr\u00eancia online. Qualquer informa\u00e7\u00e3o a respeito do desaparecido pode ser passada para Nilsinho, pelo telefone (16) 99290-1420.<\/p>\n","protected":false},"excerpt":{"rendered":"<p>Segundo o irm\u00e3o do morador, ele foi visto pela \u00faltima vez indo receber um aux\u00edlio Um homem de 52 anos est\u00e1 desaparecido desde a \u00faltima sexta-feira,<span class=\"excerpt-hellip\"> [\u2026]<\/span><\/p>\n","protected":false},"author":10,"featured_media":41710,"comment_status":"open","ping_status":"open","sticky":false,"template":"","format":"standard","meta":{"_jetpack_memberships_contains_paid_content":false,"footnotes":"","jetpack_publicize_message":"","jetpack_publicize_feature_enabled":true,"jetpack_social_post_already_shared":false,"jetpack_social_options":{"image_generator_settings":{"template":"highway","default_image_id":0,"enabled":false},"version":2}},"categories":[28,81],"tags":[],"class_list":["post-41690","post","type-post","status-publish","format-standard","has-post-thumbnail","hentry","category-cotidiano","category-manchete"],"yoast_head":"<!-- This site is optimized with the Yoast SEO plugin v25.6 - https:\/\/yoast.com\/wordpress\/plugins\/seo\/ -->\n<title>Fam\u00edlia procura por morador do Leporace desaparecido em Franca - VerdadeOn<\/title>\n<meta name=\"robots\" content=\"index, follow, max-snippet:-1, max-image-preview:large, max-video-preview:-1\" \/>\n<link rel=\"canonical\" href=\"https:\/\/verdadeon.com.br\/portal\/2024\/02\/20\/familia-procura-por-morador-do-leporace-desaparecido-em-franca\/\" \/>\n<meta property=\"og:locale\" content=\"pt_BR\" \/>\n<meta property=\"og:type\" content=\"article\" \/>\n<meta property=\"og:title\" content=\"Fam\u00edlia procura por morador do Leporace desaparecido em Franca - VerdadeOn\" \/>\n<meta property=\"og:description\" content=\"Segundo o irm\u00e3o do morador, ele foi visto pela \u00faltima vez indo receber um aux\u00edlio Um homem de 52 anos est\u00e1 desaparecido desde a \u00faltima sexta-feira, [\u2026]\" \/>\n<meta property=\"og:url\" content=\"https:\/\/verdadeon.com.br\/portal\/2024\/02\/20\/familia-procura-por-morador-do-leporace-desaparecido-em-franca\/\" \/>\n<meta property=\"og:site_name\" content=\"VerdadeOn\" \/>\n<meta property=\"article:published_time\" content=\"2024-02-20T20:19:59+00:00\" \/>\n<meta property=\"article:modified_time\" content=\"2024-02-20T20:22:07+00:00\" \/>\n<meta property=\"og:image\" content=\"https:\/\/verdadeon.com.br\/portal\/wp-content\/uploads\/2024\/02\/WhatsApp-Image-2024-02-20-at-16.47.43.jpeg\" \/>\n\t<meta property=\"og:image:width\" content=\"1600\" \/>\n\t<meta property=\"og:image:height\" content=\"1072\" \/>\n\t<meta property=\"og:image:type\" content=\"image\/jpeg\" \/>\n<meta name=\"author\" content=\"Redacao VerdadeOn\" \/>\n<meta name=\"twitter:card\" content=\"summary_large_image\" \/>\n<meta name=\"twitter:label1\" content=\"Escrito por\" \/>\n\t<meta name=\"twitter:data1\" content=\"Redacao VerdadeOn\" \/>\n\t<meta name=\"twitter:label2\" content=\"Est. tempo de leitura\" \/>\n\t<meta name=\"twitter:data2\" content=\"2 minutos\" \/>\n<script type=\"application\/ld+json\" class=\"yoast-schema-graph\">{\"@context\":\"https:\/\/schema.org\",\"@graph\":[{\"@type\":\"WebPage\",\"@id\":\"https:\/\/verdadeon.com.br\/portal\/2024\/02\/20\/familia-procura-por-morador-do-leporace-desaparecido-em-franca\/\",\"url\":\"https:\/\/verdadeon.com.br\/portal\/2024\/02\/20\/familia-procura-por-morador-do-leporace-desaparecido-em-franca\/\",\"name\":\"Fam\u00edlia procura por morador do Leporace desaparecido em Franca - VerdadeOn\",\"isPartOf\":{\"@id\":\"https:\/\/verdadeon.com.br\/portal\/#website\"},\"primaryImageOfPage\":{\"@id\":\"https:\/\/verdadeon.com.br\/portal\/2024\/02\/20\/familia-procura-por-morador-do-leporace-desaparecido-em-franca\/#primaryimage\"},\"image\":{\"@id\":\"https:\/\/verdadeon.com.br\/portal\/2024\/02\/20\/familia-procura-por-morador-do-leporace-desaparecido-em-franca\/#primaryimage\"},\"thumbnailUrl\":\"https:\/\/i0.wp.com\/verdadeon.com.br\/portal\/wp-content\/uploads\/2024\/02\/WhatsApp-Image-2024-02-20-at-16.47.43.jpeg?fit=1600%2C1072&ssl=1\",\"datePublished\":\"2024-02-20T20:19:59+00:00\",\"dateModified\":\"2024-02-20T20:22:07+00:00\",\"author\":{\"@id\":\"https:\/\/verdadeon.com.br\/portal\/#\/schema\/person\/a5060ad1e9ea3df545188fc93ce43d2f\"},\"breadcrumb\":{\"@id\":\"https:\/\/verdadeon.com.br\/portal\/2024\/02\/20\/familia-procura-por-morador-do-leporace-desaparecido-em-franca\/#breadcrumb\"},\"inLanguage\":\"pt-BR\",\"potentialAction\":[{\"@type\":\"ReadAction\",\"target\":[\"https:\/\/verdadeon.com.br\/portal\/2024\/02\/20\/familia-procura-por-morador-do-leporace-desaparecido-em-franca\/\"]}]},{\"@type\":\"ImageObject\",\"inLanguage\":\"pt-BR\",\"@id\":\"https:\/\/verdadeon.com.br\/portal\/2024\/02\/20\/familia-procura-por-morador-do-leporace-desaparecido-em-franca\/#primaryimage\",\"url\":\"https:\/\/i0.wp.com\/verdadeon.com.br\/portal\/wp-content\/uploads\/2024\/02\/WhatsApp-Image-2024-02-20-at-16.47.43.jpeg?fit=1600%2C1072&ssl=1\",\"contentUrl\":\"https:\/\/i0.wp.com\/verdadeon.com.br\/portal\/wp-content\/uploads\/2024\/02\/WhatsApp-Image-2024-02-20-at-16.47.43.jpeg?fit=1600%2C1072&ssl=1\",\"width\":1600,\"height\":1072,\"caption\":\"Neilson Ant\u00f4nio Gomes, desaparecido desde a \u00faltima sexta-feira (\u00a9Divulga\u00e7\u00e3o)\"},{\"@type\":\"BreadcrumbList\",\"@id\":\"https:\/\/verdadeon.com.br\/portal\/2024\/02\/20\/familia-procura-por-morador-do-leporace-desaparecido-em-franca\/#breadcrumb\",\"itemListElement\":[{\"@type\":\"ListItem\",\"position\":1,\"name\":\"In\u00edcio\",\"item\":\"https:\/\/verdadeon.com.br\/portal\/\"},{\"@type\":\"ListItem\",\"position\":2,\"name\":\"Fam\u00edlia procura por morador do Leporace desaparecido em Franca\"}]},{\"@type\":\"WebSite\",\"@id\":\"https:\/\/verdadeon.com.br\/portal\/#website\",\"url\":\"https:\/\/verdadeon.com.br\/portal\/\",\"name\":\"VerdadeOn\",\"description\":\"Not\u00edcias di\u00e1rias sobre Franca, Regi\u00e3o, Esporte, Cultura, Cotidiano, Colunas. Cobertura nos principais eventos da cidade \u00e9 aqui - Verdadeon Franca\",\"potentialAction\":[{\"@type\":\"SearchAction\",\"target\":{\"@type\":\"EntryPoint\",\"urlTemplate\":\"https:\/\/verdadeon.com.br\/portal\/?s={search_term_string}\"},\"query-input\":{\"@type\":\"PropertyValueSpecification\",\"valueRequired\":true,\"valueName\":\"search_term_string\"}}],\"inLanguage\":\"pt-BR\"},{\"@type\":\"Person\",\"@id\":\"https:\/\/verdadeon.com.br\/portal\/#\/schema\/person\/a5060ad1e9ea3df545188fc93ce43d2f\",\"name\":\"Redacao VerdadeOn\",\"image\":{\"@type\":\"ImageObject\",\"inLanguage\":\"pt-BR\",\"@id\":\"https:\/\/verdadeon.com.br\/portal\/#\/schema\/person\/image\/\",\"url\":\"https:\/\/secure.gravatar.com\/avatar\/459a9613caaaf07f582c3d0841eea68bdd66f533e465e6ba8b9cb45619572cf4?s=96&d=mm&r=g\",\"contentUrl\":\"https:\/\/secure.gravatar.com\/avatar\/459a9613caaaf07f582c3d0841eea68bdd66f533e465e6ba8b9cb45619572cf4?s=96&d=mm&r=g\",\"caption\":\"Redacao VerdadeOn\"},\"url\":\"https:\/\/verdadeon.com.br\/portal\/author\/redacao\/\"}]}<\/script>\n<!-- \/ Yoast SEO plugin. -->","yoast_head_json":{"title":"Fam\u00edlia procura por morador do Leporace desaparecido em Franca - VerdadeOn","robots":{"index":"index","follow":"follow","max-snippet":"max-snippet:-1","max-image-preview":"max-image-preview:large","max-video-preview":"max-video-preview:-1"},"canonical":"https:\/\/verdadeon.com.br\/portal\/2024\/02\/20\/familia-procura-por-morador-do-leporace-desaparecido-em-franca\/","og_locale":"pt_BR","og_type":"article","og_title":"Fam\u00edlia procura por morador do Leporace desaparecido em Franca - VerdadeOn","og_description":"Segundo o irm\u00e3o do morador, ele foi visto pela \u00faltima vez indo receber um aux\u00edlio Um homem de 52 anos est\u00e1 desaparecido desde a \u00faltima sexta-feira, [\u2026]","og_url":"https:\/\/verdadeon.com.br\/portal\/2024\/02\/20\/familia-procura-por-morador-do-leporace-desaparecido-em-franca\/","og_site_name":"VerdadeOn","article_published_time":"2024-02-20T20:19:59+00:00","article_modified_time":"2024-02-20T20:22:07+00:00","og_image":[{"width":1600,"height":1072,"url":"https:\/\/verdadeon.com.br\/portal\/wp-content\/uploads\/2024\/02\/WhatsApp-Image-2024-02-20-at-16.47.43.jpeg","type":"image\/jpeg"}],"author":"Redacao VerdadeOn","twitter_card":"summary_large_image","twitter_misc":{"Escrito por":"Redacao VerdadeOn","Est. tempo de leitura":"2 minutos"},"schema":{"@context":"https:\/\/schema.org","@graph":[{"@type":"WebPage","@id":"https:\/\/verdadeon.com.br\/portal\/2024\/02\/20\/familia-procura-por-morador-do-leporace-desaparecido-em-franca\/","url":"https:\/\/verdadeon.com.br\/portal\/2024\/02\/20\/familia-procura-por-morador-do-leporace-desaparecido-em-franca\/","name":"Fam\u00edlia procura por morador do Leporace desaparecido em Franca - VerdadeOn","isPartOf":{"@id":"https:\/\/verdadeon.com.br\/portal\/#website"},"primaryImageOfPage":{"@id":"https:\/\/verdadeon.com.br\/portal\/2024\/02\/20\/familia-procura-por-morador-do-leporace-desaparecido-em-franca\/#primaryimage"},"image":{"@id":"https:\/\/verdadeon.com.br\/portal\/2024\/02\/20\/familia-procura-por-morador-do-leporace-desaparecido-em-franca\/#primaryimage"},"thumbnailUrl":"https:\/\/i0.wp.com\/verdadeon.com.br\/portal\/wp-content\/uploads\/2024\/02\/WhatsApp-Image-2024-02-20-at-16.47.43.jpeg?fit=1600%2C1072&ssl=1","datePublished":"2024-02-20T20:19:59+00:00","dateModified":"2024-02-20T20:22:07+00:00","author":{"@id":"https:\/\/verdadeon.com.br\/portal\/#\/schema\/person\/a5060ad1e9ea3df545188fc93ce43d2f"},"breadcrumb":{"@id":"https:\/\/verdadeon.com.br\/portal\/2024\/02\/20\/familia-procura-por-morador-do-leporace-desaparecido-em-franca\/#breadcrumb"},"inLanguage":"pt-BR","potentialAction":[{"@type":"ReadAction","target":["https:\/\/verdadeon.com.br\/portal\/2024\/02\/20\/familia-procura-por-morador-do-leporace-desaparecido-em-franca\/"]}]},{"@type":"ImageObject","inLanguage":"pt-BR","@id":"https:\/\/verdadeon.com.br\/portal\/2024\/02\/20\/familia-procura-por-morador-do-leporace-desaparecido-em-franca\/#primaryimage","url":"https:\/\/i0.wp.com\/verdadeon.com.br\/portal\/wp-content\/uploads\/2024\/02\/WhatsApp-Image-2024-02-20-at-16.47.43.jpeg?fit=1600%2C1072&ssl=1","contentUrl":"https:\/\/i0.wp.com\/verdadeon.com.br\/portal\/wp-content\/uploads\/2024\/02\/WhatsApp-Image-2024-02-20-at-16.47.43.jpeg?fit=1600%2C1072&ssl=1","width":1600,"height":1072,"caption":"Neilson Ant\u00f4nio Gomes, desaparecido desde a \u00faltima sexta-feira (\u00a9Divulga\u00e7\u00e3o)"},{"@type":"BreadcrumbList","@id":"https:\/\/verdadeon.com.br\/portal\/2024\/02\/20\/familia-procura-por-morador-do-leporace-desaparecido-em-franca\/#breadcrumb","itemListElement":[{"@type":"ListItem","position":1,"name":"In\u00edcio","item":"https:\/\/verdadeon.com.br\/portal\/"},{"@type":"ListItem","position":2,"name":"Fam\u00edlia procura por morador do Leporace desaparecido em Franca"}]},{"@type":"WebSite","@id":"https:\/\/verdadeon.com.br\/portal\/#website","url":"https:\/\/verdadeon.com.br\/portal\/","name":"VerdadeOn","description":"Not\u00edcias di\u00e1rias sobre Franca, Regi\u00e3o, Esporte, Cultura, Cotidiano, Colunas. Cobertura nos principais eventos da cidade \u00e9 aqui - Verdadeon Franca","potentialAction":[{"@type":"SearchAction","target":{"@type":"EntryPoint","urlTemplate":"https:\/\/verdadeon.com.br\/portal\/?s={search_term_string}"},"query-input":{"@type":"PropertyValueSpecification","valueRequired":true,"valueName":"search_term_string"}}],"inLanguage":"pt-BR"},{"@type":"Person","@id":"https:\/\/verdadeon.com.br\/portal\/#\/schema\/person\/a5060ad1e9ea3df545188fc93ce43d2f","name":"Redacao VerdadeOn","image":{"@type":"ImageObject","inLanguage":"pt-BR","@id":"https:\/\/verdadeon.com.br\/portal\/#\/schema\/person\/image\/","url":"https:\/\/secure.gravatar.com\/avatar\/459a9613caaaf07f582c3d0841eea68bdd66f533e465e6ba8b9cb45619572cf4?s=96&d=mm&r=g","contentUrl":"https:\/\/secure.gravatar.com\/avatar\/459a9613caaaf07f582c3d0841eea68bdd66f533e465e6ba8b9cb45619572cf4?s=96&d=mm&r=g","caption":"Redacao VerdadeOn"},"url":"https:\/\/verdadeon.com.br\/portal\/author\/redacao\/"}]}},"jetpack_publicize_connections":[],"jetpack_featured_media_url":"https:\/\/i0.wp.com\/verdadeon.com.br\/portal\/wp-content\/uploads\/2024\/02\/WhatsApp-Image-2024-02-20-at-16.47.43.jpeg?fit=1600%2C1072&ssl=1","jetpack_sharing_enabled":true,"_links":{"self":[{"href":"https:\/\/verdadeon.com.br\/portal\/wp-json\/wp\/v2\/posts\/41690","targetHints":{"allow":["GET"]}}],"collection":[{"href":"https:\/\/verdadeon.com.br\/portal\/wp-json\/wp\/v2\/posts"}],"about":[{"href":"https:\/\/verdadeon.com.br\/portal\/wp-json\/wp\/v2\/types\/post"}],"author":[{"embeddable":true,"href":"https:\/\/verdadeon.com.br\/portal\/wp-json\/wp\/v2\/users\/10"}],"replies":[{"embeddable":true,"href":"https:\/\/verdadeon.com.br\/portal\/wp-json\/wp\/v2\/comments?post=41690"}],"version-history":[{"count":3,"href":"https:\/\/verdadeon.com.br\/portal\/wp-json\/wp\/v2\/posts\/41690\/revisions"}],"predecessor-version":[{"id":41712,"href":"https:\/\/verdadeon.com.br\/portal\/wp-json\/wp\/v2\/posts\/41690\/revisions\/41712"}],"wp:featuredmedia":[{"embeddable":true,"href":"https:\/\/verdadeon.com.br\/portal\/wp-json\/wp\/v2\/media\/41710"}],"wp:attachment":[{"href":"https:\/\/verdadeon.com.br\/portal\/wp-json\/wp\/v2\/media?parent=41690"}],"wp:term":[{"taxonomy":"category","embeddable":true,"href":"https:\/\/verdadeon.com.br\/portal\/wp-json\/wp\/v2\/categories?post=41690"},{"taxonomy":"post_tag","embeddable":true,"href":"https:\/\/verdadeon.com.br\/portal\/wp-json\/wp\/v2\/tags?post=41690"}],"curies":[{"name":"wp","href":"https:\/\/api.w.org\/{rel}","templated":true}]}}