{"id":41394,"date":"2024-02-08T12:59:16","date_gmt":"2024-02-08T15:59:16","guid":{"rendered":"https:\/\/verdadeon.com.br\/portal\/?p=41394"},"modified":"2024-02-08T12:59:16","modified_gmt":"2024-02-08T15:59:16","slug":"senado-aprova-urgencia-de-pl-que-acaba-com-saidinha-de-presos","status":"publish","type":"post","link":"https:\/\/verdadeon.com.br\/portal\/2024\/02\/08\/senado-aprova-urgencia-de-pl-que-acaba-com-saidinha-de-presos\/","title":{"rendered":"Senado aprova urg\u00eancia de PL que acaba com &#8220;saidinha&#8221; de presos"},"content":{"rendered":"<div class=\"row\">\n<h2 class=\"col-10 offset-1 animated fadeInDown dealy-900 display-8 display-md-8 alt-font font-italic my-1 text-center\">Texto dever\u00e1 ser votado ap\u00f3s o recesso de Carnaval<\/h2>\n<p>O projeto de lei que p\u00f5e fim \u00e0s sa\u00eddas tempor\u00e1rias de presos teve o requerimento de urg\u00eancia aprovado pelo plen\u00e1rio do Senado nesta quarta-feira (7). Com isso, o projeto ganha prioridade na pauta de vota\u00e7\u00f5es da Casa, j\u00e1 no plen\u00e1rio.\u00a0A expectativa \u00e9 que a mat\u00e9ria seja inclu\u00edda na pauta ap\u00f3s o recesso de Carnaval.<img data-recalc-dims=\"1\" decoding=\"async\" src=\"https:\/\/i0.wp.com\/agenciabrasil.ebc.com.br\/ebc.png?w=1220&#038;ssl=1\" \/><img data-recalc-dims=\"1\" decoding=\"async\" src=\"https:\/\/i0.wp.com\/agenciabrasil.ebc.com.br\/ebc.gif?w=1220&#038;ssl=1\" \/><\/p>\n<p>A discuss\u00e3o em torno do tema ganhou for\u00e7a ap\u00f3s a\u00a0<a href=\"https:\/\/agenciabrasil.ebc.com.br\/geral\/noticia\/2024-01\/morre-policial-militar-baleado-em-belo-horizonte\" target=\"_blank\" rel=\"noopener\">morte do policial militar Roger Dias da Cunha<\/a>, baleado em Belo Horizonte, em janeiro deste ano. Segundo a Secretaria de Justi\u00e7a e Seguran\u00e7a P\u00fablica de Minas Gerais, o autor dos disparos era um condenado pela Justi\u00e7a.<\/p>\n<p>As pessoas encarceradas que t\u00eam direito \u00e0 sa\u00edda tempor\u00e1ria, as chamadas &#8220;saidinhas&#8221;, s\u00e3o aquelas que est\u00e3o no regime semiaberto, ou seja, que j\u00e1 podem deixar o pres\u00eddio em algum momento para trabalhar, estudar ou para atividades que possam contribuir para sua reintegra\u00e7\u00e3o social.<\/p>\n<p>O texto em an\u00e1lise no Senado tamb\u00e9m obriga a realiza\u00e7\u00e3o de exame criminol\u00f3gico como requisito para a progress\u00e3o de regime e para a autoriza\u00e7\u00e3o de regime semiaberto. A an\u00e1lise dever\u00e1 comprovar que o detento tem condi\u00e7\u00f5es de se adaptar ao novo regime com autodisciplina, baixa periculosidade e senso de responsabilidade.<\/p>\n<p>Especialistas ouvidos pela\u00a0<strong>Ag\u00eancia Brasil<\/strong>\u00a0avaliam que\u00a0<a href=\"https:\/\/agenciabrasil.ebc.com.br\/direitos-humanos\/noticia\/2024-01\/extincao-da-saidinha-nao-e-solucao-para-queda-na-criminalidade\" target=\"_blank\" rel=\"noopener\">a extin\u00e7\u00e3o do benef\u00edcio n\u00e3o tem rela\u00e7\u00e3o com a queda na criminalidade<\/a>.<\/p>\n<p>*Com informa\u00e7\u00f5es da Ag\u00eancia Senado.<\/p>\n<p>Fonte: Ag\u00eancia Brasil<\/p>\n<\/div>\n","protected":false},"excerpt":{"rendered":"<p>Texto dever\u00e1 ser votado ap\u00f3s o recesso de Carnaval O projeto de lei que p\u00f5e fim \u00e0s sa\u00eddas tempor\u00e1rias de presos teve o requerimento de urg\u00eancia<span class=\"excerpt-hellip\"> [\u2026]<\/span><\/p>\n","protected":false},"author":10,"featured_media":41395,"comment_status":"open","ping_status":"open","sticky":false,"template":"","format":"standard","meta":{"_jetpack_memberships_contains_paid_content":false,"footnotes":"","jetpack_publicize_message":"","jetpack_publicize_feature_enabled":true,"jetpack_social_post_already_shared":false,"jetpack_social_options":{"image_generator_settings":{"template":"highway","default_image_id":0,"enabled":false},"version":2}},"categories":[28,44],"tags":[],"class_list":["post-41394","post","type-post","status-publish","format-standard","has-post-thumbnail","hentry","category-cotidiano","category-noticias"],"yoast_head":"<!-- This site is optimized with the Yoast SEO plugin v25.6 - https:\/\/yoast.com\/wordpress\/plugins\/seo\/ -->\n<title>Senado aprova urg\u00eancia de PL que acaba com &quot;saidinha&quot; de presos - VerdadeOn<\/title>\n<meta name=\"robots\" content=\"index, follow, max-snippet:-1, max-image-preview:large, max-video-preview:-1\" \/>\n<link rel=\"canonical\" href=\"https:\/\/verdadeon.com.br\/portal\/2024\/02\/08\/senado-aprova-urgencia-de-pl-que-acaba-com-saidinha-de-presos\/\" \/>\n<meta property=\"og:locale\" content=\"pt_BR\" \/>\n<meta property=\"og:type\" content=\"article\" \/>\n<meta property=\"og:title\" content=\"Senado aprova urg\u00eancia de PL que acaba com &quot;saidinha&quot; de presos - VerdadeOn\" \/>\n<meta property=\"og:description\" content=\"Texto dever\u00e1 ser votado ap\u00f3s o recesso de Carnaval O projeto de lei que p\u00f5e fim \u00e0s sa\u00eddas tempor\u00e1rias de presos teve o requerimento de urg\u00eancia [\u2026]\" \/>\n<meta property=\"og:url\" content=\"https:\/\/verdadeon.com.br\/portal\/2024\/02\/08\/senado-aprova-urgencia-de-pl-que-acaba-com-saidinha-de-presos\/\" \/>\n<meta property=\"og:site_name\" content=\"VerdadeOn\" \/>\n<meta property=\"article:published_time\" content=\"2024-02-08T15:59:16+00:00\" \/>\n<meta property=\"og:image\" content=\"https:\/\/verdadeon.com.br\/portal\/wp-content\/uploads\/2024\/02\/AnyConv.com__saidao_1.jpg\" \/>\n\t<meta property=\"og:image:width\" content=\"1044\" \/>\n\t<meta property=\"og:image:height\" content=\"700\" \/>\n\t<meta property=\"og:image:type\" content=\"image\/jpeg\" \/>\n<meta name=\"author\" content=\"Redacao VerdadeOn\" \/>\n<meta name=\"twitter:card\" content=\"summary_large_image\" \/>\n<meta name=\"twitter:label1\" content=\"Escrito por\" \/>\n\t<meta name=\"twitter:data1\" content=\"Redacao VerdadeOn\" \/>\n\t<meta name=\"twitter:label2\" content=\"Est. tempo de leitura\" \/>\n\t<meta name=\"twitter:data2\" content=\"2 minutos\" \/>\n<script type=\"application\/ld+json\" class=\"yoast-schema-graph\">{\"@context\":\"https:\/\/schema.org\",\"@graph\":[{\"@type\":\"WebPage\",\"@id\":\"https:\/\/verdadeon.com.br\/portal\/2024\/02\/08\/senado-aprova-urgencia-de-pl-que-acaba-com-saidinha-de-presos\/\",\"url\":\"https:\/\/verdadeon.com.br\/portal\/2024\/02\/08\/senado-aprova-urgencia-de-pl-que-acaba-com-saidinha-de-presos\/\",\"name\":\"Senado aprova urg\u00eancia de PL que acaba com \\\"saidinha\\\" de presos - VerdadeOn\",\"isPartOf\":{\"@id\":\"https:\/\/verdadeon.com.br\/portal\/#website\"},\"primaryImageOfPage\":{\"@id\":\"https:\/\/verdadeon.com.br\/portal\/2024\/02\/08\/senado-aprova-urgencia-de-pl-que-acaba-com-saidinha-de-presos\/#primaryimage\"},\"image\":{\"@id\":\"https:\/\/verdadeon.com.br\/portal\/2024\/02\/08\/senado-aprova-urgencia-de-pl-que-acaba-com-saidinha-de-presos\/#primaryimage\"},\"thumbnailUrl\":\"https:\/\/i0.wp.com\/verdadeon.com.br\/portal\/wp-content\/uploads\/2024\/02\/AnyConv.com__saidao_1.jpg?fit=1044%2C700&ssl=1\",\"datePublished\":\"2024-02-08T15:59:16+00:00\",\"author\":{\"@id\":\"https:\/\/verdadeon.com.br\/portal\/#\/schema\/person\/a5060ad1e9ea3df545188fc93ce43d2f\"},\"breadcrumb\":{\"@id\":\"https:\/\/verdadeon.com.br\/portal\/2024\/02\/08\/senado-aprova-urgencia-de-pl-que-acaba-com-saidinha-de-presos\/#breadcrumb\"},\"inLanguage\":\"pt-BR\",\"potentialAction\":[{\"@type\":\"ReadAction\",\"target\":[\"https:\/\/verdadeon.com.br\/portal\/2024\/02\/08\/senado-aprova-urgencia-de-pl-que-acaba-com-saidinha-de-presos\/\"]}]},{\"@type\":\"ImageObject\",\"inLanguage\":\"pt-BR\",\"@id\":\"https:\/\/verdadeon.com.br\/portal\/2024\/02\/08\/senado-aprova-urgencia-de-pl-que-acaba-com-saidinha-de-presos\/#primaryimage\",\"url\":\"https:\/\/i0.wp.com\/verdadeon.com.br\/portal\/wp-content\/uploads\/2024\/02\/AnyConv.com__saidao_1.jpg?fit=1044%2C700&ssl=1\",\"contentUrl\":\"https:\/\/i0.wp.com\/verdadeon.com.br\/portal\/wp-content\/uploads\/2024\/02\/AnyConv.com__saidao_1.jpg?fit=1044%2C700&ssl=1\",\"width\":1044,\"height\":700,\"caption\":\"Texto em an\u00e1lise no Senado tamb\u00e9m obriga a realiza\u00e7\u00e3o de exame criminol\u00f3gico como requisito para a progress\u00e3o de regime e para a autoriza\u00e7\u00e3o de regime semiaberto (\u00a9Ant\u00f4nio Cruz\/Ag\u00eancia Brasil)\"},{\"@type\":\"BreadcrumbList\",\"@id\":\"https:\/\/verdadeon.com.br\/portal\/2024\/02\/08\/senado-aprova-urgencia-de-pl-que-acaba-com-saidinha-de-presos\/#breadcrumb\",\"itemListElement\":[{\"@type\":\"ListItem\",\"position\":1,\"name\":\"In\u00edcio\",\"item\":\"https:\/\/verdadeon.com.br\/portal\/\"},{\"@type\":\"ListItem\",\"position\":2,\"name\":\"Senado aprova urg\u00eancia de PL que acaba com &#8220;saidinha&#8221; de presos\"}]},{\"@type\":\"WebSite\",\"@id\":\"https:\/\/verdadeon.com.br\/portal\/#website\",\"url\":\"https:\/\/verdadeon.com.br\/portal\/\",\"name\":\"VerdadeOn\",\"description\":\"Not\u00edcias di\u00e1rias sobre Franca, Regi\u00e3o, Esporte, Cultura, Cotidiano, Colunas. Cobertura nos principais eventos da cidade \u00e9 aqui - Verdadeon Franca\",\"potentialAction\":[{\"@type\":\"SearchAction\",\"target\":{\"@type\":\"EntryPoint\",\"urlTemplate\":\"https:\/\/verdadeon.com.br\/portal\/?s={search_term_string}\"},\"query-input\":{\"@type\":\"PropertyValueSpecification\",\"valueRequired\":true,\"valueName\":\"search_term_string\"}}],\"inLanguage\":\"pt-BR\"},{\"@type\":\"Person\",\"@id\":\"https:\/\/verdadeon.com.br\/portal\/#\/schema\/person\/a5060ad1e9ea3df545188fc93ce43d2f\",\"name\":\"Redacao VerdadeOn\",\"image\":{\"@type\":\"ImageObject\",\"inLanguage\":\"pt-BR\",\"@id\":\"https:\/\/verdadeon.com.br\/portal\/#\/schema\/person\/image\/\",\"url\":\"https:\/\/secure.gravatar.com\/avatar\/459a9613caaaf07f582c3d0841eea68bdd66f533e465e6ba8b9cb45619572cf4?s=96&d=mm&r=g\",\"contentUrl\":\"https:\/\/secure.gravatar.com\/avatar\/459a9613caaaf07f582c3d0841eea68bdd66f533e465e6ba8b9cb45619572cf4?s=96&d=mm&r=g\",\"caption\":\"Redacao VerdadeOn\"},\"url\":\"https:\/\/verdadeon.com.br\/portal\/author\/redacao\/\"}]}<\/script>\n<!-- \/ Yoast SEO plugin. -->","yoast_head_json":{"title":"Senado aprova urg\u00eancia de PL que acaba com \"saidinha\" de presos - VerdadeOn","robots":{"index":"index","follow":"follow","max-snippet":"max-snippet:-1","max-image-preview":"max-image-preview:large","max-video-preview":"max-video-preview:-1"},"canonical":"https:\/\/verdadeon.com.br\/portal\/2024\/02\/08\/senado-aprova-urgencia-de-pl-que-acaba-com-saidinha-de-presos\/","og_locale":"pt_BR","og_type":"article","og_title":"Senado aprova urg\u00eancia de PL que acaba com \"saidinha\" de presos - VerdadeOn","og_description":"Texto dever\u00e1 ser votado ap\u00f3s o recesso de Carnaval O projeto de lei que p\u00f5e fim \u00e0s sa\u00eddas tempor\u00e1rias de presos teve o requerimento de urg\u00eancia [\u2026]","og_url":"https:\/\/verdadeon.com.br\/portal\/2024\/02\/08\/senado-aprova-urgencia-de-pl-que-acaba-com-saidinha-de-presos\/","og_site_name":"VerdadeOn","article_published_time":"2024-02-08T15:59:16+00:00","og_image":[{"width":1044,"height":700,"url":"https:\/\/verdadeon.com.br\/portal\/wp-content\/uploads\/2024\/02\/AnyConv.com__saidao_1.jpg","type":"image\/jpeg"}],"author":"Redacao VerdadeOn","twitter_card":"summary_large_image","twitter_misc":{"Escrito por":"Redacao VerdadeOn","Est. tempo de leitura":"2 minutos"},"schema":{"@context":"https:\/\/schema.org","@graph":[{"@type":"WebPage","@id":"https:\/\/verdadeon.com.br\/portal\/2024\/02\/08\/senado-aprova-urgencia-de-pl-que-acaba-com-saidinha-de-presos\/","url":"https:\/\/verdadeon.com.br\/portal\/2024\/02\/08\/senado-aprova-urgencia-de-pl-que-acaba-com-saidinha-de-presos\/","name":"Senado aprova urg\u00eancia de PL que acaba com \"saidinha\" de presos - VerdadeOn","isPartOf":{"@id":"https:\/\/verdadeon.com.br\/portal\/#website"},"primaryImageOfPage":{"@id":"https:\/\/verdadeon.com.br\/portal\/2024\/02\/08\/senado-aprova-urgencia-de-pl-que-acaba-com-saidinha-de-presos\/#primaryimage"},"image":{"@id":"https:\/\/verdadeon.com.br\/portal\/2024\/02\/08\/senado-aprova-urgencia-de-pl-que-acaba-com-saidinha-de-presos\/#primaryimage"},"thumbnailUrl":"https:\/\/i0.wp.com\/verdadeon.com.br\/portal\/wp-content\/uploads\/2024\/02\/AnyConv.com__saidao_1.jpg?fit=1044%2C700&ssl=1","datePublished":"2024-02-08T15:59:16+00:00","author":{"@id":"https:\/\/verdadeon.com.br\/portal\/#\/schema\/person\/a5060ad1e9ea3df545188fc93ce43d2f"},"breadcrumb":{"@id":"https:\/\/verdadeon.com.br\/portal\/2024\/02\/08\/senado-aprova-urgencia-de-pl-que-acaba-com-saidinha-de-presos\/#breadcrumb"},"inLanguage":"pt-BR","potentialAction":[{"@type":"ReadAction","target":["https:\/\/verdadeon.com.br\/portal\/2024\/02\/08\/senado-aprova-urgencia-de-pl-que-acaba-com-saidinha-de-presos\/"]}]},{"@type":"ImageObject","inLanguage":"pt-BR","@id":"https:\/\/verdadeon.com.br\/portal\/2024\/02\/08\/senado-aprova-urgencia-de-pl-que-acaba-com-saidinha-de-presos\/#primaryimage","url":"https:\/\/i0.wp.com\/verdadeon.com.br\/portal\/wp-content\/uploads\/2024\/02\/AnyConv.com__saidao_1.jpg?fit=1044%2C700&ssl=1","contentUrl":"https:\/\/i0.wp.com\/verdadeon.com.br\/portal\/wp-content\/uploads\/2024\/02\/AnyConv.com__saidao_1.jpg?fit=1044%2C700&ssl=1","width":1044,"height":700,"caption":"Texto em an\u00e1lise no Senado tamb\u00e9m obriga a realiza\u00e7\u00e3o de exame criminol\u00f3gico como requisito para a progress\u00e3o de regime e para a autoriza\u00e7\u00e3o de regime semiaberto (\u00a9Ant\u00f4nio Cruz\/Ag\u00eancia Brasil)"},{"@type":"BreadcrumbList","@id":"https:\/\/verdadeon.com.br\/portal\/2024\/02\/08\/senado-aprova-urgencia-de-pl-que-acaba-com-saidinha-de-presos\/#breadcrumb","itemListElement":[{"@type":"ListItem","position":1,"name":"In\u00edcio","item":"https:\/\/verdadeon.com.br\/portal\/"},{"@type":"ListItem","position":2,"name":"Senado aprova urg\u00eancia de PL que acaba com &#8220;saidinha&#8221; de presos"}]},{"@type":"WebSite","@id":"https:\/\/verdadeon.com.br\/portal\/#website","url":"https:\/\/verdadeon.com.br\/portal\/","name":"VerdadeOn","description":"Not\u00edcias di\u00e1rias sobre Franca, Regi\u00e3o, Esporte, Cultura, Cotidiano, Colunas. Cobertura nos principais eventos da cidade \u00e9 aqui - Verdadeon Franca","potentialAction":[{"@type":"SearchAction","target":{"@type":"EntryPoint","urlTemplate":"https:\/\/verdadeon.com.br\/portal\/?s={search_term_string}"},"query-input":{"@type":"PropertyValueSpecification","valueRequired":true,"valueName":"search_term_string"}}],"inLanguage":"pt-BR"},{"@type":"Person","@id":"https:\/\/verdadeon.com.br\/portal\/#\/schema\/person\/a5060ad1e9ea3df545188fc93ce43d2f","name":"Redacao VerdadeOn","image":{"@type":"ImageObject","inLanguage":"pt-BR","@id":"https:\/\/verdadeon.com.br\/portal\/#\/schema\/person\/image\/","url":"https:\/\/secure.gravatar.com\/avatar\/459a9613caaaf07f582c3d0841eea68bdd66f533e465e6ba8b9cb45619572cf4?s=96&d=mm&r=g","contentUrl":"https:\/\/secure.gravatar.com\/avatar\/459a9613caaaf07f582c3d0841eea68bdd66f533e465e6ba8b9cb45619572cf4?s=96&d=mm&r=g","caption":"Redacao VerdadeOn"},"url":"https:\/\/verdadeon.com.br\/portal\/author\/redacao\/"}]}},"jetpack_publicize_connections":[],"jetpack_featured_media_url":"https:\/\/i0.wp.com\/verdadeon.com.br\/portal\/wp-content\/uploads\/2024\/02\/AnyConv.com__saidao_1.jpg?fit=1044%2C700&ssl=1","jetpack_sharing_enabled":true,"_links":{"self":[{"href":"https:\/\/verdadeon.com.br\/portal\/wp-json\/wp\/v2\/posts\/41394","targetHints":{"allow":["GET"]}}],"collection":[{"href":"https:\/\/verdadeon.com.br\/portal\/wp-json\/wp\/v2\/posts"}],"about":[{"href":"https:\/\/verdadeon.com.br\/portal\/wp-json\/wp\/v2\/types\/post"}],"author":[{"embeddable":true,"href":"https:\/\/verdadeon.com.br\/portal\/wp-json\/wp\/v2\/users\/10"}],"replies":[{"embeddable":true,"href":"https:\/\/verdadeon.com.br\/portal\/wp-json\/wp\/v2\/comments?post=41394"}],"version-history":[{"count":1,"href":"https:\/\/verdadeon.com.br\/portal\/wp-json\/wp\/v2\/posts\/41394\/revisions"}],"predecessor-version":[{"id":41396,"href":"https:\/\/verdadeon.com.br\/portal\/wp-json\/wp\/v2\/posts\/41394\/revisions\/41396"}],"wp:featuredmedia":[{"embeddable":true,"href":"https:\/\/verdadeon.com.br\/portal\/wp-json\/wp\/v2\/media\/41395"}],"wp:attachment":[{"href":"https:\/\/verdadeon.com.br\/portal\/wp-json\/wp\/v2\/media?parent=41394"}],"wp:term":[{"taxonomy":"category","embeddable":true,"href":"https:\/\/verdadeon.com.br\/portal\/wp-json\/wp\/v2\/categories?post=41394"},{"taxonomy":"post_tag","embeddable":true,"href":"https:\/\/verdadeon.com.br\/portal\/wp-json\/wp\/v2\/tags?post=41394"}],"curies":[{"name":"wp","href":"https:\/\/api.w.org\/{rel}","templated":true}]}}