{"id":41380,"date":"2024-02-08T11:00:15","date_gmt":"2024-02-08T14:00:15","guid":{"rendered":"https:\/\/verdadeon.com.br\/portal\/?p=41380"},"modified":"2024-02-08T11:00:15","modified_gmt":"2024-02-08T14:00:15","slug":"dengue-chikungunya-e-zika-conheca-os-sintomas-de-cada-doenca","status":"publish","type":"post","link":"https:\/\/verdadeon.com.br\/portal\/2024\/02\/08\/dengue-chikungunya-e-zika-conheca-os-sintomas-de-cada-doenca\/","title":{"rendered":"Dengue, Chikungunya e Zika: conhe\u00e7a os sintomas de cada doen\u00e7a"},"content":{"rendered":"<h2>A Infectologista da Afya, Ra\u00edssa de Moraes, recomenda: \u201cOs sintomas podem ser parecidos, por isso, \u00e9 importante uma avalia\u00e7\u00e3o m\u00e9dica\u201d<\/h2>\n<p>O Brasil registrou em janeiro 243.721 casos prov\u00e1veis de Dengue, segundo o Painel de Monitoramento de Casos de Arboviroses do Minist\u00e9rio da Sa\u00fade, atualizado na \u00faltima quarta-feira (31). A doen\u00e7a infecciosa febril aguda sist\u00eamica \u00e9 transmitida pelo mosquito Aedes aegypti, vetor tamb\u00e9m de outros v\u00edrus como a Chikungunya e Zika. Os sintomas dessas enfermidades podem se confundir e dificultar o diagn\u00f3stico.<\/p>\n<p>A Dengue \u00e9 caracterizada pela febre alta e persistente acima de 38\u00baC, n\u00e1useas, v\u00f4mitos, cefal\u00e9ia, dor atr\u00e1s dos olhos e manchas vermelhas no corpo. Contudo, existem quadros leves da doen\u00e7a que n\u00e3o apresentam todos os sintomas. \u201cO tratamento, tanto para a Dengue, como para Zika e Chikungunya \u00e9 sintom\u00e1tico, ou seja, utilizam medicamentos que aliviam os sintomas e alguns rem\u00e9dios precisam ser evitados caso exista a suspeita das doen\u00e7as, sendo eles \u00e1cido acetilsalic\u00edlico (AAS), anti-inflamat\u00f3rios e corticoides\u201d, orienta a Dra. Ra\u00edssa de Moraes, m\u00e9dica infectologista da Afya.<\/p>\n<p>A infec\u00e7\u00e3o pelo v\u00edrus da Zika se manifesta pela dor de cabe\u00e7a, febre baixa, dores leves nas articula\u00e7\u00f5es, manchas vermelhas na pele, coceira e vermelhid\u00e3o nos olhos. Geralmente, a doen\u00e7a n\u00e3o evolui para casos graves, diferentemente da Dengue, que pode chegar a casos como a Dengue hemorr\u00e1gica. O risco pela Zika se d\u00e1 especificamente para mulheres gestantes, que podem desenvolver a S\u00edndrome Cong\u00eanita associada \u00e0 infec\u00e7\u00e3o pelo v\u00edrus, que causam um conjunto de anomalias cong\u00eanitas em embri\u00f5es ou fetos expostos \u00e0 enfermidade durante a gesta\u00e7\u00e3o.<\/p>\n<p>Dores intensas nas articula\u00e7\u00f5es, como dedos, tornozelos e pulsos s\u00e3o os principais sintomas da infec\u00e7\u00e3o por Chikungunya. A doen\u00e7a apresenta, ainda, dor de cabe\u00e7a, dor nas costas, coceira na pele e febre leve. A enfermidade pode evoluir para a forma cr\u00f4nica, quando os sintomas persistem por mais de 90 dias ap\u00f3s o in\u00edcio dos sintomas. Em mais de 50% dos casos, a dor nas articula\u00e7\u00f5es torna-se cr\u00f4nica, podendo persistir por anos.<\/p>\n<p>Em todas as tr\u00eas doen\u00e7as, o diagn\u00f3stico depende de uma avalia\u00e7\u00e3o cl\u00ednica cuidadosa e do resultado de alguns exames laboratoriais. Por isso, \u00e9 importante buscar avalia\u00e7\u00e3o m\u00e9dica. De acordo com a m\u00e9dica infectologista da Afya, Dra. Ra\u00edssa de Moraes, a melhor forma de diferenciar as tr\u00eas doen\u00e7as \u00e9 prestar aten\u00e7\u00e3o em sintomas predominantes. \u201cNa Dengue, a febre alta \u00e9 predominante, enquanto na Zika pode ocorrer coceira pelo corpo. J\u00e1 na Chikungunya as dores nas articula\u00e7\u00f5es s\u00e3o o principal sinal. \u00c9 importante ficar atento pois os sintomas podem ser parecidos e no caso da Dengue, pode evoluir para casos graves, ent\u00e3o \u00e9 importante buscar avalia\u00e7\u00e3o m\u00e9dica\u201d, explica.<\/p>\n<p><strong>Vacina contra a Dengue: um novo aliado no combate \u00e0 doen\u00e7a<\/strong><\/p>\n<p>O Sistema \u00danico de Sa\u00fade (SUS) passa a oferecer este m\u00eas a vacina contra a Dengue, Qdenga, imunizante desenvolvido pelo laborat\u00f3rio japon\u00eas Takeda Pharma, aprovado pela Anvisa. \u201cEla se mostrou eficaz e segura para os quatro sorotipos da doen\u00e7a e pode ser aplicada em pessoas entre 4 e 60 anos. Neste primeiro momento, o SUS ir\u00e1 oferecer apenas para crian\u00e7as de 10 a 14 anos, que s\u00e3o o p\u00fablico com maior risco de interna\u00e7\u00e3o e agravamento\u201d explica a Dra. Ra\u00edssa de Moraes.<\/p>\n<p>A vacina cont\u00e9m v\u00edrus vivos atenuados da Dengue. Por isso, ela induz respostas imunol\u00f3gicas e pode ser utilizada por quem j\u00e1 se infectou pela doen\u00e7a anteriormente de forma segura. Contudo, n\u00e3o podem ser imunizados quem possui alergia a algum dos componentes, quem tenha o sistema imunol\u00f3gico comprometido ou alguma condi\u00e7\u00e3o imunossupressora, gestantes e lactantes.<\/p>\n","protected":false},"excerpt":{"rendered":"<p>A Infectologista da Afya, Ra\u00edssa de Moraes, recomenda: \u201cOs sintomas podem ser parecidos, por isso, \u00e9 importante uma avalia\u00e7\u00e3o m\u00e9dica\u201d O Brasil registrou em janeiro 243.721<span class=\"excerpt-hellip\"> [\u2026]<\/span><\/p>\n","protected":false},"author":10,"featured_media":41381,"comment_status":"open","ping_status":"open","sticky":false,"template":"","format":"standard","meta":{"_jetpack_memberships_contains_paid_content":false,"footnotes":"","jetpack_publicize_message":"","jetpack_publicize_feature_enabled":true,"jetpack_social_post_already_shared":false,"jetpack_social_options":{"image_generator_settings":{"template":"highway","default_image_id":0,"enabled":false},"version":2}},"categories":[28,44],"tags":[],"class_list":["post-41380","post","type-post","status-publish","format-standard","has-post-thumbnail","hentry","category-cotidiano","category-noticias"],"yoast_head":"<!-- This site is optimized with the Yoast SEO plugin v25.6 - https:\/\/yoast.com\/wordpress\/plugins\/seo\/ -->\n<title>Dengue, Chikungunya e Zika: conhe\u00e7a os sintomas de cada doen\u00e7a - VerdadeOn<\/title>\n<meta name=\"robots\" content=\"index, follow, max-snippet:-1, max-image-preview:large, max-video-preview:-1\" \/>\n<link rel=\"canonical\" href=\"https:\/\/verdadeon.com.br\/portal\/2024\/02\/08\/dengue-chikungunya-e-zika-conheca-os-sintomas-de-cada-doenca\/\" \/>\n<meta property=\"og:locale\" content=\"pt_BR\" \/>\n<meta property=\"og:type\" content=\"article\" \/>\n<meta property=\"og:title\" content=\"Dengue, Chikungunya e Zika: conhe\u00e7a os sintomas de cada doen\u00e7a - VerdadeOn\" \/>\n<meta property=\"og:description\" content=\"A Infectologista da Afya, Ra\u00edssa de Moraes, recomenda: \u201cOs sintomas podem ser parecidos, por isso, \u00e9 importante uma avalia\u00e7\u00e3o m\u00e9dica\u201d O Brasil registrou em janeiro 243.721 [\u2026]\" \/>\n<meta property=\"og:url\" content=\"https:\/\/verdadeon.com.br\/portal\/2024\/02\/08\/dengue-chikungunya-e-zika-conheca-os-sintomas-de-cada-doenca\/\" \/>\n<meta property=\"og:site_name\" content=\"VerdadeOn\" \/>\n<meta property=\"article:published_time\" content=\"2024-02-08T14:00:15+00:00\" \/>\n<meta property=\"og:image\" content=\"https:\/\/verdadeon.com.br\/portal\/wp-content\/uploads\/2024\/02\/close-up-de-mosquito-sugando-sangue-do-braco-humano-scaled.jpg\" \/>\n\t<meta property=\"og:image:width\" content=\"2560\" \/>\n\t<meta property=\"og:image:height\" content=\"1715\" \/>\n\t<meta property=\"og:image:type\" content=\"image\/jpeg\" \/>\n<meta name=\"author\" content=\"Redacao VerdadeOn\" \/>\n<meta name=\"twitter:card\" content=\"summary_large_image\" \/>\n<meta name=\"twitter:label1\" content=\"Escrito por\" \/>\n\t<meta name=\"twitter:data1\" content=\"Redacao VerdadeOn\" \/>\n\t<meta name=\"twitter:label2\" content=\"Est. tempo de leitura\" \/>\n\t<meta name=\"twitter:data2\" content=\"4 minutos\" \/>\n<script type=\"application\/ld+json\" class=\"yoast-schema-graph\">{\"@context\":\"https:\/\/schema.org\",\"@graph\":[{\"@type\":\"WebPage\",\"@id\":\"https:\/\/verdadeon.com.br\/portal\/2024\/02\/08\/dengue-chikungunya-e-zika-conheca-os-sintomas-de-cada-doenca\/\",\"url\":\"https:\/\/verdadeon.com.br\/portal\/2024\/02\/08\/dengue-chikungunya-e-zika-conheca-os-sintomas-de-cada-doenca\/\",\"name\":\"Dengue, Chikungunya e Zika: conhe\u00e7a os sintomas de cada doen\u00e7a - VerdadeOn\",\"isPartOf\":{\"@id\":\"https:\/\/verdadeon.com.br\/portal\/#website\"},\"primaryImageOfPage\":{\"@id\":\"https:\/\/verdadeon.com.br\/portal\/2024\/02\/08\/dengue-chikungunya-e-zika-conheca-os-sintomas-de-cada-doenca\/#primaryimage\"},\"image\":{\"@id\":\"https:\/\/verdadeon.com.br\/portal\/2024\/02\/08\/dengue-chikungunya-e-zika-conheca-os-sintomas-de-cada-doenca\/#primaryimage\"},\"thumbnailUrl\":\"https:\/\/i0.wp.com\/verdadeon.com.br\/portal\/wp-content\/uploads\/2024\/02\/close-up-de-mosquito-sugando-sangue-do-braco-humano-scaled.jpg?fit=2560%2C1715&ssl=1\",\"datePublished\":\"2024-02-08T14:00:15+00:00\",\"author\":{\"@id\":\"https:\/\/verdadeon.com.br\/portal\/#\/schema\/person\/a5060ad1e9ea3df545188fc93ce43d2f\"},\"breadcrumb\":{\"@id\":\"https:\/\/verdadeon.com.br\/portal\/2024\/02\/08\/dengue-chikungunya-e-zika-conheca-os-sintomas-de-cada-doenca\/#breadcrumb\"},\"inLanguage\":\"pt-BR\",\"potentialAction\":[{\"@type\":\"ReadAction\",\"target\":[\"https:\/\/verdadeon.com.br\/portal\/2024\/02\/08\/dengue-chikungunya-e-zika-conheca-os-sintomas-de-cada-doenca\/\"]}]},{\"@type\":\"ImageObject\",\"inLanguage\":\"pt-BR\",\"@id\":\"https:\/\/verdadeon.com.br\/portal\/2024\/02\/08\/dengue-chikungunya-e-zika-conheca-os-sintomas-de-cada-doenca\/#primaryimage\",\"url\":\"https:\/\/i0.wp.com\/verdadeon.com.br\/portal\/wp-content\/uploads\/2024\/02\/close-up-de-mosquito-sugando-sangue-do-braco-humano-scaled.jpg?fit=2560%2C1715&ssl=1\",\"contentUrl\":\"https:\/\/i0.wp.com\/verdadeon.com.br\/portal\/wp-content\/uploads\/2024\/02\/close-up-de-mosquito-sugando-sangue-do-braco-humano-scaled.jpg?fit=2560%2C1715&ssl=1\",\"width\":2560,\"height\":1715,\"caption\":\"Doen\u00e7as s\u00e3o causadas pelo mosquito Aedes Aegypti (\u00a9Freepik)\"},{\"@type\":\"BreadcrumbList\",\"@id\":\"https:\/\/verdadeon.com.br\/portal\/2024\/02\/08\/dengue-chikungunya-e-zika-conheca-os-sintomas-de-cada-doenca\/#breadcrumb\",\"itemListElement\":[{\"@type\":\"ListItem\",\"position\":1,\"name\":\"In\u00edcio\",\"item\":\"https:\/\/verdadeon.com.br\/portal\/\"},{\"@type\":\"ListItem\",\"position\":2,\"name\":\"Dengue, Chikungunya e Zika: conhe\u00e7a os sintomas de cada doen\u00e7a\"}]},{\"@type\":\"WebSite\",\"@id\":\"https:\/\/verdadeon.com.br\/portal\/#website\",\"url\":\"https:\/\/verdadeon.com.br\/portal\/\",\"name\":\"VerdadeOn\",\"description\":\"Not\u00edcias di\u00e1rias sobre Franca, Regi\u00e3o, Esporte, Cultura, Cotidiano, Colunas. Cobertura nos principais eventos da cidade \u00e9 aqui - Verdadeon Franca\",\"potentialAction\":[{\"@type\":\"SearchAction\",\"target\":{\"@type\":\"EntryPoint\",\"urlTemplate\":\"https:\/\/verdadeon.com.br\/portal\/?s={search_term_string}\"},\"query-input\":{\"@type\":\"PropertyValueSpecification\",\"valueRequired\":true,\"valueName\":\"search_term_string\"}}],\"inLanguage\":\"pt-BR\"},{\"@type\":\"Person\",\"@id\":\"https:\/\/verdadeon.com.br\/portal\/#\/schema\/person\/a5060ad1e9ea3df545188fc93ce43d2f\",\"name\":\"Redacao VerdadeOn\",\"image\":{\"@type\":\"ImageObject\",\"inLanguage\":\"pt-BR\",\"@id\":\"https:\/\/verdadeon.com.br\/portal\/#\/schema\/person\/image\/\",\"url\":\"https:\/\/secure.gravatar.com\/avatar\/459a9613caaaf07f582c3d0841eea68bdd66f533e465e6ba8b9cb45619572cf4?s=96&d=mm&r=g\",\"contentUrl\":\"https:\/\/secure.gravatar.com\/avatar\/459a9613caaaf07f582c3d0841eea68bdd66f533e465e6ba8b9cb45619572cf4?s=96&d=mm&r=g\",\"caption\":\"Redacao VerdadeOn\"},\"url\":\"https:\/\/verdadeon.com.br\/portal\/author\/redacao\/\"}]}<\/script>\n<!-- \/ Yoast SEO plugin. -->","yoast_head_json":{"title":"Dengue, Chikungunya e Zika: conhe\u00e7a os sintomas de cada doen\u00e7a - VerdadeOn","robots":{"index":"index","follow":"follow","max-snippet":"max-snippet:-1","max-image-preview":"max-image-preview:large","max-video-preview":"max-video-preview:-1"},"canonical":"https:\/\/verdadeon.com.br\/portal\/2024\/02\/08\/dengue-chikungunya-e-zika-conheca-os-sintomas-de-cada-doenca\/","og_locale":"pt_BR","og_type":"article","og_title":"Dengue, Chikungunya e Zika: conhe\u00e7a os sintomas de cada doen\u00e7a - VerdadeOn","og_description":"A Infectologista da Afya, Ra\u00edssa de Moraes, recomenda: \u201cOs sintomas podem ser parecidos, por isso, \u00e9 importante uma avalia\u00e7\u00e3o m\u00e9dica\u201d O Brasil registrou em janeiro 243.721 [\u2026]","og_url":"https:\/\/verdadeon.com.br\/portal\/2024\/02\/08\/dengue-chikungunya-e-zika-conheca-os-sintomas-de-cada-doenca\/","og_site_name":"VerdadeOn","article_published_time":"2024-02-08T14:00:15+00:00","og_image":[{"width":2560,"height":1715,"url":"https:\/\/verdadeon.com.br\/portal\/wp-content\/uploads\/2024\/02\/close-up-de-mosquito-sugando-sangue-do-braco-humano-scaled.jpg","type":"image\/jpeg"}],"author":"Redacao VerdadeOn","twitter_card":"summary_large_image","twitter_misc":{"Escrito por":"Redacao VerdadeOn","Est. tempo de leitura":"4 minutos"},"schema":{"@context":"https:\/\/schema.org","@graph":[{"@type":"WebPage","@id":"https:\/\/verdadeon.com.br\/portal\/2024\/02\/08\/dengue-chikungunya-e-zika-conheca-os-sintomas-de-cada-doenca\/","url":"https:\/\/verdadeon.com.br\/portal\/2024\/02\/08\/dengue-chikungunya-e-zika-conheca-os-sintomas-de-cada-doenca\/","name":"Dengue, Chikungunya e Zika: conhe\u00e7a os sintomas de cada doen\u00e7a - VerdadeOn","isPartOf":{"@id":"https:\/\/verdadeon.com.br\/portal\/#website"},"primaryImageOfPage":{"@id":"https:\/\/verdadeon.com.br\/portal\/2024\/02\/08\/dengue-chikungunya-e-zika-conheca-os-sintomas-de-cada-doenca\/#primaryimage"},"image":{"@id":"https:\/\/verdadeon.com.br\/portal\/2024\/02\/08\/dengue-chikungunya-e-zika-conheca-os-sintomas-de-cada-doenca\/#primaryimage"},"thumbnailUrl":"https:\/\/i0.wp.com\/verdadeon.com.br\/portal\/wp-content\/uploads\/2024\/02\/close-up-de-mosquito-sugando-sangue-do-braco-humano-scaled.jpg?fit=2560%2C1715&ssl=1","datePublished":"2024-02-08T14:00:15+00:00","author":{"@id":"https:\/\/verdadeon.com.br\/portal\/#\/schema\/person\/a5060ad1e9ea3df545188fc93ce43d2f"},"breadcrumb":{"@id":"https:\/\/verdadeon.com.br\/portal\/2024\/02\/08\/dengue-chikungunya-e-zika-conheca-os-sintomas-de-cada-doenca\/#breadcrumb"},"inLanguage":"pt-BR","potentialAction":[{"@type":"ReadAction","target":["https:\/\/verdadeon.com.br\/portal\/2024\/02\/08\/dengue-chikungunya-e-zika-conheca-os-sintomas-de-cada-doenca\/"]}]},{"@type":"ImageObject","inLanguage":"pt-BR","@id":"https:\/\/verdadeon.com.br\/portal\/2024\/02\/08\/dengue-chikungunya-e-zika-conheca-os-sintomas-de-cada-doenca\/#primaryimage","url":"https:\/\/i0.wp.com\/verdadeon.com.br\/portal\/wp-content\/uploads\/2024\/02\/close-up-de-mosquito-sugando-sangue-do-braco-humano-scaled.jpg?fit=2560%2C1715&ssl=1","contentUrl":"https:\/\/i0.wp.com\/verdadeon.com.br\/portal\/wp-content\/uploads\/2024\/02\/close-up-de-mosquito-sugando-sangue-do-braco-humano-scaled.jpg?fit=2560%2C1715&ssl=1","width":2560,"height":1715,"caption":"Doen\u00e7as s\u00e3o causadas pelo mosquito Aedes Aegypti (\u00a9Freepik)"},{"@type":"BreadcrumbList","@id":"https:\/\/verdadeon.com.br\/portal\/2024\/02\/08\/dengue-chikungunya-e-zika-conheca-os-sintomas-de-cada-doenca\/#breadcrumb","itemListElement":[{"@type":"ListItem","position":1,"name":"In\u00edcio","item":"https:\/\/verdadeon.com.br\/portal\/"},{"@type":"ListItem","position":2,"name":"Dengue, Chikungunya e Zika: conhe\u00e7a os sintomas de cada doen\u00e7a"}]},{"@type":"WebSite","@id":"https:\/\/verdadeon.com.br\/portal\/#website","url":"https:\/\/verdadeon.com.br\/portal\/","name":"VerdadeOn","description":"Not\u00edcias di\u00e1rias sobre Franca, Regi\u00e3o, Esporte, Cultura, Cotidiano, Colunas. Cobertura nos principais eventos da cidade \u00e9 aqui - Verdadeon Franca","potentialAction":[{"@type":"SearchAction","target":{"@type":"EntryPoint","urlTemplate":"https:\/\/verdadeon.com.br\/portal\/?s={search_term_string}"},"query-input":{"@type":"PropertyValueSpecification","valueRequired":true,"valueName":"search_term_string"}}],"inLanguage":"pt-BR"},{"@type":"Person","@id":"https:\/\/verdadeon.com.br\/portal\/#\/schema\/person\/a5060ad1e9ea3df545188fc93ce43d2f","name":"Redacao VerdadeOn","image":{"@type":"ImageObject","inLanguage":"pt-BR","@id":"https:\/\/verdadeon.com.br\/portal\/#\/schema\/person\/image\/","url":"https:\/\/secure.gravatar.com\/avatar\/459a9613caaaf07f582c3d0841eea68bdd66f533e465e6ba8b9cb45619572cf4?s=96&d=mm&r=g","contentUrl":"https:\/\/secure.gravatar.com\/avatar\/459a9613caaaf07f582c3d0841eea68bdd66f533e465e6ba8b9cb45619572cf4?s=96&d=mm&r=g","caption":"Redacao VerdadeOn"},"url":"https:\/\/verdadeon.com.br\/portal\/author\/redacao\/"}]}},"jetpack_publicize_connections":[],"jetpack_featured_media_url":"https:\/\/i0.wp.com\/verdadeon.com.br\/portal\/wp-content\/uploads\/2024\/02\/close-up-de-mosquito-sugando-sangue-do-braco-humano-scaled.jpg?fit=2560%2C1715&ssl=1","jetpack_sharing_enabled":true,"_links":{"self":[{"href":"https:\/\/verdadeon.com.br\/portal\/wp-json\/wp\/v2\/posts\/41380","targetHints":{"allow":["GET"]}}],"collection":[{"href":"https:\/\/verdadeon.com.br\/portal\/wp-json\/wp\/v2\/posts"}],"about":[{"href":"https:\/\/verdadeon.com.br\/portal\/wp-json\/wp\/v2\/types\/post"}],"author":[{"embeddable":true,"href":"https:\/\/verdadeon.com.br\/portal\/wp-json\/wp\/v2\/users\/10"}],"replies":[{"embeddable":true,"href":"https:\/\/verdadeon.com.br\/portal\/wp-json\/wp\/v2\/comments?post=41380"}],"version-history":[{"count":1,"href":"https:\/\/verdadeon.com.br\/portal\/wp-json\/wp\/v2\/posts\/41380\/revisions"}],"predecessor-version":[{"id":41382,"href":"https:\/\/verdadeon.com.br\/portal\/wp-json\/wp\/v2\/posts\/41380\/revisions\/41382"}],"wp:featuredmedia":[{"embeddable":true,"href":"https:\/\/verdadeon.com.br\/portal\/wp-json\/wp\/v2\/media\/41381"}],"wp:attachment":[{"href":"https:\/\/verdadeon.com.br\/portal\/wp-json\/wp\/v2\/media?parent=41380"}],"wp:term":[{"taxonomy":"category","embeddable":true,"href":"https:\/\/verdadeon.com.br\/portal\/wp-json\/wp\/v2\/categories?post=41380"},{"taxonomy":"post_tag","embeddable":true,"href":"https:\/\/verdadeon.com.br\/portal\/wp-json\/wp\/v2\/tags?post=41380"}],"curies":[{"name":"wp","href":"https:\/\/api.w.org\/{rel}","templated":true}]}}