{"id":41375,"date":"2024-02-07T15:51:47","date_gmt":"2024-02-07T18:51:47","guid":{"rendered":"https:\/\/verdadeon.com.br\/portal\/?p=41375"},"modified":"2024-02-07T15:51:47","modified_gmt":"2024-02-07T18:51:47","slug":"brasil-quer-eliminar-14-doencas-que-atingem-populacao-vulneravel","status":"publish","type":"post","link":"https:\/\/verdadeon.com.br\/portal\/2024\/02\/07\/brasil-quer-eliminar-14-doencas-que-atingem-populacao-vulneravel\/","title":{"rendered":"Brasil quer eliminar 14 doen\u00e7as que atingem popula\u00e7\u00e3o vulner\u00e1vel"},"content":{"rendered":"<div class=\"row\">\n<h2 class=\"col-10 offset-1 animated fadeInDown dealy-900 display-8 display-md-8 alt-font font-italic my-1 text-center\">De 2017 a 2021, enfermidades causaram mais de 59 mil mortes no pa\u00eds<\/h2>\n<p>O governo federal pretende eliminar ou reduzir, como problema de sa\u00fade p\u00fablica, 14 doen\u00e7as e infec\u00e7\u00f5es que acometem, de forma mais intensa, popula\u00e7\u00f5es em situa\u00e7\u00e3o de maior vulnerabilidade social. Tais doen\u00e7as s\u00e3o conhecidas como socialmente determinadas.<img data-recalc-dims=\"1\" decoding=\"async\" src=\"https:\/\/i0.wp.com\/agenciabrasil.ebc.com.br\/ebc.png?w=1220&#038;ssl=1\" \/><img data-recalc-dims=\"1\" decoding=\"async\" src=\"https:\/\/i0.wp.com\/agenciabrasil.ebc.com.br\/ebc.gif?w=1220&#038;ssl=1\" \/><\/p>\n<p>O\u00a0<a href=\"https:\/\/www.in.gov.br\/en\/web\/dou\/-\/decreto-n-11.908-de-6-de-fevereiro-de-2024-541909024\" target=\"_blank\" rel=\"noopener\">decreto\u00a0<\/a>que institui o programa Brasil Saud\u00e1vel foi assinado pelo presidente Luiz In\u00e1cio Lula da Silva e pela ministra da Sa\u00fade, N\u00edsia Trindade, e publicado nesta quarta-feira (7) no\u00a0<em>Di\u00e1rio Oficial da Uni\u00e3o<\/em>.<\/p>\n<p>Dados do minist\u00e9rio mostram que, entre 2017 e 2021, as doen\u00e7as determinadas socialmente foram respons\u00e1veis pela morte de mais de 59 mil pessoas no Brasil. A meta \u00e9 eliminar a mal\u00e1ria, a doen\u00e7a de Chagas, o tracoma, a filariose linf\u00e1tica, a esquistossomose, a oncocercose e a geo-helmint\u00edase, al\u00e9m de infec\u00e7\u00f5es de transmiss\u00e3o vertical, como s\u00edfilis, hepatite B, HIV e HTLV.<\/p>\n<p>O programa prev\u00ea ainda a redu\u00e7\u00e3o da transmiss\u00e3o da tuberculose, da hansen\u00edase, das hepatites virais e do HIV\/aids. Ao todo, 14 minist\u00e9rios devem atuar em diversas frentes, como enfrentamento da fome e da pobreza; amplia\u00e7\u00e3o dos direitos humanos; prote\u00e7\u00e3o social para popula\u00e7\u00f5es e territ\u00f3rios priorit\u00e1rios; qualifica\u00e7\u00e3o de trabalhadores, movimentos sociais e sociedade civil e amplia\u00e7\u00e3o de a\u00e7\u00f5es de infraestrutura e de saneamento b\u00e1sico e ambiental.<\/p>\n<p><strong>Munic\u00edpios priorit\u00e1rios<\/strong><\/p>\n<p>A expectativa do governo federal \u00e9 que grupos mais vulner\u00e1veis socialmente corram menos risco de adoecer e que pessoas atingidas pelas doen\u00e7as e infec\u00e7\u00f5es abrangidas pela programa possam realizar o tratamento de forma adequada, com menos custo e melhor resultado.<\/p>\n<p>O programa identificou 175 munic\u00edpios como priorit\u00e1rios por possu\u00edrem altas cargas de duas ou mais doen\u00e7as e infec\u00e7\u00f5es determinadas socialmente.<\/p>\n<p><strong>An\u00e1lise<\/strong><\/p>\n<p>Para a ministra da Sa\u00fade, N\u00edsia Trindade, a a\u00e7\u00e3o \u00e9 estrat\u00e9gica para o pa\u00eds e representa uma importante agenda. Na cerim\u00f4nia de lan\u00e7amento do Brasil Saud\u00e1vel, a ministra lembrou que as doen\u00e7as determinadas socialmente, diferentemente do que muitos pensam, n\u00e3o s\u00e3o causadas pela pobreza, mas pela desigualdade.<\/p>\n<p>Em sua fala, N\u00edsia lembrou que, quando se fala de determinantes sociais, fala-se tamb\u00e9m de determinantes \u00e9tnico-culturais. Na avalia\u00e7\u00e3o da ministra, a desigualdade impacta n\u00e3o apenas as 14 doen\u00e7as listadas pela pasta, mas todo tipo de enfermidade \u2013 desde doen\u00e7as cr\u00f4nicas at\u00e9 o tratamento do c\u00e2ncer.<\/p>\n<p>Durante o evento, o diretor-geral da Organiza\u00e7\u00e3o Pan-Americana da Sa\u00fade (Opas), Jarbas Barbosa, classificou o programa como ambicioso e destacou que as Am\u00e9ricas t\u00eam grande lideran\u00e7a no mundo em rela\u00e7\u00e3o \u00e0 elimina\u00e7\u00e3o de doen\u00e7as como var\u00edola e mal\u00e1ria. \u201cH\u00e1 avan\u00e7os importantes na regi\u00e3o.\u201d<\/p>\n<p>Jarbas lembrou que, infelizmente, a pandemia de covid-19 impactou negativamente todos os sistemas de sa\u00fade da regi\u00e3o e que a iniquidade nas Am\u00e9ricas continua tremenda. \u201c\u00c9, talvez, a regi\u00e3o mais desigual do mundo\u201d, disse o diretor da Opas, ao citar que temos, ao mesmo tempo, a na\u00e7\u00e3o mais rica do planeta, os Estados Unidos, e pa\u00edses com graves crises sociais e pol\u00edticas.<\/p>\n<p>O diretor-geral da Organiza\u00e7\u00e3o Mundial da Sa\u00fade (OMS), Tedros Adhanom Ghebreyesus, tamb\u00e9m presente na solenidade, considerou a iniciativa muito importante e destacou o papel dos movimentos sociais. \u201cV\u00e3o dar energia a esse plano\u201d, disse Adhanom. \u201cN\u00e3o pode ser feito somente pelo governo\u201d, completou.<\/p>\n<p>\u201cEste plano \u00e9 audacioso. Realmente audacioso. Meu tipo de plano favorito, brincou.<\/p>\n<p><strong>Articula\u00e7\u00e3o<\/strong><\/p>\n<p>Coordenado pelo Minist\u00e9rio da Sa\u00fade, o Brasil Saud\u00e1vel ter\u00e1 a\u00e7\u00f5es articuladas com as pastas da Ci\u00eancia, Tecnologia e Inova\u00e7\u00e3o; do Desenvolvimento e Assist\u00eancia Social, Fam\u00edlia e Combate \u00e0 Fome; dos Direitos Humanos e Cidadania; da Educa\u00e7\u00e3o; da Igualdade Racial; da Integra\u00e7\u00e3o e Desenvolvimento Regional; da Previd\u00eancia Social, do Trabalho e Emprego; da Justi\u00e7a e Seguran\u00e7a P\u00fablica; das Cidades; das Mulheres; do Meio Ambiente e Mudan\u00e7a do Clima e dos Povos Ind\u00edgenas.<\/p>\n<p>Fonte: Ag\u00eancia Brasil<\/p>\n<\/div>\n","protected":false},"excerpt":{"rendered":"<p>De 2017 a 2021, enfermidades causaram mais de 59 mil mortes no pa\u00eds O governo federal pretende eliminar ou reduzir, como problema de sa\u00fade p\u00fablica, 14<span class=\"excerpt-hellip\"> [\u2026]<\/span><\/p>\n","protected":false},"author":10,"featured_media":36186,"comment_status":"open","ping_status":"open","sticky":false,"template":"","format":"standard","meta":{"_jetpack_memberships_contains_paid_content":false,"footnotes":"","jetpack_publicize_message":"","jetpack_publicize_feature_enabled":true,"jetpack_social_post_already_shared":false,"jetpack_social_options":{"image_generator_settings":{"template":"highway","default_image_id":0,"enabled":false},"version":2}},"categories":[28,44],"tags":[],"class_list":["post-41375","post","type-post","status-publish","format-standard","has-post-thumbnail","hentry","category-cotidiano","category-noticias"],"yoast_head":"<!-- This site is optimized with the Yoast SEO plugin v25.6 - https:\/\/yoast.com\/wordpress\/plugins\/seo\/ -->\n<title>Brasil quer eliminar 14 doen\u00e7as que atingem popula\u00e7\u00e3o vulner\u00e1vel - VerdadeOn<\/title>\n<meta name=\"robots\" content=\"index, follow, max-snippet:-1, max-image-preview:large, max-video-preview:-1\" \/>\n<link rel=\"canonical\" href=\"https:\/\/verdadeon.com.br\/portal\/2024\/02\/07\/brasil-quer-eliminar-14-doencas-que-atingem-populacao-vulneravel\/\" \/>\n<meta property=\"og:locale\" content=\"pt_BR\" \/>\n<meta property=\"og:type\" content=\"article\" \/>\n<meta property=\"og:title\" content=\"Brasil quer eliminar 14 doen\u00e7as que atingem popula\u00e7\u00e3o vulner\u00e1vel - VerdadeOn\" \/>\n<meta property=\"og:description\" content=\"De 2017 a 2021, enfermidades causaram mais de 59 mil mortes no pa\u00eds O governo federal pretende eliminar ou reduzir, como problema de sa\u00fade p\u00fablica, 14 [\u2026]\" \/>\n<meta property=\"og:url\" content=\"https:\/\/verdadeon.com.br\/portal\/2024\/02\/07\/brasil-quer-eliminar-14-doencas-que-atingem-populacao-vulneravel\/\" \/>\n<meta property=\"og:site_name\" content=\"VerdadeOn\" \/>\n<meta property=\"article:published_time\" content=\"2024-02-07T18:51:47+00:00\" \/>\n<meta property=\"og:image\" content=\"https:\/\/verdadeon.com.br\/portal\/wp-content\/uploads\/2023\/07\/52372657233_8cdebfc14f_o-1.jpg\" \/>\n\t<meta property=\"og:image:width\" content=\"1044\" \/>\n\t<meta property=\"og:image:height\" content=\"700\" \/>\n\t<meta property=\"og:image:type\" content=\"image\/jpeg\" \/>\n<meta name=\"author\" content=\"Redacao VerdadeOn\" \/>\n<meta name=\"twitter:card\" content=\"summary_large_image\" \/>\n<meta name=\"twitter:label1\" content=\"Escrito por\" \/>\n\t<meta name=\"twitter:data1\" content=\"Redacao VerdadeOn\" \/>\n\t<meta name=\"twitter:label2\" content=\"Est. tempo de leitura\" \/>\n\t<meta name=\"twitter:data2\" content=\"3 minutos\" \/>\n<script type=\"application\/ld+json\" class=\"yoast-schema-graph\">{\"@context\":\"https:\/\/schema.org\",\"@graph\":[{\"@type\":\"WebPage\",\"@id\":\"https:\/\/verdadeon.com.br\/portal\/2024\/02\/07\/brasil-quer-eliminar-14-doencas-que-atingem-populacao-vulneravel\/\",\"url\":\"https:\/\/verdadeon.com.br\/portal\/2024\/02\/07\/brasil-quer-eliminar-14-doencas-que-atingem-populacao-vulneravel\/\",\"name\":\"Brasil quer eliminar 14 doen\u00e7as que atingem popula\u00e7\u00e3o vulner\u00e1vel - VerdadeOn\",\"isPartOf\":{\"@id\":\"https:\/\/verdadeon.com.br\/portal\/#website\"},\"primaryImageOfPage\":{\"@id\":\"https:\/\/verdadeon.com.br\/portal\/2024\/02\/07\/brasil-quer-eliminar-14-doencas-que-atingem-populacao-vulneravel\/#primaryimage\"},\"image\":{\"@id\":\"https:\/\/verdadeon.com.br\/portal\/2024\/02\/07\/brasil-quer-eliminar-14-doencas-que-atingem-populacao-vulneravel\/#primaryimage\"},\"thumbnailUrl\":\"https:\/\/i0.wp.com\/verdadeon.com.br\/portal\/wp-content\/uploads\/2023\/07\/52372657233_8cdebfc14f_o-1.jpg?fit=1044%2C700&ssl=1\",\"datePublished\":\"2024-02-07T18:51:47+00:00\",\"author\":{\"@id\":\"https:\/\/verdadeon.com.br\/portal\/#\/schema\/person\/a5060ad1e9ea3df545188fc93ce43d2f\"},\"breadcrumb\":{\"@id\":\"https:\/\/verdadeon.com.br\/portal\/2024\/02\/07\/brasil-quer-eliminar-14-doencas-que-atingem-populacao-vulneravel\/#breadcrumb\"},\"inLanguage\":\"pt-BR\",\"potentialAction\":[{\"@type\":\"ReadAction\",\"target\":[\"https:\/\/verdadeon.com.br\/portal\/2024\/02\/07\/brasil-quer-eliminar-14-doencas-que-atingem-populacao-vulneravel\/\"]}]},{\"@type\":\"ImageObject\",\"inLanguage\":\"pt-BR\",\"@id\":\"https:\/\/verdadeon.com.br\/portal\/2024\/02\/07\/brasil-quer-eliminar-14-doencas-que-atingem-populacao-vulneravel\/#primaryimage\",\"url\":\"https:\/\/i0.wp.com\/verdadeon.com.br\/portal\/wp-content\/uploads\/2023\/07\/52372657233_8cdebfc14f_o-1.jpg?fit=1044%2C700&ssl=1\",\"contentUrl\":\"https:\/\/i0.wp.com\/verdadeon.com.br\/portal\/wp-content\/uploads\/2023\/07\/52372657233_8cdebfc14f_o-1.jpg?fit=1044%2C700&ssl=1\",\"width\":1044,\"height\":700,\"caption\":\"Meta \u00e9 eliminar a mal\u00e1ria, a doen\u00e7a de Chagas, o tracoma, a filariose linf\u00e1tica, a esquistossomose, a oncocercose e a geo-helmint\u00edase, al\u00e9m de infec\u00e7\u00f5es de transmiss\u00e3o vertical, como s\u00edfilis, hepatite B, HIV e HTLV (\u00a9Renato Ara\u00fajo\/Ag\u00eancia Bras\u00edlia)\"},{\"@type\":\"BreadcrumbList\",\"@id\":\"https:\/\/verdadeon.com.br\/portal\/2024\/02\/07\/brasil-quer-eliminar-14-doencas-que-atingem-populacao-vulneravel\/#breadcrumb\",\"itemListElement\":[{\"@type\":\"ListItem\",\"position\":1,\"name\":\"In\u00edcio\",\"item\":\"https:\/\/verdadeon.com.br\/portal\/\"},{\"@type\":\"ListItem\",\"position\":2,\"name\":\"Brasil quer eliminar 14 doen\u00e7as que atingem popula\u00e7\u00e3o vulner\u00e1vel\"}]},{\"@type\":\"WebSite\",\"@id\":\"https:\/\/verdadeon.com.br\/portal\/#website\",\"url\":\"https:\/\/verdadeon.com.br\/portal\/\",\"name\":\"VerdadeOn\",\"description\":\"Not\u00edcias di\u00e1rias sobre Franca, Regi\u00e3o, Esporte, Cultura, Cotidiano, Colunas. Cobertura nos principais eventos da cidade \u00e9 aqui - Verdadeon Franca\",\"potentialAction\":[{\"@type\":\"SearchAction\",\"target\":{\"@type\":\"EntryPoint\",\"urlTemplate\":\"https:\/\/verdadeon.com.br\/portal\/?s={search_term_string}\"},\"query-input\":{\"@type\":\"PropertyValueSpecification\",\"valueRequired\":true,\"valueName\":\"search_term_string\"}}],\"inLanguage\":\"pt-BR\"},{\"@type\":\"Person\",\"@id\":\"https:\/\/verdadeon.com.br\/portal\/#\/schema\/person\/a5060ad1e9ea3df545188fc93ce43d2f\",\"name\":\"Redacao VerdadeOn\",\"image\":{\"@type\":\"ImageObject\",\"inLanguage\":\"pt-BR\",\"@id\":\"https:\/\/verdadeon.com.br\/portal\/#\/schema\/person\/image\/\",\"url\":\"https:\/\/secure.gravatar.com\/avatar\/459a9613caaaf07f582c3d0841eea68bdd66f533e465e6ba8b9cb45619572cf4?s=96&d=mm&r=g\",\"contentUrl\":\"https:\/\/secure.gravatar.com\/avatar\/459a9613caaaf07f582c3d0841eea68bdd66f533e465e6ba8b9cb45619572cf4?s=96&d=mm&r=g\",\"caption\":\"Redacao VerdadeOn\"},\"url\":\"https:\/\/verdadeon.com.br\/portal\/author\/redacao\/\"}]}<\/script>\n<!-- \/ Yoast SEO plugin. -->","yoast_head_json":{"title":"Brasil quer eliminar 14 doen\u00e7as que atingem popula\u00e7\u00e3o vulner\u00e1vel - VerdadeOn","robots":{"index":"index","follow":"follow","max-snippet":"max-snippet:-1","max-image-preview":"max-image-preview:large","max-video-preview":"max-video-preview:-1"},"canonical":"https:\/\/verdadeon.com.br\/portal\/2024\/02\/07\/brasil-quer-eliminar-14-doencas-que-atingem-populacao-vulneravel\/","og_locale":"pt_BR","og_type":"article","og_title":"Brasil quer eliminar 14 doen\u00e7as que atingem popula\u00e7\u00e3o vulner\u00e1vel - VerdadeOn","og_description":"De 2017 a 2021, enfermidades causaram mais de 59 mil mortes no pa\u00eds O governo federal pretende eliminar ou reduzir, como problema de sa\u00fade p\u00fablica, 14 [\u2026]","og_url":"https:\/\/verdadeon.com.br\/portal\/2024\/02\/07\/brasil-quer-eliminar-14-doencas-que-atingem-populacao-vulneravel\/","og_site_name":"VerdadeOn","article_published_time":"2024-02-07T18:51:47+00:00","og_image":[{"width":1044,"height":700,"url":"https:\/\/verdadeon.com.br\/portal\/wp-content\/uploads\/2023\/07\/52372657233_8cdebfc14f_o-1.jpg","type":"image\/jpeg"}],"author":"Redacao VerdadeOn","twitter_card":"summary_large_image","twitter_misc":{"Escrito por":"Redacao VerdadeOn","Est. tempo de leitura":"3 minutos"},"schema":{"@context":"https:\/\/schema.org","@graph":[{"@type":"WebPage","@id":"https:\/\/verdadeon.com.br\/portal\/2024\/02\/07\/brasil-quer-eliminar-14-doencas-que-atingem-populacao-vulneravel\/","url":"https:\/\/verdadeon.com.br\/portal\/2024\/02\/07\/brasil-quer-eliminar-14-doencas-que-atingem-populacao-vulneravel\/","name":"Brasil quer eliminar 14 doen\u00e7as que atingem popula\u00e7\u00e3o vulner\u00e1vel - VerdadeOn","isPartOf":{"@id":"https:\/\/verdadeon.com.br\/portal\/#website"},"primaryImageOfPage":{"@id":"https:\/\/verdadeon.com.br\/portal\/2024\/02\/07\/brasil-quer-eliminar-14-doencas-que-atingem-populacao-vulneravel\/#primaryimage"},"image":{"@id":"https:\/\/verdadeon.com.br\/portal\/2024\/02\/07\/brasil-quer-eliminar-14-doencas-que-atingem-populacao-vulneravel\/#primaryimage"},"thumbnailUrl":"https:\/\/i0.wp.com\/verdadeon.com.br\/portal\/wp-content\/uploads\/2023\/07\/52372657233_8cdebfc14f_o-1.jpg?fit=1044%2C700&ssl=1","datePublished":"2024-02-07T18:51:47+00:00","author":{"@id":"https:\/\/verdadeon.com.br\/portal\/#\/schema\/person\/a5060ad1e9ea3df545188fc93ce43d2f"},"breadcrumb":{"@id":"https:\/\/verdadeon.com.br\/portal\/2024\/02\/07\/brasil-quer-eliminar-14-doencas-que-atingem-populacao-vulneravel\/#breadcrumb"},"inLanguage":"pt-BR","potentialAction":[{"@type":"ReadAction","target":["https:\/\/verdadeon.com.br\/portal\/2024\/02\/07\/brasil-quer-eliminar-14-doencas-que-atingem-populacao-vulneravel\/"]}]},{"@type":"ImageObject","inLanguage":"pt-BR","@id":"https:\/\/verdadeon.com.br\/portal\/2024\/02\/07\/brasil-quer-eliminar-14-doencas-que-atingem-populacao-vulneravel\/#primaryimage","url":"https:\/\/i0.wp.com\/verdadeon.com.br\/portal\/wp-content\/uploads\/2023\/07\/52372657233_8cdebfc14f_o-1.jpg?fit=1044%2C700&ssl=1","contentUrl":"https:\/\/i0.wp.com\/verdadeon.com.br\/portal\/wp-content\/uploads\/2023\/07\/52372657233_8cdebfc14f_o-1.jpg?fit=1044%2C700&ssl=1","width":1044,"height":700,"caption":"Meta \u00e9 eliminar a mal\u00e1ria, a doen\u00e7a de Chagas, o tracoma, a filariose linf\u00e1tica, a esquistossomose, a oncocercose e a geo-helmint\u00edase, al\u00e9m de infec\u00e7\u00f5es de transmiss\u00e3o vertical, como s\u00edfilis, hepatite B, HIV e HTLV (\u00a9Renato Ara\u00fajo\/Ag\u00eancia Bras\u00edlia)"},{"@type":"BreadcrumbList","@id":"https:\/\/verdadeon.com.br\/portal\/2024\/02\/07\/brasil-quer-eliminar-14-doencas-que-atingem-populacao-vulneravel\/#breadcrumb","itemListElement":[{"@type":"ListItem","position":1,"name":"In\u00edcio","item":"https:\/\/verdadeon.com.br\/portal\/"},{"@type":"ListItem","position":2,"name":"Brasil quer eliminar 14 doen\u00e7as que atingem popula\u00e7\u00e3o vulner\u00e1vel"}]},{"@type":"WebSite","@id":"https:\/\/verdadeon.com.br\/portal\/#website","url":"https:\/\/verdadeon.com.br\/portal\/","name":"VerdadeOn","description":"Not\u00edcias di\u00e1rias sobre Franca, Regi\u00e3o, Esporte, Cultura, Cotidiano, Colunas. Cobertura nos principais eventos da cidade \u00e9 aqui - Verdadeon Franca","potentialAction":[{"@type":"SearchAction","target":{"@type":"EntryPoint","urlTemplate":"https:\/\/verdadeon.com.br\/portal\/?s={search_term_string}"},"query-input":{"@type":"PropertyValueSpecification","valueRequired":true,"valueName":"search_term_string"}}],"inLanguage":"pt-BR"},{"@type":"Person","@id":"https:\/\/verdadeon.com.br\/portal\/#\/schema\/person\/a5060ad1e9ea3df545188fc93ce43d2f","name":"Redacao VerdadeOn","image":{"@type":"ImageObject","inLanguage":"pt-BR","@id":"https:\/\/verdadeon.com.br\/portal\/#\/schema\/person\/image\/","url":"https:\/\/secure.gravatar.com\/avatar\/459a9613caaaf07f582c3d0841eea68bdd66f533e465e6ba8b9cb45619572cf4?s=96&d=mm&r=g","contentUrl":"https:\/\/secure.gravatar.com\/avatar\/459a9613caaaf07f582c3d0841eea68bdd66f533e465e6ba8b9cb45619572cf4?s=96&d=mm&r=g","caption":"Redacao VerdadeOn"},"url":"https:\/\/verdadeon.com.br\/portal\/author\/redacao\/"}]}},"jetpack_publicize_connections":[],"jetpack_featured_media_url":"https:\/\/i0.wp.com\/verdadeon.com.br\/portal\/wp-content\/uploads\/2023\/07\/52372657233_8cdebfc14f_o-1.jpg?fit=1044%2C700&ssl=1","jetpack_sharing_enabled":true,"_links":{"self":[{"href":"https:\/\/verdadeon.com.br\/portal\/wp-json\/wp\/v2\/posts\/41375","targetHints":{"allow":["GET"]}}],"collection":[{"href":"https:\/\/verdadeon.com.br\/portal\/wp-json\/wp\/v2\/posts"}],"about":[{"href":"https:\/\/verdadeon.com.br\/portal\/wp-json\/wp\/v2\/types\/post"}],"author":[{"embeddable":true,"href":"https:\/\/verdadeon.com.br\/portal\/wp-json\/wp\/v2\/users\/10"}],"replies":[{"embeddable":true,"href":"https:\/\/verdadeon.com.br\/portal\/wp-json\/wp\/v2\/comments?post=41375"}],"version-history":[{"count":1,"href":"https:\/\/verdadeon.com.br\/portal\/wp-json\/wp\/v2\/posts\/41375\/revisions"}],"predecessor-version":[{"id":41377,"href":"https:\/\/verdadeon.com.br\/portal\/wp-json\/wp\/v2\/posts\/41375\/revisions\/41377"}],"wp:featuredmedia":[{"embeddable":true,"href":"https:\/\/verdadeon.com.br\/portal\/wp-json\/wp\/v2\/media\/36186"}],"wp:attachment":[{"href":"https:\/\/verdadeon.com.br\/portal\/wp-json\/wp\/v2\/media?parent=41375"}],"wp:term":[{"taxonomy":"category","embeddable":true,"href":"https:\/\/verdadeon.com.br\/portal\/wp-json\/wp\/v2\/categories?post=41375"},{"taxonomy":"post_tag","embeddable":true,"href":"https:\/\/verdadeon.com.br\/portal\/wp-json\/wp\/v2\/tags?post=41375"}],"curies":[{"name":"wp","href":"https:\/\/api.w.org\/{rel}","templated":true}]}}