{"id":41365,"date":"2024-02-07T10:00:13","date_gmt":"2024-02-07T13:00:13","guid":{"rendered":"https:\/\/verdadeon.com.br\/portal\/?p=41365"},"modified":"2024-02-07T12:24:59","modified_gmt":"2024-02-07T15:24:59","slug":"fussol-e-caminho-para-o-emprego-com-inscricoes-de-cursos-especiais-de-pascoa","status":"publish","type":"post","link":"https:\/\/verdadeon.com.br\/portal\/2024\/02\/07\/fussol-e-caminho-para-o-emprego-com-inscricoes-de-cursos-especiais-de-pascoa\/","title":{"rendered":"Fussol e \u2018Caminho para o Emprego\u2019 com inscri\u00e7\u00f5es de Cursos Especiais de P\u00e1scoa"},"content":{"rendered":"<h2 align=\"left\">Cursos s\u00e3o inteiramente gratuitos e s\u00e3o oferecidos em localidades diferentes<\/h2>\n<p align=\"left\">O Fussol (Fundo Social de Solidariedade), em conjunto com a Escola Profissionalizante \u2018Caminho para o Emprego\u2019 e a empresa Chokdoce, est\u00e3o com inscri\u00e7\u00f5es abertas para nove cursos especiais de P\u00e1scoa.<\/p>\n<p align=\"left\">Oferecidos em locais diferentes e nos per\u00edodos da manh\u00e3, tarde e noite, os cursos s\u00e3o gratuitos, dando a op\u00e7\u00e3o das pessoas se inscreverem naqueles hor\u00e1rios e locais que mais lhes interessam, diretamente nas entidades parceiras ou pelo site da Prefeitura.<\/p>\n<p align=\"left\">Nas aulas, os interessados aprender\u00e3o a fazer os ovos de P\u00e1scoa, rechear e embalar, fazer bombons, coelhinhos e trufar os ovos. O pr\u00e9-requisito para participar \u00e9 ter acima de 16 anos.<\/p>\n<p align=\"left\">Confira os locais, datas e hor\u00e1rios dos cursos e como fazer a inscri\u00e7\u00e3o:<\/p>\n<p><strong>Associa\u00e7\u00e3o Beneficente Os\u00f3rio Marques de Oliveira<\/strong><br \/>\nRua Volunt\u00e1rios Adriano Cintra, 1156, Vila S\u00e3o Sebasti\u00e3o<br \/>\n19 de fevereiro &#8211; segunda-feira \u2013 14h \u00e0s 17h<br \/>\nInscri\u00e7\u00f5es: (16) 98863-1478<\/p>\n<p><strong>Centro Comunit\u00e1rio Parque do Horto<\/strong><br \/>\nRua Dr. Nelson Faciolli, 231 Parque do Horto<br \/>\n22 de fevereiro &#8211; quinta-feira &#8211; 19h \u00e0s 22h<br \/>\nInscri\u00e7\u00f5es: (16) 99362.4144<\/p>\n<p><strong>Igreja Quadrangular Fam\u00edlia Global<\/strong><br \/>\nRua P\u00e9ricles Maciel, 620, Jardim Redentor<br \/>\n26 de fevereiro &#8211; segunda-feira \u2013 19h \u00e0s 22h<br \/>\nInscri\u00e7\u00f5es: (16) 99282-9249<\/p>\n<p><strong>Capela Nossa Senhora do Ros\u00e1rio<\/strong><br \/>\nRua Jos\u00e9 Josu\u00e9 da Silva, 1199, Jardim Vera Cruz<br \/>\n20 de fevereiro &#8211;\u00a0ter\u00e7a-feira &#8211; 14h \u00e0s 17h<br \/>\nInscri\u00e7\u00f5es: (16) 99969-8805<\/p>\n<p><strong>Escola Profissionalizante \u2018Caminho para o Emprego\u2019<\/strong><br \/>\nRua Dr J\u00falio Cardoso, 1948, Centro<br \/>\n29 de fevereiro \u2013 quinta-feira &#8211; 9h \u00e0s 12h<br \/>\nInscri\u00e7\u00f5es:\u00a0<a href=\"http:\/\/www.franca.sp.gov.br\/\" target=\"_blank\" rel=\"noopener\" data-saferedirecturl=\"https:\/\/www.google.com\/url?q=http:\/\/www.franca.sp.gov.br&amp;source=gmail&amp;ust=1707402866087000&amp;usg=AOvVaw3EvGDg1fcSLQfAPZArJ9Mu\">www.franca.sp.gov.br<\/a>\u00a0&#8211; link \u2018Caminho para o Emprego\u2019<br \/>\nInforma\u00e7\u00f5es nos telefones (16) 3706-6590 ou 3724-7417 (WhatsApp)<\/p>\n<p><strong>Chokdoce &#8211; Rua Domingas Scarabucci Teixeira, 1484, Cidade Nova<\/strong><br \/>\n4 de mar\u00e7o &#8211;\u00a0segunda-feira &#8211; 14h \u00e0s 17h<br \/>\nInscri\u00e7\u00f5es:\u00a0<a href=\"http:\/\/www.franca.sp.gov.br\/\" target=\"_blank\" rel=\"noopener\" data-saferedirecturl=\"https:\/\/www.google.com\/url?q=http:\/\/www.franca.sp.gov.br&amp;source=gmail&amp;ust=1707402866087000&amp;usg=AOvVaw3EvGDg1fcSLQfAPZArJ9Mu\">www.franca.sp.gov.br<\/a>\u00a0&#8211; link \u2018Caminho para o Emprego\u2019<br \/>\nInforma\u00e7\u00f5es nos telefones (16) 3706-6590 ou 3724-7417 (WhatsApp)<\/p>\n<p><strong>Casa Sandr\u00edssima &#8211; Rua Filomena Ana Rita, 390, Jardim Ipanema<\/strong><br \/>\n5 de mar\u00e7o\u00a0&#8211; ter\u00e7a-feira &#8211; 19h \u00e0s 22h<br \/>\nInscri\u00e7\u00f5es:\u00a0<a href=\"http:\/\/www.franca.sp.gov.br\/\" target=\"_blank\" rel=\"noopener\" data-saferedirecturl=\"https:\/\/www.google.com\/url?q=http:\/\/www.franca.sp.gov.br&amp;source=gmail&amp;ust=1707402866087000&amp;usg=AOvVaw3EvGDg1fcSLQfAPZArJ9Mu\">www.franca.sp.gov.br<\/a>\u00a0&#8211; link \u2018Caminho para o Emprego\u2019<br \/>\nInforma\u00e7\u00f5es nos telefones (16) 3706-6590 ou 3724-7417 (WhatsApp)<\/p>\n<p><strong>Casa Mateus &#8211; Rua Castro Alves , 606, Miramontes<\/strong><br \/>\n7 de mar\u00e7o &#8211; quinta-feira &#8211; 9h \u00e0s 12h<br \/>\nInscri\u00e7\u00f5es:\u00a0<a href=\"http:\/\/www.franca.sp.gov.br\/\" target=\"_blank\" rel=\"noopener\" data-saferedirecturl=\"https:\/\/www.google.com\/url?q=http:\/\/www.franca.sp.gov.br&amp;source=gmail&amp;ust=1707402866087000&amp;usg=AOvVaw3EvGDg1fcSLQfAPZArJ9Mu\">www.franca.sp.gov.br<\/a>\u00a0&#8211; link \u2018Caminho para o Emprego\u2019<br \/>\nInforma\u00e7\u00f5es nos telefones (16) 3706-6590 ou 3724-7417 (WhatsApp)<\/p>\n<p><strong>Igreja Assembleia de Deus &#8211; rua Ant\u00f4nio Marcos, 3311, Jardim Palma<\/strong><br \/>\n11 de mar\u00e7o\u00a0\u2013 segunda-feira \u2013 9h \u00e0s 12h<br \/>\nInscri\u00e7\u00f5es:\u00a0<a href=\"http:\/\/www.franca.sp.gov.br\/\" target=\"_blank\" rel=\"noopener\" data-saferedirecturl=\"https:\/\/www.google.com\/url?q=http:\/\/www.franca.sp.gov.br&amp;source=gmail&amp;ust=1707402866087000&amp;usg=AOvVaw3EvGDg1fcSLQfAPZArJ9Mu\">www.franca.sp.gov.br<\/a>\u00a0&#8211; link \u2018Caminho para o Emprego\u2019<br \/>\nInforma\u00e7\u00f5es nos telefones (16) 3706-6590 ou 3724-7417 (WhatsApp)<\/p>\n","protected":false},"excerpt":{"rendered":"<p>Cursos s\u00e3o inteiramente gratuitos e s\u00e3o oferecidos em localidades diferentes O Fussol (Fundo Social de Solidariedade), em conjunto com a Escola Profissionalizante \u2018Caminho para o Emprego\u2019<span class=\"excerpt-hellip\"> [\u2026]<\/span><\/p>\n","protected":false},"author":10,"featured_media":41366,"comment_status":"open","ping_status":"open","sticky":false,"template":"","format":"standard","meta":{"_jetpack_memberships_contains_paid_content":false,"footnotes":"","jetpack_publicize_message":"","jetpack_publicize_feature_enabled":true,"jetpack_social_post_already_shared":false,"jetpack_social_options":{"image_generator_settings":{"template":"highway","default_image_id":0,"enabled":false},"version":2}},"categories":[28,44],"tags":[],"class_list":["post-41365","post","type-post","status-publish","format-standard","has-post-thumbnail","hentry","category-cotidiano","category-noticias"],"yoast_head":"<!-- This site is optimized with the Yoast SEO plugin v25.6 - https:\/\/yoast.com\/wordpress\/plugins\/seo\/ -->\n<title>Fussol e \u2018Caminho para o Emprego\u2019 com inscri\u00e7\u00f5es de Cursos Especiais de P\u00e1scoa - VerdadeOn<\/title>\n<meta name=\"robots\" content=\"index, follow, max-snippet:-1, max-image-preview:large, max-video-preview:-1\" \/>\n<link rel=\"canonical\" href=\"https:\/\/verdadeon.com.br\/portal\/2024\/02\/07\/fussol-e-caminho-para-o-emprego-com-inscricoes-de-cursos-especiais-de-pascoa\/\" \/>\n<meta property=\"og:locale\" content=\"pt_BR\" \/>\n<meta property=\"og:type\" content=\"article\" \/>\n<meta property=\"og:title\" content=\"Fussol e \u2018Caminho para o Emprego\u2019 com inscri\u00e7\u00f5es de Cursos Especiais de P\u00e1scoa - VerdadeOn\" \/>\n<meta property=\"og:description\" content=\"Cursos s\u00e3o inteiramente gratuitos e s\u00e3o oferecidos em localidades diferentes O Fussol (Fundo Social de Solidariedade), em conjunto com a Escola Profissionalizante \u2018Caminho para o Emprego\u2019 [\u2026]\" \/>\n<meta property=\"og:url\" content=\"https:\/\/verdadeon.com.br\/portal\/2024\/02\/07\/fussol-e-caminho-para-o-emprego-com-inscricoes-de-cursos-especiais-de-pascoa\/\" \/>\n<meta property=\"og:site_name\" content=\"VerdadeOn\" \/>\n<meta property=\"article:published_time\" content=\"2024-02-07T13:00:13+00:00\" \/>\n<meta property=\"article:modified_time\" content=\"2024-02-07T15:24:59+00:00\" \/>\n<meta property=\"og:image\" content=\"https:\/\/verdadeon.com.br\/portal\/wp-content\/uploads\/2024\/02\/DSC_6347-scaled.jpg\" \/>\n\t<meta property=\"og:image:width\" content=\"2560\" \/>\n\t<meta property=\"og:image:height\" content=\"1715\" \/>\n\t<meta property=\"og:image:type\" content=\"image\/jpeg\" \/>\n<meta name=\"author\" content=\"Redacao VerdadeOn\" \/>\n<meta name=\"twitter:card\" content=\"summary_large_image\" \/>\n<meta name=\"twitter:label1\" content=\"Escrito por\" \/>\n\t<meta name=\"twitter:data1\" content=\"Redacao VerdadeOn\" \/>\n\t<meta name=\"twitter:label2\" content=\"Est. tempo de leitura\" \/>\n\t<meta name=\"twitter:data2\" content=\"2 minutos\" \/>\n<script type=\"application\/ld+json\" class=\"yoast-schema-graph\">{\"@context\":\"https:\/\/schema.org\",\"@graph\":[{\"@type\":\"WebPage\",\"@id\":\"https:\/\/verdadeon.com.br\/portal\/2024\/02\/07\/fussol-e-caminho-para-o-emprego-com-inscricoes-de-cursos-especiais-de-pascoa\/\",\"url\":\"https:\/\/verdadeon.com.br\/portal\/2024\/02\/07\/fussol-e-caminho-para-o-emprego-com-inscricoes-de-cursos-especiais-de-pascoa\/\",\"name\":\"Fussol e \u2018Caminho para o Emprego\u2019 com inscri\u00e7\u00f5es de Cursos Especiais de P\u00e1scoa - VerdadeOn\",\"isPartOf\":{\"@id\":\"https:\/\/verdadeon.com.br\/portal\/#website\"},\"primaryImageOfPage\":{\"@id\":\"https:\/\/verdadeon.com.br\/portal\/2024\/02\/07\/fussol-e-caminho-para-o-emprego-com-inscricoes-de-cursos-especiais-de-pascoa\/#primaryimage\"},\"image\":{\"@id\":\"https:\/\/verdadeon.com.br\/portal\/2024\/02\/07\/fussol-e-caminho-para-o-emprego-com-inscricoes-de-cursos-especiais-de-pascoa\/#primaryimage\"},\"thumbnailUrl\":\"https:\/\/i0.wp.com\/verdadeon.com.br\/portal\/wp-content\/uploads\/2024\/02\/DSC_6347-scaled.jpg?fit=2560%2C1715&ssl=1\",\"datePublished\":\"2024-02-07T13:00:13+00:00\",\"dateModified\":\"2024-02-07T15:24:59+00:00\",\"author\":{\"@id\":\"https:\/\/verdadeon.com.br\/portal\/#\/schema\/person\/a5060ad1e9ea3df545188fc93ce43d2f\"},\"breadcrumb\":{\"@id\":\"https:\/\/verdadeon.com.br\/portal\/2024\/02\/07\/fussol-e-caminho-para-o-emprego-com-inscricoes-de-cursos-especiais-de-pascoa\/#breadcrumb\"},\"inLanguage\":\"pt-BR\",\"potentialAction\":[{\"@type\":\"ReadAction\",\"target\":[\"https:\/\/verdadeon.com.br\/portal\/2024\/02\/07\/fussol-e-caminho-para-o-emprego-com-inscricoes-de-cursos-especiais-de-pascoa\/\"]}]},{\"@type\":\"ImageObject\",\"inLanguage\":\"pt-BR\",\"@id\":\"https:\/\/verdadeon.com.br\/portal\/2024\/02\/07\/fussol-e-caminho-para-o-emprego-com-inscricoes-de-cursos-especiais-de-pascoa\/#primaryimage\",\"url\":\"https:\/\/i0.wp.com\/verdadeon.com.br\/portal\/wp-content\/uploads\/2024\/02\/DSC_6347-scaled.jpg?fit=2560%2C1715&ssl=1\",\"contentUrl\":\"https:\/\/i0.wp.com\/verdadeon.com.br\/portal\/wp-content\/uploads\/2024\/02\/DSC_6347-scaled.jpg?fit=2560%2C1715&ssl=1\",\"width\":2560,\"height\":1715,\"caption\":\"Cursos s\u00e3o \u00f3timas oportunidades para quem deseja fazer um \\\"extra\\\" nesta P\u00e1scoa (\u00a9Divulga\u00e7\u00e3o)\"},{\"@type\":\"BreadcrumbList\",\"@id\":\"https:\/\/verdadeon.com.br\/portal\/2024\/02\/07\/fussol-e-caminho-para-o-emprego-com-inscricoes-de-cursos-especiais-de-pascoa\/#breadcrumb\",\"itemListElement\":[{\"@type\":\"ListItem\",\"position\":1,\"name\":\"In\u00edcio\",\"item\":\"https:\/\/verdadeon.com.br\/portal\/\"},{\"@type\":\"ListItem\",\"position\":2,\"name\":\"Fussol e \u2018Caminho para o Emprego\u2019 com inscri\u00e7\u00f5es de Cursos Especiais de P\u00e1scoa\"}]},{\"@type\":\"WebSite\",\"@id\":\"https:\/\/verdadeon.com.br\/portal\/#website\",\"url\":\"https:\/\/verdadeon.com.br\/portal\/\",\"name\":\"VerdadeOn\",\"description\":\"Not\u00edcias di\u00e1rias sobre Franca, Regi\u00e3o, Esporte, Cultura, Cotidiano, Colunas. Cobertura nos principais eventos da cidade \u00e9 aqui - Verdadeon Franca\",\"potentialAction\":[{\"@type\":\"SearchAction\",\"target\":{\"@type\":\"EntryPoint\",\"urlTemplate\":\"https:\/\/verdadeon.com.br\/portal\/?s={search_term_string}\"},\"query-input\":{\"@type\":\"PropertyValueSpecification\",\"valueRequired\":true,\"valueName\":\"search_term_string\"}}],\"inLanguage\":\"pt-BR\"},{\"@type\":\"Person\",\"@id\":\"https:\/\/verdadeon.com.br\/portal\/#\/schema\/person\/a5060ad1e9ea3df545188fc93ce43d2f\",\"name\":\"Redacao VerdadeOn\",\"image\":{\"@type\":\"ImageObject\",\"inLanguage\":\"pt-BR\",\"@id\":\"https:\/\/verdadeon.com.br\/portal\/#\/schema\/person\/image\/\",\"url\":\"https:\/\/secure.gravatar.com\/avatar\/459a9613caaaf07f582c3d0841eea68bdd66f533e465e6ba8b9cb45619572cf4?s=96&d=mm&r=g\",\"contentUrl\":\"https:\/\/secure.gravatar.com\/avatar\/459a9613caaaf07f582c3d0841eea68bdd66f533e465e6ba8b9cb45619572cf4?s=96&d=mm&r=g\",\"caption\":\"Redacao VerdadeOn\"},\"url\":\"https:\/\/verdadeon.com.br\/portal\/author\/redacao\/\"}]}<\/script>\n<!-- \/ Yoast SEO plugin. -->","yoast_head_json":{"title":"Fussol e \u2018Caminho para o Emprego\u2019 com inscri\u00e7\u00f5es de Cursos Especiais de P\u00e1scoa - VerdadeOn","robots":{"index":"index","follow":"follow","max-snippet":"max-snippet:-1","max-image-preview":"max-image-preview:large","max-video-preview":"max-video-preview:-1"},"canonical":"https:\/\/verdadeon.com.br\/portal\/2024\/02\/07\/fussol-e-caminho-para-o-emprego-com-inscricoes-de-cursos-especiais-de-pascoa\/","og_locale":"pt_BR","og_type":"article","og_title":"Fussol e \u2018Caminho para o Emprego\u2019 com inscri\u00e7\u00f5es de Cursos Especiais de P\u00e1scoa - VerdadeOn","og_description":"Cursos s\u00e3o inteiramente gratuitos e s\u00e3o oferecidos em localidades diferentes O Fussol (Fundo Social de Solidariedade), em conjunto com a Escola Profissionalizante \u2018Caminho para o Emprego\u2019 [\u2026]","og_url":"https:\/\/verdadeon.com.br\/portal\/2024\/02\/07\/fussol-e-caminho-para-o-emprego-com-inscricoes-de-cursos-especiais-de-pascoa\/","og_site_name":"VerdadeOn","article_published_time":"2024-02-07T13:00:13+00:00","article_modified_time":"2024-02-07T15:24:59+00:00","og_image":[{"width":2560,"height":1715,"url":"https:\/\/verdadeon.com.br\/portal\/wp-content\/uploads\/2024\/02\/DSC_6347-scaled.jpg","type":"image\/jpeg"}],"author":"Redacao VerdadeOn","twitter_card":"summary_large_image","twitter_misc":{"Escrito por":"Redacao VerdadeOn","Est. tempo de leitura":"2 minutos"},"schema":{"@context":"https:\/\/schema.org","@graph":[{"@type":"WebPage","@id":"https:\/\/verdadeon.com.br\/portal\/2024\/02\/07\/fussol-e-caminho-para-o-emprego-com-inscricoes-de-cursos-especiais-de-pascoa\/","url":"https:\/\/verdadeon.com.br\/portal\/2024\/02\/07\/fussol-e-caminho-para-o-emprego-com-inscricoes-de-cursos-especiais-de-pascoa\/","name":"Fussol e \u2018Caminho para o Emprego\u2019 com inscri\u00e7\u00f5es de Cursos Especiais de P\u00e1scoa - VerdadeOn","isPartOf":{"@id":"https:\/\/verdadeon.com.br\/portal\/#website"},"primaryImageOfPage":{"@id":"https:\/\/verdadeon.com.br\/portal\/2024\/02\/07\/fussol-e-caminho-para-o-emprego-com-inscricoes-de-cursos-especiais-de-pascoa\/#primaryimage"},"image":{"@id":"https:\/\/verdadeon.com.br\/portal\/2024\/02\/07\/fussol-e-caminho-para-o-emprego-com-inscricoes-de-cursos-especiais-de-pascoa\/#primaryimage"},"thumbnailUrl":"https:\/\/i0.wp.com\/verdadeon.com.br\/portal\/wp-content\/uploads\/2024\/02\/DSC_6347-scaled.jpg?fit=2560%2C1715&ssl=1","datePublished":"2024-02-07T13:00:13+00:00","dateModified":"2024-02-07T15:24:59+00:00","author":{"@id":"https:\/\/verdadeon.com.br\/portal\/#\/schema\/person\/a5060ad1e9ea3df545188fc93ce43d2f"},"breadcrumb":{"@id":"https:\/\/verdadeon.com.br\/portal\/2024\/02\/07\/fussol-e-caminho-para-o-emprego-com-inscricoes-de-cursos-especiais-de-pascoa\/#breadcrumb"},"inLanguage":"pt-BR","potentialAction":[{"@type":"ReadAction","target":["https:\/\/verdadeon.com.br\/portal\/2024\/02\/07\/fussol-e-caminho-para-o-emprego-com-inscricoes-de-cursos-especiais-de-pascoa\/"]}]},{"@type":"ImageObject","inLanguage":"pt-BR","@id":"https:\/\/verdadeon.com.br\/portal\/2024\/02\/07\/fussol-e-caminho-para-o-emprego-com-inscricoes-de-cursos-especiais-de-pascoa\/#primaryimage","url":"https:\/\/i0.wp.com\/verdadeon.com.br\/portal\/wp-content\/uploads\/2024\/02\/DSC_6347-scaled.jpg?fit=2560%2C1715&ssl=1","contentUrl":"https:\/\/i0.wp.com\/verdadeon.com.br\/portal\/wp-content\/uploads\/2024\/02\/DSC_6347-scaled.jpg?fit=2560%2C1715&ssl=1","width":2560,"height":1715,"caption":"Cursos s\u00e3o \u00f3timas oportunidades para quem deseja fazer um \"extra\" nesta P\u00e1scoa (\u00a9Divulga\u00e7\u00e3o)"},{"@type":"BreadcrumbList","@id":"https:\/\/verdadeon.com.br\/portal\/2024\/02\/07\/fussol-e-caminho-para-o-emprego-com-inscricoes-de-cursos-especiais-de-pascoa\/#breadcrumb","itemListElement":[{"@type":"ListItem","position":1,"name":"In\u00edcio","item":"https:\/\/verdadeon.com.br\/portal\/"},{"@type":"ListItem","position":2,"name":"Fussol e \u2018Caminho para o Emprego\u2019 com inscri\u00e7\u00f5es de Cursos Especiais de P\u00e1scoa"}]},{"@type":"WebSite","@id":"https:\/\/verdadeon.com.br\/portal\/#website","url":"https:\/\/verdadeon.com.br\/portal\/","name":"VerdadeOn","description":"Not\u00edcias di\u00e1rias sobre Franca, Regi\u00e3o, Esporte, Cultura, Cotidiano, Colunas. Cobertura nos principais eventos da cidade \u00e9 aqui - Verdadeon Franca","potentialAction":[{"@type":"SearchAction","target":{"@type":"EntryPoint","urlTemplate":"https:\/\/verdadeon.com.br\/portal\/?s={search_term_string}"},"query-input":{"@type":"PropertyValueSpecification","valueRequired":true,"valueName":"search_term_string"}}],"inLanguage":"pt-BR"},{"@type":"Person","@id":"https:\/\/verdadeon.com.br\/portal\/#\/schema\/person\/a5060ad1e9ea3df545188fc93ce43d2f","name":"Redacao VerdadeOn","image":{"@type":"ImageObject","inLanguage":"pt-BR","@id":"https:\/\/verdadeon.com.br\/portal\/#\/schema\/person\/image\/","url":"https:\/\/secure.gravatar.com\/avatar\/459a9613caaaf07f582c3d0841eea68bdd66f533e465e6ba8b9cb45619572cf4?s=96&d=mm&r=g","contentUrl":"https:\/\/secure.gravatar.com\/avatar\/459a9613caaaf07f582c3d0841eea68bdd66f533e465e6ba8b9cb45619572cf4?s=96&d=mm&r=g","caption":"Redacao VerdadeOn"},"url":"https:\/\/verdadeon.com.br\/portal\/author\/redacao\/"}]}},"jetpack_publicize_connections":[],"jetpack_featured_media_url":"https:\/\/i0.wp.com\/verdadeon.com.br\/portal\/wp-content\/uploads\/2024\/02\/DSC_6347-scaled.jpg?fit=2560%2C1715&ssl=1","jetpack_sharing_enabled":true,"_links":{"self":[{"href":"https:\/\/verdadeon.com.br\/portal\/wp-json\/wp\/v2\/posts\/41365","targetHints":{"allow":["GET"]}}],"collection":[{"href":"https:\/\/verdadeon.com.br\/portal\/wp-json\/wp\/v2\/posts"}],"about":[{"href":"https:\/\/verdadeon.com.br\/portal\/wp-json\/wp\/v2\/types\/post"}],"author":[{"embeddable":true,"href":"https:\/\/verdadeon.com.br\/portal\/wp-json\/wp\/v2\/users\/10"}],"replies":[{"embeddable":true,"href":"https:\/\/verdadeon.com.br\/portal\/wp-json\/wp\/v2\/comments?post=41365"}],"version-history":[{"count":1,"href":"https:\/\/verdadeon.com.br\/portal\/wp-json\/wp\/v2\/posts\/41365\/revisions"}],"predecessor-version":[{"id":41367,"href":"https:\/\/verdadeon.com.br\/portal\/wp-json\/wp\/v2\/posts\/41365\/revisions\/41367"}],"wp:featuredmedia":[{"embeddable":true,"href":"https:\/\/verdadeon.com.br\/portal\/wp-json\/wp\/v2\/media\/41366"}],"wp:attachment":[{"href":"https:\/\/verdadeon.com.br\/portal\/wp-json\/wp\/v2\/media?parent=41365"}],"wp:term":[{"taxonomy":"category","embeddable":true,"href":"https:\/\/verdadeon.com.br\/portal\/wp-json\/wp\/v2\/categories?post=41365"},{"taxonomy":"post_tag","embeddable":true,"href":"https:\/\/verdadeon.com.br\/portal\/wp-json\/wp\/v2\/tags?post=41365"}],"curies":[{"name":"wp","href":"https:\/\/api.w.org\/{rel}","templated":true}]}}