{"id":41331,"date":"2024-02-07T10:00:39","date_gmt":"2024-02-07T13:00:39","guid":{"rendered":"https:\/\/verdadeon.com.br\/portal\/?p=41331"},"modified":"2024-02-07T10:50:36","modified_gmt":"2024-02-07T13:50:36","slug":"carnaval-acende-alerta-contra-as-infeccoes-sexualmente-transmissiveis","status":"publish","type":"post","link":"https:\/\/verdadeon.com.br\/portal\/2024\/02\/07\/carnaval-acende-alerta-contra-as-infeccoes-sexualmente-transmissiveis\/","title":{"rendered":"Carnaval acende alerta contra as infec\u00e7\u00f5es sexualmente transmiss\u00edveis"},"content":{"rendered":"<h2>O especialista em urologia oncol\u00f3gica Dr. Elizeu B. Neto fornece algumas dicas e cuidados essenciais de prote\u00e7\u00e3o<\/h2>\n<p>\u00c9poca de muita celebra\u00e7\u00e3o, o Carnaval tamb\u00e9m traz um debate importante sobre a sa\u00fade sexual, isso porque o aumento das rela\u00e7\u00f5es durante as festividades consequentemente eleva o risco de infec\u00e7\u00f5es sexualmente transmiss\u00edveis (ISTs). Pensando nisso, o especialista em urologia oncol\u00f3gica Dr. Elizeu B. Neto fornece orienta\u00e7\u00f5es e cuidados essenciais de preven\u00e7\u00e3o.<\/p>\n<p>\u201cO carnaval \u00e9 um per\u00edodo em que muitas pessoas se permitem mais liberdade sexual, o que tamb\u00e9m pode resultar em mais encontros \u00edntimos casuais. Nesses momentos \u00e9 crucial se atentar aos comportamentos de risco e sempre lembrar que a prote\u00e7\u00e3o contra as ISTs precisa ser uma prioridade\u201d, comenta o especialista.<\/p>\n<p>Segundo Dr. Elizeu, os preservativos s\u00e3o a barreira mais eficaz contra a transmiss\u00e3o de ISTs, incluindo o HIV. \u201cPortanto, todos aqueles que pretendem sair de casa com a inten\u00e7\u00e3o de se relacionar sexualmente com outras pessoas devem sempre certificar-se de ter camisinhas dispon\u00edveis, al\u00e9m de utiliz\u00e1-las corretamente\u201d.<\/p>\n<p>Outras dicas incluem a realiza\u00e7\u00e3o regular de exames que detectem poss\u00edveis ISTs, especialmente se o individuo tiver m\u00faltiplos parceiros sexuais, pois a detec\u00e7\u00e3o precoce \u00e9 fundamental para um tratamento mais eficaz. N\u00e3o ignorar poss\u00edveis sintomas, como dor ao urinar, corrimento ou les\u00f5es genitais, tamb\u00e9m \u00e9 importante. \u201cLembrando que o uso de drogas ou o consumo excessivo de \u00e1lcool pode comprometer a tomada de decis\u00f5es conscientes e o uso correto dos preservativos\u201d, diz Dr. Elizeu.<\/p>\n<p>Segundo o especialista, o carnaval \u00e9 uma \u00e9poca de celebra\u00e7\u00e3o que precisa ser vivida com alegria e sem preocupa\u00e7\u00f5es. Para isso, a conscientiza\u00e7\u00e3o e as medidas de prote\u00e7\u00e3o s\u00e3o essenciais para se manter saud\u00e1vel. \u201cDo contr\u00e1rio, as ISTs podem levar a infec\u00e7\u00f5es cr\u00f4nicas que aumentam as chances de condi\u00e7\u00f5es mais graves, como at\u00e9 mesmo alguns tipos de c\u00e2ncer. Logo, cuide-se e celebre o carnaval com responsabilidade\u201d.<\/p>\n<p><strong>Quem \u00e9 Dr. Elizeu B. Neto?<\/strong><\/p>\n<p>Graduado m\u00e9dico pela Universidade de Araraquara, Dr. Elizeu Neto se graduou cirurgi\u00e3o geral pela Santa Casa de Araraquara e urologista pela Santa Casa de Ribeir\u00e3o Preto. Realizou seu fellowship em urologia oncol\u00f3gica e cirurgia minimamente invasiva pelo Hospital de Amor de Barretos.<\/p>\n","protected":false},"excerpt":{"rendered":"<p>O especialista em urologia oncol\u00f3gica Dr. Elizeu B. Neto fornece algumas dicas e cuidados essenciais de prote\u00e7\u00e3o \u00c9poca de muita celebra\u00e7\u00e3o, o Carnaval tamb\u00e9m traz um<span class=\"excerpt-hellip\"> [\u2026]<\/span><\/p>\n","protected":false},"author":10,"featured_media":41358,"comment_status":"open","ping_status":"open","sticky":false,"template":"","format":"standard","meta":{"_jetpack_memberships_contains_paid_content":false,"footnotes":"","jetpack_publicize_message":"","jetpack_publicize_feature_enabled":true,"jetpack_social_post_already_shared":false,"jetpack_social_options":{"image_generator_settings":{"template":"highway","default_image_id":0,"enabled":false},"version":2}},"categories":[28,44],"tags":[],"class_list":["post-41331","post","type-post","status-publish","format-standard","has-post-thumbnail","hentry","category-cotidiano","category-noticias"],"yoast_head":"<!-- This site is optimized with the Yoast SEO plugin v25.6 - https:\/\/yoast.com\/wordpress\/plugins\/seo\/ -->\n<title>Carnaval acende alerta contra as infec\u00e7\u00f5es sexualmente transmiss\u00edveis - VerdadeOn<\/title>\n<meta name=\"robots\" content=\"index, follow, max-snippet:-1, max-image-preview:large, max-video-preview:-1\" \/>\n<link rel=\"canonical\" href=\"https:\/\/verdadeon.com.br\/portal\/2024\/02\/07\/carnaval-acende-alerta-contra-as-infeccoes-sexualmente-transmissiveis\/\" \/>\n<meta property=\"og:locale\" content=\"pt_BR\" \/>\n<meta property=\"og:type\" content=\"article\" \/>\n<meta property=\"og:title\" content=\"Carnaval acende alerta contra as infec\u00e7\u00f5es sexualmente transmiss\u00edveis - VerdadeOn\" \/>\n<meta property=\"og:description\" content=\"O especialista em urologia oncol\u00f3gica Dr. Elizeu B. Neto fornece algumas dicas e cuidados essenciais de prote\u00e7\u00e3o \u00c9poca de muita celebra\u00e7\u00e3o, o Carnaval tamb\u00e9m traz um [\u2026]\" \/>\n<meta property=\"og:url\" content=\"https:\/\/verdadeon.com.br\/portal\/2024\/02\/07\/carnaval-acende-alerta-contra-as-infeccoes-sexualmente-transmissiveis\/\" \/>\n<meta property=\"og:site_name\" content=\"VerdadeOn\" \/>\n<meta property=\"article:published_time\" content=\"2024-02-07T13:00:39+00:00\" \/>\n<meta property=\"article:modified_time\" content=\"2024-02-07T13:50:36+00:00\" \/>\n<meta property=\"og:image\" content=\"https:\/\/verdadeon.com.br\/portal\/wp-content\/uploads\/2024\/02\/fundo-de-festa-de-carnaval-mascara-veneziana-em-fundo-de-brilho-amarelo-espaco-de-copia-scaled.jpg\" \/>\n\t<meta property=\"og:image:width\" content=\"2560\" \/>\n\t<meta property=\"og:image:height\" content=\"1715\" \/>\n\t<meta property=\"og:image:type\" content=\"image\/jpeg\" \/>\n<meta name=\"author\" content=\"Redacao VerdadeOn\" \/>\n<meta name=\"twitter:card\" content=\"summary_large_image\" \/>\n<meta name=\"twitter:label1\" content=\"Escrito por\" \/>\n\t<meta name=\"twitter:data1\" content=\"Redacao VerdadeOn\" \/>\n\t<meta name=\"twitter:label2\" content=\"Est. tempo de leitura\" \/>\n\t<meta name=\"twitter:data2\" content=\"2 minutos\" \/>\n<script type=\"application\/ld+json\" class=\"yoast-schema-graph\">{\"@context\":\"https:\/\/schema.org\",\"@graph\":[{\"@type\":\"WebPage\",\"@id\":\"https:\/\/verdadeon.com.br\/portal\/2024\/02\/07\/carnaval-acende-alerta-contra-as-infeccoes-sexualmente-transmissiveis\/\",\"url\":\"https:\/\/verdadeon.com.br\/portal\/2024\/02\/07\/carnaval-acende-alerta-contra-as-infeccoes-sexualmente-transmissiveis\/\",\"name\":\"Carnaval acende alerta contra as infec\u00e7\u00f5es sexualmente transmiss\u00edveis - VerdadeOn\",\"isPartOf\":{\"@id\":\"https:\/\/verdadeon.com.br\/portal\/#website\"},\"primaryImageOfPage\":{\"@id\":\"https:\/\/verdadeon.com.br\/portal\/2024\/02\/07\/carnaval-acende-alerta-contra-as-infeccoes-sexualmente-transmissiveis\/#primaryimage\"},\"image\":{\"@id\":\"https:\/\/verdadeon.com.br\/portal\/2024\/02\/07\/carnaval-acende-alerta-contra-as-infeccoes-sexualmente-transmissiveis\/#primaryimage\"},\"thumbnailUrl\":\"https:\/\/i0.wp.com\/verdadeon.com.br\/portal\/wp-content\/uploads\/2024\/02\/fundo-de-festa-de-carnaval-mascara-veneziana-em-fundo-de-brilho-amarelo-espaco-de-copia-scaled.jpg?fit=2560%2C1715&ssl=1\",\"datePublished\":\"2024-02-07T13:00:39+00:00\",\"dateModified\":\"2024-02-07T13:50:36+00:00\",\"author\":{\"@id\":\"https:\/\/verdadeon.com.br\/portal\/#\/schema\/person\/a5060ad1e9ea3df545188fc93ce43d2f\"},\"breadcrumb\":{\"@id\":\"https:\/\/verdadeon.com.br\/portal\/2024\/02\/07\/carnaval-acende-alerta-contra-as-infeccoes-sexualmente-transmissiveis\/#breadcrumb\"},\"inLanguage\":\"pt-BR\",\"potentialAction\":[{\"@type\":\"ReadAction\",\"target\":[\"https:\/\/verdadeon.com.br\/portal\/2024\/02\/07\/carnaval-acende-alerta-contra-as-infeccoes-sexualmente-transmissiveis\/\"]}]},{\"@type\":\"ImageObject\",\"inLanguage\":\"pt-BR\",\"@id\":\"https:\/\/verdadeon.com.br\/portal\/2024\/02\/07\/carnaval-acende-alerta-contra-as-infeccoes-sexualmente-transmissiveis\/#primaryimage\",\"url\":\"https:\/\/i0.wp.com\/verdadeon.com.br\/portal\/wp-content\/uploads\/2024\/02\/fundo-de-festa-de-carnaval-mascara-veneziana-em-fundo-de-brilho-amarelo-espaco-de-copia-scaled.jpg?fit=2560%2C1715&ssl=1\",\"contentUrl\":\"https:\/\/i0.wp.com\/verdadeon.com.br\/portal\/wp-content\/uploads\/2024\/02\/fundo-de-festa-de-carnaval-mascara-veneziana-em-fundo-de-brilho-amarelo-espaco-de-copia-scaled.jpg?fit=2560%2C1715&ssl=1\",\"width\":2560,\"height\":1715,\"caption\":\"Confira as expectativas do com\u00e9rcio de Franca para o Carnaval (\u00a9Freepik)\"},{\"@type\":\"BreadcrumbList\",\"@id\":\"https:\/\/verdadeon.com.br\/portal\/2024\/02\/07\/carnaval-acende-alerta-contra-as-infeccoes-sexualmente-transmissiveis\/#breadcrumb\",\"itemListElement\":[{\"@type\":\"ListItem\",\"position\":1,\"name\":\"In\u00edcio\",\"item\":\"https:\/\/verdadeon.com.br\/portal\/\"},{\"@type\":\"ListItem\",\"position\":2,\"name\":\"Carnaval acende alerta contra as infec\u00e7\u00f5es sexualmente transmiss\u00edveis\"}]},{\"@type\":\"WebSite\",\"@id\":\"https:\/\/verdadeon.com.br\/portal\/#website\",\"url\":\"https:\/\/verdadeon.com.br\/portal\/\",\"name\":\"VerdadeOn\",\"description\":\"Not\u00edcias di\u00e1rias sobre Franca, Regi\u00e3o, Esporte, Cultura, Cotidiano, Colunas. Cobertura nos principais eventos da cidade \u00e9 aqui - Verdadeon Franca\",\"potentialAction\":[{\"@type\":\"SearchAction\",\"target\":{\"@type\":\"EntryPoint\",\"urlTemplate\":\"https:\/\/verdadeon.com.br\/portal\/?s={search_term_string}\"},\"query-input\":{\"@type\":\"PropertyValueSpecification\",\"valueRequired\":true,\"valueName\":\"search_term_string\"}}],\"inLanguage\":\"pt-BR\"},{\"@type\":\"Person\",\"@id\":\"https:\/\/verdadeon.com.br\/portal\/#\/schema\/person\/a5060ad1e9ea3df545188fc93ce43d2f\",\"name\":\"Redacao VerdadeOn\",\"image\":{\"@type\":\"ImageObject\",\"inLanguage\":\"pt-BR\",\"@id\":\"https:\/\/verdadeon.com.br\/portal\/#\/schema\/person\/image\/\",\"url\":\"https:\/\/secure.gravatar.com\/avatar\/459a9613caaaf07f582c3d0841eea68bdd66f533e465e6ba8b9cb45619572cf4?s=96&d=mm&r=g\",\"contentUrl\":\"https:\/\/secure.gravatar.com\/avatar\/459a9613caaaf07f582c3d0841eea68bdd66f533e465e6ba8b9cb45619572cf4?s=96&d=mm&r=g\",\"caption\":\"Redacao VerdadeOn\"},\"url\":\"https:\/\/verdadeon.com.br\/portal\/author\/redacao\/\"}]}<\/script>\n<!-- \/ Yoast SEO plugin. -->","yoast_head_json":{"title":"Carnaval acende alerta contra as infec\u00e7\u00f5es sexualmente transmiss\u00edveis - VerdadeOn","robots":{"index":"index","follow":"follow","max-snippet":"max-snippet:-1","max-image-preview":"max-image-preview:large","max-video-preview":"max-video-preview:-1"},"canonical":"https:\/\/verdadeon.com.br\/portal\/2024\/02\/07\/carnaval-acende-alerta-contra-as-infeccoes-sexualmente-transmissiveis\/","og_locale":"pt_BR","og_type":"article","og_title":"Carnaval acende alerta contra as infec\u00e7\u00f5es sexualmente transmiss\u00edveis - VerdadeOn","og_description":"O especialista em urologia oncol\u00f3gica Dr. Elizeu B. Neto fornece algumas dicas e cuidados essenciais de prote\u00e7\u00e3o \u00c9poca de muita celebra\u00e7\u00e3o, o Carnaval tamb\u00e9m traz um [\u2026]","og_url":"https:\/\/verdadeon.com.br\/portal\/2024\/02\/07\/carnaval-acende-alerta-contra-as-infeccoes-sexualmente-transmissiveis\/","og_site_name":"VerdadeOn","article_published_time":"2024-02-07T13:00:39+00:00","article_modified_time":"2024-02-07T13:50:36+00:00","og_image":[{"width":2560,"height":1715,"url":"https:\/\/verdadeon.com.br\/portal\/wp-content\/uploads\/2024\/02\/fundo-de-festa-de-carnaval-mascara-veneziana-em-fundo-de-brilho-amarelo-espaco-de-copia-scaled.jpg","type":"image\/jpeg"}],"author":"Redacao VerdadeOn","twitter_card":"summary_large_image","twitter_misc":{"Escrito por":"Redacao VerdadeOn","Est. tempo de leitura":"2 minutos"},"schema":{"@context":"https:\/\/schema.org","@graph":[{"@type":"WebPage","@id":"https:\/\/verdadeon.com.br\/portal\/2024\/02\/07\/carnaval-acende-alerta-contra-as-infeccoes-sexualmente-transmissiveis\/","url":"https:\/\/verdadeon.com.br\/portal\/2024\/02\/07\/carnaval-acende-alerta-contra-as-infeccoes-sexualmente-transmissiveis\/","name":"Carnaval acende alerta contra as infec\u00e7\u00f5es sexualmente transmiss\u00edveis - VerdadeOn","isPartOf":{"@id":"https:\/\/verdadeon.com.br\/portal\/#website"},"primaryImageOfPage":{"@id":"https:\/\/verdadeon.com.br\/portal\/2024\/02\/07\/carnaval-acende-alerta-contra-as-infeccoes-sexualmente-transmissiveis\/#primaryimage"},"image":{"@id":"https:\/\/verdadeon.com.br\/portal\/2024\/02\/07\/carnaval-acende-alerta-contra-as-infeccoes-sexualmente-transmissiveis\/#primaryimage"},"thumbnailUrl":"https:\/\/i0.wp.com\/verdadeon.com.br\/portal\/wp-content\/uploads\/2024\/02\/fundo-de-festa-de-carnaval-mascara-veneziana-em-fundo-de-brilho-amarelo-espaco-de-copia-scaled.jpg?fit=2560%2C1715&ssl=1","datePublished":"2024-02-07T13:00:39+00:00","dateModified":"2024-02-07T13:50:36+00:00","author":{"@id":"https:\/\/verdadeon.com.br\/portal\/#\/schema\/person\/a5060ad1e9ea3df545188fc93ce43d2f"},"breadcrumb":{"@id":"https:\/\/verdadeon.com.br\/portal\/2024\/02\/07\/carnaval-acende-alerta-contra-as-infeccoes-sexualmente-transmissiveis\/#breadcrumb"},"inLanguage":"pt-BR","potentialAction":[{"@type":"ReadAction","target":["https:\/\/verdadeon.com.br\/portal\/2024\/02\/07\/carnaval-acende-alerta-contra-as-infeccoes-sexualmente-transmissiveis\/"]}]},{"@type":"ImageObject","inLanguage":"pt-BR","@id":"https:\/\/verdadeon.com.br\/portal\/2024\/02\/07\/carnaval-acende-alerta-contra-as-infeccoes-sexualmente-transmissiveis\/#primaryimage","url":"https:\/\/i0.wp.com\/verdadeon.com.br\/portal\/wp-content\/uploads\/2024\/02\/fundo-de-festa-de-carnaval-mascara-veneziana-em-fundo-de-brilho-amarelo-espaco-de-copia-scaled.jpg?fit=2560%2C1715&ssl=1","contentUrl":"https:\/\/i0.wp.com\/verdadeon.com.br\/portal\/wp-content\/uploads\/2024\/02\/fundo-de-festa-de-carnaval-mascara-veneziana-em-fundo-de-brilho-amarelo-espaco-de-copia-scaled.jpg?fit=2560%2C1715&ssl=1","width":2560,"height":1715,"caption":"Confira as expectativas do com\u00e9rcio de Franca para o Carnaval (\u00a9Freepik)"},{"@type":"BreadcrumbList","@id":"https:\/\/verdadeon.com.br\/portal\/2024\/02\/07\/carnaval-acende-alerta-contra-as-infeccoes-sexualmente-transmissiveis\/#breadcrumb","itemListElement":[{"@type":"ListItem","position":1,"name":"In\u00edcio","item":"https:\/\/verdadeon.com.br\/portal\/"},{"@type":"ListItem","position":2,"name":"Carnaval acende alerta contra as infec\u00e7\u00f5es sexualmente transmiss\u00edveis"}]},{"@type":"WebSite","@id":"https:\/\/verdadeon.com.br\/portal\/#website","url":"https:\/\/verdadeon.com.br\/portal\/","name":"VerdadeOn","description":"Not\u00edcias di\u00e1rias sobre Franca, Regi\u00e3o, Esporte, Cultura, Cotidiano, Colunas. Cobertura nos principais eventos da cidade \u00e9 aqui - Verdadeon Franca","potentialAction":[{"@type":"SearchAction","target":{"@type":"EntryPoint","urlTemplate":"https:\/\/verdadeon.com.br\/portal\/?s={search_term_string}"},"query-input":{"@type":"PropertyValueSpecification","valueRequired":true,"valueName":"search_term_string"}}],"inLanguage":"pt-BR"},{"@type":"Person","@id":"https:\/\/verdadeon.com.br\/portal\/#\/schema\/person\/a5060ad1e9ea3df545188fc93ce43d2f","name":"Redacao VerdadeOn","image":{"@type":"ImageObject","inLanguage":"pt-BR","@id":"https:\/\/verdadeon.com.br\/portal\/#\/schema\/person\/image\/","url":"https:\/\/secure.gravatar.com\/avatar\/459a9613caaaf07f582c3d0841eea68bdd66f533e465e6ba8b9cb45619572cf4?s=96&d=mm&r=g","contentUrl":"https:\/\/secure.gravatar.com\/avatar\/459a9613caaaf07f582c3d0841eea68bdd66f533e465e6ba8b9cb45619572cf4?s=96&d=mm&r=g","caption":"Redacao VerdadeOn"},"url":"https:\/\/verdadeon.com.br\/portal\/author\/redacao\/"}]}},"jetpack_publicize_connections":[],"jetpack_featured_media_url":"https:\/\/i0.wp.com\/verdadeon.com.br\/portal\/wp-content\/uploads\/2024\/02\/fundo-de-festa-de-carnaval-mascara-veneziana-em-fundo-de-brilho-amarelo-espaco-de-copia-scaled.jpg?fit=2560%2C1715&ssl=1","jetpack_sharing_enabled":true,"_links":{"self":[{"href":"https:\/\/verdadeon.com.br\/portal\/wp-json\/wp\/v2\/posts\/41331","targetHints":{"allow":["GET"]}}],"collection":[{"href":"https:\/\/verdadeon.com.br\/portal\/wp-json\/wp\/v2\/posts"}],"about":[{"href":"https:\/\/verdadeon.com.br\/portal\/wp-json\/wp\/v2\/types\/post"}],"author":[{"embeddable":true,"href":"https:\/\/verdadeon.com.br\/portal\/wp-json\/wp\/v2\/users\/10"}],"replies":[{"embeddable":true,"href":"https:\/\/verdadeon.com.br\/portal\/wp-json\/wp\/v2\/comments?post=41331"}],"version-history":[{"count":1,"href":"https:\/\/verdadeon.com.br\/portal\/wp-json\/wp\/v2\/posts\/41331\/revisions"}],"predecessor-version":[{"id":41332,"href":"https:\/\/verdadeon.com.br\/portal\/wp-json\/wp\/v2\/posts\/41331\/revisions\/41332"}],"wp:featuredmedia":[{"embeddable":true,"href":"https:\/\/verdadeon.com.br\/portal\/wp-json\/wp\/v2\/media\/41358"}],"wp:attachment":[{"href":"https:\/\/verdadeon.com.br\/portal\/wp-json\/wp\/v2\/media?parent=41331"}],"wp:term":[{"taxonomy":"category","embeddable":true,"href":"https:\/\/verdadeon.com.br\/portal\/wp-json\/wp\/v2\/categories?post=41331"},{"taxonomy":"post_tag","embeddable":true,"href":"https:\/\/verdadeon.com.br\/portal\/wp-json\/wp\/v2\/tags?post=41331"}],"curies":[{"name":"wp","href":"https:\/\/api.w.org\/{rel}","templated":true}]}}