{"id":41045,"date":"2024-01-26T10:39:35","date_gmt":"2024-01-26T13:39:35","guid":{"rendered":"https:\/\/verdadeon.com.br\/portal\/?p=41045"},"modified":"2024-01-26T10:39:35","modified_gmt":"2024-01-26T13:39:35","slug":"manual-de-orientacao-a-pre-candidatos","status":"publish","type":"post","link":"https:\/\/verdadeon.com.br\/portal\/2024\/01\/26\/manual-de-orientacao-a-pre-candidatos\/","title":{"rendered":"Manual de orienta\u00e7\u00e3o a pr\u00e9-candidatos"},"content":{"rendered":"<p>O boletim distribu\u00eddo pelo partido Novo traz \u00f3timas dicas para quem pretende ser candidato nas elei\u00e7\u00f5es de 2024. Os t\u00f3picos s\u00e3o interessantes e podem servir agora inclusive a outras siglas partid\u00e1rias, das quais pouco se v\u00ea sobre t\u00e1ticas e t\u00e9cnicas de comunica\u00e7\u00e3o mais ampla com a popula\u00e7\u00e3o. As habilidades que qualquer candidato precisa passar a desenvolver desde j\u00e1, se quiser tornar o sonho da sua elei\u00e7\u00e3o em uma realidade.<\/p>\n<p><strong>Comunica\u00e7\u00e3o eficaz<\/strong> \u2013 Ser um l\u00edder pol\u00edtico exige a habilidade de se comunicar de maneira eficaz. Domine a arte de expressar suas ideias de forma clara e persuasiva para conectar-se com eleitores e construir confian\u00e7a.<\/p>\n<p><strong>Empatia e Conex\u00e3o<\/strong> \u2013 Entenda as necessidades de sua comunidade. A empatia cria conex\u00f5es genu\u00ednas, mostrando que voc\u00ea se importa. Mostre que est\u00e1 disposto a ouvir e a agir em prol do bem comum.<\/p>\n<p><strong>Estrat\u00e9gia e Planejamento<\/strong> \u2013 O sucesso pol\u00edtico requer estrat\u00e9gia. Planeje com anteced\u00eancia, conhe\u00e7a as quest\u00f5es cr\u00edticas e elabore solu\u00e7\u00f5es realistas. Uma vis\u00e3o clara e um plano bem definido s\u00e3o fundamentais para atingir seus objetivos.<\/p>\n<p><strong>Forte presen\u00e7a digital<\/strong> \u2013 N\u00e3o subestime o poder das redes sociais! Construa uma presen\u00e7a digital forte para alcan\u00e7ar um p\u00fablico mais amplo. Crie conex\u00e3o com o seu p\u00fablico para manter seus seguidores informados e organicamente engajados.<\/p>\n<p><strong>Seja consistente<\/strong> \u2013 A pol\u00edtica pode ser desafiadora, mantenha-se resiliente em face das adversidades e permane\u00e7a fiel aos seus princ\u00edpios. A integridade adquirida pela consist\u00eancia do seu discurso \u00e9 a base da confian\u00e7a com seu eleitorado.<\/p>\n<p>As particularidades e recursos de cada partido e seus integrantes tamb\u00e9m s\u00e3o importantes desde que apontem os meios para alcan\u00e7ar a finalidade, com proveito e aplica\u00e7\u00e3o eficiente dos recursos financeiros que o Fundo Partid\u00e1rio ter\u00e1 dispon\u00edvel, em torno de R$ 5 bilh\u00f5es para todos os mais de 5.500 munic\u00edpios, inclusive capitais.<\/p>\n<p>Quanto aos pretendentes a vereadores, muitos sem condi\u00e7\u00f5es de competir como estreantes e enfrentando a concorr\u00eancia dos atuais detentores de cargos e mandatos, devem usar a criatividade e cuidar da boa imagem pessoal, desde trajes adequados aos pronunciamentos e posi\u00e7\u00f5es que tiverem em rela\u00e7\u00e3o a problemas e necessidades maiores do eleitorado, evitando promessas e ilus\u00f5es, antes de serem eleitos e consolidados como representantes leg\u00edtimos dos anseios da maioria.<\/p>\n<p>No emaranhado dos 33 partidos atuais no cen\u00e1rio brasileiro, alguns sequer ter\u00e3o condi\u00e7\u00f5es de promover seus candidatos, ficando ainda na depend\u00eancia das coliga\u00e7\u00f5es e federa\u00e7\u00e3o de siglas ainda em andamento, para culminar em maio de 2024.<\/p>\n<p>Enfim, pol\u00edtica \u00e9 um trabalho de arte e criatividade, impondo responsabilidade a quem pretende participar para melhorar e oferecer doa\u00e7\u00e3o pessoal pela democracia, com honestidade, compet\u00eancia, dedica\u00e7\u00e3o a princ\u00edpios e ordenamento na legalidade.<\/p>\n","protected":false},"excerpt":{"rendered":"<p>O boletim distribu\u00eddo pelo partido Novo traz \u00f3timas dicas para quem pretende ser candidato nas elei\u00e7\u00f5es de 2024. Os t\u00f3picos s\u00e3o interessantes e podem servir agora<span class=\"excerpt-hellip\"> [\u2026]<\/span><\/p>\n","protected":false},"author":10,"featured_media":33648,"comment_status":"open","ping_status":"open","sticky":false,"template":"","format":"standard","meta":{"_jetpack_memberships_contains_paid_content":false,"footnotes":"","jetpack_publicize_message":"","jetpack_publicize_feature_enabled":true,"jetpack_social_post_already_shared":false,"jetpack_social_options":{"image_generator_settings":{"template":"highway","default_image_id":0,"enabled":false},"version":2}},"categories":[137],"tags":[],"class_list":["post-41045","post","type-post","status-publish","format-standard","has-post-thumbnail","hentry","category-editorial"],"yoast_head":"<!-- This site is optimized with the Yoast SEO plugin v25.6 - https:\/\/yoast.com\/wordpress\/plugins\/seo\/ -->\n<title>Manual de orienta\u00e7\u00e3o a pr\u00e9-candidatos - VerdadeOn<\/title>\n<meta name=\"robots\" content=\"index, follow, max-snippet:-1, max-image-preview:large, max-video-preview:-1\" \/>\n<link rel=\"canonical\" href=\"https:\/\/verdadeon.com.br\/portal\/2024\/01\/26\/manual-de-orientacao-a-pre-candidatos\/\" \/>\n<meta property=\"og:locale\" content=\"pt_BR\" \/>\n<meta property=\"og:type\" content=\"article\" \/>\n<meta property=\"og:title\" content=\"Manual de orienta\u00e7\u00e3o a pr\u00e9-candidatos - VerdadeOn\" \/>\n<meta property=\"og:description\" content=\"O boletim distribu\u00eddo pelo partido Novo traz \u00f3timas dicas para quem pretende ser candidato nas elei\u00e7\u00f5es de 2024. Os t\u00f3picos s\u00e3o interessantes e podem servir agora [\u2026]\" \/>\n<meta property=\"og:url\" content=\"https:\/\/verdadeon.com.br\/portal\/2024\/01\/26\/manual-de-orientacao-a-pre-candidatos\/\" \/>\n<meta property=\"og:site_name\" content=\"VerdadeOn\" \/>\n<meta property=\"article:published_time\" content=\"2024-01-26T13:39:35+00:00\" \/>\n<meta property=\"og:image\" content=\"https:\/\/verdadeon.com.br\/portal\/wp-content\/uploads\/2023\/04\/12sessao-1.jpg\" \/>\n\t<meta property=\"og:image:width\" content=\"832\" \/>\n\t<meta property=\"og:image:height\" content=\"558\" \/>\n\t<meta property=\"og:image:type\" content=\"image\/jpeg\" \/>\n<meta name=\"author\" content=\"Redacao VerdadeOn\" \/>\n<meta name=\"twitter:card\" content=\"summary_large_image\" \/>\n<meta name=\"twitter:label1\" content=\"Escrito por\" \/>\n\t<meta name=\"twitter:data1\" content=\"Redacao VerdadeOn\" \/>\n\t<meta name=\"twitter:label2\" content=\"Est. tempo de leitura\" \/>\n\t<meta name=\"twitter:data2\" content=\"3 minutos\" \/>\n<script type=\"application\/ld+json\" class=\"yoast-schema-graph\">{\"@context\":\"https:\/\/schema.org\",\"@graph\":[{\"@type\":\"WebPage\",\"@id\":\"https:\/\/verdadeon.com.br\/portal\/2024\/01\/26\/manual-de-orientacao-a-pre-candidatos\/\",\"url\":\"https:\/\/verdadeon.com.br\/portal\/2024\/01\/26\/manual-de-orientacao-a-pre-candidatos\/\",\"name\":\"Manual de orienta\u00e7\u00e3o a pr\u00e9-candidatos - VerdadeOn\",\"isPartOf\":{\"@id\":\"https:\/\/verdadeon.com.br\/portal\/#website\"},\"primaryImageOfPage\":{\"@id\":\"https:\/\/verdadeon.com.br\/portal\/2024\/01\/26\/manual-de-orientacao-a-pre-candidatos\/#primaryimage\"},\"image\":{\"@id\":\"https:\/\/verdadeon.com.br\/portal\/2024\/01\/26\/manual-de-orientacao-a-pre-candidatos\/#primaryimage\"},\"thumbnailUrl\":\"https:\/\/i0.wp.com\/verdadeon.com.br\/portal\/wp-content\/uploads\/2023\/04\/12sessao-1.jpg?fit=832%2C558&ssl=1\",\"datePublished\":\"2024-01-26T13:39:35+00:00\",\"author\":{\"@id\":\"https:\/\/verdadeon.com.br\/portal\/#\/schema\/person\/a5060ad1e9ea3df545188fc93ce43d2f\"},\"breadcrumb\":{\"@id\":\"https:\/\/verdadeon.com.br\/portal\/2024\/01\/26\/manual-de-orientacao-a-pre-candidatos\/#breadcrumb\"},\"inLanguage\":\"pt-BR\",\"potentialAction\":[{\"@type\":\"ReadAction\",\"target\":[\"https:\/\/verdadeon.com.br\/portal\/2024\/01\/26\/manual-de-orientacao-a-pre-candidatos\/\"]}]},{\"@type\":\"ImageObject\",\"inLanguage\":\"pt-BR\",\"@id\":\"https:\/\/verdadeon.com.br\/portal\/2024\/01\/26\/manual-de-orientacao-a-pre-candidatos\/#primaryimage\",\"url\":\"https:\/\/i0.wp.com\/verdadeon.com.br\/portal\/wp-content\/uploads\/2023\/04\/12sessao-1.jpg?fit=832%2C558&ssl=1\",\"contentUrl\":\"https:\/\/i0.wp.com\/verdadeon.com.br\/portal\/wp-content\/uploads\/2023\/04\/12sessao-1.jpg?fit=832%2C558&ssl=1\",\"width\":832,\"height\":558,\"caption\":\"Segunda vota\u00e7\u00e3o para o Or\u00e7amento de Franca 2024 acontece na pr\u00f3xima ter\u00e7a, 5 de setembro, na C\u00e2mara Municipal de Franca (\u00a9Divulga\u00e7\u00e3o)\"},{\"@type\":\"BreadcrumbList\",\"@id\":\"https:\/\/verdadeon.com.br\/portal\/2024\/01\/26\/manual-de-orientacao-a-pre-candidatos\/#breadcrumb\",\"itemListElement\":[{\"@type\":\"ListItem\",\"position\":1,\"name\":\"In\u00edcio\",\"item\":\"https:\/\/verdadeon.com.br\/portal\/\"},{\"@type\":\"ListItem\",\"position\":2,\"name\":\"Manual de orienta\u00e7\u00e3o a pr\u00e9-candidatos\"}]},{\"@type\":\"WebSite\",\"@id\":\"https:\/\/verdadeon.com.br\/portal\/#website\",\"url\":\"https:\/\/verdadeon.com.br\/portal\/\",\"name\":\"VerdadeOn\",\"description\":\"Not\u00edcias di\u00e1rias sobre Franca, Regi\u00e3o, Esporte, Cultura, Cotidiano, Colunas. Cobertura nos principais eventos da cidade \u00e9 aqui - Verdadeon Franca\",\"potentialAction\":[{\"@type\":\"SearchAction\",\"target\":{\"@type\":\"EntryPoint\",\"urlTemplate\":\"https:\/\/verdadeon.com.br\/portal\/?s={search_term_string}\"},\"query-input\":{\"@type\":\"PropertyValueSpecification\",\"valueRequired\":true,\"valueName\":\"search_term_string\"}}],\"inLanguage\":\"pt-BR\"},{\"@type\":\"Person\",\"@id\":\"https:\/\/verdadeon.com.br\/portal\/#\/schema\/person\/a5060ad1e9ea3df545188fc93ce43d2f\",\"name\":\"Redacao VerdadeOn\",\"image\":{\"@type\":\"ImageObject\",\"inLanguage\":\"pt-BR\",\"@id\":\"https:\/\/verdadeon.com.br\/portal\/#\/schema\/person\/image\/\",\"url\":\"https:\/\/secure.gravatar.com\/avatar\/459a9613caaaf07f582c3d0841eea68bdd66f533e465e6ba8b9cb45619572cf4?s=96&d=mm&r=g\",\"contentUrl\":\"https:\/\/secure.gravatar.com\/avatar\/459a9613caaaf07f582c3d0841eea68bdd66f533e465e6ba8b9cb45619572cf4?s=96&d=mm&r=g\",\"caption\":\"Redacao VerdadeOn\"},\"url\":\"https:\/\/verdadeon.com.br\/portal\/author\/redacao\/\"}]}<\/script>\n<!-- \/ Yoast SEO plugin. -->","yoast_head_json":{"title":"Manual de orienta\u00e7\u00e3o a pr\u00e9-candidatos - VerdadeOn","robots":{"index":"index","follow":"follow","max-snippet":"max-snippet:-1","max-image-preview":"max-image-preview:large","max-video-preview":"max-video-preview:-1"},"canonical":"https:\/\/verdadeon.com.br\/portal\/2024\/01\/26\/manual-de-orientacao-a-pre-candidatos\/","og_locale":"pt_BR","og_type":"article","og_title":"Manual de orienta\u00e7\u00e3o a pr\u00e9-candidatos - VerdadeOn","og_description":"O boletim distribu\u00eddo pelo partido Novo traz \u00f3timas dicas para quem pretende ser candidato nas elei\u00e7\u00f5es de 2024. Os t\u00f3picos s\u00e3o interessantes e podem servir agora [\u2026]","og_url":"https:\/\/verdadeon.com.br\/portal\/2024\/01\/26\/manual-de-orientacao-a-pre-candidatos\/","og_site_name":"VerdadeOn","article_published_time":"2024-01-26T13:39:35+00:00","og_image":[{"width":832,"height":558,"url":"https:\/\/verdadeon.com.br\/portal\/wp-content\/uploads\/2023\/04\/12sessao-1.jpg","type":"image\/jpeg"}],"author":"Redacao VerdadeOn","twitter_card":"summary_large_image","twitter_misc":{"Escrito por":"Redacao VerdadeOn","Est. tempo de leitura":"3 minutos"},"schema":{"@context":"https:\/\/schema.org","@graph":[{"@type":"WebPage","@id":"https:\/\/verdadeon.com.br\/portal\/2024\/01\/26\/manual-de-orientacao-a-pre-candidatos\/","url":"https:\/\/verdadeon.com.br\/portal\/2024\/01\/26\/manual-de-orientacao-a-pre-candidatos\/","name":"Manual de orienta\u00e7\u00e3o a pr\u00e9-candidatos - VerdadeOn","isPartOf":{"@id":"https:\/\/verdadeon.com.br\/portal\/#website"},"primaryImageOfPage":{"@id":"https:\/\/verdadeon.com.br\/portal\/2024\/01\/26\/manual-de-orientacao-a-pre-candidatos\/#primaryimage"},"image":{"@id":"https:\/\/verdadeon.com.br\/portal\/2024\/01\/26\/manual-de-orientacao-a-pre-candidatos\/#primaryimage"},"thumbnailUrl":"https:\/\/i0.wp.com\/verdadeon.com.br\/portal\/wp-content\/uploads\/2023\/04\/12sessao-1.jpg?fit=832%2C558&ssl=1","datePublished":"2024-01-26T13:39:35+00:00","author":{"@id":"https:\/\/verdadeon.com.br\/portal\/#\/schema\/person\/a5060ad1e9ea3df545188fc93ce43d2f"},"breadcrumb":{"@id":"https:\/\/verdadeon.com.br\/portal\/2024\/01\/26\/manual-de-orientacao-a-pre-candidatos\/#breadcrumb"},"inLanguage":"pt-BR","potentialAction":[{"@type":"ReadAction","target":["https:\/\/verdadeon.com.br\/portal\/2024\/01\/26\/manual-de-orientacao-a-pre-candidatos\/"]}]},{"@type":"ImageObject","inLanguage":"pt-BR","@id":"https:\/\/verdadeon.com.br\/portal\/2024\/01\/26\/manual-de-orientacao-a-pre-candidatos\/#primaryimage","url":"https:\/\/i0.wp.com\/verdadeon.com.br\/portal\/wp-content\/uploads\/2023\/04\/12sessao-1.jpg?fit=832%2C558&ssl=1","contentUrl":"https:\/\/i0.wp.com\/verdadeon.com.br\/portal\/wp-content\/uploads\/2023\/04\/12sessao-1.jpg?fit=832%2C558&ssl=1","width":832,"height":558,"caption":"Segunda vota\u00e7\u00e3o para o Or\u00e7amento de Franca 2024 acontece na pr\u00f3xima ter\u00e7a, 5 de setembro, na C\u00e2mara Municipal de Franca (\u00a9Divulga\u00e7\u00e3o)"},{"@type":"BreadcrumbList","@id":"https:\/\/verdadeon.com.br\/portal\/2024\/01\/26\/manual-de-orientacao-a-pre-candidatos\/#breadcrumb","itemListElement":[{"@type":"ListItem","position":1,"name":"In\u00edcio","item":"https:\/\/verdadeon.com.br\/portal\/"},{"@type":"ListItem","position":2,"name":"Manual de orienta\u00e7\u00e3o a pr\u00e9-candidatos"}]},{"@type":"WebSite","@id":"https:\/\/verdadeon.com.br\/portal\/#website","url":"https:\/\/verdadeon.com.br\/portal\/","name":"VerdadeOn","description":"Not\u00edcias di\u00e1rias sobre Franca, Regi\u00e3o, Esporte, Cultura, Cotidiano, Colunas. Cobertura nos principais eventos da cidade \u00e9 aqui - Verdadeon Franca","potentialAction":[{"@type":"SearchAction","target":{"@type":"EntryPoint","urlTemplate":"https:\/\/verdadeon.com.br\/portal\/?s={search_term_string}"},"query-input":{"@type":"PropertyValueSpecification","valueRequired":true,"valueName":"search_term_string"}}],"inLanguage":"pt-BR"},{"@type":"Person","@id":"https:\/\/verdadeon.com.br\/portal\/#\/schema\/person\/a5060ad1e9ea3df545188fc93ce43d2f","name":"Redacao VerdadeOn","image":{"@type":"ImageObject","inLanguage":"pt-BR","@id":"https:\/\/verdadeon.com.br\/portal\/#\/schema\/person\/image\/","url":"https:\/\/secure.gravatar.com\/avatar\/459a9613caaaf07f582c3d0841eea68bdd66f533e465e6ba8b9cb45619572cf4?s=96&d=mm&r=g","contentUrl":"https:\/\/secure.gravatar.com\/avatar\/459a9613caaaf07f582c3d0841eea68bdd66f533e465e6ba8b9cb45619572cf4?s=96&d=mm&r=g","caption":"Redacao VerdadeOn"},"url":"https:\/\/verdadeon.com.br\/portal\/author\/redacao\/"}]}},"jetpack_publicize_connections":[],"jetpack_featured_media_url":"https:\/\/i0.wp.com\/verdadeon.com.br\/portal\/wp-content\/uploads\/2023\/04\/12sessao-1.jpg?fit=832%2C558&ssl=1","jetpack_sharing_enabled":true,"_links":{"self":[{"href":"https:\/\/verdadeon.com.br\/portal\/wp-json\/wp\/v2\/posts\/41045","targetHints":{"allow":["GET"]}}],"collection":[{"href":"https:\/\/verdadeon.com.br\/portal\/wp-json\/wp\/v2\/posts"}],"about":[{"href":"https:\/\/verdadeon.com.br\/portal\/wp-json\/wp\/v2\/types\/post"}],"author":[{"embeddable":true,"href":"https:\/\/verdadeon.com.br\/portal\/wp-json\/wp\/v2\/users\/10"}],"replies":[{"embeddable":true,"href":"https:\/\/verdadeon.com.br\/portal\/wp-json\/wp\/v2\/comments?post=41045"}],"version-history":[{"count":1,"href":"https:\/\/verdadeon.com.br\/portal\/wp-json\/wp\/v2\/posts\/41045\/revisions"}],"predecessor-version":[{"id":41046,"href":"https:\/\/verdadeon.com.br\/portal\/wp-json\/wp\/v2\/posts\/41045\/revisions\/41046"}],"wp:featuredmedia":[{"embeddable":true,"href":"https:\/\/verdadeon.com.br\/portal\/wp-json\/wp\/v2\/media\/33648"}],"wp:attachment":[{"href":"https:\/\/verdadeon.com.br\/portal\/wp-json\/wp\/v2\/media?parent=41045"}],"wp:term":[{"taxonomy":"category","embeddable":true,"href":"https:\/\/verdadeon.com.br\/portal\/wp-json\/wp\/v2\/categories?post=41045"},{"taxonomy":"post_tag","embeddable":true,"href":"https:\/\/verdadeon.com.br\/portal\/wp-json\/wp\/v2\/tags?post=41045"}],"curies":[{"name":"wp","href":"https:\/\/api.w.org\/{rel}","templated":true}]}}