{"id":4103,"date":"2020-02-23T11:00:31","date_gmt":"2020-02-23T14:00:31","guid":{"rendered":"http:\/\/verdadeon.com.br\/portal\/?p=4103"},"modified":"2020-02-23T09:39:30","modified_gmt":"2020-02-23T12:39:30","slug":"nao-gosta-de-carnaval-prefere-cinema-entao-vem-ver-o-que-segue-em-cartaz-no-moviecom-franca","status":"publish","type":"post","link":"https:\/\/verdadeon.com.br\/portal\/2020\/02\/23\/nao-gosta-de-carnaval-prefere-cinema-entao-vem-ver-o-que-segue-em-cartaz-no-moviecom-franca\/","title":{"rendered":"N\u00e3o gosta de Carnaval? Prefere Cinema? Ent\u00e3o vem ver o que segue em cartaz no Moviecom Franca."},"content":{"rendered":"<p>&nbsp;<\/p>\n<p>FRANCA 01 &#8211; DOLITTLE (3D) DUB (UNIVERSAL PICTURES)<br \/>\nCom\u00e9dia &#8211; Dublado &#8211; 10 Anos &#8211; Dura\u00e7\u00e3o: 102min.<br \/>\nDoutor Dolittle (Robert Downey Jr) \u00e9 um f\u00edsico muito competente, ele vive e cuida de v\u00e1rios animais e afirma que consegue at\u00e9 se comunicar atrav\u00e9s de palavras com eles.<br \/>\nQui., Sex., Seg., Ter., Qua.: 16h40 &#8211; 21h10<br \/>\nS\u00e1b., Dom., Feriado: 16h40 &#8211; 21h10<\/p>\n<p><iframe loading=\"lazy\" src=\"https:\/\/www.youtube.com\/embed\/c-hwRn94sMw\" width=\"735\" height=\"399\" frameborder=\"0\" allowfullscreen=\"allowfullscreen\"><\/iframe><\/p>\n<p>&nbsp;<\/p>\n<p>FRANCA 01 &#8211; DOLITTLE &#8211; DUB (UNIVERSAL PICTURES)<br \/>\nCom\u00e9dia &#8211; Dublado &#8211; 10 Anos &#8211; Dura\u00e7\u00e3o: 102min.<br \/>\nDoutor Dolittle (Robert Downey Jr) \u00e9 um f\u00edsico muito competente, ele vive e cuida de v\u00e1rios animais e afirma que consegue at\u00e9 se comunicar atrav\u00e9s de palavras com eles.<br \/>\nQui., Sex., Seg., Ter., Qua.: 14h30 &#8211; 19h00<br \/>\nS\u00e1b., Dom., Feriado: 14h30 &#8211; 19h00<\/p>\n<p>&nbsp;<\/p>\n<p><iframe loading=\"lazy\" src=\"https:\/\/www.youtube.com\/embed\/7_ybmGsUKFI\" width=\"735\" height=\"399\" frameborder=\"0\" allowfullscreen=\"allowfullscreen\"><\/iframe><\/p>\n<p>FRANCA 02 &#8211; SONIC &#8211; O FILME DUB (PARAMOUNT PICTURES)<br \/>\nAventura &#8211; Dublado &#8211; Livre &#8211; Dura\u00e7\u00e3o: 99min.<br \/>\nSonic, o porco-espinho azul mais famoso do mundo, se junta com os seus amigos para derrotar o terr\u00edvel Doutor Eggman, um cientista louco que planeja dominar o mundo, e o Doutor Robotnik, respons\u00e1vel por aprisionar animais inocentes em rob\u00f4s. A sinopse oficial ainda n\u00e3o foi divulgada<br \/>\nQui., Sex., Seg., Ter., Qua.: 14h40 &#8211; 16h50 &#8211; 19h10 &#8211; 21h20<br \/>\nS\u00e1b., Dom., Feriado: 14h40 &#8211; 16h50 &#8211; 19h10 &#8211; 21h20<\/p>\n<p><iframe loading=\"lazy\" src=\"https:\/\/www.youtube.com\/embed\/ptnTYWuYXMg\" width=\"735\" height=\"399\" frameborder=\"0\" allowfullscreen=\"allowfullscreen\"><\/iframe><\/p>\n<p>FRANCA 03 &#8211; JUMANJI: PR\u00d3XIMA FASE DUB (COLUMBIA PICTURES)<br \/>\nAventura \/ A\u00e7\u00e3o &#8211; Dublado &#8211; 12 Anos &#8211; Dura\u00e7\u00e3o: 123min.<br \/>\nTentado em revisitar o mundo de Jumanji, Spencer (Alex Wolff) decide consertar o jogo de videogame que permite que os jogadores sejam transportados ao local. Logo o quarteto formado por Smolder Bravestone (Dwayne Johnson), Moose Finbar (Kevin Hart), Shelly Oberon (Jack Black) e Ruby Roundhouse (Karen Gillan) ressurge, agora comandado por outras pessoas: os av\u00f4s de Spencer e Fridge (Danny DeVito e Danny Glover) assumem as personas de Bravestone e Finbar, enquanto o pr\u00f3prio Fridge<br \/>\n(Ser&#8217;Darius Blain) agora est\u00e1 sob a pele de Oberon.<br \/>\nSeg., Ter.: 13h50<br \/>\nS\u00e1b., Dom., Feriado: 13h50<\/p>\n<p><iframe loading=\"lazy\" src=\"https:\/\/www.youtube.com\/embed\/-fY2bDzc6cw\" width=\"735\" height=\"399\" frameborder=\"0\" allowfullscreen=\"allowfullscreen\"><\/iframe><\/p>\n<p>FRANCA 03 &#8211; MARIA E JO\u00c3O: DUB O CONTO DAS BRUXAS (IMAGEM FILMES)<br \/>\nTerror &#8211; Dublado &#8211; 14 Anos &#8211; Dura\u00e7\u00e3o: 88min.<br \/>\nH\u00e1 muito tempo, em um campo distante, Maria (Sophia Lillis) leva seu irm\u00e3ozinho Jo\u00e3o (Sammy Leakey) a um bosque escuro, em uma busca desesperada por comida e trabalho. Quando eles encontram Holda (Alice Krige), uma misteriosa mulher que reside na floresta, os dois irm\u00e3os descobrem que nem todo conto de fadas termina bem.<br \/>\nSex.: 16h20 &#8211; 18h10 &#8211; 20h00 &#8211; 21h50<br \/>\nS\u00e1b., Dom., Feriado: 16h20 &#8211; 18h10 &#8211; 20h00 &#8211; 21h50<br \/>\nQui., Seg., Ter., Qua.: 16h20 &#8211; 18h10 &#8211; 20h00<\/p>\n<p>FRANCA 03 &#8211; MARIA E JO\u00c3O: LEG O CONTO DAS BRUXAS (IMAGEM FILMES)<br \/>\nTerror &#8211; Legendado &#8211; 14 Anos &#8211; Dura\u00e7\u00e3o: 88min.<br \/>\nH\u00e1 muito tempo, em um campo distante, Maria (Sophia Lillis) leva seu irm\u00e3ozinho Jo\u00e3o (Sammy Leakey) a um bosque escuro, em uma busca desesperada por comida e trabalho. Quando eles encontram Holda (Alice Krige), uma misteriosa mulher que reside na floresta, os dois irm\u00e3os descobrem que nem todo<br \/>\nconto de fadas termina bem.<br \/>\nQui., Seg., Ter., Qua.: 21h50<\/p>\n<p><iframe loading=\"lazy\" src=\"https:\/\/www.youtube.com\/embed\/IXD7LvvLDwE\" width=\"735\" height=\"399\" frameborder=\"0\" allowfullscreen=\"allowfullscreen\"><\/iframe><\/p>\n<p>FRANCA 04 &#8211; BAD BOYS PARA SEMPRE &#8211; DUB (COLUMBIA PICTURES)<br \/>\nCom\u00e9dia \/ A\u00e7\u00e3o &#8211; Dublado &#8211; 16 Anos &#8211; Dura\u00e7\u00e3o: 124min.<br \/>\nTerceiro epis\u00f3dio das hist\u00f3rias dos policiais Burnett (Martin Lawrence) e Lowrey (Will Smith), que devem encontrar e prender os mais perigosos traficantes de drogas da cidade.<br \/>\nQui., Sex., Seg., Ter., Qua.: 17h00<br \/>\nS\u00e1b., Dom., Feriado: 17h00<\/p>\n<p><iframe loading=\"lazy\" src=\"https:\/\/www.youtube.com\/embed\/EnAJ99Q77DY\" width=\"735\" height=\"399\" frameborder=\"0\" allowfullscreen=\"allowfullscreen\"><\/iframe><\/p>\n<p>FRANCA 04 &#8211; O GRITO &#8211; DUB (COLUMBIA PICTURES)<br \/>\nTerror &#8211; Dublado &#8211; 16 Anos &#8211; Dura\u00e7\u00e3o: 94min.<br \/>\nEm uma casa, uma maldi\u00e7\u00e3o nasce ap\u00f3s uma pessoa morrer em um momento de terr\u00edvel terror e tristeza. Voraz, a entidade maligna n\u00e3o perdoa ningu\u00e9m, fazendo v\u00edtima atr\u00e1s de v\u00edtima e passando a maldi\u00e7\u00e3o<br \/>\nadiante.<br \/>\nQui., Sex., Seg., Ter., Qua.: 21h45<br \/>\nS\u00e1b., Dom., Feriado: 21h45<\/p>\n<p><iframe loading=\"lazy\" src=\"https:\/\/www.youtube.com\/embed\/_f9PcLUyu78\" width=\"735\" height=\"399\" frameborder=\"0\" allowfullscreen=\"allowfullscreen\"><\/iframe><\/p>\n<p>FRANCA 04 &#8211; ARLEQUINA EM AVES DE RAPINA &#8211; DUB (WARNER)<br \/>\nAventura \/ A\u00e7\u00e3o &#8211; Dublado &#8211; 16 Anos &#8211; Dura\u00e7\u00e3o: 108min.<br \/>\nArlequina (Margot Robbie), Can\u00e1rio Negro (Jurnee Smollett), Ca\u00e7adora (Mary Elizabeth Winstead), Cassandra Cain e a policial Ren\u00e9e Montoya (Rosie Perez) formam um grupo inusitado de hero\u00ednas. Quando um perigoso criminoso come\u00e7a a causar destrui\u00e7\u00e3o em Gotham, as cinco mulheres precisam se unir para defender a cidade.<br \/>\nQui., Sex., Seg., Ter., Qua.: 14h45 &#8211; 19h30<br \/>\nS\u00e1b., Dom., Feriado: 14h45 &#8211; 19h30<\/p>\n","protected":false},"excerpt":{"rendered":"<p>&nbsp; FRANCA 01 &#8211; DOLITTLE (3D) DUB (UNIVERSAL PICTURES) Com\u00e9dia &#8211; Dublado &#8211; 10 Anos &#8211; Dura\u00e7\u00e3o: 102min. Doutor Dolittle (Robert Downey Jr) \u00e9 um f\u00edsico<span class=\"excerpt-hellip\"> [\u2026]<\/span><\/p>\n","protected":false},"author":10,"featured_media":4104,"comment_status":"open","ping_status":"open","sticky":false,"template":"","format":"standard","meta":{"_jetpack_memberships_contains_paid_content":false,"footnotes":"","jetpack_publicize_message":"","jetpack_publicize_feature_enabled":true,"jetpack_social_post_already_shared":false,"jetpack_social_options":{"image_generator_settings":{"template":"highway","default_image_id":0,"enabled":false},"version":2}},"categories":[28,44],"tags":[],"class_list":["post-4103","post","type-post","status-publish","format-standard","has-post-thumbnail","hentry","category-cotidiano","category-noticias"],"yoast_head":"<!-- This site is optimized with the Yoast SEO plugin v25.6 - https:\/\/yoast.com\/wordpress\/plugins\/seo\/ -->\n<title>N\u00e3o gosta de Carnaval? Prefere Cinema? Ent\u00e3o vem ver o que segue em cartaz no Moviecom Franca. - VerdadeOn<\/title>\n<meta name=\"robots\" content=\"index, follow, max-snippet:-1, max-image-preview:large, max-video-preview:-1\" \/>\n<link rel=\"canonical\" href=\"https:\/\/verdadeon.com.br\/portal\/2020\/02\/23\/nao-gosta-de-carnaval-prefere-cinema-entao-vem-ver-o-que-segue-em-cartaz-no-moviecom-franca\/\" \/>\n<meta property=\"og:locale\" content=\"pt_BR\" \/>\n<meta property=\"og:type\" content=\"article\" \/>\n<meta property=\"og:title\" content=\"N\u00e3o gosta de Carnaval? Prefere Cinema? Ent\u00e3o vem ver o que segue em cartaz no Moviecom Franca. - VerdadeOn\" \/>\n<meta property=\"og:description\" content=\"&nbsp; FRANCA 01 &#8211; DOLITTLE (3D) DUB (UNIVERSAL PICTURES) Com\u00e9dia &#8211; Dublado &#8211; 10 Anos &#8211; Dura\u00e7\u00e3o: 102min. Doutor Dolittle (Robert Downey Jr) \u00e9 um f\u00edsico [\u2026]\" \/>\n<meta property=\"og:url\" content=\"https:\/\/verdadeon.com.br\/portal\/2020\/02\/23\/nao-gosta-de-carnaval-prefere-cinema-entao-vem-ver-o-que-segue-em-cartaz-no-moviecom-franca\/\" \/>\n<meta property=\"og:site_name\" content=\"VerdadeOn\" \/>\n<meta property=\"article:published_time\" content=\"2020-02-23T14:00:31+00:00\" \/>\n<meta property=\"og:image\" content=\"https:\/\/verdadeon.com.br\/portal\/wp-content\/uploads\/2020\/02\/Dolittle-Promo-Imagelandscape.jpg\" \/>\n\t<meta property=\"og:image:width\" content=\"1000\" \/>\n\t<meta property=\"og:image:height\" content=\"662\" \/>\n\t<meta property=\"og:image:type\" content=\"image\/jpeg\" \/>\n<meta name=\"author\" content=\"Redacao VerdadeOn\" \/>\n<meta name=\"twitter:card\" content=\"summary_large_image\" \/>\n<meta name=\"twitter:label1\" content=\"Escrito por\" \/>\n\t<meta name=\"twitter:data1\" content=\"Redacao VerdadeOn\" \/>\n\t<meta name=\"twitter:label2\" content=\"Est. tempo de leitura\" \/>\n\t<meta name=\"twitter:data2\" content=\"4 minutos\" \/>\n<script type=\"application\/ld+json\" class=\"yoast-schema-graph\">{\"@context\":\"https:\/\/schema.org\",\"@graph\":[{\"@type\":\"WebPage\",\"@id\":\"https:\/\/verdadeon.com.br\/portal\/2020\/02\/23\/nao-gosta-de-carnaval-prefere-cinema-entao-vem-ver-o-que-segue-em-cartaz-no-moviecom-franca\/\",\"url\":\"https:\/\/verdadeon.com.br\/portal\/2020\/02\/23\/nao-gosta-de-carnaval-prefere-cinema-entao-vem-ver-o-que-segue-em-cartaz-no-moviecom-franca\/\",\"name\":\"N\u00e3o gosta de Carnaval? Prefere Cinema? Ent\u00e3o vem ver o que segue em cartaz no Moviecom Franca. - VerdadeOn\",\"isPartOf\":{\"@id\":\"https:\/\/verdadeon.com.br\/portal\/#website\"},\"primaryImageOfPage\":{\"@id\":\"https:\/\/verdadeon.com.br\/portal\/2020\/02\/23\/nao-gosta-de-carnaval-prefere-cinema-entao-vem-ver-o-que-segue-em-cartaz-no-moviecom-franca\/#primaryimage\"},\"image\":{\"@id\":\"https:\/\/verdadeon.com.br\/portal\/2020\/02\/23\/nao-gosta-de-carnaval-prefere-cinema-entao-vem-ver-o-que-segue-em-cartaz-no-moviecom-franca\/#primaryimage\"},\"thumbnailUrl\":\"https:\/\/i0.wp.com\/verdadeon.com.br\/portal\/wp-content\/uploads\/2020\/02\/Dolittle-Promo-Imagelandscape.jpg?fit=1000%2C662&ssl=1\",\"datePublished\":\"2020-02-23T14:00:31+00:00\",\"author\":{\"@id\":\"https:\/\/verdadeon.com.br\/portal\/#\/schema\/person\/a5060ad1e9ea3df545188fc93ce43d2f\"},\"breadcrumb\":{\"@id\":\"https:\/\/verdadeon.com.br\/portal\/2020\/02\/23\/nao-gosta-de-carnaval-prefere-cinema-entao-vem-ver-o-que-segue-em-cartaz-no-moviecom-franca\/#breadcrumb\"},\"inLanguage\":\"pt-BR\",\"potentialAction\":[{\"@type\":\"ReadAction\",\"target\":[\"https:\/\/verdadeon.com.br\/portal\/2020\/02\/23\/nao-gosta-de-carnaval-prefere-cinema-entao-vem-ver-o-que-segue-em-cartaz-no-moviecom-franca\/\"]}]},{\"@type\":\"ImageObject\",\"inLanguage\":\"pt-BR\",\"@id\":\"https:\/\/verdadeon.com.br\/portal\/2020\/02\/23\/nao-gosta-de-carnaval-prefere-cinema-entao-vem-ver-o-que-segue-em-cartaz-no-moviecom-franca\/#primaryimage\",\"url\":\"https:\/\/i0.wp.com\/verdadeon.com.br\/portal\/wp-content\/uploads\/2020\/02\/Dolittle-Promo-Imagelandscape.jpg?fit=1000%2C662&ssl=1\",\"contentUrl\":\"https:\/\/i0.wp.com\/verdadeon.com.br\/portal\/wp-content\/uploads\/2020\/02\/Dolittle-Promo-Imagelandscape.jpg?fit=1000%2C662&ssl=1\",\"width\":1000,\"height\":662},{\"@type\":\"BreadcrumbList\",\"@id\":\"https:\/\/verdadeon.com.br\/portal\/2020\/02\/23\/nao-gosta-de-carnaval-prefere-cinema-entao-vem-ver-o-que-segue-em-cartaz-no-moviecom-franca\/#breadcrumb\",\"itemListElement\":[{\"@type\":\"ListItem\",\"position\":1,\"name\":\"In\u00edcio\",\"item\":\"https:\/\/verdadeon.com.br\/portal\/\"},{\"@type\":\"ListItem\",\"position\":2,\"name\":\"N\u00e3o gosta de Carnaval? Prefere Cinema? Ent\u00e3o vem ver o que segue em cartaz no Moviecom Franca.\"}]},{\"@type\":\"WebSite\",\"@id\":\"https:\/\/verdadeon.com.br\/portal\/#website\",\"url\":\"https:\/\/verdadeon.com.br\/portal\/\",\"name\":\"VerdadeOn\",\"description\":\"Not\u00edcias di\u00e1rias sobre Franca, Regi\u00e3o, Esporte, Cultura, Cotidiano, Colunas. Cobertura nos principais eventos da cidade \u00e9 aqui - Verdadeon Franca\",\"potentialAction\":[{\"@type\":\"SearchAction\",\"target\":{\"@type\":\"EntryPoint\",\"urlTemplate\":\"https:\/\/verdadeon.com.br\/portal\/?s={search_term_string}\"},\"query-input\":{\"@type\":\"PropertyValueSpecification\",\"valueRequired\":true,\"valueName\":\"search_term_string\"}}],\"inLanguage\":\"pt-BR\"},{\"@type\":\"Person\",\"@id\":\"https:\/\/verdadeon.com.br\/portal\/#\/schema\/person\/a5060ad1e9ea3df545188fc93ce43d2f\",\"name\":\"Redacao VerdadeOn\",\"image\":{\"@type\":\"ImageObject\",\"inLanguage\":\"pt-BR\",\"@id\":\"https:\/\/verdadeon.com.br\/portal\/#\/schema\/person\/image\/\",\"url\":\"https:\/\/secure.gravatar.com\/avatar\/459a9613caaaf07f582c3d0841eea68bdd66f533e465e6ba8b9cb45619572cf4?s=96&d=mm&r=g\",\"contentUrl\":\"https:\/\/secure.gravatar.com\/avatar\/459a9613caaaf07f582c3d0841eea68bdd66f533e465e6ba8b9cb45619572cf4?s=96&d=mm&r=g\",\"caption\":\"Redacao VerdadeOn\"},\"url\":\"https:\/\/verdadeon.com.br\/portal\/author\/redacao\/\"}]}<\/script>\n<!-- \/ Yoast SEO plugin. -->","yoast_head_json":{"title":"N\u00e3o gosta de Carnaval? Prefere Cinema? Ent\u00e3o vem ver o que segue em cartaz no Moviecom Franca. - VerdadeOn","robots":{"index":"index","follow":"follow","max-snippet":"max-snippet:-1","max-image-preview":"max-image-preview:large","max-video-preview":"max-video-preview:-1"},"canonical":"https:\/\/verdadeon.com.br\/portal\/2020\/02\/23\/nao-gosta-de-carnaval-prefere-cinema-entao-vem-ver-o-que-segue-em-cartaz-no-moviecom-franca\/","og_locale":"pt_BR","og_type":"article","og_title":"N\u00e3o gosta de Carnaval? Prefere Cinema? Ent\u00e3o vem ver o que segue em cartaz no Moviecom Franca. - VerdadeOn","og_description":"&nbsp; FRANCA 01 &#8211; DOLITTLE (3D) DUB (UNIVERSAL PICTURES) Com\u00e9dia &#8211; Dublado &#8211; 10 Anos &#8211; Dura\u00e7\u00e3o: 102min. Doutor Dolittle (Robert Downey Jr) \u00e9 um f\u00edsico [\u2026]","og_url":"https:\/\/verdadeon.com.br\/portal\/2020\/02\/23\/nao-gosta-de-carnaval-prefere-cinema-entao-vem-ver-o-que-segue-em-cartaz-no-moviecom-franca\/","og_site_name":"VerdadeOn","article_published_time":"2020-02-23T14:00:31+00:00","og_image":[{"width":1000,"height":662,"url":"https:\/\/verdadeon.com.br\/portal\/wp-content\/uploads\/2020\/02\/Dolittle-Promo-Imagelandscape.jpg","type":"image\/jpeg"}],"author":"Redacao VerdadeOn","twitter_card":"summary_large_image","twitter_misc":{"Escrito por":"Redacao VerdadeOn","Est. tempo de leitura":"4 minutos"},"schema":{"@context":"https:\/\/schema.org","@graph":[{"@type":"WebPage","@id":"https:\/\/verdadeon.com.br\/portal\/2020\/02\/23\/nao-gosta-de-carnaval-prefere-cinema-entao-vem-ver-o-que-segue-em-cartaz-no-moviecom-franca\/","url":"https:\/\/verdadeon.com.br\/portal\/2020\/02\/23\/nao-gosta-de-carnaval-prefere-cinema-entao-vem-ver-o-que-segue-em-cartaz-no-moviecom-franca\/","name":"N\u00e3o gosta de Carnaval? Prefere Cinema? Ent\u00e3o vem ver o que segue em cartaz no Moviecom Franca. - VerdadeOn","isPartOf":{"@id":"https:\/\/verdadeon.com.br\/portal\/#website"},"primaryImageOfPage":{"@id":"https:\/\/verdadeon.com.br\/portal\/2020\/02\/23\/nao-gosta-de-carnaval-prefere-cinema-entao-vem-ver-o-que-segue-em-cartaz-no-moviecom-franca\/#primaryimage"},"image":{"@id":"https:\/\/verdadeon.com.br\/portal\/2020\/02\/23\/nao-gosta-de-carnaval-prefere-cinema-entao-vem-ver-o-que-segue-em-cartaz-no-moviecom-franca\/#primaryimage"},"thumbnailUrl":"https:\/\/i0.wp.com\/verdadeon.com.br\/portal\/wp-content\/uploads\/2020\/02\/Dolittle-Promo-Imagelandscape.jpg?fit=1000%2C662&ssl=1","datePublished":"2020-02-23T14:00:31+00:00","author":{"@id":"https:\/\/verdadeon.com.br\/portal\/#\/schema\/person\/a5060ad1e9ea3df545188fc93ce43d2f"},"breadcrumb":{"@id":"https:\/\/verdadeon.com.br\/portal\/2020\/02\/23\/nao-gosta-de-carnaval-prefere-cinema-entao-vem-ver-o-que-segue-em-cartaz-no-moviecom-franca\/#breadcrumb"},"inLanguage":"pt-BR","potentialAction":[{"@type":"ReadAction","target":["https:\/\/verdadeon.com.br\/portal\/2020\/02\/23\/nao-gosta-de-carnaval-prefere-cinema-entao-vem-ver-o-que-segue-em-cartaz-no-moviecom-franca\/"]}]},{"@type":"ImageObject","inLanguage":"pt-BR","@id":"https:\/\/verdadeon.com.br\/portal\/2020\/02\/23\/nao-gosta-de-carnaval-prefere-cinema-entao-vem-ver-o-que-segue-em-cartaz-no-moviecom-franca\/#primaryimage","url":"https:\/\/i0.wp.com\/verdadeon.com.br\/portal\/wp-content\/uploads\/2020\/02\/Dolittle-Promo-Imagelandscape.jpg?fit=1000%2C662&ssl=1","contentUrl":"https:\/\/i0.wp.com\/verdadeon.com.br\/portal\/wp-content\/uploads\/2020\/02\/Dolittle-Promo-Imagelandscape.jpg?fit=1000%2C662&ssl=1","width":1000,"height":662},{"@type":"BreadcrumbList","@id":"https:\/\/verdadeon.com.br\/portal\/2020\/02\/23\/nao-gosta-de-carnaval-prefere-cinema-entao-vem-ver-o-que-segue-em-cartaz-no-moviecom-franca\/#breadcrumb","itemListElement":[{"@type":"ListItem","position":1,"name":"In\u00edcio","item":"https:\/\/verdadeon.com.br\/portal\/"},{"@type":"ListItem","position":2,"name":"N\u00e3o gosta de Carnaval? Prefere Cinema? Ent\u00e3o vem ver o que segue em cartaz no Moviecom Franca."}]},{"@type":"WebSite","@id":"https:\/\/verdadeon.com.br\/portal\/#website","url":"https:\/\/verdadeon.com.br\/portal\/","name":"VerdadeOn","description":"Not\u00edcias di\u00e1rias sobre Franca, Regi\u00e3o, Esporte, Cultura, Cotidiano, Colunas. Cobertura nos principais eventos da cidade \u00e9 aqui - Verdadeon Franca","potentialAction":[{"@type":"SearchAction","target":{"@type":"EntryPoint","urlTemplate":"https:\/\/verdadeon.com.br\/portal\/?s={search_term_string}"},"query-input":{"@type":"PropertyValueSpecification","valueRequired":true,"valueName":"search_term_string"}}],"inLanguage":"pt-BR"},{"@type":"Person","@id":"https:\/\/verdadeon.com.br\/portal\/#\/schema\/person\/a5060ad1e9ea3df545188fc93ce43d2f","name":"Redacao VerdadeOn","image":{"@type":"ImageObject","inLanguage":"pt-BR","@id":"https:\/\/verdadeon.com.br\/portal\/#\/schema\/person\/image\/","url":"https:\/\/secure.gravatar.com\/avatar\/459a9613caaaf07f582c3d0841eea68bdd66f533e465e6ba8b9cb45619572cf4?s=96&d=mm&r=g","contentUrl":"https:\/\/secure.gravatar.com\/avatar\/459a9613caaaf07f582c3d0841eea68bdd66f533e465e6ba8b9cb45619572cf4?s=96&d=mm&r=g","caption":"Redacao VerdadeOn"},"url":"https:\/\/verdadeon.com.br\/portal\/author\/redacao\/"}]}},"jetpack_publicize_connections":[],"jetpack_featured_media_url":"https:\/\/i0.wp.com\/verdadeon.com.br\/portal\/wp-content\/uploads\/2020\/02\/Dolittle-Promo-Imagelandscape.jpg?fit=1000%2C662&ssl=1","jetpack_sharing_enabled":true,"_links":{"self":[{"href":"https:\/\/verdadeon.com.br\/portal\/wp-json\/wp\/v2\/posts\/4103","targetHints":{"allow":["GET"]}}],"collection":[{"href":"https:\/\/verdadeon.com.br\/portal\/wp-json\/wp\/v2\/posts"}],"about":[{"href":"https:\/\/verdadeon.com.br\/portal\/wp-json\/wp\/v2\/types\/post"}],"author":[{"embeddable":true,"href":"https:\/\/verdadeon.com.br\/portal\/wp-json\/wp\/v2\/users\/10"}],"replies":[{"embeddable":true,"href":"https:\/\/verdadeon.com.br\/portal\/wp-json\/wp\/v2\/comments?post=4103"}],"version-history":[{"count":0,"href":"https:\/\/verdadeon.com.br\/portal\/wp-json\/wp\/v2\/posts\/4103\/revisions"}],"wp:featuredmedia":[{"embeddable":true,"href":"https:\/\/verdadeon.com.br\/portal\/wp-json\/wp\/v2\/media\/4104"}],"wp:attachment":[{"href":"https:\/\/verdadeon.com.br\/portal\/wp-json\/wp\/v2\/media?parent=4103"}],"wp:term":[{"taxonomy":"category","embeddable":true,"href":"https:\/\/verdadeon.com.br\/portal\/wp-json\/wp\/v2\/categories?post=4103"},{"taxonomy":"post_tag","embeddable":true,"href":"https:\/\/verdadeon.com.br\/portal\/wp-json\/wp\/v2\/tags?post=4103"}],"curies":[{"name":"wp","href":"https:\/\/api.w.org\/{rel}","templated":true}]}}