{"id":41026,"date":"2024-01-25T12:03:27","date_gmt":"2024-01-25T15:03:27","guid":{"rendered":"https:\/\/verdadeon.com.br\/portal\/?p=41026"},"modified":"2024-01-25T12:03:27","modified_gmt":"2024-01-25T15:03:27","slug":"o-gato-subiu-no-telhado","status":"publish","type":"post","link":"https:\/\/verdadeon.com.br\/portal\/2024\/01\/25\/o-gato-subiu-no-telhado\/","title":{"rendered":"O gato subiu no telhado!"},"content":{"rendered":"<p>F\u00e1bulas antigas s\u00e3o ainda hoje fabulosas ilustra\u00e7\u00f5es do que se faz na pol\u00edtica e, entre seus figurantes despontam os mais ardilosos e atrevidos praticantes de mazelas para encher suas burras enquanto o povo carrega o peso dos impostos e dos servi\u00e7os da mais baixa qualidade. Todo lugar onde \u00e9 prevenindo que se evite o caos, aparece o intrigante jeito de pensar que o povo \u00e9 bobo! Ainda mais na agilidade da cibern\u00e9tica e da internet apurada em quest\u00e3o de microssegundos.<\/p>\n<p>Essa gatunagem de inventar problema para arrumar uma solu\u00e7\u00e3o que vai gerar despesa, gasto, custo imprevisto e lucro para algu\u00e9m, domina o cen\u00e1rio nacional, vem ao degrau do meio e chega at\u00e9 no menor, por\u00e9m t\u00e3o astuto quanto espertalh\u00e3o, cada um a seu jeito, e da maneira mais bem produzida ao longo dos anos de malandragens.<\/p>\n<p>E que veio confirmar o que j\u00e1 se previa, ainda que n\u00e3o houvesse resposta e\/ou explica\u00e7\u00e3o da assessoria de not\u00edcias pagas a milh\u00f5es, mas o problema da \u2018adultera\u00e7\u00e3o\u2019 do diesel nas ambul\u00e2ncias municipais na terra dos falsos m\u00e9dicos, veio nova \u2018doen\u00e7a\u2019 entre tantos males j\u00e1 vividos, at\u00e9 a morte, ceifando vidas por falta de vagas, cirurgias adiadas, exames de mamografia, interna\u00e7\u00f5es rejeitadas e outros descasos chocantes.<\/p>\n<p>Se as redes sociais previam, o povo estava ciente do problema que viria com o dano nos motores das ambul\u00e2ncias: foi usado o \u2018rem\u00e9dio da gastan\u00e7a\u2019, com ligeireza maior que a do gato que sobe no telhado. Dia 10 de janeiro, uma semana depois que a informa\u00e7\u00e3o foi pedida e nunca respondida nem explicada, o diagn\u00f3stico: contrataram em Ribeir\u00e3o Preto, em car\u00e1ter de \u2018urg\u00eancia\u2019 um ve\u00edculo equipado para o socorro ou as viagens at\u00e9 os hospitais, ao custo de quase R$ 900 mil, sem licita\u00e7\u00e3o, para abastecer com<br \/>\ndiesel \u2018batizado\u2019? Ato emergencial, mas suspeito e digno de ser investigado, j\u00e1!<\/p>\n<p>\u2018Me enganando, outra vez burgomestre?\u2019 pergunta uma paciente que aguarda exames h\u00e1 mais de 3 anos numa das milhares de postagens durante a semana, quando a not\u00edcia se espalhou igual rastro de p\u00f3lvora. Ela foi sutil at\u00e9 alcunhando o autor dessas \u2018maracutaias\u2019 com o nome pomposo do reinado em que o \u2018mestre\u2019 deitava e rolava na gastan\u00e7a e fara\u00f4nicas proezas com o dinheiro do reino. Esperteza que a malandragem \u00e0s vezes tamb\u00e9m deixa vis\u00edvel, indisfar\u00e7\u00e1vel, mas transparente na repeti\u00e7\u00e3o constante.<\/p>\n<p>A farra da compra de ve\u00edculos n\u00e3o para, h\u00e1 mais de tr\u00eas anos a m\u00e9dia mensal de um ve\u00edculo j\u00e1 foi superada, entre caminhonetes, ambul\u00e2ncias, carros de passeio, ou de luxo para deslocamentos das majestosas figuras que empoleiram para os encontros e reuni\u00f5es de c\u00e2maradagem com vereadores em lan\u00e7amentos de obras e manobras&#8230;<\/p>\n<p>\u2018Aqui n\u00e3o, viol\u00e3o!\u2019, nessa esparrela a popula\u00e7\u00e3o francana n\u00e3o vai cair enquanto as m\u00eddias estiverem ativas e atentas e, ao menos para responsabiliza\u00e7\u00e3o de c\u00famplices, silenciosos e calados de que a\u00e7\u00e3o popular ser\u00e1 feita, em ano eleitoral e de altos riscos.<\/p>\n","protected":false},"excerpt":{"rendered":"<p>F\u00e1bulas antigas s\u00e3o ainda hoje fabulosas ilustra\u00e7\u00f5es do que se faz na pol\u00edtica e, entre seus figurantes despontam os mais ardilosos e atrevidos praticantes de mazelas<span class=\"excerpt-hellip\"> [\u2026]<\/span><\/p>\n","protected":false},"author":10,"featured_media":41027,"comment_status":"open","ping_status":"open","sticky":false,"template":"","format":"standard","meta":{"_jetpack_memberships_contains_paid_content":false,"footnotes":"","jetpack_publicize_message":"","jetpack_publicize_feature_enabled":true,"jetpack_social_post_already_shared":false,"jetpack_social_options":{"image_generator_settings":{"template":"highway","default_image_id":0,"enabled":false},"version":2}},"categories":[137],"tags":[],"class_list":["post-41026","post","type-post","status-publish","format-standard","has-post-thumbnail","hentry","category-editorial"],"yoast_head":"<!-- This site is optimized with the Yoast SEO plugin v25.6 - https:\/\/yoast.com\/wordpress\/plugins\/seo\/ -->\n<title>O gato subiu no telhado! - VerdadeOn<\/title>\n<meta name=\"robots\" content=\"index, follow, max-snippet:-1, max-image-preview:large, max-video-preview:-1\" \/>\n<link rel=\"canonical\" href=\"https:\/\/verdadeon.com.br\/portal\/2024\/01\/25\/o-gato-subiu-no-telhado\/\" \/>\n<meta property=\"og:locale\" content=\"pt_BR\" \/>\n<meta property=\"og:type\" content=\"article\" \/>\n<meta property=\"og:title\" content=\"O gato subiu no telhado! - VerdadeOn\" \/>\n<meta property=\"og:description\" content=\"F\u00e1bulas antigas s\u00e3o ainda hoje fabulosas ilustra\u00e7\u00f5es do que se faz na pol\u00edtica e, entre seus figurantes despontam os mais ardilosos e atrevidos praticantes de mazelas [\u2026]\" \/>\n<meta property=\"og:url\" content=\"https:\/\/verdadeon.com.br\/portal\/2024\/01\/25\/o-gato-subiu-no-telhado\/\" \/>\n<meta property=\"og:site_name\" content=\"VerdadeOn\" \/>\n<meta property=\"article:published_time\" content=\"2024-01-25T15:03:27+00:00\" \/>\n<meta property=\"og:image\" content=\"https:\/\/verdadeon.com.br\/portal\/wp-content\/uploads\/2024\/01\/Capturar-4.jpg\" \/>\n\t<meta property=\"og:image:width\" content=\"433\" \/>\n\t<meta property=\"og:image:height\" content=\"291\" \/>\n\t<meta property=\"og:image:type\" content=\"image\/jpeg\" \/>\n<meta name=\"author\" content=\"Redacao VerdadeOn\" \/>\n<meta name=\"twitter:card\" content=\"summary_large_image\" \/>\n<meta name=\"twitter:label1\" content=\"Escrito por\" \/>\n\t<meta name=\"twitter:data1\" content=\"Redacao VerdadeOn\" \/>\n\t<meta name=\"twitter:label2\" content=\"Est. tempo de leitura\" \/>\n\t<meta name=\"twitter:data2\" content=\"3 minutos\" \/>\n<script type=\"application\/ld+json\" class=\"yoast-schema-graph\">{\"@context\":\"https:\/\/schema.org\",\"@graph\":[{\"@type\":\"WebPage\",\"@id\":\"https:\/\/verdadeon.com.br\/portal\/2024\/01\/25\/o-gato-subiu-no-telhado\/\",\"url\":\"https:\/\/verdadeon.com.br\/portal\/2024\/01\/25\/o-gato-subiu-no-telhado\/\",\"name\":\"O gato subiu no telhado! - VerdadeOn\",\"isPartOf\":{\"@id\":\"https:\/\/verdadeon.com.br\/portal\/#website\"},\"primaryImageOfPage\":{\"@id\":\"https:\/\/verdadeon.com.br\/portal\/2024\/01\/25\/o-gato-subiu-no-telhado\/#primaryimage\"},\"image\":{\"@id\":\"https:\/\/verdadeon.com.br\/portal\/2024\/01\/25\/o-gato-subiu-no-telhado\/#primaryimage\"},\"thumbnailUrl\":\"https:\/\/i0.wp.com\/verdadeon.com.br\/portal\/wp-content\/uploads\/2024\/01\/Capturar-4.jpg?fit=433%2C291&ssl=1\",\"datePublished\":\"2024-01-25T15:03:27+00:00\",\"author\":{\"@id\":\"https:\/\/verdadeon.com.br\/portal\/#\/schema\/person\/a5060ad1e9ea3df545188fc93ce43d2f\"},\"breadcrumb\":{\"@id\":\"https:\/\/verdadeon.com.br\/portal\/2024\/01\/25\/o-gato-subiu-no-telhado\/#breadcrumb\"},\"inLanguage\":\"pt-BR\",\"potentialAction\":[{\"@type\":\"ReadAction\",\"target\":[\"https:\/\/verdadeon.com.br\/portal\/2024\/01\/25\/o-gato-subiu-no-telhado\/\"]}]},{\"@type\":\"ImageObject\",\"inLanguage\":\"pt-BR\",\"@id\":\"https:\/\/verdadeon.com.br\/portal\/2024\/01\/25\/o-gato-subiu-no-telhado\/#primaryimage\",\"url\":\"https:\/\/i0.wp.com\/verdadeon.com.br\/portal\/wp-content\/uploads\/2024\/01\/Capturar-4.jpg?fit=433%2C291&ssl=1\",\"contentUrl\":\"https:\/\/i0.wp.com\/verdadeon.com.br\/portal\/wp-content\/uploads\/2024\/01\/Capturar-4.jpg?fit=433%2C291&ssl=1\",\"width\":433,\"height\":291},{\"@type\":\"BreadcrumbList\",\"@id\":\"https:\/\/verdadeon.com.br\/portal\/2024\/01\/25\/o-gato-subiu-no-telhado\/#breadcrumb\",\"itemListElement\":[{\"@type\":\"ListItem\",\"position\":1,\"name\":\"In\u00edcio\",\"item\":\"https:\/\/verdadeon.com.br\/portal\/\"},{\"@type\":\"ListItem\",\"position\":2,\"name\":\"O gato subiu no telhado!\"}]},{\"@type\":\"WebSite\",\"@id\":\"https:\/\/verdadeon.com.br\/portal\/#website\",\"url\":\"https:\/\/verdadeon.com.br\/portal\/\",\"name\":\"VerdadeOn\",\"description\":\"Not\u00edcias di\u00e1rias sobre Franca, Regi\u00e3o, Esporte, Cultura, Cotidiano, Colunas. Cobertura nos principais eventos da cidade \u00e9 aqui - Verdadeon Franca\",\"potentialAction\":[{\"@type\":\"SearchAction\",\"target\":{\"@type\":\"EntryPoint\",\"urlTemplate\":\"https:\/\/verdadeon.com.br\/portal\/?s={search_term_string}\"},\"query-input\":{\"@type\":\"PropertyValueSpecification\",\"valueRequired\":true,\"valueName\":\"search_term_string\"}}],\"inLanguage\":\"pt-BR\"},{\"@type\":\"Person\",\"@id\":\"https:\/\/verdadeon.com.br\/portal\/#\/schema\/person\/a5060ad1e9ea3df545188fc93ce43d2f\",\"name\":\"Redacao VerdadeOn\",\"image\":{\"@type\":\"ImageObject\",\"inLanguage\":\"pt-BR\",\"@id\":\"https:\/\/verdadeon.com.br\/portal\/#\/schema\/person\/image\/\",\"url\":\"https:\/\/secure.gravatar.com\/avatar\/459a9613caaaf07f582c3d0841eea68bdd66f533e465e6ba8b9cb45619572cf4?s=96&d=mm&r=g\",\"contentUrl\":\"https:\/\/secure.gravatar.com\/avatar\/459a9613caaaf07f582c3d0841eea68bdd66f533e465e6ba8b9cb45619572cf4?s=96&d=mm&r=g\",\"caption\":\"Redacao VerdadeOn\"},\"url\":\"https:\/\/verdadeon.com.br\/portal\/author\/redacao\/\"}]}<\/script>\n<!-- \/ Yoast SEO plugin. -->","yoast_head_json":{"title":"O gato subiu no telhado! - VerdadeOn","robots":{"index":"index","follow":"follow","max-snippet":"max-snippet:-1","max-image-preview":"max-image-preview:large","max-video-preview":"max-video-preview:-1"},"canonical":"https:\/\/verdadeon.com.br\/portal\/2024\/01\/25\/o-gato-subiu-no-telhado\/","og_locale":"pt_BR","og_type":"article","og_title":"O gato subiu no telhado! - VerdadeOn","og_description":"F\u00e1bulas antigas s\u00e3o ainda hoje fabulosas ilustra\u00e7\u00f5es do que se faz na pol\u00edtica e, entre seus figurantes despontam os mais ardilosos e atrevidos praticantes de mazelas [\u2026]","og_url":"https:\/\/verdadeon.com.br\/portal\/2024\/01\/25\/o-gato-subiu-no-telhado\/","og_site_name":"VerdadeOn","article_published_time":"2024-01-25T15:03:27+00:00","og_image":[{"width":433,"height":291,"url":"https:\/\/verdadeon.com.br\/portal\/wp-content\/uploads\/2024\/01\/Capturar-4.jpg","type":"image\/jpeg"}],"author":"Redacao VerdadeOn","twitter_card":"summary_large_image","twitter_misc":{"Escrito por":"Redacao VerdadeOn","Est. tempo de leitura":"3 minutos"},"schema":{"@context":"https:\/\/schema.org","@graph":[{"@type":"WebPage","@id":"https:\/\/verdadeon.com.br\/portal\/2024\/01\/25\/o-gato-subiu-no-telhado\/","url":"https:\/\/verdadeon.com.br\/portal\/2024\/01\/25\/o-gato-subiu-no-telhado\/","name":"O gato subiu no telhado! - VerdadeOn","isPartOf":{"@id":"https:\/\/verdadeon.com.br\/portal\/#website"},"primaryImageOfPage":{"@id":"https:\/\/verdadeon.com.br\/portal\/2024\/01\/25\/o-gato-subiu-no-telhado\/#primaryimage"},"image":{"@id":"https:\/\/verdadeon.com.br\/portal\/2024\/01\/25\/o-gato-subiu-no-telhado\/#primaryimage"},"thumbnailUrl":"https:\/\/i0.wp.com\/verdadeon.com.br\/portal\/wp-content\/uploads\/2024\/01\/Capturar-4.jpg?fit=433%2C291&ssl=1","datePublished":"2024-01-25T15:03:27+00:00","author":{"@id":"https:\/\/verdadeon.com.br\/portal\/#\/schema\/person\/a5060ad1e9ea3df545188fc93ce43d2f"},"breadcrumb":{"@id":"https:\/\/verdadeon.com.br\/portal\/2024\/01\/25\/o-gato-subiu-no-telhado\/#breadcrumb"},"inLanguage":"pt-BR","potentialAction":[{"@type":"ReadAction","target":["https:\/\/verdadeon.com.br\/portal\/2024\/01\/25\/o-gato-subiu-no-telhado\/"]}]},{"@type":"ImageObject","inLanguage":"pt-BR","@id":"https:\/\/verdadeon.com.br\/portal\/2024\/01\/25\/o-gato-subiu-no-telhado\/#primaryimage","url":"https:\/\/i0.wp.com\/verdadeon.com.br\/portal\/wp-content\/uploads\/2024\/01\/Capturar-4.jpg?fit=433%2C291&ssl=1","contentUrl":"https:\/\/i0.wp.com\/verdadeon.com.br\/portal\/wp-content\/uploads\/2024\/01\/Capturar-4.jpg?fit=433%2C291&ssl=1","width":433,"height":291},{"@type":"BreadcrumbList","@id":"https:\/\/verdadeon.com.br\/portal\/2024\/01\/25\/o-gato-subiu-no-telhado\/#breadcrumb","itemListElement":[{"@type":"ListItem","position":1,"name":"In\u00edcio","item":"https:\/\/verdadeon.com.br\/portal\/"},{"@type":"ListItem","position":2,"name":"O gato subiu no telhado!"}]},{"@type":"WebSite","@id":"https:\/\/verdadeon.com.br\/portal\/#website","url":"https:\/\/verdadeon.com.br\/portal\/","name":"VerdadeOn","description":"Not\u00edcias di\u00e1rias sobre Franca, Regi\u00e3o, Esporte, Cultura, Cotidiano, Colunas. Cobertura nos principais eventos da cidade \u00e9 aqui - Verdadeon Franca","potentialAction":[{"@type":"SearchAction","target":{"@type":"EntryPoint","urlTemplate":"https:\/\/verdadeon.com.br\/portal\/?s={search_term_string}"},"query-input":{"@type":"PropertyValueSpecification","valueRequired":true,"valueName":"search_term_string"}}],"inLanguage":"pt-BR"},{"@type":"Person","@id":"https:\/\/verdadeon.com.br\/portal\/#\/schema\/person\/a5060ad1e9ea3df545188fc93ce43d2f","name":"Redacao VerdadeOn","image":{"@type":"ImageObject","inLanguage":"pt-BR","@id":"https:\/\/verdadeon.com.br\/portal\/#\/schema\/person\/image\/","url":"https:\/\/secure.gravatar.com\/avatar\/459a9613caaaf07f582c3d0841eea68bdd66f533e465e6ba8b9cb45619572cf4?s=96&d=mm&r=g","contentUrl":"https:\/\/secure.gravatar.com\/avatar\/459a9613caaaf07f582c3d0841eea68bdd66f533e465e6ba8b9cb45619572cf4?s=96&d=mm&r=g","caption":"Redacao VerdadeOn"},"url":"https:\/\/verdadeon.com.br\/portal\/author\/redacao\/"}]}},"jetpack_publicize_connections":[],"jetpack_featured_media_url":"https:\/\/i0.wp.com\/verdadeon.com.br\/portal\/wp-content\/uploads\/2024\/01\/Capturar-4.jpg?fit=433%2C291&ssl=1","jetpack_sharing_enabled":true,"_links":{"self":[{"href":"https:\/\/verdadeon.com.br\/portal\/wp-json\/wp\/v2\/posts\/41026","targetHints":{"allow":["GET"]}}],"collection":[{"href":"https:\/\/verdadeon.com.br\/portal\/wp-json\/wp\/v2\/posts"}],"about":[{"href":"https:\/\/verdadeon.com.br\/portal\/wp-json\/wp\/v2\/types\/post"}],"author":[{"embeddable":true,"href":"https:\/\/verdadeon.com.br\/portal\/wp-json\/wp\/v2\/users\/10"}],"replies":[{"embeddable":true,"href":"https:\/\/verdadeon.com.br\/portal\/wp-json\/wp\/v2\/comments?post=41026"}],"version-history":[{"count":1,"href":"https:\/\/verdadeon.com.br\/portal\/wp-json\/wp\/v2\/posts\/41026\/revisions"}],"predecessor-version":[{"id":41028,"href":"https:\/\/verdadeon.com.br\/portal\/wp-json\/wp\/v2\/posts\/41026\/revisions\/41028"}],"wp:featuredmedia":[{"embeddable":true,"href":"https:\/\/verdadeon.com.br\/portal\/wp-json\/wp\/v2\/media\/41027"}],"wp:attachment":[{"href":"https:\/\/verdadeon.com.br\/portal\/wp-json\/wp\/v2\/media?parent=41026"}],"wp:term":[{"taxonomy":"category","embeddable":true,"href":"https:\/\/verdadeon.com.br\/portal\/wp-json\/wp\/v2\/categories?post=41026"},{"taxonomy":"post_tag","embeddable":true,"href":"https:\/\/verdadeon.com.br\/portal\/wp-json\/wp\/v2\/tags?post=41026"}],"curies":[{"name":"wp","href":"https:\/\/api.w.org\/{rel}","templated":true}]}}