{"id":40919,"date":"2024-01-22T12:27:35","date_gmt":"2024-01-22T15:27:35","guid":{"rendered":"https:\/\/verdadeon.com.br\/portal\/?p=40919"},"modified":"2024-01-22T12:31:47","modified_gmt":"2024-01-22T15:31:47","slug":"em-franca-mortes-no-transito-caem-26-de-2022-para-2023","status":"publish","type":"post","link":"https:\/\/verdadeon.com.br\/portal\/2024\/01\/22\/em-franca-mortes-no-transito-caem-26-de-2022-para-2023\/","title":{"rendered":"Mortes no tr\u00e2nsito em Franca ca\u00edram 26% de 2022 para 2023 no acumulado de janeiro a dezembro"},"content":{"rendered":"<h2>Dados s\u00e3o do Infosiga-SP, sistema do Governo do Estado que \u00e9 gerenciado pelo programa Respeito \u00e0 Vida e Detran-SP<\/h2>\n<p>De acordo com o Infosiga-SP, a cidade de Franca registrou um n\u00famero quase 26% menor (25,58%) de \u00f3bitos por acidente de tr\u00e2nsito. Foram 43 mortes registradas em 2022 contra 32 em 2023, no acumulado entre janeiro e dezembro. A maior parte das v\u00edtimas foram pessoas do sexo masculino, sendo 27 no ano passado e 40 em 2022 contra 5 e 3 do sexo feminino, respectivamente. Houve uma regularidade em dezembro de 2022 e no mesmo m\u00eas em 2023, onde foram registrados dois \u00f3bitos em cada ano.<\/p>\n<p><strong>2023<\/strong><\/p>\n<p>Do total de \u00f3bitos por ve\u00edculo de locomo\u00e7\u00e3o da v\u00edtima, a maior parte foram motocicletas (12), seguida de autom\u00f3veis (10), pedestres (8), bicicletas (1) e n\u00e3o dispon\u00edveis (1). Motocicletas tamb\u00e9m foi a classifica\u00e7\u00e3o principal nesta categoria em 2022, quando o n\u00famero foi 57,14% maior (28 casos).<\/p>\n<p>A maior parte dos \u00f3bitos aconteceram no local dos fatos, registrando 17 casos (53,13%). No hospital foram 14 \u00f3bitos (43,75%) e, em Outros Lugares, apenas um caso (3,13%).<\/p>\n<p>Entre os \u00f3bitos por tipo de v\u00edtima, 18 s\u00e3o condutores (56,25%), 8 pedestres (25%), 3 passageiros (9,38%) e 3 n\u00e3o dispon\u00edveis (9,38%). Ainda no per\u00edodo, foram 12 colis\u00f5es, 9 atropelamentos, 7 choques, 3 em outros tipos e 1 n\u00e3o dispon\u00edvel.<\/p>\n<p>Do maior n\u00famero de v\u00edtimas classificados por faixa et\u00e1ria, 5 foram jovens entre 18 e 24 anos e 8 entre 40 e 49 anos (4 entre 40-44 e 4 entre 45-49).<\/p>\n<p>19 \u00f3bitos foram em vias municipais, 11 em rodovias e 3 n\u00e3o definidos.<\/p>\n<p><strong>2022<\/strong><\/p>\n<p>A respeito do total de \u00f3bitos por ve\u00edculo de locomo\u00e7\u00e3o da v\u00edtima, 28 casos foram com motocicletas, representando uma diminui\u00e7\u00e3o no comparativo ao ano passado de 57,14%. Os outros ve\u00edculos de locomo\u00e7\u00e3o foram autom\u00f3veis (7), pedestres (6) e bicicletas (2).<\/p>\n<p>Diferentemente de 2023, o local das mortes por acidente de tr\u00e2nsito ocorreram, em sua maioria, no hospital, com 26 casos (60,47%), seguido de 14 no local dos fatos (32,56%) e 3 em outros lugares (6,98%).<\/p>\n<p>Dos tipos de v\u00edtima levantados, 34 foram condutores (79,07%), 6 pedestres (13,95%) e 3 passageiros (6,98%).<\/p>\n<p>Os tipos de acidente envolvidos assinalaram 25 casos por colis\u00e3o, 9 por choque e 5 por atropelamento. 2 casos se enquadraram em outros e 2 em n\u00e3o dispon\u00edvel 2 e outros 2 n\u00e3o dispon\u00edveis.<\/p>\n<p>Na classifica\u00e7\u00e3o pela faixa et\u00e1ria, o maior n\u00famero, 7, esteve entre pessoas de 30 a 34 anos, seguido por jovens entre 18 e 24 anos com 6 e indiv\u00edduos entre 25 e 29 anos com 5.<\/p>\n<p>\u00d3bitos em vias municipais anotaram 27 casos. Em rodovias foram 13 e 3 n\u00e3o dispon\u00edveis.<\/p>\n","protected":false},"excerpt":{"rendered":"<p>Dados s\u00e3o do Infosiga-SP, sistema do Governo do Estado que \u00e9 gerenciado pelo programa Respeito \u00e0 Vida e Detran-SP De acordo com o Infosiga-SP, a cidade<span class=\"excerpt-hellip\"> [\u2026]<\/span><\/p>\n","protected":false},"author":10,"featured_media":14276,"comment_status":"open","ping_status":"open","sticky":false,"template":"","format":"standard","meta":{"_jetpack_memberships_contains_paid_content":false,"footnotes":"","jetpack_publicize_message":"","jetpack_publicize_feature_enabled":true,"jetpack_social_post_already_shared":false,"jetpack_social_options":{"image_generator_settings":{"template":"highway","default_image_id":0,"enabled":false},"version":2}},"categories":[28,81],"tags":[],"class_list":["post-40919","post","type-post","status-publish","format-standard","has-post-thumbnail","hentry","category-cotidiano","category-manchete"],"yoast_head":"<!-- This site is optimized with the Yoast SEO plugin v25.6 - https:\/\/yoast.com\/wordpress\/plugins\/seo\/ -->\n<title>Mortes no tr\u00e2nsito em Franca ca\u00edram 26% de 2022 para 2023 no acumulado de janeiro a dezembro - VerdadeOn<\/title>\n<meta name=\"robots\" content=\"index, follow, max-snippet:-1, max-image-preview:large, max-video-preview:-1\" \/>\n<link rel=\"canonical\" href=\"https:\/\/verdadeon.com.br\/portal\/2024\/01\/22\/em-franca-mortes-no-transito-caem-26-de-2022-para-2023\/\" \/>\n<meta property=\"og:locale\" content=\"pt_BR\" \/>\n<meta property=\"og:type\" content=\"article\" \/>\n<meta property=\"og:title\" content=\"Mortes no tr\u00e2nsito em Franca ca\u00edram 26% de 2022 para 2023 no acumulado de janeiro a dezembro - VerdadeOn\" \/>\n<meta property=\"og:description\" content=\"Dados s\u00e3o do Infosiga-SP, sistema do Governo do Estado que \u00e9 gerenciado pelo programa Respeito \u00e0 Vida e Detran-SP De acordo com o Infosiga-SP, a cidade [\u2026]\" \/>\n<meta property=\"og:url\" content=\"https:\/\/verdadeon.com.br\/portal\/2024\/01\/22\/em-franca-mortes-no-transito-caem-26-de-2022-para-2023\/\" \/>\n<meta property=\"og:site_name\" content=\"VerdadeOn\" \/>\n<meta property=\"article:published_time\" content=\"2024-01-22T15:27:35+00:00\" \/>\n<meta property=\"article:modified_time\" content=\"2024-01-22T15:31:47+00:00\" \/>\n<meta property=\"og:image\" content=\"https:\/\/verdadeon.com.br\/portal\/wp-content\/uploads\/2021\/02\/vista-da-cidade-franca-guto-goncalves-40.jpg\" \/>\n\t<meta property=\"og:image:width\" content=\"1000\" \/>\n\t<meta property=\"og:image:height\" content=\"670\" \/>\n\t<meta property=\"og:image:type\" content=\"image\/jpeg\" \/>\n<meta name=\"author\" content=\"Redacao VerdadeOn\" \/>\n<meta name=\"twitter:card\" content=\"summary_large_image\" \/>\n<meta name=\"twitter:label1\" content=\"Escrito por\" \/>\n\t<meta name=\"twitter:data1\" content=\"Redacao VerdadeOn\" \/>\n\t<meta name=\"twitter:label2\" content=\"Est. tempo de leitura\" \/>\n\t<meta name=\"twitter:data2\" content=\"3 minutos\" \/>\n<script type=\"application\/ld+json\" class=\"yoast-schema-graph\">{\"@context\":\"https:\/\/schema.org\",\"@graph\":[{\"@type\":\"WebPage\",\"@id\":\"https:\/\/verdadeon.com.br\/portal\/2024\/01\/22\/em-franca-mortes-no-transito-caem-26-de-2022-para-2023\/\",\"url\":\"https:\/\/verdadeon.com.br\/portal\/2024\/01\/22\/em-franca-mortes-no-transito-caem-26-de-2022-para-2023\/\",\"name\":\"Mortes no tr\u00e2nsito em Franca ca\u00edram 26% de 2022 para 2023 no acumulado de janeiro a dezembro - VerdadeOn\",\"isPartOf\":{\"@id\":\"https:\/\/verdadeon.com.br\/portal\/#website\"},\"primaryImageOfPage\":{\"@id\":\"https:\/\/verdadeon.com.br\/portal\/2024\/01\/22\/em-franca-mortes-no-transito-caem-26-de-2022-para-2023\/#primaryimage\"},\"image\":{\"@id\":\"https:\/\/verdadeon.com.br\/portal\/2024\/01\/22\/em-franca-mortes-no-transito-caem-26-de-2022-para-2023\/#primaryimage\"},\"thumbnailUrl\":\"https:\/\/i0.wp.com\/verdadeon.com.br\/portal\/wp-content\/uploads\/2021\/02\/vista-da-cidade-franca-guto-goncalves-40.jpg?fit=1000%2C670&ssl=1\",\"datePublished\":\"2024-01-22T15:27:35+00:00\",\"dateModified\":\"2024-01-22T15:31:47+00:00\",\"author\":{\"@id\":\"https:\/\/verdadeon.com.br\/portal\/#\/schema\/person\/a5060ad1e9ea3df545188fc93ce43d2f\"},\"breadcrumb\":{\"@id\":\"https:\/\/verdadeon.com.br\/portal\/2024\/01\/22\/em-franca-mortes-no-transito-caem-26-de-2022-para-2023\/#breadcrumb\"},\"inLanguage\":\"pt-BR\",\"potentialAction\":[{\"@type\":\"ReadAction\",\"target\":[\"https:\/\/verdadeon.com.br\/portal\/2024\/01\/22\/em-franca-mortes-no-transito-caem-26-de-2022-para-2023\/\"]}]},{\"@type\":\"ImageObject\",\"inLanguage\":\"pt-BR\",\"@id\":\"https:\/\/verdadeon.com.br\/portal\/2024\/01\/22\/em-franca-mortes-no-transito-caem-26-de-2022-para-2023\/#primaryimage\",\"url\":\"https:\/\/i0.wp.com\/verdadeon.com.br\/portal\/wp-content\/uploads\/2021\/02\/vista-da-cidade-franca-guto-goncalves-40.jpg?fit=1000%2C670&ssl=1\",\"contentUrl\":\"https:\/\/i0.wp.com\/verdadeon.com.br\/portal\/wp-content\/uploads\/2021\/02\/vista-da-cidade-franca-guto-goncalves-40.jpg?fit=1000%2C670&ssl=1\",\"width\":1000,\"height\":670,\"caption\":\"Franca registra um caso de crime de tr\u00e2nsito na Justi\u00e7a a cada quatro dias; em RIbeir\u00e3o, \u00e9 a cada tr\u00eas (\u00a9Jornal Verdade)\"},{\"@type\":\"BreadcrumbList\",\"@id\":\"https:\/\/verdadeon.com.br\/portal\/2024\/01\/22\/em-franca-mortes-no-transito-caem-26-de-2022-para-2023\/#breadcrumb\",\"itemListElement\":[{\"@type\":\"ListItem\",\"position\":1,\"name\":\"In\u00edcio\",\"item\":\"https:\/\/verdadeon.com.br\/portal\/\"},{\"@type\":\"ListItem\",\"position\":2,\"name\":\"Mortes no tr\u00e2nsito em Franca ca\u00edram 26% de 2022 para 2023 no acumulado de janeiro a dezembro\"}]},{\"@type\":\"WebSite\",\"@id\":\"https:\/\/verdadeon.com.br\/portal\/#website\",\"url\":\"https:\/\/verdadeon.com.br\/portal\/\",\"name\":\"VerdadeOn\",\"description\":\"Not\u00edcias di\u00e1rias sobre Franca, Regi\u00e3o, Esporte, Cultura, Cotidiano, Colunas. Cobertura nos principais eventos da cidade \u00e9 aqui - Verdadeon Franca\",\"potentialAction\":[{\"@type\":\"SearchAction\",\"target\":{\"@type\":\"EntryPoint\",\"urlTemplate\":\"https:\/\/verdadeon.com.br\/portal\/?s={search_term_string}\"},\"query-input\":{\"@type\":\"PropertyValueSpecification\",\"valueRequired\":true,\"valueName\":\"search_term_string\"}}],\"inLanguage\":\"pt-BR\"},{\"@type\":\"Person\",\"@id\":\"https:\/\/verdadeon.com.br\/portal\/#\/schema\/person\/a5060ad1e9ea3df545188fc93ce43d2f\",\"name\":\"Redacao VerdadeOn\",\"image\":{\"@type\":\"ImageObject\",\"inLanguage\":\"pt-BR\",\"@id\":\"https:\/\/verdadeon.com.br\/portal\/#\/schema\/person\/image\/\",\"url\":\"https:\/\/secure.gravatar.com\/avatar\/459a9613caaaf07f582c3d0841eea68bdd66f533e465e6ba8b9cb45619572cf4?s=96&d=mm&r=g\",\"contentUrl\":\"https:\/\/secure.gravatar.com\/avatar\/459a9613caaaf07f582c3d0841eea68bdd66f533e465e6ba8b9cb45619572cf4?s=96&d=mm&r=g\",\"caption\":\"Redacao VerdadeOn\"},\"url\":\"https:\/\/verdadeon.com.br\/portal\/author\/redacao\/\"}]}<\/script>\n<!-- \/ Yoast SEO plugin. -->","yoast_head_json":{"title":"Mortes no tr\u00e2nsito em Franca ca\u00edram 26% de 2022 para 2023 no acumulado de janeiro a dezembro - VerdadeOn","robots":{"index":"index","follow":"follow","max-snippet":"max-snippet:-1","max-image-preview":"max-image-preview:large","max-video-preview":"max-video-preview:-1"},"canonical":"https:\/\/verdadeon.com.br\/portal\/2024\/01\/22\/em-franca-mortes-no-transito-caem-26-de-2022-para-2023\/","og_locale":"pt_BR","og_type":"article","og_title":"Mortes no tr\u00e2nsito em Franca ca\u00edram 26% de 2022 para 2023 no acumulado de janeiro a dezembro - VerdadeOn","og_description":"Dados s\u00e3o do Infosiga-SP, sistema do Governo do Estado que \u00e9 gerenciado pelo programa Respeito \u00e0 Vida e Detran-SP De acordo com o Infosiga-SP, a cidade [\u2026]","og_url":"https:\/\/verdadeon.com.br\/portal\/2024\/01\/22\/em-franca-mortes-no-transito-caem-26-de-2022-para-2023\/","og_site_name":"VerdadeOn","article_published_time":"2024-01-22T15:27:35+00:00","article_modified_time":"2024-01-22T15:31:47+00:00","og_image":[{"width":1000,"height":670,"url":"https:\/\/verdadeon.com.br\/portal\/wp-content\/uploads\/2021\/02\/vista-da-cidade-franca-guto-goncalves-40.jpg","type":"image\/jpeg"}],"author":"Redacao VerdadeOn","twitter_card":"summary_large_image","twitter_misc":{"Escrito por":"Redacao VerdadeOn","Est. tempo de leitura":"3 minutos"},"schema":{"@context":"https:\/\/schema.org","@graph":[{"@type":"WebPage","@id":"https:\/\/verdadeon.com.br\/portal\/2024\/01\/22\/em-franca-mortes-no-transito-caem-26-de-2022-para-2023\/","url":"https:\/\/verdadeon.com.br\/portal\/2024\/01\/22\/em-franca-mortes-no-transito-caem-26-de-2022-para-2023\/","name":"Mortes no tr\u00e2nsito em Franca ca\u00edram 26% de 2022 para 2023 no acumulado de janeiro a dezembro - VerdadeOn","isPartOf":{"@id":"https:\/\/verdadeon.com.br\/portal\/#website"},"primaryImageOfPage":{"@id":"https:\/\/verdadeon.com.br\/portal\/2024\/01\/22\/em-franca-mortes-no-transito-caem-26-de-2022-para-2023\/#primaryimage"},"image":{"@id":"https:\/\/verdadeon.com.br\/portal\/2024\/01\/22\/em-franca-mortes-no-transito-caem-26-de-2022-para-2023\/#primaryimage"},"thumbnailUrl":"https:\/\/i0.wp.com\/verdadeon.com.br\/portal\/wp-content\/uploads\/2021\/02\/vista-da-cidade-franca-guto-goncalves-40.jpg?fit=1000%2C670&ssl=1","datePublished":"2024-01-22T15:27:35+00:00","dateModified":"2024-01-22T15:31:47+00:00","author":{"@id":"https:\/\/verdadeon.com.br\/portal\/#\/schema\/person\/a5060ad1e9ea3df545188fc93ce43d2f"},"breadcrumb":{"@id":"https:\/\/verdadeon.com.br\/portal\/2024\/01\/22\/em-franca-mortes-no-transito-caem-26-de-2022-para-2023\/#breadcrumb"},"inLanguage":"pt-BR","potentialAction":[{"@type":"ReadAction","target":["https:\/\/verdadeon.com.br\/portal\/2024\/01\/22\/em-franca-mortes-no-transito-caem-26-de-2022-para-2023\/"]}]},{"@type":"ImageObject","inLanguage":"pt-BR","@id":"https:\/\/verdadeon.com.br\/portal\/2024\/01\/22\/em-franca-mortes-no-transito-caem-26-de-2022-para-2023\/#primaryimage","url":"https:\/\/i0.wp.com\/verdadeon.com.br\/portal\/wp-content\/uploads\/2021\/02\/vista-da-cidade-franca-guto-goncalves-40.jpg?fit=1000%2C670&ssl=1","contentUrl":"https:\/\/i0.wp.com\/verdadeon.com.br\/portal\/wp-content\/uploads\/2021\/02\/vista-da-cidade-franca-guto-goncalves-40.jpg?fit=1000%2C670&ssl=1","width":1000,"height":670,"caption":"Franca registra um caso de crime de tr\u00e2nsito na Justi\u00e7a a cada quatro dias; em RIbeir\u00e3o, \u00e9 a cada tr\u00eas (\u00a9Jornal Verdade)"},{"@type":"BreadcrumbList","@id":"https:\/\/verdadeon.com.br\/portal\/2024\/01\/22\/em-franca-mortes-no-transito-caem-26-de-2022-para-2023\/#breadcrumb","itemListElement":[{"@type":"ListItem","position":1,"name":"In\u00edcio","item":"https:\/\/verdadeon.com.br\/portal\/"},{"@type":"ListItem","position":2,"name":"Mortes no tr\u00e2nsito em Franca ca\u00edram 26% de 2022 para 2023 no acumulado de janeiro a dezembro"}]},{"@type":"WebSite","@id":"https:\/\/verdadeon.com.br\/portal\/#website","url":"https:\/\/verdadeon.com.br\/portal\/","name":"VerdadeOn","description":"Not\u00edcias di\u00e1rias sobre Franca, Regi\u00e3o, Esporte, Cultura, Cotidiano, Colunas. Cobertura nos principais eventos da cidade \u00e9 aqui - Verdadeon Franca","potentialAction":[{"@type":"SearchAction","target":{"@type":"EntryPoint","urlTemplate":"https:\/\/verdadeon.com.br\/portal\/?s={search_term_string}"},"query-input":{"@type":"PropertyValueSpecification","valueRequired":true,"valueName":"search_term_string"}}],"inLanguage":"pt-BR"},{"@type":"Person","@id":"https:\/\/verdadeon.com.br\/portal\/#\/schema\/person\/a5060ad1e9ea3df545188fc93ce43d2f","name":"Redacao VerdadeOn","image":{"@type":"ImageObject","inLanguage":"pt-BR","@id":"https:\/\/verdadeon.com.br\/portal\/#\/schema\/person\/image\/","url":"https:\/\/secure.gravatar.com\/avatar\/459a9613caaaf07f582c3d0841eea68bdd66f533e465e6ba8b9cb45619572cf4?s=96&d=mm&r=g","contentUrl":"https:\/\/secure.gravatar.com\/avatar\/459a9613caaaf07f582c3d0841eea68bdd66f533e465e6ba8b9cb45619572cf4?s=96&d=mm&r=g","caption":"Redacao VerdadeOn"},"url":"https:\/\/verdadeon.com.br\/portal\/author\/redacao\/"}]}},"jetpack_publicize_connections":[],"jetpack_featured_media_url":"https:\/\/i0.wp.com\/verdadeon.com.br\/portal\/wp-content\/uploads\/2021\/02\/vista-da-cidade-franca-guto-goncalves-40.jpg?fit=1000%2C670&ssl=1","jetpack_sharing_enabled":true,"_links":{"self":[{"href":"https:\/\/verdadeon.com.br\/portal\/wp-json\/wp\/v2\/posts\/40919","targetHints":{"allow":["GET"]}}],"collection":[{"href":"https:\/\/verdadeon.com.br\/portal\/wp-json\/wp\/v2\/posts"}],"about":[{"href":"https:\/\/verdadeon.com.br\/portal\/wp-json\/wp\/v2\/types\/post"}],"author":[{"embeddable":true,"href":"https:\/\/verdadeon.com.br\/portal\/wp-json\/wp\/v2\/users\/10"}],"replies":[{"embeddable":true,"href":"https:\/\/verdadeon.com.br\/portal\/wp-json\/wp\/v2\/comments?post=40919"}],"version-history":[{"count":4,"href":"https:\/\/verdadeon.com.br\/portal\/wp-json\/wp\/v2\/posts\/40919\/revisions"}],"predecessor-version":[{"id":40924,"href":"https:\/\/verdadeon.com.br\/portal\/wp-json\/wp\/v2\/posts\/40919\/revisions\/40924"}],"wp:featuredmedia":[{"embeddable":true,"href":"https:\/\/verdadeon.com.br\/portal\/wp-json\/wp\/v2\/media\/14276"}],"wp:attachment":[{"href":"https:\/\/verdadeon.com.br\/portal\/wp-json\/wp\/v2\/media?parent=40919"}],"wp:term":[{"taxonomy":"category","embeddable":true,"href":"https:\/\/verdadeon.com.br\/portal\/wp-json\/wp\/v2\/categories?post=40919"},{"taxonomy":"post_tag","embeddable":true,"href":"https:\/\/verdadeon.com.br\/portal\/wp-json\/wp\/v2\/tags?post=40919"}],"curies":[{"name":"wp","href":"https:\/\/api.w.org\/{rel}","templated":true}]}}