{"id":40786,"date":"2024-01-17T10:36:07","date_gmt":"2024-01-17T13:36:07","guid":{"rendered":"https:\/\/verdadeon.com.br\/portal\/?p=40786"},"modified":"2024-01-17T10:36:07","modified_gmt":"2024-01-17T13:36:07","slug":"para-exportar-calcados-sp-precisa-acordar","status":"publish","type":"post","link":"https:\/\/verdadeon.com.br\/portal\/2024\/01\/17\/para-exportar-calcados-sp-precisa-acordar\/","title":{"rendered":"Para exportar cal\u00e7ados, SP precisa acordar!"},"content":{"rendered":"<p>\u00c9 interessante ver propaganda oficial do governo paulista promovendo vias de exporta\u00e7\u00e3o com treinamento, motiva\u00e7\u00e3o e incentivo ao empresariado que precisa de est\u00edmulo, mas n\u00e3o disp\u00f5e de recursos para retomar produ\u00e7\u00e3o, garantir empregos e contribuir com tributos.<\/p>\n<p>\u00c9 preciso, contudo, tomar medidas concretas contra as chances e atrativos vindos de outros estados tirando a estabilidade instalada da ind\u00fastria cal\u00e7adista, afetando a extens\u00e3o de sua base produtiva como o couro e mat\u00e9rias primas essenciais na confec\u00e7\u00e3o de todo tipo de cal\u00e7ado, entre v\u00e1rias linhas em produ\u00e7\u00e3o como sapatos masculinos, femininos, t\u00eanis, botas, chinelos e sand\u00e1lias.<\/p>\n<p>H\u00e1 mais de um ano as lideran\u00e7as paulistas do sapato tem procurado mostrar ao governo temer pela redu\u00e7\u00e3o de oportunidades de trabalho com a sa\u00edda de empresas daqui, como as que foram para Minas Gerais, Bahia e Cear\u00e1, por\u00e9m a letargia e o punhado de reuni\u00f5es at\u00e9 agora n\u00e3o tiram esse perigo do caminho.<\/p>\n<p>Os empres\u00e1rios que gostariam de exportar e ter novos mercados em diversos pa\u00edses est\u00e3o retra\u00eddos n\u00e3o s\u00f3 com uma instabilidade pol\u00edtica e econ\u00f4mica do pa\u00eds, como prudentemente at\u00e9 evitam investir financeiramente enquanto as expectativas n\u00e3o melhoram. Veja o programa.<\/p>\n<p>EXPORTA SP \u2013 Conforme j\u00e1 divulgado no Jornal VERDADE, uma micro, pequena ou m\u00e9dia empresa, startup ou um pequeno(a)<br \/>\nprodutor(a) rural que tiver interesse em exportar sua produ\u00e7\u00e3o ou servi\u00e7os, no Programa Paulista de Capacita\u00e7\u00e3o para Exporta\u00e7\u00f5es recebem suporte de especialistas em com\u00e9rcio internacional para criar um planejamento de exporta\u00e7\u00e3o para a empresa e poder\u00e1 entrar ou melhorar a posi\u00e7\u00e3o no mercado internacional.<\/p>\n<p>O programa tem como objetivo preparar micro, pequenas e m\u00e9dias empresas paulistas para acessar o mercado internacional, que podem ser do setor industrial, do agroneg\u00f3cio, de servi\u00e7os e at\u00e9 mesmo um startup. A capacita\u00e7\u00e3o tem a dura\u00e7\u00e3o de 4 (quatro) meses e aborda os temas que mais desafiam os empres\u00e1rios no processo de internacionaliza\u00e7\u00e3o de seus produtos e servi\u00e7os.<\/p>\n<p>Ao longo do treinamento, temas sobre intelig\u00eancia comercial, forma\u00e7\u00e3o de pre\u00e7os, adequa\u00e7\u00e3o de produtos e servi\u00e7os, planos de neg\u00f3cios, marketing e vendas s\u00e3o ministrados por especialistas em cada um dos t\u00f3picos.<\/p>\n<p>Durante o treinamento no Exporta SP, o empreendedor ter\u00e1 aulas e acesso \u00e0 plataforma online de conte\u00fado. Tamb\u00e9m ser\u00e3o realizados workshops, que auxiliar\u00e3o os participantes a constru\u00edrem uma rede de contatos de empres\u00e1rios que buscam a inser\u00e7\u00e3o no mercado internacional. \u00c9 totalmente online e isento de custo para participa\u00e7\u00e3o das empresas selecionadas.<\/p>\n<p>At\u00e9 outubro de 2023, foram disponibilizadas 1.000 vagas para empres\u00e1rios (as) de todas as regi\u00f5es do estado de S\u00e3o Paulo. As inscri\u00e7\u00f5es para a pr\u00f3xima turma est\u00e3o abertas at\u00e9 08\/03\/2024. Para se inscrever no processo de sele\u00e7\u00e3o da turma, basta preencher o formul\u00e1rio de cadastro e verifica\u00e7\u00e3o da maturidade exportadora. Em conformidade com a Lei Geral de Prote\u00e7\u00e3o de Dados, nenhum dado das empresas ser\u00e1 compartilhado com qualquer institui\u00e7\u00e3o sem que exista a expressa permiss\u00e3o de seus respons\u00e1veis. Para mais informa\u00e7\u00f5es: contacte o SINDIFRANCA ou a equipe de promo\u00e7\u00e3o de exporta\u00e7\u00f5es da InvestSP: Promo\u00e7\u00e3o de Exporta\u00e7\u00f5es spexport@investsp.org.br ou pelos telefones (011) 3100-0349 | (011) 3100-0395.<\/p>\n","protected":false},"excerpt":{"rendered":"<p>\u00c9 interessante ver propaganda oficial do governo paulista promovendo vias de exporta\u00e7\u00e3o com treinamento, motiva\u00e7\u00e3o e incentivo ao empresariado que precisa de est\u00edmulo, mas n\u00e3o disp\u00f5e<span class=\"excerpt-hellip\"> [\u2026]<\/span><\/p>\n","protected":false},"author":10,"featured_media":40787,"comment_status":"open","ping_status":"open","sticky":false,"template":"","format":"standard","meta":{"_jetpack_memberships_contains_paid_content":false,"footnotes":"","jetpack_publicize_message":"","jetpack_publicize_feature_enabled":true,"jetpack_social_post_already_shared":false,"jetpack_social_options":{"image_generator_settings":{"template":"highway","default_image_id":0,"enabled":false},"version":2}},"categories":[137],"tags":[],"class_list":["post-40786","post","type-post","status-publish","format-standard","has-post-thumbnail","hentry","category-editorial"],"yoast_head":"<!-- This site is optimized with the Yoast SEO plugin v25.6 - https:\/\/yoast.com\/wordpress\/plugins\/seo\/ -->\n<title>Para exportar cal\u00e7ados, SP precisa acordar! - VerdadeOn<\/title>\n<meta name=\"robots\" content=\"index, follow, max-snippet:-1, max-image-preview:large, max-video-preview:-1\" \/>\n<link rel=\"canonical\" href=\"https:\/\/verdadeon.com.br\/portal\/2024\/01\/17\/para-exportar-calcados-sp-precisa-acordar\/\" \/>\n<meta property=\"og:locale\" content=\"pt_BR\" \/>\n<meta property=\"og:type\" content=\"article\" \/>\n<meta property=\"og:title\" content=\"Para exportar cal\u00e7ados, SP precisa acordar! - VerdadeOn\" \/>\n<meta property=\"og:description\" content=\"\u00c9 interessante ver propaganda oficial do governo paulista promovendo vias de exporta\u00e7\u00e3o com treinamento, motiva\u00e7\u00e3o e incentivo ao empresariado que precisa de est\u00edmulo, mas n\u00e3o disp\u00f5e [\u2026]\" \/>\n<meta property=\"og:url\" content=\"https:\/\/verdadeon.com.br\/portal\/2024\/01\/17\/para-exportar-calcados-sp-precisa-acordar\/\" \/>\n<meta property=\"og:site_name\" content=\"VerdadeOn\" \/>\n<meta property=\"article:published_time\" content=\"2024-01-17T13:36:07+00:00\" \/>\n<meta property=\"og:image\" content=\"https:\/\/verdadeon.com.br\/portal\/wp-content\/uploads\/2024\/01\/Capturar.jpg\" \/>\n\t<meta property=\"og:image:width\" content=\"461\" \/>\n\t<meta property=\"og:image:height\" content=\"309\" \/>\n\t<meta property=\"og:image:type\" content=\"image\/jpeg\" \/>\n<meta name=\"author\" content=\"Redacao VerdadeOn\" \/>\n<meta name=\"twitter:card\" content=\"summary_large_image\" \/>\n<meta name=\"twitter:label1\" content=\"Escrito por\" \/>\n\t<meta name=\"twitter:data1\" content=\"Redacao VerdadeOn\" \/>\n\t<meta name=\"twitter:label2\" content=\"Est. tempo de leitura\" \/>\n\t<meta name=\"twitter:data2\" content=\"3 minutos\" \/>\n<script type=\"application\/ld+json\" class=\"yoast-schema-graph\">{\"@context\":\"https:\/\/schema.org\",\"@graph\":[{\"@type\":\"WebPage\",\"@id\":\"https:\/\/verdadeon.com.br\/portal\/2024\/01\/17\/para-exportar-calcados-sp-precisa-acordar\/\",\"url\":\"https:\/\/verdadeon.com.br\/portal\/2024\/01\/17\/para-exportar-calcados-sp-precisa-acordar\/\",\"name\":\"Para exportar cal\u00e7ados, SP precisa acordar! - VerdadeOn\",\"isPartOf\":{\"@id\":\"https:\/\/verdadeon.com.br\/portal\/#website\"},\"primaryImageOfPage\":{\"@id\":\"https:\/\/verdadeon.com.br\/portal\/2024\/01\/17\/para-exportar-calcados-sp-precisa-acordar\/#primaryimage\"},\"image\":{\"@id\":\"https:\/\/verdadeon.com.br\/portal\/2024\/01\/17\/para-exportar-calcados-sp-precisa-acordar\/#primaryimage\"},\"thumbnailUrl\":\"https:\/\/i0.wp.com\/verdadeon.com.br\/portal\/wp-content\/uploads\/2024\/01\/Capturar.jpg?fit=461%2C309&ssl=1\",\"datePublished\":\"2024-01-17T13:36:07+00:00\",\"author\":{\"@id\":\"https:\/\/verdadeon.com.br\/portal\/#\/schema\/person\/a5060ad1e9ea3df545188fc93ce43d2f\"},\"breadcrumb\":{\"@id\":\"https:\/\/verdadeon.com.br\/portal\/2024\/01\/17\/para-exportar-calcados-sp-precisa-acordar\/#breadcrumb\"},\"inLanguage\":\"pt-BR\",\"potentialAction\":[{\"@type\":\"ReadAction\",\"target\":[\"https:\/\/verdadeon.com.br\/portal\/2024\/01\/17\/para-exportar-calcados-sp-precisa-acordar\/\"]}]},{\"@type\":\"ImageObject\",\"inLanguage\":\"pt-BR\",\"@id\":\"https:\/\/verdadeon.com.br\/portal\/2024\/01\/17\/para-exportar-calcados-sp-precisa-acordar\/#primaryimage\",\"url\":\"https:\/\/i0.wp.com\/verdadeon.com.br\/portal\/wp-content\/uploads\/2024\/01\/Capturar.jpg?fit=461%2C309&ssl=1\",\"contentUrl\":\"https:\/\/i0.wp.com\/verdadeon.com.br\/portal\/wp-content\/uploads\/2024\/01\/Capturar.jpg?fit=461%2C309&ssl=1\",\"width\":461,\"height\":309},{\"@type\":\"BreadcrumbList\",\"@id\":\"https:\/\/verdadeon.com.br\/portal\/2024\/01\/17\/para-exportar-calcados-sp-precisa-acordar\/#breadcrumb\",\"itemListElement\":[{\"@type\":\"ListItem\",\"position\":1,\"name\":\"In\u00edcio\",\"item\":\"https:\/\/verdadeon.com.br\/portal\/\"},{\"@type\":\"ListItem\",\"position\":2,\"name\":\"Para exportar cal\u00e7ados, SP precisa acordar!\"}]},{\"@type\":\"WebSite\",\"@id\":\"https:\/\/verdadeon.com.br\/portal\/#website\",\"url\":\"https:\/\/verdadeon.com.br\/portal\/\",\"name\":\"VerdadeOn\",\"description\":\"Not\u00edcias di\u00e1rias sobre Franca, Regi\u00e3o, Esporte, Cultura, Cotidiano, Colunas. Cobertura nos principais eventos da cidade \u00e9 aqui - Verdadeon Franca\",\"potentialAction\":[{\"@type\":\"SearchAction\",\"target\":{\"@type\":\"EntryPoint\",\"urlTemplate\":\"https:\/\/verdadeon.com.br\/portal\/?s={search_term_string}\"},\"query-input\":{\"@type\":\"PropertyValueSpecification\",\"valueRequired\":true,\"valueName\":\"search_term_string\"}}],\"inLanguage\":\"pt-BR\"},{\"@type\":\"Person\",\"@id\":\"https:\/\/verdadeon.com.br\/portal\/#\/schema\/person\/a5060ad1e9ea3df545188fc93ce43d2f\",\"name\":\"Redacao VerdadeOn\",\"image\":{\"@type\":\"ImageObject\",\"inLanguage\":\"pt-BR\",\"@id\":\"https:\/\/verdadeon.com.br\/portal\/#\/schema\/person\/image\/\",\"url\":\"https:\/\/secure.gravatar.com\/avatar\/459a9613caaaf07f582c3d0841eea68bdd66f533e465e6ba8b9cb45619572cf4?s=96&d=mm&r=g\",\"contentUrl\":\"https:\/\/secure.gravatar.com\/avatar\/459a9613caaaf07f582c3d0841eea68bdd66f533e465e6ba8b9cb45619572cf4?s=96&d=mm&r=g\",\"caption\":\"Redacao VerdadeOn\"},\"url\":\"https:\/\/verdadeon.com.br\/portal\/author\/redacao\/\"}]}<\/script>\n<!-- \/ Yoast SEO plugin. -->","yoast_head_json":{"title":"Para exportar cal\u00e7ados, SP precisa acordar! - VerdadeOn","robots":{"index":"index","follow":"follow","max-snippet":"max-snippet:-1","max-image-preview":"max-image-preview:large","max-video-preview":"max-video-preview:-1"},"canonical":"https:\/\/verdadeon.com.br\/portal\/2024\/01\/17\/para-exportar-calcados-sp-precisa-acordar\/","og_locale":"pt_BR","og_type":"article","og_title":"Para exportar cal\u00e7ados, SP precisa acordar! - VerdadeOn","og_description":"\u00c9 interessante ver propaganda oficial do governo paulista promovendo vias de exporta\u00e7\u00e3o com treinamento, motiva\u00e7\u00e3o e incentivo ao empresariado que precisa de est\u00edmulo, mas n\u00e3o disp\u00f5e [\u2026]","og_url":"https:\/\/verdadeon.com.br\/portal\/2024\/01\/17\/para-exportar-calcados-sp-precisa-acordar\/","og_site_name":"VerdadeOn","article_published_time":"2024-01-17T13:36:07+00:00","og_image":[{"width":461,"height":309,"url":"https:\/\/verdadeon.com.br\/portal\/wp-content\/uploads\/2024\/01\/Capturar.jpg","type":"image\/jpeg"}],"author":"Redacao VerdadeOn","twitter_card":"summary_large_image","twitter_misc":{"Escrito por":"Redacao VerdadeOn","Est. tempo de leitura":"3 minutos"},"schema":{"@context":"https:\/\/schema.org","@graph":[{"@type":"WebPage","@id":"https:\/\/verdadeon.com.br\/portal\/2024\/01\/17\/para-exportar-calcados-sp-precisa-acordar\/","url":"https:\/\/verdadeon.com.br\/portal\/2024\/01\/17\/para-exportar-calcados-sp-precisa-acordar\/","name":"Para exportar cal\u00e7ados, SP precisa acordar! - VerdadeOn","isPartOf":{"@id":"https:\/\/verdadeon.com.br\/portal\/#website"},"primaryImageOfPage":{"@id":"https:\/\/verdadeon.com.br\/portal\/2024\/01\/17\/para-exportar-calcados-sp-precisa-acordar\/#primaryimage"},"image":{"@id":"https:\/\/verdadeon.com.br\/portal\/2024\/01\/17\/para-exportar-calcados-sp-precisa-acordar\/#primaryimage"},"thumbnailUrl":"https:\/\/i0.wp.com\/verdadeon.com.br\/portal\/wp-content\/uploads\/2024\/01\/Capturar.jpg?fit=461%2C309&ssl=1","datePublished":"2024-01-17T13:36:07+00:00","author":{"@id":"https:\/\/verdadeon.com.br\/portal\/#\/schema\/person\/a5060ad1e9ea3df545188fc93ce43d2f"},"breadcrumb":{"@id":"https:\/\/verdadeon.com.br\/portal\/2024\/01\/17\/para-exportar-calcados-sp-precisa-acordar\/#breadcrumb"},"inLanguage":"pt-BR","potentialAction":[{"@type":"ReadAction","target":["https:\/\/verdadeon.com.br\/portal\/2024\/01\/17\/para-exportar-calcados-sp-precisa-acordar\/"]}]},{"@type":"ImageObject","inLanguage":"pt-BR","@id":"https:\/\/verdadeon.com.br\/portal\/2024\/01\/17\/para-exportar-calcados-sp-precisa-acordar\/#primaryimage","url":"https:\/\/i0.wp.com\/verdadeon.com.br\/portal\/wp-content\/uploads\/2024\/01\/Capturar.jpg?fit=461%2C309&ssl=1","contentUrl":"https:\/\/i0.wp.com\/verdadeon.com.br\/portal\/wp-content\/uploads\/2024\/01\/Capturar.jpg?fit=461%2C309&ssl=1","width":461,"height":309},{"@type":"BreadcrumbList","@id":"https:\/\/verdadeon.com.br\/portal\/2024\/01\/17\/para-exportar-calcados-sp-precisa-acordar\/#breadcrumb","itemListElement":[{"@type":"ListItem","position":1,"name":"In\u00edcio","item":"https:\/\/verdadeon.com.br\/portal\/"},{"@type":"ListItem","position":2,"name":"Para exportar cal\u00e7ados, SP precisa acordar!"}]},{"@type":"WebSite","@id":"https:\/\/verdadeon.com.br\/portal\/#website","url":"https:\/\/verdadeon.com.br\/portal\/","name":"VerdadeOn","description":"Not\u00edcias di\u00e1rias sobre Franca, Regi\u00e3o, Esporte, Cultura, Cotidiano, Colunas. Cobertura nos principais eventos da cidade \u00e9 aqui - Verdadeon Franca","potentialAction":[{"@type":"SearchAction","target":{"@type":"EntryPoint","urlTemplate":"https:\/\/verdadeon.com.br\/portal\/?s={search_term_string}"},"query-input":{"@type":"PropertyValueSpecification","valueRequired":true,"valueName":"search_term_string"}}],"inLanguage":"pt-BR"},{"@type":"Person","@id":"https:\/\/verdadeon.com.br\/portal\/#\/schema\/person\/a5060ad1e9ea3df545188fc93ce43d2f","name":"Redacao VerdadeOn","image":{"@type":"ImageObject","inLanguage":"pt-BR","@id":"https:\/\/verdadeon.com.br\/portal\/#\/schema\/person\/image\/","url":"https:\/\/secure.gravatar.com\/avatar\/459a9613caaaf07f582c3d0841eea68bdd66f533e465e6ba8b9cb45619572cf4?s=96&d=mm&r=g","contentUrl":"https:\/\/secure.gravatar.com\/avatar\/459a9613caaaf07f582c3d0841eea68bdd66f533e465e6ba8b9cb45619572cf4?s=96&d=mm&r=g","caption":"Redacao VerdadeOn"},"url":"https:\/\/verdadeon.com.br\/portal\/author\/redacao\/"}]}},"jetpack_publicize_connections":[],"jetpack_featured_media_url":"https:\/\/i0.wp.com\/verdadeon.com.br\/portal\/wp-content\/uploads\/2024\/01\/Capturar.jpg?fit=461%2C309&ssl=1","jetpack_sharing_enabled":true,"_links":{"self":[{"href":"https:\/\/verdadeon.com.br\/portal\/wp-json\/wp\/v2\/posts\/40786","targetHints":{"allow":["GET"]}}],"collection":[{"href":"https:\/\/verdadeon.com.br\/portal\/wp-json\/wp\/v2\/posts"}],"about":[{"href":"https:\/\/verdadeon.com.br\/portal\/wp-json\/wp\/v2\/types\/post"}],"author":[{"embeddable":true,"href":"https:\/\/verdadeon.com.br\/portal\/wp-json\/wp\/v2\/users\/10"}],"replies":[{"embeddable":true,"href":"https:\/\/verdadeon.com.br\/portal\/wp-json\/wp\/v2\/comments?post=40786"}],"version-history":[{"count":1,"href":"https:\/\/verdadeon.com.br\/portal\/wp-json\/wp\/v2\/posts\/40786\/revisions"}],"predecessor-version":[{"id":40790,"href":"https:\/\/verdadeon.com.br\/portal\/wp-json\/wp\/v2\/posts\/40786\/revisions\/40790"}],"wp:featuredmedia":[{"embeddable":true,"href":"https:\/\/verdadeon.com.br\/portal\/wp-json\/wp\/v2\/media\/40787"}],"wp:attachment":[{"href":"https:\/\/verdadeon.com.br\/portal\/wp-json\/wp\/v2\/media?parent=40786"}],"wp:term":[{"taxonomy":"category","embeddable":true,"href":"https:\/\/verdadeon.com.br\/portal\/wp-json\/wp\/v2\/categories?post=40786"},{"taxonomy":"post_tag","embeddable":true,"href":"https:\/\/verdadeon.com.br\/portal\/wp-json\/wp\/v2\/tags?post=40786"}],"curies":[{"name":"wp","href":"https:\/\/api.w.org\/{rel}","templated":true}]}}