{"id":40644,"date":"2024-01-12T11:36:25","date_gmt":"2024-01-12T14:36:25","guid":{"rendered":"https:\/\/verdadeon.com.br\/portal\/?p=40644"},"modified":"2024-01-12T11:36:25","modified_gmt":"2024-01-12T14:36:25","slug":"cuidados-com-a-saude-meta-de-comeco-do-ano","status":"publish","type":"post","link":"https:\/\/verdadeon.com.br\/portal\/2024\/01\/12\/cuidados-com-a-saude-meta-de-comeco-do-ano\/","title":{"rendered":"Cuidados com a sa\u00fade, meta de come\u00e7o do ano"},"content":{"rendered":"<p>Exames de rotina e check-up s\u00e3o fundamentais para um bom 2024: ano novo tamb\u00e9m \u00e9 sin\u00f4nimo de cuidados globais com a sa\u00fade da mente e do corpo. De acordo com dados do Instituto Brasileiro de Geografia e Estat\u00edstica (IBGE), 70,6% dos brasileiros n\u00e3o procuram m\u00e9dicos para realizar exames preventivos de rotina.<\/p>\n<p>Por isso, para que 2024 inicie de forma tranquila, especialistas na \u00e1rea da sa\u00fade alertam constantemente para a import\u00e2ncia da realiza\u00e7\u00e3o de exames de rotina e check-up como importantes aliados para a garantia de bem-estar, preven\u00e7\u00e3o e tratamento de eventuais doen\u00e7as que possam ser identificadas. Isso porque o check-up atua de forma preventiva, auxiliando na detec\u00e7\u00e3o de poss\u00edveis altera\u00e7\u00f5es no organismo, por exemplo.<\/p>\n<p>Para priorizar como meta a sa\u00fade plena no in\u00edcio do ano requer a realiza\u00e7\u00e3o de exames cl\u00ednicos de rotina, deve-se ter uma atitude assertiva que promova o acompanhamento das condi\u00e7\u00f5es de sa\u00fade por profissional m\u00e9dico. A princ\u00edpio, todas as pessoas deveriam checar, pelo menos uma vez por ano, como est\u00e1 a sa\u00fade. Os principais grupos que devem efetivamente ter acompanhamento s\u00e3o aqueles que t\u00eam diverg\u00eancias nos marcadores cl\u00ednicos, sempre como alerta para os grupos de risco.<\/p>\n<p>A periodicidade para fazer exames cl\u00ednicos est\u00e1 diretamente relacionada \u00e0s condi\u00e7\u00f5es peculiares dos grupos mais propensos ou<br \/>\nafetados, como pessoas que t\u00eam problemas card\u00edacos ou outras morbidades. E \u00e9 preciso levar em considera\u00e7\u00e3o as circunst\u00e2ncias relativas \u00e0 faixa et\u00e1ria. Al\u00e9m disso, \u00e9 importante que as pessoas se valham dessa perspectiva para trabalharem mais intensamente pela sua qualidade de vida.<\/p>\n<p>Para uma boa sa\u00fade f\u00edsica e tamb\u00e9m mental ao longo do ano, \u00e9 recomend\u00e1vel prud\u00eancia e bom senso. \u00c9 necess\u00e1rio, portanto, considerar as recomenda\u00e7\u00f5es m\u00e9dicas, conforme as peculiaridades de cada indiv\u00edduo.<\/p>\n<p>Realizar atividades f\u00edsicas e manter uma alimenta\u00e7\u00e3o saud\u00e1vel contribui com uma maior qualidade de vida e, consequentemente, um ano com mais harmonia na sa\u00fade, a todas as pessoas de qualquer faixa et\u00e1ria ap\u00f3s a juventude!<\/p>\n","protected":false},"excerpt":{"rendered":"<p>Exames de rotina e check-up s\u00e3o fundamentais para um bom 2024: ano novo tamb\u00e9m \u00e9 sin\u00f4nimo de cuidados globais com a sa\u00fade da mente e do<span class=\"excerpt-hellip\"> [\u2026]<\/span><\/p>\n","protected":false},"author":10,"featured_media":40646,"comment_status":"open","ping_status":"open","sticky":false,"template":"","format":"standard","meta":{"_jetpack_memberships_contains_paid_content":false,"footnotes":"","jetpack_publicize_message":"","jetpack_publicize_feature_enabled":true,"jetpack_social_post_already_shared":false,"jetpack_social_options":{"image_generator_settings":{"template":"highway","default_image_id":0,"enabled":false},"version":2}},"categories":[137],"tags":[],"class_list":["post-40644","post","type-post","status-publish","format-standard","has-post-thumbnail","hentry","category-editorial"],"yoast_head":"<!-- This site is optimized with the Yoast SEO plugin v25.6 - https:\/\/yoast.com\/wordpress\/plugins\/seo\/ -->\n<title>Cuidados com a sa\u00fade, meta de come\u00e7o do ano - VerdadeOn<\/title>\n<meta name=\"robots\" content=\"index, follow, max-snippet:-1, max-image-preview:large, max-video-preview:-1\" \/>\n<link rel=\"canonical\" href=\"https:\/\/verdadeon.com.br\/portal\/2024\/01\/12\/cuidados-com-a-saude-meta-de-comeco-do-ano\/\" \/>\n<meta property=\"og:locale\" content=\"pt_BR\" \/>\n<meta property=\"og:type\" content=\"article\" \/>\n<meta property=\"og:title\" content=\"Cuidados com a sa\u00fade, meta de come\u00e7o do ano - VerdadeOn\" \/>\n<meta property=\"og:description\" content=\"Exames de rotina e check-up s\u00e3o fundamentais para um bom 2024: ano novo tamb\u00e9m \u00e9 sin\u00f4nimo de cuidados globais com a sa\u00fade da mente e do [\u2026]\" \/>\n<meta property=\"og:url\" content=\"https:\/\/verdadeon.com.br\/portal\/2024\/01\/12\/cuidados-com-a-saude-meta-de-comeco-do-ano\/\" \/>\n<meta property=\"og:site_name\" content=\"VerdadeOn\" \/>\n<meta property=\"article:published_time\" content=\"2024-01-12T14:36:25+00:00\" \/>\n<meta property=\"og:image\" content=\"https:\/\/verdadeon.com.br\/portal\/wp-content\/uploads\/2024\/01\/gjd.jpg\" \/>\n\t<meta property=\"og:image:width\" content=\"536\" \/>\n\t<meta property=\"og:image:height\" content=\"359\" \/>\n\t<meta property=\"og:image:type\" content=\"image\/jpeg\" \/>\n<meta name=\"author\" content=\"Redacao VerdadeOn\" \/>\n<meta name=\"twitter:card\" content=\"summary_large_image\" \/>\n<meta name=\"twitter:label1\" content=\"Escrito por\" \/>\n\t<meta name=\"twitter:data1\" content=\"Redacao VerdadeOn\" \/>\n\t<meta name=\"twitter:label2\" content=\"Est. tempo de leitura\" \/>\n\t<meta name=\"twitter:data2\" content=\"2 minutos\" \/>\n<script type=\"application\/ld+json\" class=\"yoast-schema-graph\">{\"@context\":\"https:\/\/schema.org\",\"@graph\":[{\"@type\":\"WebPage\",\"@id\":\"https:\/\/verdadeon.com.br\/portal\/2024\/01\/12\/cuidados-com-a-saude-meta-de-comeco-do-ano\/\",\"url\":\"https:\/\/verdadeon.com.br\/portal\/2024\/01\/12\/cuidados-com-a-saude-meta-de-comeco-do-ano\/\",\"name\":\"Cuidados com a sa\u00fade, meta de come\u00e7o do ano - VerdadeOn\",\"isPartOf\":{\"@id\":\"https:\/\/verdadeon.com.br\/portal\/#website\"},\"primaryImageOfPage\":{\"@id\":\"https:\/\/verdadeon.com.br\/portal\/2024\/01\/12\/cuidados-com-a-saude-meta-de-comeco-do-ano\/#primaryimage\"},\"image\":{\"@id\":\"https:\/\/verdadeon.com.br\/portal\/2024\/01\/12\/cuidados-com-a-saude-meta-de-comeco-do-ano\/#primaryimage\"},\"thumbnailUrl\":\"https:\/\/i0.wp.com\/verdadeon.com.br\/portal\/wp-content\/uploads\/2024\/01\/gjd.jpg?fit=536%2C359&ssl=1\",\"datePublished\":\"2024-01-12T14:36:25+00:00\",\"author\":{\"@id\":\"https:\/\/verdadeon.com.br\/portal\/#\/schema\/person\/a5060ad1e9ea3df545188fc93ce43d2f\"},\"breadcrumb\":{\"@id\":\"https:\/\/verdadeon.com.br\/portal\/2024\/01\/12\/cuidados-com-a-saude-meta-de-comeco-do-ano\/#breadcrumb\"},\"inLanguage\":\"pt-BR\",\"potentialAction\":[{\"@type\":\"ReadAction\",\"target\":[\"https:\/\/verdadeon.com.br\/portal\/2024\/01\/12\/cuidados-com-a-saude-meta-de-comeco-do-ano\/\"]}]},{\"@type\":\"ImageObject\",\"inLanguage\":\"pt-BR\",\"@id\":\"https:\/\/verdadeon.com.br\/portal\/2024\/01\/12\/cuidados-com-a-saude-meta-de-comeco-do-ano\/#primaryimage\",\"url\":\"https:\/\/i0.wp.com\/verdadeon.com.br\/portal\/wp-content\/uploads\/2024\/01\/gjd.jpg?fit=536%2C359&ssl=1\",\"contentUrl\":\"https:\/\/i0.wp.com\/verdadeon.com.br\/portal\/wp-content\/uploads\/2024\/01\/gjd.jpg?fit=536%2C359&ssl=1\",\"width\":536,\"height\":359},{\"@type\":\"BreadcrumbList\",\"@id\":\"https:\/\/verdadeon.com.br\/portal\/2024\/01\/12\/cuidados-com-a-saude-meta-de-comeco-do-ano\/#breadcrumb\",\"itemListElement\":[{\"@type\":\"ListItem\",\"position\":1,\"name\":\"In\u00edcio\",\"item\":\"https:\/\/verdadeon.com.br\/portal\/\"},{\"@type\":\"ListItem\",\"position\":2,\"name\":\"Cuidados com a sa\u00fade, meta de come\u00e7o do ano\"}]},{\"@type\":\"WebSite\",\"@id\":\"https:\/\/verdadeon.com.br\/portal\/#website\",\"url\":\"https:\/\/verdadeon.com.br\/portal\/\",\"name\":\"VerdadeOn\",\"description\":\"Not\u00edcias di\u00e1rias sobre Franca, Regi\u00e3o, Esporte, Cultura, Cotidiano, Colunas. Cobertura nos principais eventos da cidade \u00e9 aqui - Verdadeon Franca\",\"potentialAction\":[{\"@type\":\"SearchAction\",\"target\":{\"@type\":\"EntryPoint\",\"urlTemplate\":\"https:\/\/verdadeon.com.br\/portal\/?s={search_term_string}\"},\"query-input\":{\"@type\":\"PropertyValueSpecification\",\"valueRequired\":true,\"valueName\":\"search_term_string\"}}],\"inLanguage\":\"pt-BR\"},{\"@type\":\"Person\",\"@id\":\"https:\/\/verdadeon.com.br\/portal\/#\/schema\/person\/a5060ad1e9ea3df545188fc93ce43d2f\",\"name\":\"Redacao VerdadeOn\",\"image\":{\"@type\":\"ImageObject\",\"inLanguage\":\"pt-BR\",\"@id\":\"https:\/\/verdadeon.com.br\/portal\/#\/schema\/person\/image\/\",\"url\":\"https:\/\/secure.gravatar.com\/avatar\/459a9613caaaf07f582c3d0841eea68bdd66f533e465e6ba8b9cb45619572cf4?s=96&d=mm&r=g\",\"contentUrl\":\"https:\/\/secure.gravatar.com\/avatar\/459a9613caaaf07f582c3d0841eea68bdd66f533e465e6ba8b9cb45619572cf4?s=96&d=mm&r=g\",\"caption\":\"Redacao VerdadeOn\"},\"url\":\"https:\/\/verdadeon.com.br\/portal\/author\/redacao\/\"}]}<\/script>\n<!-- \/ Yoast SEO plugin. -->","yoast_head_json":{"title":"Cuidados com a sa\u00fade, meta de come\u00e7o do ano - VerdadeOn","robots":{"index":"index","follow":"follow","max-snippet":"max-snippet:-1","max-image-preview":"max-image-preview:large","max-video-preview":"max-video-preview:-1"},"canonical":"https:\/\/verdadeon.com.br\/portal\/2024\/01\/12\/cuidados-com-a-saude-meta-de-comeco-do-ano\/","og_locale":"pt_BR","og_type":"article","og_title":"Cuidados com a sa\u00fade, meta de come\u00e7o do ano - VerdadeOn","og_description":"Exames de rotina e check-up s\u00e3o fundamentais para um bom 2024: ano novo tamb\u00e9m \u00e9 sin\u00f4nimo de cuidados globais com a sa\u00fade da mente e do [\u2026]","og_url":"https:\/\/verdadeon.com.br\/portal\/2024\/01\/12\/cuidados-com-a-saude-meta-de-comeco-do-ano\/","og_site_name":"VerdadeOn","article_published_time":"2024-01-12T14:36:25+00:00","og_image":[{"width":536,"height":359,"url":"https:\/\/verdadeon.com.br\/portal\/wp-content\/uploads\/2024\/01\/gjd.jpg","type":"image\/jpeg"}],"author":"Redacao VerdadeOn","twitter_card":"summary_large_image","twitter_misc":{"Escrito por":"Redacao VerdadeOn","Est. tempo de leitura":"2 minutos"},"schema":{"@context":"https:\/\/schema.org","@graph":[{"@type":"WebPage","@id":"https:\/\/verdadeon.com.br\/portal\/2024\/01\/12\/cuidados-com-a-saude-meta-de-comeco-do-ano\/","url":"https:\/\/verdadeon.com.br\/portal\/2024\/01\/12\/cuidados-com-a-saude-meta-de-comeco-do-ano\/","name":"Cuidados com a sa\u00fade, meta de come\u00e7o do ano - VerdadeOn","isPartOf":{"@id":"https:\/\/verdadeon.com.br\/portal\/#website"},"primaryImageOfPage":{"@id":"https:\/\/verdadeon.com.br\/portal\/2024\/01\/12\/cuidados-com-a-saude-meta-de-comeco-do-ano\/#primaryimage"},"image":{"@id":"https:\/\/verdadeon.com.br\/portal\/2024\/01\/12\/cuidados-com-a-saude-meta-de-comeco-do-ano\/#primaryimage"},"thumbnailUrl":"https:\/\/i0.wp.com\/verdadeon.com.br\/portal\/wp-content\/uploads\/2024\/01\/gjd.jpg?fit=536%2C359&ssl=1","datePublished":"2024-01-12T14:36:25+00:00","author":{"@id":"https:\/\/verdadeon.com.br\/portal\/#\/schema\/person\/a5060ad1e9ea3df545188fc93ce43d2f"},"breadcrumb":{"@id":"https:\/\/verdadeon.com.br\/portal\/2024\/01\/12\/cuidados-com-a-saude-meta-de-comeco-do-ano\/#breadcrumb"},"inLanguage":"pt-BR","potentialAction":[{"@type":"ReadAction","target":["https:\/\/verdadeon.com.br\/portal\/2024\/01\/12\/cuidados-com-a-saude-meta-de-comeco-do-ano\/"]}]},{"@type":"ImageObject","inLanguage":"pt-BR","@id":"https:\/\/verdadeon.com.br\/portal\/2024\/01\/12\/cuidados-com-a-saude-meta-de-comeco-do-ano\/#primaryimage","url":"https:\/\/i0.wp.com\/verdadeon.com.br\/portal\/wp-content\/uploads\/2024\/01\/gjd.jpg?fit=536%2C359&ssl=1","contentUrl":"https:\/\/i0.wp.com\/verdadeon.com.br\/portal\/wp-content\/uploads\/2024\/01\/gjd.jpg?fit=536%2C359&ssl=1","width":536,"height":359},{"@type":"BreadcrumbList","@id":"https:\/\/verdadeon.com.br\/portal\/2024\/01\/12\/cuidados-com-a-saude-meta-de-comeco-do-ano\/#breadcrumb","itemListElement":[{"@type":"ListItem","position":1,"name":"In\u00edcio","item":"https:\/\/verdadeon.com.br\/portal\/"},{"@type":"ListItem","position":2,"name":"Cuidados com a sa\u00fade, meta de come\u00e7o do ano"}]},{"@type":"WebSite","@id":"https:\/\/verdadeon.com.br\/portal\/#website","url":"https:\/\/verdadeon.com.br\/portal\/","name":"VerdadeOn","description":"Not\u00edcias di\u00e1rias sobre Franca, Regi\u00e3o, Esporte, Cultura, Cotidiano, Colunas. Cobertura nos principais eventos da cidade \u00e9 aqui - Verdadeon Franca","potentialAction":[{"@type":"SearchAction","target":{"@type":"EntryPoint","urlTemplate":"https:\/\/verdadeon.com.br\/portal\/?s={search_term_string}"},"query-input":{"@type":"PropertyValueSpecification","valueRequired":true,"valueName":"search_term_string"}}],"inLanguage":"pt-BR"},{"@type":"Person","@id":"https:\/\/verdadeon.com.br\/portal\/#\/schema\/person\/a5060ad1e9ea3df545188fc93ce43d2f","name":"Redacao VerdadeOn","image":{"@type":"ImageObject","inLanguage":"pt-BR","@id":"https:\/\/verdadeon.com.br\/portal\/#\/schema\/person\/image\/","url":"https:\/\/secure.gravatar.com\/avatar\/459a9613caaaf07f582c3d0841eea68bdd66f533e465e6ba8b9cb45619572cf4?s=96&d=mm&r=g","contentUrl":"https:\/\/secure.gravatar.com\/avatar\/459a9613caaaf07f582c3d0841eea68bdd66f533e465e6ba8b9cb45619572cf4?s=96&d=mm&r=g","caption":"Redacao VerdadeOn"},"url":"https:\/\/verdadeon.com.br\/portal\/author\/redacao\/"}]}},"jetpack_publicize_connections":[],"jetpack_featured_media_url":"https:\/\/i0.wp.com\/verdadeon.com.br\/portal\/wp-content\/uploads\/2024\/01\/gjd.jpg?fit=536%2C359&ssl=1","jetpack_sharing_enabled":true,"_links":{"self":[{"href":"https:\/\/verdadeon.com.br\/portal\/wp-json\/wp\/v2\/posts\/40644","targetHints":{"allow":["GET"]}}],"collection":[{"href":"https:\/\/verdadeon.com.br\/portal\/wp-json\/wp\/v2\/posts"}],"about":[{"href":"https:\/\/verdadeon.com.br\/portal\/wp-json\/wp\/v2\/types\/post"}],"author":[{"embeddable":true,"href":"https:\/\/verdadeon.com.br\/portal\/wp-json\/wp\/v2\/users\/10"}],"replies":[{"embeddable":true,"href":"https:\/\/verdadeon.com.br\/portal\/wp-json\/wp\/v2\/comments?post=40644"}],"version-history":[{"count":1,"href":"https:\/\/verdadeon.com.br\/portal\/wp-json\/wp\/v2\/posts\/40644\/revisions"}],"predecessor-version":[{"id":40647,"href":"https:\/\/verdadeon.com.br\/portal\/wp-json\/wp\/v2\/posts\/40644\/revisions\/40647"}],"wp:featuredmedia":[{"embeddable":true,"href":"https:\/\/verdadeon.com.br\/portal\/wp-json\/wp\/v2\/media\/40646"}],"wp:attachment":[{"href":"https:\/\/verdadeon.com.br\/portal\/wp-json\/wp\/v2\/media?parent=40644"}],"wp:term":[{"taxonomy":"category","embeddable":true,"href":"https:\/\/verdadeon.com.br\/portal\/wp-json\/wp\/v2\/categories?post=40644"},{"taxonomy":"post_tag","embeddable":true,"href":"https:\/\/verdadeon.com.br\/portal\/wp-json\/wp\/v2\/tags?post=40644"}],"curies":[{"name":"wp","href":"https:\/\/api.w.org\/{rel}","templated":true}]}}