{"id":40575,"date":"2024-01-10T11:44:55","date_gmt":"2024-01-10T14:44:55","guid":{"rendered":"https:\/\/verdadeon.com.br\/portal\/?p=40575"},"modified":"2024-01-10T11:44:55","modified_gmt":"2024-01-10T14:44:55","slug":"a-gestao-sem-rumo-e-sem-remo","status":"publish","type":"post","link":"https:\/\/verdadeon.com.br\/portal\/2024\/01\/10\/a-gestao-sem-rumo-e-sem-remo\/","title":{"rendered":"A gest\u00e3o sem rumo e sem remo!"},"content":{"rendered":"<p>Quando se observa algo positivo, que seja digno de ser copiado ou assimilado nos moldes de cada comunidade \u00e9 sublime ter humildade para reconhecer e adotar, ou pelo menos tentar, a mesma pr\u00e1tica positiva que satisfaz milhares de pessoas. Aqui j\u00e1 \u00e9 sabidamente desinteressante aprender com quem pode ensinar, pois a humildade passa longe de um gesto carregado de soberba e cercado de \u00e1ulicos e aproveitadores.<\/p>\n<p>Mais uma vez trazemos modelos que d\u00e3o certo e podem muito bem ser feitos em nossa cidade, que agora est\u00e1 prestes a reciclar contrato de transporte coletivo de passageiros na \u00e1rea urbana, enquanto peruas tipo \u2018van\u2019 cobrem cidades da regi\u00e3o e, ao mesmo tempo, fazem embarque e desembarque de passageiros como se fosse carga despejada ao relento.<\/p>\n<p>Sem prote\u00e7\u00e3o de chuva ou sol, encostados num muro ou diante do port\u00e3o principal do Cemit\u00e9rio, os usu\u00e1rios desse improvisado \u2018servi\u00e7o\u2019 s\u00e3o trazidos para consultas m\u00e9dico-hospitalares, compras, matr\u00edculas em escolas e compras. Por\u00e9m n\u00e3o tem, sequer, a solidariedade desses objetivos necess\u00e1rios ao seu cotidiano.<\/p>\n<p>Agora deu pressa e o jeito encontrado em mais uma opera\u00e7\u00e3o \u2018quebra-galho\u2019, permutar peda\u00e7o do Est\u00e1dio Cel. Nh\u00f4 Chico e montar ali barraquinha de quinquilharia e estacionamento para \u2018acolher\u2019 os visitantes. Sem projeto nem planejamento, uma a\u00e7\u00e3o eleitoreira e s\u00f3!<\/p>\n<p>A escandalosa despesa de publicidade in\u00fatil e personalista com mais de R$ 4,3 milh\u00f5es passou batido no or\u00e7amento, o alto custo operacional da FEAC tamb\u00e9m ficou s\u00f3 no lero-lero habitual, enquanto asfalto e decora\u00e7\u00e3o rid\u00edcula de Natal serviram de cen\u00e1rio para promo\u00e7\u00e3o de vereadores e outros agregados \u00e0 conviv\u00eancia do prefeito.<\/p>\n<p>A seguran\u00e7a continua piorando tanto quanto o atendimento \u00e0 sa\u00fade da popula\u00e7\u00e3o, mas a folia dos gastos prossegue. Obras iniciadas e paradas como a antiga Esta\u00e7\u00e3o Mogiana onde a ferrovia abriu caminho ao crescimento da Zona Oeste continuam abandonadas.<\/p>\n<p>Empenhado nas compras milion\u00e1rias que satisfazem os fornecedores, agora vem a absurda explica\u00e7\u00e3o para motores fundidos (!) de ambul\u00e2ncias novas ou quase, onde a sa\u00edda como sempre ser\u00e1 comprar novos ve\u00edculos e abandonar os antigos \u00e0 sucataria.<\/p>\n<p>Sem rumo e agora sem meios de remar nas enchentes, vai empenhar R$ 40 milh\u00f5es sem estudo t\u00e9cnico profundo e necess\u00e1rio, na dire\u00e7\u00e3o torta, tudo fica numa busca di\u00e1ria de se eternizar no poder, por vaidade pessoal contrapondo-se a uma administra\u00e7\u00e3o ruim, cercada de den\u00fancias, abusos, gastos desmedidos e autopromo\u00e7\u00e3o pessoal rid\u00edcula&#8230;<\/p>\n","protected":false},"excerpt":{"rendered":"<p>Quando se observa algo positivo, que seja digno de ser copiado ou assimilado nos moldes de cada comunidade \u00e9 sublime ter humildade para reconhecer e adotar,<span class=\"excerpt-hellip\"> [\u2026]<\/span><\/p>\n","protected":false},"author":10,"featured_media":40576,"comment_status":"open","ping_status":"open","sticky":false,"template":"","format":"standard","meta":{"_jetpack_memberships_contains_paid_content":false,"footnotes":"","jetpack_publicize_message":"","jetpack_publicize_feature_enabled":true,"jetpack_social_post_already_shared":false,"jetpack_social_options":{"image_generator_settings":{"template":"highway","default_image_id":0,"enabled":false},"version":2}},"categories":[137],"tags":[],"class_list":["post-40575","post","type-post","status-publish","format-standard","has-post-thumbnail","hentry","category-editorial"],"yoast_head":"<!-- This site is optimized with the Yoast SEO plugin v25.6 - https:\/\/yoast.com\/wordpress\/plugins\/seo\/ -->\n<title>A gest\u00e3o sem rumo e sem remo! - VerdadeOn<\/title>\n<meta name=\"robots\" content=\"index, follow, max-snippet:-1, max-image-preview:large, max-video-preview:-1\" \/>\n<link rel=\"canonical\" href=\"https:\/\/verdadeon.com.br\/portal\/2024\/01\/10\/a-gestao-sem-rumo-e-sem-remo\/\" \/>\n<meta property=\"og:locale\" content=\"pt_BR\" \/>\n<meta property=\"og:type\" content=\"article\" \/>\n<meta property=\"og:title\" content=\"A gest\u00e3o sem rumo e sem remo! - VerdadeOn\" \/>\n<meta property=\"og:description\" content=\"Quando se observa algo positivo, que seja digno de ser copiado ou assimilado nos moldes de cada comunidade \u00e9 sublime ter humildade para reconhecer e adotar, [\u2026]\" \/>\n<meta property=\"og:url\" content=\"https:\/\/verdadeon.com.br\/portal\/2024\/01\/10\/a-gestao-sem-rumo-e-sem-remo\/\" \/>\n<meta property=\"og:site_name\" content=\"VerdadeOn\" \/>\n<meta property=\"article:published_time\" content=\"2024-01-10T14:44:55+00:00\" \/>\n<meta property=\"og:image\" content=\"https:\/\/verdadeon.com.br\/portal\/wp-content\/uploads\/2024\/01\/sedser.jpg\" \/>\n\t<meta property=\"og:image:width\" content=\"465\" \/>\n\t<meta property=\"og:image:height\" content=\"312\" \/>\n\t<meta property=\"og:image:type\" content=\"image\/jpeg\" \/>\n<meta name=\"author\" content=\"Redacao VerdadeOn\" \/>\n<meta name=\"twitter:card\" content=\"summary_large_image\" \/>\n<meta name=\"twitter:label1\" content=\"Escrito por\" \/>\n\t<meta name=\"twitter:data1\" content=\"Redacao VerdadeOn\" \/>\n\t<meta name=\"twitter:label2\" content=\"Est. tempo de leitura\" \/>\n\t<meta name=\"twitter:data2\" content=\"3 minutos\" \/>\n<script type=\"application\/ld+json\" class=\"yoast-schema-graph\">{\"@context\":\"https:\/\/schema.org\",\"@graph\":[{\"@type\":\"WebPage\",\"@id\":\"https:\/\/verdadeon.com.br\/portal\/2024\/01\/10\/a-gestao-sem-rumo-e-sem-remo\/\",\"url\":\"https:\/\/verdadeon.com.br\/portal\/2024\/01\/10\/a-gestao-sem-rumo-e-sem-remo\/\",\"name\":\"A gest\u00e3o sem rumo e sem remo! - VerdadeOn\",\"isPartOf\":{\"@id\":\"https:\/\/verdadeon.com.br\/portal\/#website\"},\"primaryImageOfPage\":{\"@id\":\"https:\/\/verdadeon.com.br\/portal\/2024\/01\/10\/a-gestao-sem-rumo-e-sem-remo\/#primaryimage\"},\"image\":{\"@id\":\"https:\/\/verdadeon.com.br\/portal\/2024\/01\/10\/a-gestao-sem-rumo-e-sem-remo\/#primaryimage\"},\"thumbnailUrl\":\"https:\/\/i0.wp.com\/verdadeon.com.br\/portal\/wp-content\/uploads\/2024\/01\/sedser.jpg?fit=465%2C312&ssl=1\",\"datePublished\":\"2024-01-10T14:44:55+00:00\",\"author\":{\"@id\":\"https:\/\/verdadeon.com.br\/portal\/#\/schema\/person\/a5060ad1e9ea3df545188fc93ce43d2f\"},\"breadcrumb\":{\"@id\":\"https:\/\/verdadeon.com.br\/portal\/2024\/01\/10\/a-gestao-sem-rumo-e-sem-remo\/#breadcrumb\"},\"inLanguage\":\"pt-BR\",\"potentialAction\":[{\"@type\":\"ReadAction\",\"target\":[\"https:\/\/verdadeon.com.br\/portal\/2024\/01\/10\/a-gestao-sem-rumo-e-sem-remo\/\"]}]},{\"@type\":\"ImageObject\",\"inLanguage\":\"pt-BR\",\"@id\":\"https:\/\/verdadeon.com.br\/portal\/2024\/01\/10\/a-gestao-sem-rumo-e-sem-remo\/#primaryimage\",\"url\":\"https:\/\/i0.wp.com\/verdadeon.com.br\/portal\/wp-content\/uploads\/2024\/01\/sedser.jpg?fit=465%2C312&ssl=1\",\"contentUrl\":\"https:\/\/i0.wp.com\/verdadeon.com.br\/portal\/wp-content\/uploads\/2024\/01\/sedser.jpg?fit=465%2C312&ssl=1\",\"width\":465,\"height\":312},{\"@type\":\"BreadcrumbList\",\"@id\":\"https:\/\/verdadeon.com.br\/portal\/2024\/01\/10\/a-gestao-sem-rumo-e-sem-remo\/#breadcrumb\",\"itemListElement\":[{\"@type\":\"ListItem\",\"position\":1,\"name\":\"In\u00edcio\",\"item\":\"https:\/\/verdadeon.com.br\/portal\/\"},{\"@type\":\"ListItem\",\"position\":2,\"name\":\"A gest\u00e3o sem rumo e sem remo!\"}]},{\"@type\":\"WebSite\",\"@id\":\"https:\/\/verdadeon.com.br\/portal\/#website\",\"url\":\"https:\/\/verdadeon.com.br\/portal\/\",\"name\":\"VerdadeOn\",\"description\":\"Not\u00edcias di\u00e1rias sobre Franca, Regi\u00e3o, Esporte, Cultura, Cotidiano, Colunas. Cobertura nos principais eventos da cidade \u00e9 aqui - Verdadeon Franca\",\"potentialAction\":[{\"@type\":\"SearchAction\",\"target\":{\"@type\":\"EntryPoint\",\"urlTemplate\":\"https:\/\/verdadeon.com.br\/portal\/?s={search_term_string}\"},\"query-input\":{\"@type\":\"PropertyValueSpecification\",\"valueRequired\":true,\"valueName\":\"search_term_string\"}}],\"inLanguage\":\"pt-BR\"},{\"@type\":\"Person\",\"@id\":\"https:\/\/verdadeon.com.br\/portal\/#\/schema\/person\/a5060ad1e9ea3df545188fc93ce43d2f\",\"name\":\"Redacao VerdadeOn\",\"image\":{\"@type\":\"ImageObject\",\"inLanguage\":\"pt-BR\",\"@id\":\"https:\/\/verdadeon.com.br\/portal\/#\/schema\/person\/image\/\",\"url\":\"https:\/\/secure.gravatar.com\/avatar\/459a9613caaaf07f582c3d0841eea68bdd66f533e465e6ba8b9cb45619572cf4?s=96&d=mm&r=g\",\"contentUrl\":\"https:\/\/secure.gravatar.com\/avatar\/459a9613caaaf07f582c3d0841eea68bdd66f533e465e6ba8b9cb45619572cf4?s=96&d=mm&r=g\",\"caption\":\"Redacao VerdadeOn\"},\"url\":\"https:\/\/verdadeon.com.br\/portal\/author\/redacao\/\"}]}<\/script>\n<!-- \/ Yoast SEO plugin. -->","yoast_head_json":{"title":"A gest\u00e3o sem rumo e sem remo! - VerdadeOn","robots":{"index":"index","follow":"follow","max-snippet":"max-snippet:-1","max-image-preview":"max-image-preview:large","max-video-preview":"max-video-preview:-1"},"canonical":"https:\/\/verdadeon.com.br\/portal\/2024\/01\/10\/a-gestao-sem-rumo-e-sem-remo\/","og_locale":"pt_BR","og_type":"article","og_title":"A gest\u00e3o sem rumo e sem remo! - VerdadeOn","og_description":"Quando se observa algo positivo, que seja digno de ser copiado ou assimilado nos moldes de cada comunidade \u00e9 sublime ter humildade para reconhecer e adotar, [\u2026]","og_url":"https:\/\/verdadeon.com.br\/portal\/2024\/01\/10\/a-gestao-sem-rumo-e-sem-remo\/","og_site_name":"VerdadeOn","article_published_time":"2024-01-10T14:44:55+00:00","og_image":[{"width":465,"height":312,"url":"https:\/\/verdadeon.com.br\/portal\/wp-content\/uploads\/2024\/01\/sedser.jpg","type":"image\/jpeg"}],"author":"Redacao VerdadeOn","twitter_card":"summary_large_image","twitter_misc":{"Escrito por":"Redacao VerdadeOn","Est. tempo de leitura":"3 minutos"},"schema":{"@context":"https:\/\/schema.org","@graph":[{"@type":"WebPage","@id":"https:\/\/verdadeon.com.br\/portal\/2024\/01\/10\/a-gestao-sem-rumo-e-sem-remo\/","url":"https:\/\/verdadeon.com.br\/portal\/2024\/01\/10\/a-gestao-sem-rumo-e-sem-remo\/","name":"A gest\u00e3o sem rumo e sem remo! - VerdadeOn","isPartOf":{"@id":"https:\/\/verdadeon.com.br\/portal\/#website"},"primaryImageOfPage":{"@id":"https:\/\/verdadeon.com.br\/portal\/2024\/01\/10\/a-gestao-sem-rumo-e-sem-remo\/#primaryimage"},"image":{"@id":"https:\/\/verdadeon.com.br\/portal\/2024\/01\/10\/a-gestao-sem-rumo-e-sem-remo\/#primaryimage"},"thumbnailUrl":"https:\/\/i0.wp.com\/verdadeon.com.br\/portal\/wp-content\/uploads\/2024\/01\/sedser.jpg?fit=465%2C312&ssl=1","datePublished":"2024-01-10T14:44:55+00:00","author":{"@id":"https:\/\/verdadeon.com.br\/portal\/#\/schema\/person\/a5060ad1e9ea3df545188fc93ce43d2f"},"breadcrumb":{"@id":"https:\/\/verdadeon.com.br\/portal\/2024\/01\/10\/a-gestao-sem-rumo-e-sem-remo\/#breadcrumb"},"inLanguage":"pt-BR","potentialAction":[{"@type":"ReadAction","target":["https:\/\/verdadeon.com.br\/portal\/2024\/01\/10\/a-gestao-sem-rumo-e-sem-remo\/"]}]},{"@type":"ImageObject","inLanguage":"pt-BR","@id":"https:\/\/verdadeon.com.br\/portal\/2024\/01\/10\/a-gestao-sem-rumo-e-sem-remo\/#primaryimage","url":"https:\/\/i0.wp.com\/verdadeon.com.br\/portal\/wp-content\/uploads\/2024\/01\/sedser.jpg?fit=465%2C312&ssl=1","contentUrl":"https:\/\/i0.wp.com\/verdadeon.com.br\/portal\/wp-content\/uploads\/2024\/01\/sedser.jpg?fit=465%2C312&ssl=1","width":465,"height":312},{"@type":"BreadcrumbList","@id":"https:\/\/verdadeon.com.br\/portal\/2024\/01\/10\/a-gestao-sem-rumo-e-sem-remo\/#breadcrumb","itemListElement":[{"@type":"ListItem","position":1,"name":"In\u00edcio","item":"https:\/\/verdadeon.com.br\/portal\/"},{"@type":"ListItem","position":2,"name":"A gest\u00e3o sem rumo e sem remo!"}]},{"@type":"WebSite","@id":"https:\/\/verdadeon.com.br\/portal\/#website","url":"https:\/\/verdadeon.com.br\/portal\/","name":"VerdadeOn","description":"Not\u00edcias di\u00e1rias sobre Franca, Regi\u00e3o, Esporte, Cultura, Cotidiano, Colunas. Cobertura nos principais eventos da cidade \u00e9 aqui - Verdadeon Franca","potentialAction":[{"@type":"SearchAction","target":{"@type":"EntryPoint","urlTemplate":"https:\/\/verdadeon.com.br\/portal\/?s={search_term_string}"},"query-input":{"@type":"PropertyValueSpecification","valueRequired":true,"valueName":"search_term_string"}}],"inLanguage":"pt-BR"},{"@type":"Person","@id":"https:\/\/verdadeon.com.br\/portal\/#\/schema\/person\/a5060ad1e9ea3df545188fc93ce43d2f","name":"Redacao VerdadeOn","image":{"@type":"ImageObject","inLanguage":"pt-BR","@id":"https:\/\/verdadeon.com.br\/portal\/#\/schema\/person\/image\/","url":"https:\/\/secure.gravatar.com\/avatar\/459a9613caaaf07f582c3d0841eea68bdd66f533e465e6ba8b9cb45619572cf4?s=96&d=mm&r=g","contentUrl":"https:\/\/secure.gravatar.com\/avatar\/459a9613caaaf07f582c3d0841eea68bdd66f533e465e6ba8b9cb45619572cf4?s=96&d=mm&r=g","caption":"Redacao VerdadeOn"},"url":"https:\/\/verdadeon.com.br\/portal\/author\/redacao\/"}]}},"jetpack_publicize_connections":[],"jetpack_featured_media_url":"https:\/\/i0.wp.com\/verdadeon.com.br\/portal\/wp-content\/uploads\/2024\/01\/sedser.jpg?fit=465%2C312&ssl=1","jetpack_sharing_enabled":true,"_links":{"self":[{"href":"https:\/\/verdadeon.com.br\/portal\/wp-json\/wp\/v2\/posts\/40575","targetHints":{"allow":["GET"]}}],"collection":[{"href":"https:\/\/verdadeon.com.br\/portal\/wp-json\/wp\/v2\/posts"}],"about":[{"href":"https:\/\/verdadeon.com.br\/portal\/wp-json\/wp\/v2\/types\/post"}],"author":[{"embeddable":true,"href":"https:\/\/verdadeon.com.br\/portal\/wp-json\/wp\/v2\/users\/10"}],"replies":[{"embeddable":true,"href":"https:\/\/verdadeon.com.br\/portal\/wp-json\/wp\/v2\/comments?post=40575"}],"version-history":[{"count":1,"href":"https:\/\/verdadeon.com.br\/portal\/wp-json\/wp\/v2\/posts\/40575\/revisions"}],"predecessor-version":[{"id":40577,"href":"https:\/\/verdadeon.com.br\/portal\/wp-json\/wp\/v2\/posts\/40575\/revisions\/40577"}],"wp:featuredmedia":[{"embeddable":true,"href":"https:\/\/verdadeon.com.br\/portal\/wp-json\/wp\/v2\/media\/40576"}],"wp:attachment":[{"href":"https:\/\/verdadeon.com.br\/portal\/wp-json\/wp\/v2\/media?parent=40575"}],"wp:term":[{"taxonomy":"category","embeddable":true,"href":"https:\/\/verdadeon.com.br\/portal\/wp-json\/wp\/v2\/categories?post=40575"},{"taxonomy":"post_tag","embeddable":true,"href":"https:\/\/verdadeon.com.br\/portal\/wp-json\/wp\/v2\/tags?post=40575"}],"curies":[{"name":"wp","href":"https:\/\/api.w.org\/{rel}","templated":true}]}}