{"id":40424,"date":"2024-01-05T14:27:30","date_gmt":"2024-01-05T17:27:30","guid":{"rendered":"https:\/\/verdadeon.com.br\/portal\/?p=40424"},"modified":"2024-01-05T14:58:28","modified_gmt":"2024-01-05T17:58:28","slug":"copinha-conheca-o-contrato-de-formacao-esportiva-que-assegura-condicoes-minimas-as-jovens-promessas-do-futebol","status":"publish","type":"post","link":"https:\/\/verdadeon.com.br\/portal\/2024\/01\/05\/copinha-conheca-o-contrato-de-formacao-esportiva-que-assegura-condicoes-minimas-as-jovens-promessas-do-futebol\/","title":{"rendered":"Copinha: conhe\u00e7a o \u2018contrato de forma\u00e7\u00e3o esportiva\u2019, que assegura condi\u00e7\u00f5es m\u00ednimas \u00e0s jovens promessas do futebol"},"content":{"rendered":"<h2>Considerado o primeiro contrato de um atleta antes do profissional, visa proteger o desenvolvimento educacional e esportivo do jovem e assegura aos clubes retorno desportivo ou financeiro pelo investimento<\/h2>\n<p>A Copa S\u00e3o Paulo de Futebol J\u00fanior, competi\u00e7\u00e3o disputada pelas categorias de base de clubes de todo o Pa\u00eds e a mais aguardada para a revela\u00e7\u00e3o de novos talentos do futebol, teve in\u00edcio na \u00faltima ter\u00e7a-feira (2) e segue at\u00e9 o dia 25 de janeiro, anivers\u00e1rio da capital paulista.<\/p>\n<p>Que o Brasil \u00e9 um celeiro de forma\u00e7\u00e3o de craques, \u00e9 indiscut\u00edvel. Mas como assegurar uma boa forma\u00e7\u00e3o educacional e esportiva para as novas \u2018joias\u2019 do esporte, de forma que os clubes possam receber um retorno n\u00e3o s\u00f3 financeiro, mas de legado futebol\u00edstico?<\/p>\n<p>Para isso, existe o \u2018contrato de forma\u00e7\u00e3o esportiva\u2019 \u2013 normalmente, o primeiro contrato celebrado por um atleta antes de se tornar profissional. Conforme explica Felipe Crisafulli, advogado especializado em Direito Desportivo do Ambiel Advogados, trata-se de um meio pelo qual clubes e jovens atletas formalizam a rela\u00e7\u00e3o jur\u00eddico-desportiva entre ambos, e tem como principal objetivo assegurar aos atletas condi\u00e7\u00f5es m\u00ednimas \u00e0 pr\u00e1tica esportiva, sem que haja preju\u00edzo dos estudos e da conviv\u00eancia familiar.<\/p>\n<p>\u201cDo ponto de vista dos clubes, a raz\u00e3o principal de existir desse contrato \u00e9 garantir que os investimentos feitos na forma\u00e7\u00e3o do atleta possam lhe gerar algum retorno no futuro, seja desportiva, seja financeiramente \u2013 inclusive com vista a assegurar ao clube formador o direito de assinar com o atleta, a partir dos 16 anos de idade deste, o seu primeiro contrato especial de trabalho esportivo\u201d, explica o advogado.<\/p>\n<p>Por for\u00e7a da Lei Geral do Esporte, todo contrato de forma\u00e7\u00e3o deve ser registrado perante a organiza\u00e7\u00e3o de administra\u00e7\u00e3o do esporte que regula a respectiva modalidade. Al\u00e9m disso, \u201cos par\u00e1grafos 7\u00ba e 8\u00ba do artigo 99 ainda trazem ao clube formador um direito de prefer\u00eancia para a primeira renova\u00e7\u00e3o do primeiro contrato especial de trabalho esportivo que porventura tenha sido celebrado entre o atleta e seu clube formador, cujo prazo n\u00e3o poder\u00e1 superar os 3 anos, salvo para equipara\u00e7\u00e3o de proposta de outro clube&#8221;, salienta Crisafulli.<\/p>\n<p>Sendo um documento assinado por atletas menores de 18 anos, obrigat\u00f3ria ser\u00e1 a participa\u00e7\u00e3o de seus pais ou respons\u00e1veis legais. \u201cO C\u00f3digo Civil estabelece que todo contrato celebrado por indiv\u00edduos absoluta ou relativamente incapazes, tais quais os menores de idade, e que n\u00e3o contem com a assinatura de seus pais ou respons\u00e1veis legais corresponde a um neg\u00f3cio jur\u00eddico nulo ou anul\u00e1vel\u201d, refor\u00e7a o advogado.<\/p>\n<p><strong>O que o contrato prev\u00ea ao atleta?<\/strong><\/p>\n<p>A legisla\u00e7\u00e3o exige que o clube forne\u00e7a \u2013 especialmente aos atletas a partir dos 14 anos de idade \u2013 os seguintes itens: programas de treinamento nas categorias de base e complementa\u00e7\u00e3o educacional; filia\u00e7\u00e3o do atleta na respectiva federa\u00e7\u00e3o\/confedera\u00e7\u00e3o; assist\u00eancia educacional, psicol\u00f3gica, m\u00e9dica, fisioterap\u00eautica e odontol\u00f3gica, al\u00e9m de alimenta\u00e7\u00e3o, transporte e conviv\u00eancia familiar (com visitas regulares \u00e0 fam\u00edlia); alojamentos com instala\u00e7\u00f5es suficientes, saud\u00e1veis e adequadas (inclusive para a faixa et\u00e1ria do atleta), em especial no que diz respeito \u00e0 alimenta\u00e7\u00e3o, higiene, seguran\u00e7a, salubridade, preven\u00e7\u00e3o e combate a inc\u00eandios e desastres, e at\u00e9 assist\u00eancia religiosa aos jovens que a desejarem.<\/p>\n<p>Tamb\u00e9m s\u00e3o obrigat\u00f3rios cronogramas de forma\u00e7\u00e3o do atleta n\u00e3o superiores a 4h di\u00e1rias, compat\u00edveis e n\u00e3o coincidentes com os hor\u00e1rios do curr\u00edculo escolar ou de curso profissionalizante do atleta, inclusive propiciando a matr\u00edcula escolar, com exig\u00eancia de frequ\u00eancia e de satisfat\u00f3rio aproveitamento.<\/p>\n<p>\u201cNo mais, especificamente no caso do futebol, o par\u00e1grafo 17 do artigo 99 da Lei Geral do Esporte exige que o clube formador propicie ao atleta em forma\u00e7\u00e3o a participa\u00e7\u00e3o em atividades culturais e de lazer nos seus hor\u00e1rios livres\u201d, destaca Crisafulli.<\/p>\n","protected":false},"excerpt":{"rendered":"<p>Considerado o primeiro contrato de um atleta antes do profissional, visa proteger o desenvolvimento educacional e esportivo do jovem e assegura aos clubes retorno desportivo ou<span class=\"excerpt-hellip\"> [\u2026]<\/span><\/p>\n","protected":false},"author":10,"featured_media":40425,"comment_status":"open","ping_status":"open","sticky":false,"template":"","format":"standard","meta":{"_jetpack_memberships_contains_paid_content":false,"footnotes":"","jetpack_publicize_message":"","jetpack_publicize_feature_enabled":true,"jetpack_social_post_already_shared":false,"jetpack_social_options":{"image_generator_settings":{"template":"highway","default_image_id":0,"enabled":false},"version":2}},"categories":[28,44],"tags":[],"class_list":["post-40424","post","type-post","status-publish","format-standard","has-post-thumbnail","hentry","category-cotidiano","category-noticias"],"yoast_head":"<!-- This site is optimized with the Yoast SEO plugin v25.6 - https:\/\/yoast.com\/wordpress\/plugins\/seo\/ -->\n<title>Copinha: conhe\u00e7a o \u2018contrato de forma\u00e7\u00e3o esportiva\u2019, que assegura condi\u00e7\u00f5es m\u00ednimas \u00e0s jovens promessas do futebol - VerdadeOn<\/title>\n<meta name=\"robots\" content=\"index, follow, max-snippet:-1, max-image-preview:large, max-video-preview:-1\" \/>\n<link rel=\"canonical\" href=\"https:\/\/verdadeon.com.br\/portal\/2024\/01\/05\/copinha-conheca-o-contrato-de-formacao-esportiva-que-assegura-condicoes-minimas-as-jovens-promessas-do-futebol\/\" \/>\n<meta property=\"og:locale\" content=\"pt_BR\" \/>\n<meta property=\"og:type\" content=\"article\" \/>\n<meta property=\"og:title\" content=\"Copinha: conhe\u00e7a o \u2018contrato de forma\u00e7\u00e3o esportiva\u2019, que assegura condi\u00e7\u00f5es m\u00ednimas \u00e0s jovens promessas do futebol - VerdadeOn\" \/>\n<meta property=\"og:description\" content=\"Considerado o primeiro contrato de um atleta antes do profissional, visa proteger o desenvolvimento educacional e esportivo do jovem e assegura aos clubes retorno desportivo ou [\u2026]\" \/>\n<meta property=\"og:url\" content=\"https:\/\/verdadeon.com.br\/portal\/2024\/01\/05\/copinha-conheca-o-contrato-de-formacao-esportiva-que-assegura-condicoes-minimas-as-jovens-promessas-do-futebol\/\" \/>\n<meta property=\"og:site_name\" content=\"VerdadeOn\" \/>\n<meta property=\"article:published_time\" content=\"2024-01-05T17:27:30+00:00\" \/>\n<meta property=\"article:modified_time\" content=\"2024-01-05T17:58:28+00:00\" \/>\n<meta property=\"og:image\" content=\"https:\/\/verdadeon.com.br\/portal\/wp-content\/uploads\/2024\/01\/unnamed-51.jpg\" \/>\n\t<meta property=\"og:image:width\" content=\"800\" \/>\n\t<meta property=\"og:image:height\" content=\"536\" \/>\n\t<meta property=\"og:image:type\" content=\"image\/jpeg\" \/>\n<meta name=\"author\" content=\"Redacao VerdadeOn\" \/>\n<meta name=\"twitter:card\" content=\"summary_large_image\" \/>\n<meta name=\"twitter:label1\" content=\"Escrito por\" \/>\n\t<meta name=\"twitter:data1\" content=\"Redacao VerdadeOn\" \/>\n\t<meta name=\"twitter:label2\" content=\"Est. tempo de leitura\" \/>\n\t<meta name=\"twitter:data2\" content=\"4 minutos\" \/>\n<script type=\"application\/ld+json\" class=\"yoast-schema-graph\">{\"@context\":\"https:\/\/schema.org\",\"@graph\":[{\"@type\":\"WebPage\",\"@id\":\"https:\/\/verdadeon.com.br\/portal\/2024\/01\/05\/copinha-conheca-o-contrato-de-formacao-esportiva-que-assegura-condicoes-minimas-as-jovens-promessas-do-futebol\/\",\"url\":\"https:\/\/verdadeon.com.br\/portal\/2024\/01\/05\/copinha-conheca-o-contrato-de-formacao-esportiva-que-assegura-condicoes-minimas-as-jovens-promessas-do-futebol\/\",\"name\":\"Copinha: conhe\u00e7a o \u2018contrato de forma\u00e7\u00e3o esportiva\u2019, que assegura condi\u00e7\u00f5es m\u00ednimas \u00e0s jovens promessas do futebol - VerdadeOn\",\"isPartOf\":{\"@id\":\"https:\/\/verdadeon.com.br\/portal\/#website\"},\"primaryImageOfPage\":{\"@id\":\"https:\/\/verdadeon.com.br\/portal\/2024\/01\/05\/copinha-conheca-o-contrato-de-formacao-esportiva-que-assegura-condicoes-minimas-as-jovens-promessas-do-futebol\/#primaryimage\"},\"image\":{\"@id\":\"https:\/\/verdadeon.com.br\/portal\/2024\/01\/05\/copinha-conheca-o-contrato-de-formacao-esportiva-que-assegura-condicoes-minimas-as-jovens-promessas-do-futebol\/#primaryimage\"},\"thumbnailUrl\":\"https:\/\/i0.wp.com\/verdadeon.com.br\/portal\/wp-content\/uploads\/2024\/01\/unnamed-51.jpg?fit=800%2C536&ssl=1\",\"datePublished\":\"2024-01-05T17:27:30+00:00\",\"dateModified\":\"2024-01-05T17:58:28+00:00\",\"author\":{\"@id\":\"https:\/\/verdadeon.com.br\/portal\/#\/schema\/person\/a5060ad1e9ea3df545188fc93ce43d2f\"},\"breadcrumb\":{\"@id\":\"https:\/\/verdadeon.com.br\/portal\/2024\/01\/05\/copinha-conheca-o-contrato-de-formacao-esportiva-que-assegura-condicoes-minimas-as-jovens-promessas-do-futebol\/#breadcrumb\"},\"inLanguage\":\"pt-BR\",\"potentialAction\":[{\"@type\":\"ReadAction\",\"target\":[\"https:\/\/verdadeon.com.br\/portal\/2024\/01\/05\/copinha-conheca-o-contrato-de-formacao-esportiva-que-assegura-condicoes-minimas-as-jovens-promessas-do-futebol\/\"]}]},{\"@type\":\"ImageObject\",\"inLanguage\":\"pt-BR\",\"@id\":\"https:\/\/verdadeon.com.br\/portal\/2024\/01\/05\/copinha-conheca-o-contrato-de-formacao-esportiva-que-assegura-condicoes-minimas-as-jovens-promessas-do-futebol\/#primaryimage\",\"url\":\"https:\/\/i0.wp.com\/verdadeon.com.br\/portal\/wp-content\/uploads\/2024\/01\/unnamed-51.jpg?fit=800%2C536&ssl=1\",\"contentUrl\":\"https:\/\/i0.wp.com\/verdadeon.com.br\/portal\/wp-content\/uploads\/2024\/01\/unnamed-51.jpg?fit=800%2C536&ssl=1\",\"width\":800,\"height\":536,\"caption\":\"Felipe Crisafulli \u2013 advogado especializado em Direito Desportivo do Ambiel Advogados, membro da OAB\/SP e do Instituto Brasileiro de Direito Desportivo (IBDD). \u00c9 professor de Direito Desportivo e doutorando em Direito Civil pela Universidade de Coimbra (Portugal), com produ\u00e7\u00e3o acad\u00eamico-cient\u00edfica e experi\u00eancia profissional no ramo da ind\u00fastria do desporto e entretenimento (\u00a9Divulga\u00e7\u00e3o\/M2 Comunica\u00e7\u00e3o Jur\u00eddica)\"},{\"@type\":\"BreadcrumbList\",\"@id\":\"https:\/\/verdadeon.com.br\/portal\/2024\/01\/05\/copinha-conheca-o-contrato-de-formacao-esportiva-que-assegura-condicoes-minimas-as-jovens-promessas-do-futebol\/#breadcrumb\",\"itemListElement\":[{\"@type\":\"ListItem\",\"position\":1,\"name\":\"In\u00edcio\",\"item\":\"https:\/\/verdadeon.com.br\/portal\/\"},{\"@type\":\"ListItem\",\"position\":2,\"name\":\"Copinha: conhe\u00e7a o \u2018contrato de forma\u00e7\u00e3o esportiva\u2019, que assegura condi\u00e7\u00f5es m\u00ednimas \u00e0s jovens promessas do futebol\"}]},{\"@type\":\"WebSite\",\"@id\":\"https:\/\/verdadeon.com.br\/portal\/#website\",\"url\":\"https:\/\/verdadeon.com.br\/portal\/\",\"name\":\"VerdadeOn\",\"description\":\"Not\u00edcias di\u00e1rias sobre Franca, Regi\u00e3o, Esporte, Cultura, Cotidiano, Colunas. Cobertura nos principais eventos da cidade \u00e9 aqui - Verdadeon Franca\",\"potentialAction\":[{\"@type\":\"SearchAction\",\"target\":{\"@type\":\"EntryPoint\",\"urlTemplate\":\"https:\/\/verdadeon.com.br\/portal\/?s={search_term_string}\"},\"query-input\":{\"@type\":\"PropertyValueSpecification\",\"valueRequired\":true,\"valueName\":\"search_term_string\"}}],\"inLanguage\":\"pt-BR\"},{\"@type\":\"Person\",\"@id\":\"https:\/\/verdadeon.com.br\/portal\/#\/schema\/person\/a5060ad1e9ea3df545188fc93ce43d2f\",\"name\":\"Redacao VerdadeOn\",\"image\":{\"@type\":\"ImageObject\",\"inLanguage\":\"pt-BR\",\"@id\":\"https:\/\/verdadeon.com.br\/portal\/#\/schema\/person\/image\/\",\"url\":\"https:\/\/secure.gravatar.com\/avatar\/459a9613caaaf07f582c3d0841eea68bdd66f533e465e6ba8b9cb45619572cf4?s=96&d=mm&r=g\",\"contentUrl\":\"https:\/\/secure.gravatar.com\/avatar\/459a9613caaaf07f582c3d0841eea68bdd66f533e465e6ba8b9cb45619572cf4?s=96&d=mm&r=g\",\"caption\":\"Redacao VerdadeOn\"},\"url\":\"https:\/\/verdadeon.com.br\/portal\/author\/redacao\/\"}]}<\/script>\n<!-- \/ Yoast SEO plugin. -->","yoast_head_json":{"title":"Copinha: conhe\u00e7a o \u2018contrato de forma\u00e7\u00e3o esportiva\u2019, que assegura condi\u00e7\u00f5es m\u00ednimas \u00e0s jovens promessas do futebol - VerdadeOn","robots":{"index":"index","follow":"follow","max-snippet":"max-snippet:-1","max-image-preview":"max-image-preview:large","max-video-preview":"max-video-preview:-1"},"canonical":"https:\/\/verdadeon.com.br\/portal\/2024\/01\/05\/copinha-conheca-o-contrato-de-formacao-esportiva-que-assegura-condicoes-minimas-as-jovens-promessas-do-futebol\/","og_locale":"pt_BR","og_type":"article","og_title":"Copinha: conhe\u00e7a o \u2018contrato de forma\u00e7\u00e3o esportiva\u2019, que assegura condi\u00e7\u00f5es m\u00ednimas \u00e0s jovens promessas do futebol - VerdadeOn","og_description":"Considerado o primeiro contrato de um atleta antes do profissional, visa proteger o desenvolvimento educacional e esportivo do jovem e assegura aos clubes retorno desportivo ou [\u2026]","og_url":"https:\/\/verdadeon.com.br\/portal\/2024\/01\/05\/copinha-conheca-o-contrato-de-formacao-esportiva-que-assegura-condicoes-minimas-as-jovens-promessas-do-futebol\/","og_site_name":"VerdadeOn","article_published_time":"2024-01-05T17:27:30+00:00","article_modified_time":"2024-01-05T17:58:28+00:00","og_image":[{"width":800,"height":536,"url":"https:\/\/verdadeon.com.br\/portal\/wp-content\/uploads\/2024\/01\/unnamed-51.jpg","type":"image\/jpeg"}],"author":"Redacao VerdadeOn","twitter_card":"summary_large_image","twitter_misc":{"Escrito por":"Redacao VerdadeOn","Est. tempo de leitura":"4 minutos"},"schema":{"@context":"https:\/\/schema.org","@graph":[{"@type":"WebPage","@id":"https:\/\/verdadeon.com.br\/portal\/2024\/01\/05\/copinha-conheca-o-contrato-de-formacao-esportiva-que-assegura-condicoes-minimas-as-jovens-promessas-do-futebol\/","url":"https:\/\/verdadeon.com.br\/portal\/2024\/01\/05\/copinha-conheca-o-contrato-de-formacao-esportiva-que-assegura-condicoes-minimas-as-jovens-promessas-do-futebol\/","name":"Copinha: conhe\u00e7a o \u2018contrato de forma\u00e7\u00e3o esportiva\u2019, que assegura condi\u00e7\u00f5es m\u00ednimas \u00e0s jovens promessas do futebol - VerdadeOn","isPartOf":{"@id":"https:\/\/verdadeon.com.br\/portal\/#website"},"primaryImageOfPage":{"@id":"https:\/\/verdadeon.com.br\/portal\/2024\/01\/05\/copinha-conheca-o-contrato-de-formacao-esportiva-que-assegura-condicoes-minimas-as-jovens-promessas-do-futebol\/#primaryimage"},"image":{"@id":"https:\/\/verdadeon.com.br\/portal\/2024\/01\/05\/copinha-conheca-o-contrato-de-formacao-esportiva-que-assegura-condicoes-minimas-as-jovens-promessas-do-futebol\/#primaryimage"},"thumbnailUrl":"https:\/\/i0.wp.com\/verdadeon.com.br\/portal\/wp-content\/uploads\/2024\/01\/unnamed-51.jpg?fit=800%2C536&ssl=1","datePublished":"2024-01-05T17:27:30+00:00","dateModified":"2024-01-05T17:58:28+00:00","author":{"@id":"https:\/\/verdadeon.com.br\/portal\/#\/schema\/person\/a5060ad1e9ea3df545188fc93ce43d2f"},"breadcrumb":{"@id":"https:\/\/verdadeon.com.br\/portal\/2024\/01\/05\/copinha-conheca-o-contrato-de-formacao-esportiva-que-assegura-condicoes-minimas-as-jovens-promessas-do-futebol\/#breadcrumb"},"inLanguage":"pt-BR","potentialAction":[{"@type":"ReadAction","target":["https:\/\/verdadeon.com.br\/portal\/2024\/01\/05\/copinha-conheca-o-contrato-de-formacao-esportiva-que-assegura-condicoes-minimas-as-jovens-promessas-do-futebol\/"]}]},{"@type":"ImageObject","inLanguage":"pt-BR","@id":"https:\/\/verdadeon.com.br\/portal\/2024\/01\/05\/copinha-conheca-o-contrato-de-formacao-esportiva-que-assegura-condicoes-minimas-as-jovens-promessas-do-futebol\/#primaryimage","url":"https:\/\/i0.wp.com\/verdadeon.com.br\/portal\/wp-content\/uploads\/2024\/01\/unnamed-51.jpg?fit=800%2C536&ssl=1","contentUrl":"https:\/\/i0.wp.com\/verdadeon.com.br\/portal\/wp-content\/uploads\/2024\/01\/unnamed-51.jpg?fit=800%2C536&ssl=1","width":800,"height":536,"caption":"Felipe Crisafulli \u2013 advogado especializado em Direito Desportivo do Ambiel Advogados, membro da OAB\/SP e do Instituto Brasileiro de Direito Desportivo (IBDD). \u00c9 professor de Direito Desportivo e doutorando em Direito Civil pela Universidade de Coimbra (Portugal), com produ\u00e7\u00e3o acad\u00eamico-cient\u00edfica e experi\u00eancia profissional no ramo da ind\u00fastria do desporto e entretenimento (\u00a9Divulga\u00e7\u00e3o\/M2 Comunica\u00e7\u00e3o Jur\u00eddica)"},{"@type":"BreadcrumbList","@id":"https:\/\/verdadeon.com.br\/portal\/2024\/01\/05\/copinha-conheca-o-contrato-de-formacao-esportiva-que-assegura-condicoes-minimas-as-jovens-promessas-do-futebol\/#breadcrumb","itemListElement":[{"@type":"ListItem","position":1,"name":"In\u00edcio","item":"https:\/\/verdadeon.com.br\/portal\/"},{"@type":"ListItem","position":2,"name":"Copinha: conhe\u00e7a o \u2018contrato de forma\u00e7\u00e3o esportiva\u2019, que assegura condi\u00e7\u00f5es m\u00ednimas \u00e0s jovens promessas do futebol"}]},{"@type":"WebSite","@id":"https:\/\/verdadeon.com.br\/portal\/#website","url":"https:\/\/verdadeon.com.br\/portal\/","name":"VerdadeOn","description":"Not\u00edcias di\u00e1rias sobre Franca, Regi\u00e3o, Esporte, Cultura, Cotidiano, Colunas. Cobertura nos principais eventos da cidade \u00e9 aqui - Verdadeon Franca","potentialAction":[{"@type":"SearchAction","target":{"@type":"EntryPoint","urlTemplate":"https:\/\/verdadeon.com.br\/portal\/?s={search_term_string}"},"query-input":{"@type":"PropertyValueSpecification","valueRequired":true,"valueName":"search_term_string"}}],"inLanguage":"pt-BR"},{"@type":"Person","@id":"https:\/\/verdadeon.com.br\/portal\/#\/schema\/person\/a5060ad1e9ea3df545188fc93ce43d2f","name":"Redacao VerdadeOn","image":{"@type":"ImageObject","inLanguage":"pt-BR","@id":"https:\/\/verdadeon.com.br\/portal\/#\/schema\/person\/image\/","url":"https:\/\/secure.gravatar.com\/avatar\/459a9613caaaf07f582c3d0841eea68bdd66f533e465e6ba8b9cb45619572cf4?s=96&d=mm&r=g","contentUrl":"https:\/\/secure.gravatar.com\/avatar\/459a9613caaaf07f582c3d0841eea68bdd66f533e465e6ba8b9cb45619572cf4?s=96&d=mm&r=g","caption":"Redacao VerdadeOn"},"url":"https:\/\/verdadeon.com.br\/portal\/author\/redacao\/"}]}},"jetpack_publicize_connections":[],"jetpack_featured_media_url":"https:\/\/i0.wp.com\/verdadeon.com.br\/portal\/wp-content\/uploads\/2024\/01\/unnamed-51.jpg?fit=800%2C536&ssl=1","jetpack_sharing_enabled":true,"_links":{"self":[{"href":"https:\/\/verdadeon.com.br\/portal\/wp-json\/wp\/v2\/posts\/40424","targetHints":{"allow":["GET"]}}],"collection":[{"href":"https:\/\/verdadeon.com.br\/portal\/wp-json\/wp\/v2\/posts"}],"about":[{"href":"https:\/\/verdadeon.com.br\/portal\/wp-json\/wp\/v2\/types\/post"}],"author":[{"embeddable":true,"href":"https:\/\/verdadeon.com.br\/portal\/wp-json\/wp\/v2\/users\/10"}],"replies":[{"embeddable":true,"href":"https:\/\/verdadeon.com.br\/portal\/wp-json\/wp\/v2\/comments?post=40424"}],"version-history":[{"count":1,"href":"https:\/\/verdadeon.com.br\/portal\/wp-json\/wp\/v2\/posts\/40424\/revisions"}],"predecessor-version":[{"id":40426,"href":"https:\/\/verdadeon.com.br\/portal\/wp-json\/wp\/v2\/posts\/40424\/revisions\/40426"}],"wp:featuredmedia":[{"embeddable":true,"href":"https:\/\/verdadeon.com.br\/portal\/wp-json\/wp\/v2\/media\/40425"}],"wp:attachment":[{"href":"https:\/\/verdadeon.com.br\/portal\/wp-json\/wp\/v2\/media?parent=40424"}],"wp:term":[{"taxonomy":"category","embeddable":true,"href":"https:\/\/verdadeon.com.br\/portal\/wp-json\/wp\/v2\/categories?post=40424"},{"taxonomy":"post_tag","embeddable":true,"href":"https:\/\/verdadeon.com.br\/portal\/wp-json\/wp\/v2\/tags?post=40424"}],"curies":[{"name":"wp","href":"https:\/\/api.w.org\/{rel}","templated":true}]}}