{"id":40389,"date":"2024-01-04T15:05:32","date_gmt":"2024-01-04T18:05:32","guid":{"rendered":"https:\/\/verdadeon.com.br\/portal\/?p=40389"},"modified":"2024-01-04T15:05:32","modified_gmt":"2024-01-04T18:05:32","slug":"cantor-sertanejo-joao-carreiro-morre-aos-41-anos","status":"publish","type":"post","link":"https:\/\/verdadeon.com.br\/portal\/2024\/01\/04\/cantor-sertanejo-joao-carreiro-morre-aos-41-anos\/","title":{"rendered":"Cantor sertanejo Jo\u00e3o Carreiro morre aos 41 anos"},"content":{"rendered":"<div class=\"row\">\n<h2 class=\"col-10 offset-1 animated fadeInDown dealy-900 display-8 display-md-8 alt-font font-italic my-1 text-center\">Foi durante procedimento cir\u00fargico em Campo Grande<\/h2>\n<p>O cantor sertanejo Jo\u00e3o Carreiro morreu nesta quarta-feira (3), aos 41 anos, durante procedimento cir\u00fargico de v\u00e1lvula card\u00edaca, em um hospital de Campo Grande, em\u00a0Mato Grosso do Sul. A informa\u00e7\u00e3o da morte foi divulgada no\u00a0perfil oficial do artista, no Instagram.\u00a0<img data-recalc-dims=\"1\" decoding=\"async\" src=\"https:\/\/i0.wp.com\/agenciabrasil.ebc.com.br\/ebc.png?w=1220&#038;ssl=1\" \/><img data-recalc-dims=\"1\" decoding=\"async\" src=\"https:\/\/i0.wp.com\/agenciabrasil.ebc.com.br\/ebc.gif?w=1220&#038;ssl=1\" \/><\/p>\n<p>Na rede social, a vi\u00fava de Jo\u00e3o, Francine Caroline, escreveu: \u201cminha vida me deixou\u201d. Antes disso, ela havia publicado v\u00eddeo informando que ele estava no centro cir\u00fargico e agradecendo as ora\u00e7\u00f5es. Ela tamb\u00e9m havia publicado um texto comemorando, durante a cirurgia, que a nova v\u00e1lvula tinha sido implantada e o cora\u00e7\u00e3o dele j\u00e1 estava funcionando sozinho.<\/p>\n<p>Jo\u00e3o Carreiro nasceu em Cuiab\u00e1, em 24 de novembro de 1982, e tornou-se nacionalmente conhecido durante o per\u00edodo em que fez dupla com o cantor Capataz. Entre os sucessos da dupla est\u00e1 a m\u00fasica\u00a0<em>Bruto, r\u00fastico e sistem\u00e1tico<\/em>, que fez parte da trilha sonora da novela Para\u00edso, da TV Globo, em 2009.<\/p>\n<p>Desde 2014, Jo\u00e3o estava em uma carreira solo, ap\u00f3s a separa\u00e7\u00e3o da dupla. \u201cRecebi esta not\u00edcia triste ao lado da minha filha, hoje com 21 anos.\u00a0Lembro quando come\u00e7amos (ela na barriga da m\u00e3e), chorou ao meu lado.\u00a0Ningu\u00e9m, al\u00e9m de n\u00f3s, sabe\u00a0o que vivemos. Deus sabe o meu cora\u00e7\u00e3o. V\u00e1 em paz, Jo\u00e3o, Deus conforte sua fam\u00edlia e te receba de bra\u00e7os abertos\u201d, escreveu Capataz\u00a0na rede social.<\/p>\n<p>Em seu perfil, a dupla Maiara e Mara\u00edsa tamb\u00e9m lamentou a morte do cantor. \u201cAinda estamos distantes de compreender os planos maiores para n\u00f3s e, por isso, pedimos a Deus que ilumine sua passagem e conforte todos os seus familiares e entes queridos. Sua m\u00fasica \u00e9 seu legado, o sertanejo sua bandeira e a voz sua identidade\u201d.<\/p>\n<p>Fonte: Ag\u00eancia Brasil<\/p>\n<\/div>\n","protected":false},"excerpt":{"rendered":"<p>Foi durante procedimento cir\u00fargico em Campo Grande O cantor sertanejo Jo\u00e3o Carreiro morreu nesta quarta-feira (3), aos 41 anos, durante procedimento cir\u00fargico de v\u00e1lvula card\u00edaca, em<span class=\"excerpt-hellip\"> [\u2026]<\/span><\/p>\n","protected":false},"author":10,"featured_media":40390,"comment_status":"open","ping_status":"open","sticky":false,"template":"","format":"standard","meta":{"_jetpack_memberships_contains_paid_content":false,"footnotes":"","jetpack_publicize_message":"","jetpack_publicize_feature_enabled":true,"jetpack_social_post_already_shared":false,"jetpack_social_options":{"image_generator_settings":{"template":"highway","default_image_id":0,"enabled":false},"version":2}},"categories":[28,44],"tags":[],"class_list":["post-40389","post","type-post","status-publish","format-standard","has-post-thumbnail","hentry","category-cotidiano","category-noticias"],"yoast_head":"<!-- This site is optimized with the Yoast SEO plugin v25.6 - https:\/\/yoast.com\/wordpress\/plugins\/seo\/ -->\n<title>Cantor sertanejo Jo\u00e3o Carreiro morre aos 41 anos - VerdadeOn<\/title>\n<meta name=\"robots\" content=\"index, follow, max-snippet:-1, max-image-preview:large, max-video-preview:-1\" \/>\n<link rel=\"canonical\" href=\"https:\/\/verdadeon.com.br\/portal\/2024\/01\/04\/cantor-sertanejo-joao-carreiro-morre-aos-41-anos\/\" \/>\n<meta property=\"og:locale\" content=\"pt_BR\" \/>\n<meta property=\"og:type\" content=\"article\" \/>\n<meta property=\"og:title\" content=\"Cantor sertanejo Jo\u00e3o Carreiro morre aos 41 anos - VerdadeOn\" \/>\n<meta property=\"og:description\" content=\"Foi durante procedimento cir\u00fargico em Campo Grande O cantor sertanejo Jo\u00e3o Carreiro morreu nesta quarta-feira (3), aos 41 anos, durante procedimento cir\u00fargico de v\u00e1lvula card\u00edaca, em [\u2026]\" \/>\n<meta property=\"og:url\" content=\"https:\/\/verdadeon.com.br\/portal\/2024\/01\/04\/cantor-sertanejo-joao-carreiro-morre-aos-41-anos\/\" \/>\n<meta property=\"og:site_name\" content=\"VerdadeOn\" \/>\n<meta property=\"article:published_time\" content=\"2024-01-04T18:05:32+00:00\" \/>\n<meta property=\"og:image\" content=\"https:\/\/verdadeon.com.br\/portal\/wp-content\/uploads\/2024\/01\/AnyConv.com__alta_captura_de_tela_2024-01-04_094759_jv.jpg\" \/>\n\t<meta property=\"og:image:width\" content=\"1044\" \/>\n\t<meta property=\"og:image:height\" content=\"700\" \/>\n\t<meta property=\"og:image:type\" content=\"image\/jpeg\" \/>\n<meta name=\"author\" content=\"Redacao VerdadeOn\" \/>\n<meta name=\"twitter:card\" content=\"summary_large_image\" \/>\n<meta name=\"twitter:label1\" content=\"Escrito por\" \/>\n\t<meta name=\"twitter:data1\" content=\"Redacao VerdadeOn\" \/>\n\t<meta name=\"twitter:label2\" content=\"Est. tempo de leitura\" \/>\n\t<meta name=\"twitter:data2\" content=\"2 minutos\" \/>\n<script type=\"application\/ld+json\" class=\"yoast-schema-graph\">{\"@context\":\"https:\/\/schema.org\",\"@graph\":[{\"@type\":\"WebPage\",\"@id\":\"https:\/\/verdadeon.com.br\/portal\/2024\/01\/04\/cantor-sertanejo-joao-carreiro-morre-aos-41-anos\/\",\"url\":\"https:\/\/verdadeon.com.br\/portal\/2024\/01\/04\/cantor-sertanejo-joao-carreiro-morre-aos-41-anos\/\",\"name\":\"Cantor sertanejo Jo\u00e3o Carreiro morre aos 41 anos - VerdadeOn\",\"isPartOf\":{\"@id\":\"https:\/\/verdadeon.com.br\/portal\/#website\"},\"primaryImageOfPage\":{\"@id\":\"https:\/\/verdadeon.com.br\/portal\/2024\/01\/04\/cantor-sertanejo-joao-carreiro-morre-aos-41-anos\/#primaryimage\"},\"image\":{\"@id\":\"https:\/\/verdadeon.com.br\/portal\/2024\/01\/04\/cantor-sertanejo-joao-carreiro-morre-aos-41-anos\/#primaryimage\"},\"thumbnailUrl\":\"https:\/\/i0.wp.com\/verdadeon.com.br\/portal\/wp-content\/uploads\/2024\/01\/AnyConv.com__alta_captura_de_tela_2024-01-04_094759_jv.jpg?fit=1044%2C700&ssl=1\",\"datePublished\":\"2024-01-04T18:05:32+00:00\",\"author\":{\"@id\":\"https:\/\/verdadeon.com.br\/portal\/#\/schema\/person\/a5060ad1e9ea3df545188fc93ce43d2f\"},\"breadcrumb\":{\"@id\":\"https:\/\/verdadeon.com.br\/portal\/2024\/01\/04\/cantor-sertanejo-joao-carreiro-morre-aos-41-anos\/#breadcrumb\"},\"inLanguage\":\"pt-BR\",\"potentialAction\":[{\"@type\":\"ReadAction\",\"target\":[\"https:\/\/verdadeon.com.br\/portal\/2024\/01\/04\/cantor-sertanejo-joao-carreiro-morre-aos-41-anos\/\"]}]},{\"@type\":\"ImageObject\",\"inLanguage\":\"pt-BR\",\"@id\":\"https:\/\/verdadeon.com.br\/portal\/2024\/01\/04\/cantor-sertanejo-joao-carreiro-morre-aos-41-anos\/#primaryimage\",\"url\":\"https:\/\/i0.wp.com\/verdadeon.com.br\/portal\/wp-content\/uploads\/2024\/01\/AnyConv.com__alta_captura_de_tela_2024-01-04_094759_jv.jpg?fit=1044%2C700&ssl=1\",\"contentUrl\":\"https:\/\/i0.wp.com\/verdadeon.com.br\/portal\/wp-content\/uploads\/2024\/01\/AnyConv.com__alta_captura_de_tela_2024-01-04_094759_jv.jpg?fit=1044%2C700&ssl=1\",\"width\":1044,\"height\":700,\"caption\":\"Desde 2014, Jo\u00e3o estava em uma carreira solo, ap\u00f3s a separa\u00e7\u00e3o da dupla com Capataz (\u00a9Instagram\/Jo\u00e3o Carreiro)\"},{\"@type\":\"BreadcrumbList\",\"@id\":\"https:\/\/verdadeon.com.br\/portal\/2024\/01\/04\/cantor-sertanejo-joao-carreiro-morre-aos-41-anos\/#breadcrumb\",\"itemListElement\":[{\"@type\":\"ListItem\",\"position\":1,\"name\":\"In\u00edcio\",\"item\":\"https:\/\/verdadeon.com.br\/portal\/\"},{\"@type\":\"ListItem\",\"position\":2,\"name\":\"Cantor sertanejo Jo\u00e3o Carreiro morre aos 41 anos\"}]},{\"@type\":\"WebSite\",\"@id\":\"https:\/\/verdadeon.com.br\/portal\/#website\",\"url\":\"https:\/\/verdadeon.com.br\/portal\/\",\"name\":\"VerdadeOn\",\"description\":\"Not\u00edcias di\u00e1rias sobre Franca, Regi\u00e3o, Esporte, Cultura, Cotidiano, Colunas. Cobertura nos principais eventos da cidade \u00e9 aqui - Verdadeon Franca\",\"potentialAction\":[{\"@type\":\"SearchAction\",\"target\":{\"@type\":\"EntryPoint\",\"urlTemplate\":\"https:\/\/verdadeon.com.br\/portal\/?s={search_term_string}\"},\"query-input\":{\"@type\":\"PropertyValueSpecification\",\"valueRequired\":true,\"valueName\":\"search_term_string\"}}],\"inLanguage\":\"pt-BR\"},{\"@type\":\"Person\",\"@id\":\"https:\/\/verdadeon.com.br\/portal\/#\/schema\/person\/a5060ad1e9ea3df545188fc93ce43d2f\",\"name\":\"Redacao VerdadeOn\",\"image\":{\"@type\":\"ImageObject\",\"inLanguage\":\"pt-BR\",\"@id\":\"https:\/\/verdadeon.com.br\/portal\/#\/schema\/person\/image\/\",\"url\":\"https:\/\/secure.gravatar.com\/avatar\/459a9613caaaf07f582c3d0841eea68bdd66f533e465e6ba8b9cb45619572cf4?s=96&d=mm&r=g\",\"contentUrl\":\"https:\/\/secure.gravatar.com\/avatar\/459a9613caaaf07f582c3d0841eea68bdd66f533e465e6ba8b9cb45619572cf4?s=96&d=mm&r=g\",\"caption\":\"Redacao VerdadeOn\"},\"url\":\"https:\/\/verdadeon.com.br\/portal\/author\/redacao\/\"}]}<\/script>\n<!-- \/ Yoast SEO plugin. -->","yoast_head_json":{"title":"Cantor sertanejo Jo\u00e3o Carreiro morre aos 41 anos - VerdadeOn","robots":{"index":"index","follow":"follow","max-snippet":"max-snippet:-1","max-image-preview":"max-image-preview:large","max-video-preview":"max-video-preview:-1"},"canonical":"https:\/\/verdadeon.com.br\/portal\/2024\/01\/04\/cantor-sertanejo-joao-carreiro-morre-aos-41-anos\/","og_locale":"pt_BR","og_type":"article","og_title":"Cantor sertanejo Jo\u00e3o Carreiro morre aos 41 anos - VerdadeOn","og_description":"Foi durante procedimento cir\u00fargico em Campo Grande O cantor sertanejo Jo\u00e3o Carreiro morreu nesta quarta-feira (3), aos 41 anos, durante procedimento cir\u00fargico de v\u00e1lvula card\u00edaca, em [\u2026]","og_url":"https:\/\/verdadeon.com.br\/portal\/2024\/01\/04\/cantor-sertanejo-joao-carreiro-morre-aos-41-anos\/","og_site_name":"VerdadeOn","article_published_time":"2024-01-04T18:05:32+00:00","og_image":[{"width":1044,"height":700,"url":"https:\/\/verdadeon.com.br\/portal\/wp-content\/uploads\/2024\/01\/AnyConv.com__alta_captura_de_tela_2024-01-04_094759_jv.jpg","type":"image\/jpeg"}],"author":"Redacao VerdadeOn","twitter_card":"summary_large_image","twitter_misc":{"Escrito por":"Redacao VerdadeOn","Est. tempo de leitura":"2 minutos"},"schema":{"@context":"https:\/\/schema.org","@graph":[{"@type":"WebPage","@id":"https:\/\/verdadeon.com.br\/portal\/2024\/01\/04\/cantor-sertanejo-joao-carreiro-morre-aos-41-anos\/","url":"https:\/\/verdadeon.com.br\/portal\/2024\/01\/04\/cantor-sertanejo-joao-carreiro-morre-aos-41-anos\/","name":"Cantor sertanejo Jo\u00e3o Carreiro morre aos 41 anos - VerdadeOn","isPartOf":{"@id":"https:\/\/verdadeon.com.br\/portal\/#website"},"primaryImageOfPage":{"@id":"https:\/\/verdadeon.com.br\/portal\/2024\/01\/04\/cantor-sertanejo-joao-carreiro-morre-aos-41-anos\/#primaryimage"},"image":{"@id":"https:\/\/verdadeon.com.br\/portal\/2024\/01\/04\/cantor-sertanejo-joao-carreiro-morre-aos-41-anos\/#primaryimage"},"thumbnailUrl":"https:\/\/i0.wp.com\/verdadeon.com.br\/portal\/wp-content\/uploads\/2024\/01\/AnyConv.com__alta_captura_de_tela_2024-01-04_094759_jv.jpg?fit=1044%2C700&ssl=1","datePublished":"2024-01-04T18:05:32+00:00","author":{"@id":"https:\/\/verdadeon.com.br\/portal\/#\/schema\/person\/a5060ad1e9ea3df545188fc93ce43d2f"},"breadcrumb":{"@id":"https:\/\/verdadeon.com.br\/portal\/2024\/01\/04\/cantor-sertanejo-joao-carreiro-morre-aos-41-anos\/#breadcrumb"},"inLanguage":"pt-BR","potentialAction":[{"@type":"ReadAction","target":["https:\/\/verdadeon.com.br\/portal\/2024\/01\/04\/cantor-sertanejo-joao-carreiro-morre-aos-41-anos\/"]}]},{"@type":"ImageObject","inLanguage":"pt-BR","@id":"https:\/\/verdadeon.com.br\/portal\/2024\/01\/04\/cantor-sertanejo-joao-carreiro-morre-aos-41-anos\/#primaryimage","url":"https:\/\/i0.wp.com\/verdadeon.com.br\/portal\/wp-content\/uploads\/2024\/01\/AnyConv.com__alta_captura_de_tela_2024-01-04_094759_jv.jpg?fit=1044%2C700&ssl=1","contentUrl":"https:\/\/i0.wp.com\/verdadeon.com.br\/portal\/wp-content\/uploads\/2024\/01\/AnyConv.com__alta_captura_de_tela_2024-01-04_094759_jv.jpg?fit=1044%2C700&ssl=1","width":1044,"height":700,"caption":"Desde 2014, Jo\u00e3o estava em uma carreira solo, ap\u00f3s a separa\u00e7\u00e3o da dupla com Capataz (\u00a9Instagram\/Jo\u00e3o Carreiro)"},{"@type":"BreadcrumbList","@id":"https:\/\/verdadeon.com.br\/portal\/2024\/01\/04\/cantor-sertanejo-joao-carreiro-morre-aos-41-anos\/#breadcrumb","itemListElement":[{"@type":"ListItem","position":1,"name":"In\u00edcio","item":"https:\/\/verdadeon.com.br\/portal\/"},{"@type":"ListItem","position":2,"name":"Cantor sertanejo Jo\u00e3o Carreiro morre aos 41 anos"}]},{"@type":"WebSite","@id":"https:\/\/verdadeon.com.br\/portal\/#website","url":"https:\/\/verdadeon.com.br\/portal\/","name":"VerdadeOn","description":"Not\u00edcias di\u00e1rias sobre Franca, Regi\u00e3o, Esporte, Cultura, Cotidiano, Colunas. Cobertura nos principais eventos da cidade \u00e9 aqui - Verdadeon Franca","potentialAction":[{"@type":"SearchAction","target":{"@type":"EntryPoint","urlTemplate":"https:\/\/verdadeon.com.br\/portal\/?s={search_term_string}"},"query-input":{"@type":"PropertyValueSpecification","valueRequired":true,"valueName":"search_term_string"}}],"inLanguage":"pt-BR"},{"@type":"Person","@id":"https:\/\/verdadeon.com.br\/portal\/#\/schema\/person\/a5060ad1e9ea3df545188fc93ce43d2f","name":"Redacao VerdadeOn","image":{"@type":"ImageObject","inLanguage":"pt-BR","@id":"https:\/\/verdadeon.com.br\/portal\/#\/schema\/person\/image\/","url":"https:\/\/secure.gravatar.com\/avatar\/459a9613caaaf07f582c3d0841eea68bdd66f533e465e6ba8b9cb45619572cf4?s=96&d=mm&r=g","contentUrl":"https:\/\/secure.gravatar.com\/avatar\/459a9613caaaf07f582c3d0841eea68bdd66f533e465e6ba8b9cb45619572cf4?s=96&d=mm&r=g","caption":"Redacao VerdadeOn"},"url":"https:\/\/verdadeon.com.br\/portal\/author\/redacao\/"}]}},"jetpack_publicize_connections":[],"jetpack_featured_media_url":"https:\/\/i0.wp.com\/verdadeon.com.br\/portal\/wp-content\/uploads\/2024\/01\/AnyConv.com__alta_captura_de_tela_2024-01-04_094759_jv.jpg?fit=1044%2C700&ssl=1","jetpack_sharing_enabled":true,"_links":{"self":[{"href":"https:\/\/verdadeon.com.br\/portal\/wp-json\/wp\/v2\/posts\/40389","targetHints":{"allow":["GET"]}}],"collection":[{"href":"https:\/\/verdadeon.com.br\/portal\/wp-json\/wp\/v2\/posts"}],"about":[{"href":"https:\/\/verdadeon.com.br\/portal\/wp-json\/wp\/v2\/types\/post"}],"author":[{"embeddable":true,"href":"https:\/\/verdadeon.com.br\/portal\/wp-json\/wp\/v2\/users\/10"}],"replies":[{"embeddable":true,"href":"https:\/\/verdadeon.com.br\/portal\/wp-json\/wp\/v2\/comments?post=40389"}],"version-history":[{"count":1,"href":"https:\/\/verdadeon.com.br\/portal\/wp-json\/wp\/v2\/posts\/40389\/revisions"}],"predecessor-version":[{"id":40391,"href":"https:\/\/verdadeon.com.br\/portal\/wp-json\/wp\/v2\/posts\/40389\/revisions\/40391"}],"wp:featuredmedia":[{"embeddable":true,"href":"https:\/\/verdadeon.com.br\/portal\/wp-json\/wp\/v2\/media\/40390"}],"wp:attachment":[{"href":"https:\/\/verdadeon.com.br\/portal\/wp-json\/wp\/v2\/media?parent=40389"}],"wp:term":[{"taxonomy":"category","embeddable":true,"href":"https:\/\/verdadeon.com.br\/portal\/wp-json\/wp\/v2\/categories?post=40389"},{"taxonomy":"post_tag","embeddable":true,"href":"https:\/\/verdadeon.com.br\/portal\/wp-json\/wp\/v2\/tags?post=40389"}],"curies":[{"name":"wp","href":"https:\/\/api.w.org\/{rel}","templated":true}]}}