{"id":40387,"date":"2024-01-04T14:52:58","date_gmt":"2024-01-04T17:52:58","guid":{"rendered":"https:\/\/verdadeon.com.br\/portal\/?p=40387"},"modified":"2024-01-04T14:52:58","modified_gmt":"2024-01-04T17:52:58","slug":"fatecs-de-sp-divulgam-locais-de-exame-para-quem-faz-o-vestibular-no-domingo-7","status":"publish","type":"post","link":"https:\/\/verdadeon.com.br\/portal\/2024\/01\/04\/fatecs-de-sp-divulgam-locais-de-exame-para-quem-faz-o-vestibular-no-domingo-7\/","title":{"rendered":"Fatecs de SP divulgam locais de exame para quem faz o Vestibular no domingo (7)"},"content":{"rendered":"<h2 class=\"excerpt\">Informa\u00e7\u00f5es sobre o processo seletivo j\u00e1 est\u00e3o dispon\u00edveis no site; a prova d\u00e1 acesso \u00e0s vagas para o primeiro semestre de 2024<\/h2>\n<p>Os candidatos que se inscreveram no processo seletivo das Faculdades de Tecnologia do Estado de S\u00e3o Paulo (<a href=\"https:\/\/www.cps.sp.gov.br\/fatec\/\" target=\"_blank\" rel=\"noopener noreferrer\">Fatecs<\/a>) podem conferir os locais da prova no site\u00a0<a href=\"http:\/\/www.vestibularfatec.com.br\/\" target=\"_blank\" rel=\"noreferrer noopener\">www.vestibularfatec.com.br<\/a>\u00a0desde as 15h desta quarta-feira (3).<\/p>\n<p>O exame que d\u00e1 acesso \u00e0s vagas para o primeiro semestre de 2024 ser\u00e1 realizado no pr\u00f3ximo domingo (7). Os port\u00f5es das escolas ser\u00e3o abertos \u00e0s 12h15 e fechados \u00e0s 13h, impreterivelmente. Comum a todos os cursos, a prova ter\u00e1 uma reda\u00e7\u00e3o e 54 quest\u00f5es de m\u00faltipla escolha, cada uma com cinco alternativas.<\/p>\n<p>A fim de evitar imprevistos, o candidato deve estar atento \u00e0s seguintes orienta\u00e7\u00f5es:<\/p>\n<ul>\n<li>Conferir o local de prova, o n\u00famero de inscri\u00e7\u00e3o no processo seletivo e chegar com uma hora de anteced\u00eancia onde far\u00e1 o exame;<\/li>\n<li>Levar um documento de identidade com foto, caneta preta ou azul, l\u00e1pis, borracha e r\u00e9gua;<\/li>\n<li>Ler as instru\u00e7\u00f5es e as quest\u00f5es com aten\u00e7\u00e3o;<\/li>\n<li>No cart\u00e3o de respostas, marcar as alternativas com cuidado e n\u00e3o rasgar, dobrar ou amassar;<\/li>\n<li>Permanecer na sala at\u00e9, no m\u00ednimo, as 15h30. Ap\u00f3s esse hor\u00e1rio \u00e9 permitido levar o caderno de quest\u00f5es.<\/li>\n<\/ul>\n<p>Na\u00a0<a href=\"http:\/\/www.vestibularfatec.com.br\/\" target=\"_blank\" rel=\"noreferrer noopener\">internet<\/a>\u00a0\u00e9 poss\u00edvel consultar a Portaria e o Manual do Candidato, que detalham as normas do exame.<\/p>\n<p>Fonte: SP Not\u00edcias<\/p>\n","protected":false},"excerpt":{"rendered":"<p>Informa\u00e7\u00f5es sobre o processo seletivo j\u00e1 est\u00e3o dispon\u00edveis no site; a prova d\u00e1 acesso \u00e0s vagas para o primeiro semestre de 2024 Os candidatos que se<span class=\"excerpt-hellip\"> [\u2026]<\/span><\/p>\n","protected":false},"author":10,"featured_media":39742,"comment_status":"open","ping_status":"open","sticky":false,"template":"","format":"standard","meta":{"_jetpack_memberships_contains_paid_content":false,"footnotes":"","jetpack_publicize_message":"","jetpack_publicize_feature_enabled":true,"jetpack_social_post_already_shared":false,"jetpack_social_options":{"image_generator_settings":{"template":"highway","default_image_id":0,"enabled":false},"version":2}},"categories":[28,44],"tags":[],"class_list":["post-40387","post","type-post","status-publish","format-standard","has-post-thumbnail","hentry","category-cotidiano","category-noticias"],"yoast_head":"<!-- This site is optimized with the Yoast SEO plugin v25.6 - https:\/\/yoast.com\/wordpress\/plugins\/seo\/ -->\n<title>Fatecs de SP divulgam locais de exame para quem faz o Vestibular no domingo (7) - VerdadeOn<\/title>\n<meta name=\"robots\" content=\"index, follow, max-snippet:-1, max-image-preview:large, max-video-preview:-1\" \/>\n<link rel=\"canonical\" href=\"https:\/\/verdadeon.com.br\/portal\/2024\/01\/04\/fatecs-de-sp-divulgam-locais-de-exame-para-quem-faz-o-vestibular-no-domingo-7\/\" \/>\n<meta property=\"og:locale\" content=\"pt_BR\" \/>\n<meta property=\"og:type\" content=\"article\" \/>\n<meta property=\"og:title\" content=\"Fatecs de SP divulgam locais de exame para quem faz o Vestibular no domingo (7) - VerdadeOn\" \/>\n<meta property=\"og:description\" content=\"Informa\u00e7\u00f5es sobre o processo seletivo j\u00e1 est\u00e3o dispon\u00edveis no site; a prova d\u00e1 acesso \u00e0s vagas para o primeiro semestre de 2024 Os candidatos que se [\u2026]\" \/>\n<meta property=\"og:url\" content=\"https:\/\/verdadeon.com.br\/portal\/2024\/01\/04\/fatecs-de-sp-divulgam-locais-de-exame-para-quem-faz-o-vestibular-no-domingo-7\/\" \/>\n<meta property=\"og:site_name\" content=\"VerdadeOn\" \/>\n<meta property=\"article:published_time\" content=\"2024-01-04T17:52:58+00:00\" \/>\n<meta property=\"og:image\" content=\"https:\/\/verdadeon.com.br\/portal\/wp-content\/uploads\/2023\/12\/Prova-Vestibulinho-Etec_fotog_Roberto-Sungi-scaled-1.jpg\" \/>\n\t<meta property=\"og:image:width\" content=\"2542\" \/>\n\t<meta property=\"og:image:height\" content=\"1703\" \/>\n\t<meta property=\"og:image:type\" content=\"image\/jpeg\" \/>\n<meta name=\"author\" content=\"Redacao VerdadeOn\" \/>\n<meta name=\"twitter:card\" content=\"summary_large_image\" \/>\n<meta name=\"twitter:label1\" content=\"Escrito por\" \/>\n\t<meta name=\"twitter:data1\" content=\"Redacao VerdadeOn\" \/>\n\t<meta name=\"twitter:label2\" content=\"Est. tempo de leitura\" \/>\n\t<meta name=\"twitter:data2\" content=\"1 minuto\" \/>\n<script type=\"application\/ld+json\" class=\"yoast-schema-graph\">{\"@context\":\"https:\/\/schema.org\",\"@graph\":[{\"@type\":\"WebPage\",\"@id\":\"https:\/\/verdadeon.com.br\/portal\/2024\/01\/04\/fatecs-de-sp-divulgam-locais-de-exame-para-quem-faz-o-vestibular-no-domingo-7\/\",\"url\":\"https:\/\/verdadeon.com.br\/portal\/2024\/01\/04\/fatecs-de-sp-divulgam-locais-de-exame-para-quem-faz-o-vestibular-no-domingo-7\/\",\"name\":\"Fatecs de SP divulgam locais de exame para quem faz o Vestibular no domingo (7) - VerdadeOn\",\"isPartOf\":{\"@id\":\"https:\/\/verdadeon.com.br\/portal\/#website\"},\"primaryImageOfPage\":{\"@id\":\"https:\/\/verdadeon.com.br\/portal\/2024\/01\/04\/fatecs-de-sp-divulgam-locais-de-exame-para-quem-faz-o-vestibular-no-domingo-7\/#primaryimage\"},\"image\":{\"@id\":\"https:\/\/verdadeon.com.br\/portal\/2024\/01\/04\/fatecs-de-sp-divulgam-locais-de-exame-para-quem-faz-o-vestibular-no-domingo-7\/#primaryimage\"},\"thumbnailUrl\":\"https:\/\/i0.wp.com\/verdadeon.com.br\/portal\/wp-content\/uploads\/2023\/12\/Prova-Vestibulinho-Etec_fotog_Roberto-Sungi-scaled-1.jpg?fit=2542%2C1703&ssl=1\",\"datePublished\":\"2024-01-04T17:52:58+00:00\",\"author\":{\"@id\":\"https:\/\/verdadeon.com.br\/portal\/#\/schema\/person\/a5060ad1e9ea3df545188fc93ce43d2f\"},\"breadcrumb\":{\"@id\":\"https:\/\/verdadeon.com.br\/portal\/2024\/01\/04\/fatecs-de-sp-divulgam-locais-de-exame-para-quem-faz-o-vestibular-no-domingo-7\/#breadcrumb\"},\"inLanguage\":\"pt-BR\",\"potentialAction\":[{\"@type\":\"ReadAction\",\"target\":[\"https:\/\/verdadeon.com.br\/portal\/2024\/01\/04\/fatecs-de-sp-divulgam-locais-de-exame-para-quem-faz-o-vestibular-no-domingo-7\/\"]}]},{\"@type\":\"ImageObject\",\"inLanguage\":\"pt-BR\",\"@id\":\"https:\/\/verdadeon.com.br\/portal\/2024\/01\/04\/fatecs-de-sp-divulgam-locais-de-exame-para-quem-faz-o-vestibular-no-domingo-7\/#primaryimage\",\"url\":\"https:\/\/i0.wp.com\/verdadeon.com.br\/portal\/wp-content\/uploads\/2023\/12\/Prova-Vestibulinho-Etec_fotog_Roberto-Sungi-scaled-1.jpg?fit=2542%2C1703&ssl=1\",\"contentUrl\":\"https:\/\/i0.wp.com\/verdadeon.com.br\/portal\/wp-content\/uploads\/2023\/12\/Prova-Vestibulinho-Etec_fotog_Roberto-Sungi-scaled-1.jpg?fit=2542%2C1703&ssl=1\",\"width\":2542,\"height\":1703,\"caption\":\"Com cinco horas de dura\u00e7\u00e3o, a prova ter\u00e1 uma reda\u00e7\u00e3o e 54 quest\u00f5es de m\u00faltipla escolha, cada uma com cinco alternativas (\u00a9Roberto Sungi)\"},{\"@type\":\"BreadcrumbList\",\"@id\":\"https:\/\/verdadeon.com.br\/portal\/2024\/01\/04\/fatecs-de-sp-divulgam-locais-de-exame-para-quem-faz-o-vestibular-no-domingo-7\/#breadcrumb\",\"itemListElement\":[{\"@type\":\"ListItem\",\"position\":1,\"name\":\"In\u00edcio\",\"item\":\"https:\/\/verdadeon.com.br\/portal\/\"},{\"@type\":\"ListItem\",\"position\":2,\"name\":\"Fatecs de SP divulgam locais de exame para quem faz o Vestibular no domingo (7)\"}]},{\"@type\":\"WebSite\",\"@id\":\"https:\/\/verdadeon.com.br\/portal\/#website\",\"url\":\"https:\/\/verdadeon.com.br\/portal\/\",\"name\":\"VerdadeOn\",\"description\":\"Not\u00edcias di\u00e1rias sobre Franca, Regi\u00e3o, Esporte, Cultura, Cotidiano, Colunas. Cobertura nos principais eventos da cidade \u00e9 aqui - Verdadeon Franca\",\"potentialAction\":[{\"@type\":\"SearchAction\",\"target\":{\"@type\":\"EntryPoint\",\"urlTemplate\":\"https:\/\/verdadeon.com.br\/portal\/?s={search_term_string}\"},\"query-input\":{\"@type\":\"PropertyValueSpecification\",\"valueRequired\":true,\"valueName\":\"search_term_string\"}}],\"inLanguage\":\"pt-BR\"},{\"@type\":\"Person\",\"@id\":\"https:\/\/verdadeon.com.br\/portal\/#\/schema\/person\/a5060ad1e9ea3df545188fc93ce43d2f\",\"name\":\"Redacao VerdadeOn\",\"image\":{\"@type\":\"ImageObject\",\"inLanguage\":\"pt-BR\",\"@id\":\"https:\/\/verdadeon.com.br\/portal\/#\/schema\/person\/image\/\",\"url\":\"https:\/\/secure.gravatar.com\/avatar\/459a9613caaaf07f582c3d0841eea68bdd66f533e465e6ba8b9cb45619572cf4?s=96&d=mm&r=g\",\"contentUrl\":\"https:\/\/secure.gravatar.com\/avatar\/459a9613caaaf07f582c3d0841eea68bdd66f533e465e6ba8b9cb45619572cf4?s=96&d=mm&r=g\",\"caption\":\"Redacao VerdadeOn\"},\"url\":\"https:\/\/verdadeon.com.br\/portal\/author\/redacao\/\"}]}<\/script>\n<!-- \/ Yoast SEO plugin. -->","yoast_head_json":{"title":"Fatecs de SP divulgam locais de exame para quem faz o Vestibular no domingo (7) - VerdadeOn","robots":{"index":"index","follow":"follow","max-snippet":"max-snippet:-1","max-image-preview":"max-image-preview:large","max-video-preview":"max-video-preview:-1"},"canonical":"https:\/\/verdadeon.com.br\/portal\/2024\/01\/04\/fatecs-de-sp-divulgam-locais-de-exame-para-quem-faz-o-vestibular-no-domingo-7\/","og_locale":"pt_BR","og_type":"article","og_title":"Fatecs de SP divulgam locais de exame para quem faz o Vestibular no domingo (7) - VerdadeOn","og_description":"Informa\u00e7\u00f5es sobre o processo seletivo j\u00e1 est\u00e3o dispon\u00edveis no site; a prova d\u00e1 acesso \u00e0s vagas para o primeiro semestre de 2024 Os candidatos que se [\u2026]","og_url":"https:\/\/verdadeon.com.br\/portal\/2024\/01\/04\/fatecs-de-sp-divulgam-locais-de-exame-para-quem-faz-o-vestibular-no-domingo-7\/","og_site_name":"VerdadeOn","article_published_time":"2024-01-04T17:52:58+00:00","og_image":[{"width":2542,"height":1703,"url":"https:\/\/verdadeon.com.br\/portal\/wp-content\/uploads\/2023\/12\/Prova-Vestibulinho-Etec_fotog_Roberto-Sungi-scaled-1.jpg","type":"image\/jpeg"}],"author":"Redacao VerdadeOn","twitter_card":"summary_large_image","twitter_misc":{"Escrito por":"Redacao VerdadeOn","Est. tempo de leitura":"1 minuto"},"schema":{"@context":"https:\/\/schema.org","@graph":[{"@type":"WebPage","@id":"https:\/\/verdadeon.com.br\/portal\/2024\/01\/04\/fatecs-de-sp-divulgam-locais-de-exame-para-quem-faz-o-vestibular-no-domingo-7\/","url":"https:\/\/verdadeon.com.br\/portal\/2024\/01\/04\/fatecs-de-sp-divulgam-locais-de-exame-para-quem-faz-o-vestibular-no-domingo-7\/","name":"Fatecs de SP divulgam locais de exame para quem faz o Vestibular no domingo (7) - VerdadeOn","isPartOf":{"@id":"https:\/\/verdadeon.com.br\/portal\/#website"},"primaryImageOfPage":{"@id":"https:\/\/verdadeon.com.br\/portal\/2024\/01\/04\/fatecs-de-sp-divulgam-locais-de-exame-para-quem-faz-o-vestibular-no-domingo-7\/#primaryimage"},"image":{"@id":"https:\/\/verdadeon.com.br\/portal\/2024\/01\/04\/fatecs-de-sp-divulgam-locais-de-exame-para-quem-faz-o-vestibular-no-domingo-7\/#primaryimage"},"thumbnailUrl":"https:\/\/i0.wp.com\/verdadeon.com.br\/portal\/wp-content\/uploads\/2023\/12\/Prova-Vestibulinho-Etec_fotog_Roberto-Sungi-scaled-1.jpg?fit=2542%2C1703&ssl=1","datePublished":"2024-01-04T17:52:58+00:00","author":{"@id":"https:\/\/verdadeon.com.br\/portal\/#\/schema\/person\/a5060ad1e9ea3df545188fc93ce43d2f"},"breadcrumb":{"@id":"https:\/\/verdadeon.com.br\/portal\/2024\/01\/04\/fatecs-de-sp-divulgam-locais-de-exame-para-quem-faz-o-vestibular-no-domingo-7\/#breadcrumb"},"inLanguage":"pt-BR","potentialAction":[{"@type":"ReadAction","target":["https:\/\/verdadeon.com.br\/portal\/2024\/01\/04\/fatecs-de-sp-divulgam-locais-de-exame-para-quem-faz-o-vestibular-no-domingo-7\/"]}]},{"@type":"ImageObject","inLanguage":"pt-BR","@id":"https:\/\/verdadeon.com.br\/portal\/2024\/01\/04\/fatecs-de-sp-divulgam-locais-de-exame-para-quem-faz-o-vestibular-no-domingo-7\/#primaryimage","url":"https:\/\/i0.wp.com\/verdadeon.com.br\/portal\/wp-content\/uploads\/2023\/12\/Prova-Vestibulinho-Etec_fotog_Roberto-Sungi-scaled-1.jpg?fit=2542%2C1703&ssl=1","contentUrl":"https:\/\/i0.wp.com\/verdadeon.com.br\/portal\/wp-content\/uploads\/2023\/12\/Prova-Vestibulinho-Etec_fotog_Roberto-Sungi-scaled-1.jpg?fit=2542%2C1703&ssl=1","width":2542,"height":1703,"caption":"Com cinco horas de dura\u00e7\u00e3o, a prova ter\u00e1 uma reda\u00e7\u00e3o e 54 quest\u00f5es de m\u00faltipla escolha, cada uma com cinco alternativas (\u00a9Roberto Sungi)"},{"@type":"BreadcrumbList","@id":"https:\/\/verdadeon.com.br\/portal\/2024\/01\/04\/fatecs-de-sp-divulgam-locais-de-exame-para-quem-faz-o-vestibular-no-domingo-7\/#breadcrumb","itemListElement":[{"@type":"ListItem","position":1,"name":"In\u00edcio","item":"https:\/\/verdadeon.com.br\/portal\/"},{"@type":"ListItem","position":2,"name":"Fatecs de SP divulgam locais de exame para quem faz o Vestibular no domingo (7)"}]},{"@type":"WebSite","@id":"https:\/\/verdadeon.com.br\/portal\/#website","url":"https:\/\/verdadeon.com.br\/portal\/","name":"VerdadeOn","description":"Not\u00edcias di\u00e1rias sobre Franca, Regi\u00e3o, Esporte, Cultura, Cotidiano, Colunas. Cobertura nos principais eventos da cidade \u00e9 aqui - Verdadeon Franca","potentialAction":[{"@type":"SearchAction","target":{"@type":"EntryPoint","urlTemplate":"https:\/\/verdadeon.com.br\/portal\/?s={search_term_string}"},"query-input":{"@type":"PropertyValueSpecification","valueRequired":true,"valueName":"search_term_string"}}],"inLanguage":"pt-BR"},{"@type":"Person","@id":"https:\/\/verdadeon.com.br\/portal\/#\/schema\/person\/a5060ad1e9ea3df545188fc93ce43d2f","name":"Redacao VerdadeOn","image":{"@type":"ImageObject","inLanguage":"pt-BR","@id":"https:\/\/verdadeon.com.br\/portal\/#\/schema\/person\/image\/","url":"https:\/\/secure.gravatar.com\/avatar\/459a9613caaaf07f582c3d0841eea68bdd66f533e465e6ba8b9cb45619572cf4?s=96&d=mm&r=g","contentUrl":"https:\/\/secure.gravatar.com\/avatar\/459a9613caaaf07f582c3d0841eea68bdd66f533e465e6ba8b9cb45619572cf4?s=96&d=mm&r=g","caption":"Redacao VerdadeOn"},"url":"https:\/\/verdadeon.com.br\/portal\/author\/redacao\/"}]}},"jetpack_publicize_connections":[],"jetpack_featured_media_url":"https:\/\/i0.wp.com\/verdadeon.com.br\/portal\/wp-content\/uploads\/2023\/12\/Prova-Vestibulinho-Etec_fotog_Roberto-Sungi-scaled-1.jpg?fit=2542%2C1703&ssl=1","jetpack_sharing_enabled":true,"_links":{"self":[{"href":"https:\/\/verdadeon.com.br\/portal\/wp-json\/wp\/v2\/posts\/40387","targetHints":{"allow":["GET"]}}],"collection":[{"href":"https:\/\/verdadeon.com.br\/portal\/wp-json\/wp\/v2\/posts"}],"about":[{"href":"https:\/\/verdadeon.com.br\/portal\/wp-json\/wp\/v2\/types\/post"}],"author":[{"embeddable":true,"href":"https:\/\/verdadeon.com.br\/portal\/wp-json\/wp\/v2\/users\/10"}],"replies":[{"embeddable":true,"href":"https:\/\/verdadeon.com.br\/portal\/wp-json\/wp\/v2\/comments?post=40387"}],"version-history":[{"count":1,"href":"https:\/\/verdadeon.com.br\/portal\/wp-json\/wp\/v2\/posts\/40387\/revisions"}],"predecessor-version":[{"id":40388,"href":"https:\/\/verdadeon.com.br\/portal\/wp-json\/wp\/v2\/posts\/40387\/revisions\/40388"}],"wp:featuredmedia":[{"embeddable":true,"href":"https:\/\/verdadeon.com.br\/portal\/wp-json\/wp\/v2\/media\/39742"}],"wp:attachment":[{"href":"https:\/\/verdadeon.com.br\/portal\/wp-json\/wp\/v2\/media?parent=40387"}],"wp:term":[{"taxonomy":"category","embeddable":true,"href":"https:\/\/verdadeon.com.br\/portal\/wp-json\/wp\/v2\/categories?post=40387"},{"taxonomy":"post_tag","embeddable":true,"href":"https:\/\/verdadeon.com.br\/portal\/wp-json\/wp\/v2\/tags?post=40387"}],"curies":[{"name":"wp","href":"https:\/\/api.w.org\/{rel}","templated":true}]}}