{"id":40265,"date":"2023-12-29T14:39:37","date_gmt":"2023-12-29T17:39:37","guid":{"rendered":"https:\/\/verdadeon.com.br\/portal\/?p=40265"},"modified":"2023-12-29T14:39:37","modified_gmt":"2023-12-29T17:39:37","slug":"ano-de-2024-tera-10-feriados-e-8-pontos-facultativos-veja-a-lista","status":"publish","type":"post","link":"https:\/\/verdadeon.com.br\/portal\/2023\/12\/29\/ano-de-2024-tera-10-feriados-e-8-pontos-facultativos-veja-a-lista\/","title":{"rendered":"Ano de 2024 ter\u00e1 10 feriados e 8 pontos facultativos; veja a lista"},"content":{"rendered":"<div class=\"row\">\n<h2 class=\"col-10 offset-1 animated fadeInDown dealy-900 display-8 display-md-8 alt-font font-italic my-1 text-center\">Quatro feriados cair\u00e3o em finais de semana<\/h2>\n<p>O governo federal divulgou, nessa quinta-feira (28), os dias de feriados nacionais e estabeleceu os dias de ponto facultativo, para o ano de 2024. <img data-recalc-dims=\"1\" decoding=\"async\" src=\"https:\/\/i0.wp.com\/agenciabrasil.ebc.com.br\/ebc.png?w=1220&#038;ssl=1\" \/><img data-recalc-dims=\"1\" decoding=\"async\" src=\"https:\/\/i0.wp.com\/agenciabrasil.ebc.com.br\/ebc.gif?w=1220&#038;ssl=1\" \/><\/p>\n<p>De acordo com o Minist\u00e9rio da Gest\u00e3o e da Inova\u00e7\u00e3o em Servi\u00e7os P\u00fablicos, entre as 18 datas comemorativas, 8 s\u00e3o pontos facultativos e 10, feriados nacionais. Entre os feriados, quatro cair\u00e3o em finais de semana.<\/p>\n<p>A lista \u00e9 dirigida ao funcionalismo p\u00fablico de \u00f3rg\u00e3os e entidades da administra\u00e7\u00e3o p\u00fablica federal direta, aut\u00e1rquica e fundacional, sem preju\u00edzo da presta\u00e7\u00e3o dos servi\u00e7os p\u00fablicos considerados essenciais e poder\u00e1 ser seguida em todo o territ\u00f3rio nacional.<\/p>\n<p>No segundo semestre de 2024, tr\u00eas dos cinco feriados caem em fins de semana (7 de setembro, 12 de outubro e 2 de novembro). Os dois feriados\u00a0do \u00faltimo semestre do pr\u00f3ximo ano que caem em dias \u00fateis\u00a0s\u00e3o o da Proclama\u00e7\u00e3o da Rep\u00fablica (15 de novembro), em uma sexta-feira e do Natal (25 de dezembro), a pen\u00faltima sexta-feira de 2024.<\/p>\n<p><strong>Confira a lista de feriados:<\/strong><\/p>\n<p>1\u00ba de janeiro, Confraterniza\u00e7\u00e3o Universal (feriado nacional) \u2013 segunda-feira;<\/p>\n<p>29 de mar\u00e7o, Paix\u00e3o de Cristo (feriado nacional) \u2013 sexta-feira;<\/p>\n<p>21 de abril, Tiradentes (feriado nacional) &#8211; domingo;<\/p>\n<p>1\u00ba de maio, Dia Mundial do Trabalho (feriado nacional) &#8211; quarta-feira;<\/p>\n<p>7 de setembro, Independ\u00eancia do Brasil (feriado nacional) &#8211; s\u00e1bado;<\/p>\n<p>12 de outubro, Nossa Senhora Aparecida (feriado nacional) &#8211; s\u00e1bado;<\/p>\n<p>2 de novembro, Finados (feriado nacional) &#8211; s\u00e1bado;<\/p>\n<p>15 de novembro, Proclama\u00e7\u00e3o da Rep\u00fablica (feriado nacional) &#8211; sexta-feira;<\/p>\n<p>20 de novembro, Dia Nacional de Zumbi e da Consci\u00eancia Negra (feriado nacional) &#8211; quarta-feira;<\/p>\n<p>25 de dezembro, Natal (feriado nacional) &#8211; quarta-feira.<\/p>\n<p><strong>Confira a lista de pontos facultativos:<\/strong><\/p>\n<p>12 de fevereiro, Carnaval (ponto facultativo) \u2013 segunda-feira;<\/p>\n<p>13 de fevereiro, Carnaval (ponto facultativo) \u2013 ter\u00e7a-feira;<\/p>\n<p>14 de fevereiro, Quarta-Feira de Cinzas (ponto facultativo at\u00e9 as 14 horas) &#8211; quarta-feira;<\/p>\n<p>30 de maio, Corpus Christi (ponto facultativo) quinta-feira;<\/p>\n<p>31 de maio (ponto facultativo) \u2013 sexta-feira;<\/p>\n<p>28 de outubro, Dia do Servidor P\u00fablico federal (ponto facultativo);<\/p>\n<p>24 de dezembro, v\u00e9spera do Natal (ponto facultativo ap\u00f3s as 14 horas) &#8211; ter\u00e7a-feira;<\/p>\n<p>31 de dezembro, v\u00e9spera do Ano Novo (ponto facultativo ap\u00f3s as 14 horas) &#8211; ter\u00e7a-feira.<\/p>\n<p><strong>Menos feriados<\/strong><\/p>\n<p>Em 10 de novembro deste ano, durante a reuni\u00e3o ministerial do Pal\u00e1cio do Planalto, o presidente Luiz In\u00e1cio Lula da Silva chegou a falar da quantidade de feriados prolongados de\u00a02023. Na ocasi\u00e3o, o presidente fez a ponte entre o n\u00famero de feriados e o crescimento do Produto Interno Bruto (PIB) do Brasil. \u201cExageradamente, neste ano, teve muito feriado prolongado. No ano que vem, os feriados v\u00e3o cair mais no s\u00e1bado, o que significa que o PIB vai crescer um pouco mais, porque as pessoas v\u00e3o ficar um pouco mais a servi\u00e7o do mundo do trabalho\u201d, previu\u00a0Lula.<\/p>\n<p>No in\u00edcio deste m\u00eas, o presidente\u00a0<a href=\"http:\/\/agenciabrasil.ebc.com.br\/politica\/noticia\/2023-12\/lula-sanciona-feriado-nacional-de-zumbi-e-da-consciencia-negra\" target=\"_blank\" rel=\"noopener\">tornou feriado nacional<\/a>\u00a0o Dia da Consci\u00eancia Negra, em 20 de novembro, em homenagem \u00e0 data de morte da lideran\u00e7a negra Zumbi dos Palmares. At\u00e9 ent\u00e3o, a data era feriado em seis estados &#8211; Mato Grosso, Rio de Janeiro, Alagoas, Amazonas, Amap\u00e1 e S\u00e3o Paulo &#8211; e em mais de 1,2 mil cidades, decretado em leis municipais e estaduais.<\/p>\n<p><strong>Economia\u00a0<\/strong><\/p>\n<p>A Confedera\u00e7\u00e3o Nacional do Com\u00e9rcio de Bens, Servi\u00e7os e Turismo (CNC) calcula que os feriados em dias \u00fateis favorecem alguns setores da economia, como o turismo, mas geram preju\u00edzos ao com\u00e9rcio, devido \u00e0 queda no n\u00edvel de atividade e eleva\u00e7\u00e3o dos custos de opera\u00e7\u00e3o, por exemplo, com o pagamento de horas extras aos trabalhadores.<\/p>\n<p>A entidade estima que, com mais dias \u00fateis, em 2024, as perdas do com\u00e9rcio com os feriados ser\u00e3o um pouco menores, na compara\u00e7\u00e3o com 2023. O c\u00e1lculo m\u00e9dio da CNC \u00e9 de que cada feriado em dias \u00fateis tenha gerado o preju\u00edzo de R$ 3,22 bilh\u00f5es ao varejo nacional, em 2023.<\/p>\n<p>Com\u00a0base nisto, no pr\u00f3ximo ano, o preju\u00edzo do setor por conta de feriados nacionais dever\u00e1 ser de R$ 27,92 bilh\u00f5es, 4% menor do que em 2023, quando o preju\u00edzo fechar\u00e1 o ano em R$ 28,99 bilh\u00f5es, projeta a CNC.<\/p>\n<p>O presidente da CNC, Jos\u00e9 Roberto Tadros, defende o equil\u00edbrio. \u201cNossos segmentos ligados ao turismo se beneficiam desse calend\u00e1rio, o que \u00e9 muito positivo. Mas segmentos econ\u00f4micos como o varejo registram perdas com lojas fechadas e menor movimenta\u00e7\u00e3o de p\u00fablico, por exemplo. A validade desse levantamento \u00e9 dar luz sobre o cen\u00e1rio e orientar as melhores decis\u00f5es\u201d.<\/p>\n<p>Fonte: Ag\u00eancia Brasil<\/p>\n<\/div>\n","protected":false},"excerpt":{"rendered":"<p>Quatro feriados cair\u00e3o em finais de semana O governo federal divulgou, nessa quinta-feira (28), os dias de feriados nacionais e estabeleceu os dias de ponto facultativo,<span class=\"excerpt-hellip\"> [\u2026]<\/span><\/p>\n","protected":false},"author":10,"featured_media":40266,"comment_status":"open","ping_status":"open","sticky":false,"template":"","format":"standard","meta":{"_jetpack_memberships_contains_paid_content":false,"footnotes":"","jetpack_publicize_message":"","jetpack_publicize_feature_enabled":true,"jetpack_social_post_already_shared":false,"jetpack_social_options":{"image_generator_settings":{"template":"highway","default_image_id":0,"enabled":false},"version":2}},"categories":[28,81],"tags":[],"class_list":["post-40265","post","type-post","status-publish","format-standard","has-post-thumbnail","hentry","category-cotidiano","category-manchete"],"yoast_head":"<!-- This site is optimized with the Yoast SEO plugin v25.6 - https:\/\/yoast.com\/wordpress\/plugins\/seo\/ -->\n<title>Ano de 2024 ter\u00e1 10 feriados e 8 pontos facultativos; veja a lista - VerdadeOn<\/title>\n<meta name=\"robots\" content=\"index, follow, max-snippet:-1, max-image-preview:large, max-video-preview:-1\" \/>\n<link rel=\"canonical\" href=\"https:\/\/verdadeon.com.br\/portal\/2023\/12\/29\/ano-de-2024-tera-10-feriados-e-8-pontos-facultativos-veja-a-lista\/\" \/>\n<meta property=\"og:locale\" content=\"pt_BR\" \/>\n<meta property=\"og:type\" content=\"article\" \/>\n<meta property=\"og:title\" content=\"Ano de 2024 ter\u00e1 10 feriados e 8 pontos facultativos; veja a lista - VerdadeOn\" \/>\n<meta property=\"og:description\" content=\"Quatro feriados cair\u00e3o em finais de semana O governo federal divulgou, nessa quinta-feira (28), os dias de feriados nacionais e estabeleceu os dias de ponto facultativo, [\u2026]\" \/>\n<meta property=\"og:url\" content=\"https:\/\/verdadeon.com.br\/portal\/2023\/12\/29\/ano-de-2024-tera-10-feriados-e-8-pontos-facultativos-veja-a-lista\/\" \/>\n<meta property=\"og:site_name\" content=\"VerdadeOn\" \/>\n<meta property=\"article:published_time\" content=\"2023-12-29T17:39:37+00:00\" \/>\n<meta property=\"og:image\" content=\"https:\/\/verdadeon.com.br\/portal\/wp-content\/uploads\/2023\/12\/AnyConv.com__sao_paulo_quarentena_covid_-_19_coronavirus2403209979.jpg\" \/>\n\t<meta property=\"og:image:width\" content=\"1044\" \/>\n\t<meta property=\"og:image:height\" content=\"700\" \/>\n\t<meta property=\"og:image:type\" content=\"image\/jpeg\" \/>\n<meta name=\"author\" content=\"Redacao VerdadeOn\" \/>\n<meta name=\"twitter:card\" content=\"summary_large_image\" \/>\n<meta name=\"twitter:label1\" content=\"Escrito por\" \/>\n\t<meta name=\"twitter:data1\" content=\"Redacao VerdadeOn\" \/>\n\t<meta name=\"twitter:label2\" content=\"Est. tempo de leitura\" \/>\n\t<meta name=\"twitter:data2\" content=\"5 minutos\" \/>\n<script type=\"application\/ld+json\" class=\"yoast-schema-graph\">{\"@context\":\"https:\/\/schema.org\",\"@graph\":[{\"@type\":\"WebPage\",\"@id\":\"https:\/\/verdadeon.com.br\/portal\/2023\/12\/29\/ano-de-2024-tera-10-feriados-e-8-pontos-facultativos-veja-a-lista\/\",\"url\":\"https:\/\/verdadeon.com.br\/portal\/2023\/12\/29\/ano-de-2024-tera-10-feriados-e-8-pontos-facultativos-veja-a-lista\/\",\"name\":\"Ano de 2024 ter\u00e1 10 feriados e 8 pontos facultativos; veja a lista - VerdadeOn\",\"isPartOf\":{\"@id\":\"https:\/\/verdadeon.com.br\/portal\/#website\"},\"primaryImageOfPage\":{\"@id\":\"https:\/\/verdadeon.com.br\/portal\/2023\/12\/29\/ano-de-2024-tera-10-feriados-e-8-pontos-facultativos-veja-a-lista\/#primaryimage\"},\"image\":{\"@id\":\"https:\/\/verdadeon.com.br\/portal\/2023\/12\/29\/ano-de-2024-tera-10-feriados-e-8-pontos-facultativos-veja-a-lista\/#primaryimage\"},\"thumbnailUrl\":\"https:\/\/i0.wp.com\/verdadeon.com.br\/portal\/wp-content\/uploads\/2023\/12\/AnyConv.com__sao_paulo_quarentena_covid_-_19_coronavirus2403209979.jpg?fit=1044%2C700&ssl=1\",\"datePublished\":\"2023-12-29T17:39:37+00:00\",\"author\":{\"@id\":\"https:\/\/verdadeon.com.br\/portal\/#\/schema\/person\/a5060ad1e9ea3df545188fc93ce43d2f\"},\"breadcrumb\":{\"@id\":\"https:\/\/verdadeon.com.br\/portal\/2023\/12\/29\/ano-de-2024-tera-10-feriados-e-8-pontos-facultativos-veja-a-lista\/#breadcrumb\"},\"inLanguage\":\"pt-BR\",\"potentialAction\":[{\"@type\":\"ReadAction\",\"target\":[\"https:\/\/verdadeon.com.br\/portal\/2023\/12\/29\/ano-de-2024-tera-10-feriados-e-8-pontos-facultativos-veja-a-lista\/\"]}]},{\"@type\":\"ImageObject\",\"inLanguage\":\"pt-BR\",\"@id\":\"https:\/\/verdadeon.com.br\/portal\/2023\/12\/29\/ano-de-2024-tera-10-feriados-e-8-pontos-facultativos-veja-a-lista\/#primaryimage\",\"url\":\"https:\/\/i0.wp.com\/verdadeon.com.br\/portal\/wp-content\/uploads\/2023\/12\/AnyConv.com__sao_paulo_quarentena_covid_-_19_coronavirus2403209979.jpg?fit=1044%2C700&ssl=1\",\"contentUrl\":\"https:\/\/i0.wp.com\/verdadeon.com.br\/portal\/wp-content\/uploads\/2023\/12\/AnyConv.com__sao_paulo_quarentena_covid_-_19_coronavirus2403209979.jpg?fit=1044%2C700&ssl=1\",\"width\":1044,\"height\":700,\"caption\":\"CNC estima que, com mais dias \u00fateis, em 2024, as perdas do com\u00e9rcio com os feriados ser\u00e3o um pouco menores, na compara\u00e7\u00e3o com 2023 (\u00a9Rovena Rosa\/Ag\u00eancia Brasil)\"},{\"@type\":\"BreadcrumbList\",\"@id\":\"https:\/\/verdadeon.com.br\/portal\/2023\/12\/29\/ano-de-2024-tera-10-feriados-e-8-pontos-facultativos-veja-a-lista\/#breadcrumb\",\"itemListElement\":[{\"@type\":\"ListItem\",\"position\":1,\"name\":\"In\u00edcio\",\"item\":\"https:\/\/verdadeon.com.br\/portal\/\"},{\"@type\":\"ListItem\",\"position\":2,\"name\":\"Ano de 2024 ter\u00e1 10 feriados e 8 pontos facultativos; veja a lista\"}]},{\"@type\":\"WebSite\",\"@id\":\"https:\/\/verdadeon.com.br\/portal\/#website\",\"url\":\"https:\/\/verdadeon.com.br\/portal\/\",\"name\":\"VerdadeOn\",\"description\":\"Not\u00edcias di\u00e1rias sobre Franca, Regi\u00e3o, Esporte, Cultura, Cotidiano, Colunas. Cobertura nos principais eventos da cidade \u00e9 aqui - Verdadeon Franca\",\"potentialAction\":[{\"@type\":\"SearchAction\",\"target\":{\"@type\":\"EntryPoint\",\"urlTemplate\":\"https:\/\/verdadeon.com.br\/portal\/?s={search_term_string}\"},\"query-input\":{\"@type\":\"PropertyValueSpecification\",\"valueRequired\":true,\"valueName\":\"search_term_string\"}}],\"inLanguage\":\"pt-BR\"},{\"@type\":\"Person\",\"@id\":\"https:\/\/verdadeon.com.br\/portal\/#\/schema\/person\/a5060ad1e9ea3df545188fc93ce43d2f\",\"name\":\"Redacao VerdadeOn\",\"image\":{\"@type\":\"ImageObject\",\"inLanguage\":\"pt-BR\",\"@id\":\"https:\/\/verdadeon.com.br\/portal\/#\/schema\/person\/image\/\",\"url\":\"https:\/\/secure.gravatar.com\/avatar\/459a9613caaaf07f582c3d0841eea68bdd66f533e465e6ba8b9cb45619572cf4?s=96&d=mm&r=g\",\"contentUrl\":\"https:\/\/secure.gravatar.com\/avatar\/459a9613caaaf07f582c3d0841eea68bdd66f533e465e6ba8b9cb45619572cf4?s=96&d=mm&r=g\",\"caption\":\"Redacao VerdadeOn\"},\"url\":\"https:\/\/verdadeon.com.br\/portal\/author\/redacao\/\"}]}<\/script>\n<!-- \/ Yoast SEO plugin. -->","yoast_head_json":{"title":"Ano de 2024 ter\u00e1 10 feriados e 8 pontos facultativos; veja a lista - VerdadeOn","robots":{"index":"index","follow":"follow","max-snippet":"max-snippet:-1","max-image-preview":"max-image-preview:large","max-video-preview":"max-video-preview:-1"},"canonical":"https:\/\/verdadeon.com.br\/portal\/2023\/12\/29\/ano-de-2024-tera-10-feriados-e-8-pontos-facultativos-veja-a-lista\/","og_locale":"pt_BR","og_type":"article","og_title":"Ano de 2024 ter\u00e1 10 feriados e 8 pontos facultativos; veja a lista - VerdadeOn","og_description":"Quatro feriados cair\u00e3o em finais de semana O governo federal divulgou, nessa quinta-feira (28), os dias de feriados nacionais e estabeleceu os dias de ponto facultativo, [\u2026]","og_url":"https:\/\/verdadeon.com.br\/portal\/2023\/12\/29\/ano-de-2024-tera-10-feriados-e-8-pontos-facultativos-veja-a-lista\/","og_site_name":"VerdadeOn","article_published_time":"2023-12-29T17:39:37+00:00","og_image":[{"width":1044,"height":700,"url":"https:\/\/verdadeon.com.br\/portal\/wp-content\/uploads\/2023\/12\/AnyConv.com__sao_paulo_quarentena_covid_-_19_coronavirus2403209979.jpg","type":"image\/jpeg"}],"author":"Redacao VerdadeOn","twitter_card":"summary_large_image","twitter_misc":{"Escrito por":"Redacao VerdadeOn","Est. tempo de leitura":"5 minutos"},"schema":{"@context":"https:\/\/schema.org","@graph":[{"@type":"WebPage","@id":"https:\/\/verdadeon.com.br\/portal\/2023\/12\/29\/ano-de-2024-tera-10-feriados-e-8-pontos-facultativos-veja-a-lista\/","url":"https:\/\/verdadeon.com.br\/portal\/2023\/12\/29\/ano-de-2024-tera-10-feriados-e-8-pontos-facultativos-veja-a-lista\/","name":"Ano de 2024 ter\u00e1 10 feriados e 8 pontos facultativos; veja a lista - VerdadeOn","isPartOf":{"@id":"https:\/\/verdadeon.com.br\/portal\/#website"},"primaryImageOfPage":{"@id":"https:\/\/verdadeon.com.br\/portal\/2023\/12\/29\/ano-de-2024-tera-10-feriados-e-8-pontos-facultativos-veja-a-lista\/#primaryimage"},"image":{"@id":"https:\/\/verdadeon.com.br\/portal\/2023\/12\/29\/ano-de-2024-tera-10-feriados-e-8-pontos-facultativos-veja-a-lista\/#primaryimage"},"thumbnailUrl":"https:\/\/i0.wp.com\/verdadeon.com.br\/portal\/wp-content\/uploads\/2023\/12\/AnyConv.com__sao_paulo_quarentena_covid_-_19_coronavirus2403209979.jpg?fit=1044%2C700&ssl=1","datePublished":"2023-12-29T17:39:37+00:00","author":{"@id":"https:\/\/verdadeon.com.br\/portal\/#\/schema\/person\/a5060ad1e9ea3df545188fc93ce43d2f"},"breadcrumb":{"@id":"https:\/\/verdadeon.com.br\/portal\/2023\/12\/29\/ano-de-2024-tera-10-feriados-e-8-pontos-facultativos-veja-a-lista\/#breadcrumb"},"inLanguage":"pt-BR","potentialAction":[{"@type":"ReadAction","target":["https:\/\/verdadeon.com.br\/portal\/2023\/12\/29\/ano-de-2024-tera-10-feriados-e-8-pontos-facultativos-veja-a-lista\/"]}]},{"@type":"ImageObject","inLanguage":"pt-BR","@id":"https:\/\/verdadeon.com.br\/portal\/2023\/12\/29\/ano-de-2024-tera-10-feriados-e-8-pontos-facultativos-veja-a-lista\/#primaryimage","url":"https:\/\/i0.wp.com\/verdadeon.com.br\/portal\/wp-content\/uploads\/2023\/12\/AnyConv.com__sao_paulo_quarentena_covid_-_19_coronavirus2403209979.jpg?fit=1044%2C700&ssl=1","contentUrl":"https:\/\/i0.wp.com\/verdadeon.com.br\/portal\/wp-content\/uploads\/2023\/12\/AnyConv.com__sao_paulo_quarentena_covid_-_19_coronavirus2403209979.jpg?fit=1044%2C700&ssl=1","width":1044,"height":700,"caption":"CNC estima que, com mais dias \u00fateis, em 2024, as perdas do com\u00e9rcio com os feriados ser\u00e3o um pouco menores, na compara\u00e7\u00e3o com 2023 (\u00a9Rovena Rosa\/Ag\u00eancia Brasil)"},{"@type":"BreadcrumbList","@id":"https:\/\/verdadeon.com.br\/portal\/2023\/12\/29\/ano-de-2024-tera-10-feriados-e-8-pontos-facultativos-veja-a-lista\/#breadcrumb","itemListElement":[{"@type":"ListItem","position":1,"name":"In\u00edcio","item":"https:\/\/verdadeon.com.br\/portal\/"},{"@type":"ListItem","position":2,"name":"Ano de 2024 ter\u00e1 10 feriados e 8 pontos facultativos; veja a lista"}]},{"@type":"WebSite","@id":"https:\/\/verdadeon.com.br\/portal\/#website","url":"https:\/\/verdadeon.com.br\/portal\/","name":"VerdadeOn","description":"Not\u00edcias di\u00e1rias sobre Franca, Regi\u00e3o, Esporte, Cultura, Cotidiano, Colunas. Cobertura nos principais eventos da cidade \u00e9 aqui - Verdadeon Franca","potentialAction":[{"@type":"SearchAction","target":{"@type":"EntryPoint","urlTemplate":"https:\/\/verdadeon.com.br\/portal\/?s={search_term_string}"},"query-input":{"@type":"PropertyValueSpecification","valueRequired":true,"valueName":"search_term_string"}}],"inLanguage":"pt-BR"},{"@type":"Person","@id":"https:\/\/verdadeon.com.br\/portal\/#\/schema\/person\/a5060ad1e9ea3df545188fc93ce43d2f","name":"Redacao VerdadeOn","image":{"@type":"ImageObject","inLanguage":"pt-BR","@id":"https:\/\/verdadeon.com.br\/portal\/#\/schema\/person\/image\/","url":"https:\/\/secure.gravatar.com\/avatar\/459a9613caaaf07f582c3d0841eea68bdd66f533e465e6ba8b9cb45619572cf4?s=96&d=mm&r=g","contentUrl":"https:\/\/secure.gravatar.com\/avatar\/459a9613caaaf07f582c3d0841eea68bdd66f533e465e6ba8b9cb45619572cf4?s=96&d=mm&r=g","caption":"Redacao VerdadeOn"},"url":"https:\/\/verdadeon.com.br\/portal\/author\/redacao\/"}]}},"jetpack_publicize_connections":[],"jetpack_featured_media_url":"https:\/\/i0.wp.com\/verdadeon.com.br\/portal\/wp-content\/uploads\/2023\/12\/AnyConv.com__sao_paulo_quarentena_covid_-_19_coronavirus2403209979.jpg?fit=1044%2C700&ssl=1","jetpack_sharing_enabled":true,"_links":{"self":[{"href":"https:\/\/verdadeon.com.br\/portal\/wp-json\/wp\/v2\/posts\/40265","targetHints":{"allow":["GET"]}}],"collection":[{"href":"https:\/\/verdadeon.com.br\/portal\/wp-json\/wp\/v2\/posts"}],"about":[{"href":"https:\/\/verdadeon.com.br\/portal\/wp-json\/wp\/v2\/types\/post"}],"author":[{"embeddable":true,"href":"https:\/\/verdadeon.com.br\/portal\/wp-json\/wp\/v2\/users\/10"}],"replies":[{"embeddable":true,"href":"https:\/\/verdadeon.com.br\/portal\/wp-json\/wp\/v2\/comments?post=40265"}],"version-history":[{"count":1,"href":"https:\/\/verdadeon.com.br\/portal\/wp-json\/wp\/v2\/posts\/40265\/revisions"}],"predecessor-version":[{"id":40267,"href":"https:\/\/verdadeon.com.br\/portal\/wp-json\/wp\/v2\/posts\/40265\/revisions\/40267"}],"wp:featuredmedia":[{"embeddable":true,"href":"https:\/\/verdadeon.com.br\/portal\/wp-json\/wp\/v2\/media\/40266"}],"wp:attachment":[{"href":"https:\/\/verdadeon.com.br\/portal\/wp-json\/wp\/v2\/media?parent=40265"}],"wp:term":[{"taxonomy":"category","embeddable":true,"href":"https:\/\/verdadeon.com.br\/portal\/wp-json\/wp\/v2\/categories?post=40265"},{"taxonomy":"post_tag","embeddable":true,"href":"https:\/\/verdadeon.com.br\/portal\/wp-json\/wp\/v2\/tags?post=40265"}],"curies":[{"name":"wp","href":"https:\/\/api.w.org\/{rel}","templated":true}]}}