{"id":4010,"date":"2020-02-22T06:25:17","date_gmt":"2020-02-22T09:25:17","guid":{"rendered":"http:\/\/verdadeon.com.br\/portal\/?p=4010"},"modified":"2020-02-22T00:32:54","modified_gmt":"2020-02-22T03:32:54","slug":"orlandia-deve-receber-escola-civico-militar","status":"publish","type":"post","link":"https:\/\/verdadeon.com.br\/portal\/2020\/02\/22\/orlandia-deve-receber-escola-civico-militar\/","title":{"rendered":"Orl\u00e2ndia deve receber Escola C\u00edvico Militar"},"content":{"rendered":"<h2>Prefeito Vado ir\u00e1 \u00e0 Bras\u00edlia no m\u00eas que vem para dar andamento ao projeto<\/h2>\n<p>Reportagem Gustavo Rodrigues<\/p>\n<p>O munic\u00edpio de Orl\u00e2ndia pode receber em breve a instala\u00e7\u00e3o de uma unidade da Escola C\u00edvico Militar. Pelo menos essa \u00e9 a expectativa da administra\u00e7\u00e3o local, principalmente ap\u00f3s uma conversa que aconteceu durante esta semana e deixou o projeto adiantado na cidade.<br \/>\nNa \u00faltima ter\u00e7a-feira (18) foi realizada uma reuni\u00e3o no gabinete da prefeitura, com a presen\u00e7a do prefeito Oswaldo Ribeiro Junqueira Neto (PMDB), popularmente conhecido como Vado, juntamente com o vice S\u00e9rgio Bordin, al\u00e9m do coordenador da ADESG-RP Othon Piccini, do comandante Veneu Jord\u00e3o e o delegado Clibas Clemente.<br \/>\nO intuito do bate papo foi ajustar as quest\u00f5es necess\u00e1rias para que uma escola municipal possa se tornar no futuro um local militar. Para a realiza\u00e7\u00e3o do projeto, s\u00e3o fundamentais as passagens por alguns caminhos.<br \/>\nDe acordo com a Prefeitura de Orl\u00e2ndia, Vado ter\u00e1 que fazer uma visita \u00e0 Bras\u00edlia j\u00e1 no pr\u00f3ximo fez com o objetivo de formalizar uma solicita\u00e7\u00e3o para a impkenta\u00e7\u00e3o do projeto diretamente \u00e0 Secretaria de Escolas C\u00edvico-Militares, por meio do Minist\u00e9rio da Educa\u00e7\u00e3o.<br \/>\nEmpolgado com a possibilidade de acerto ap\u00f3s o avan\u00e7o nas \u00faltimas conversar, o prefeito fala com otimismo sobre a implanta\u00e7\u00e3o da ideia. &#8220;Se tivermos \u00eaxito, teremos uma grande revolu\u00e7\u00e3o na educa\u00e7\u00e3o de nossos jovens orlandinos. Acredito que um importante passo foi dado para que possamos ter este pedido atendido&#8221; destacou Oswaldo Junqueira.<br \/>\nO projeto<br \/>\nComandado atrav\u00e9s de uma parceria entre os minist\u00e9rios da Educa\u00e7\u00e3o e da Defesa, o Programa Nacional das Escolas C\u00edvico-Militares tem foco em diversas frentes e busca colocar em pr\u00e1tica ensinamentos nas \u00e1reas educacional, did\u00e1tico-pedag\u00f3gica e administrativa com a participa\u00e7\u00e3o do corpo docente da escola e apoio dos militares.<\/p>\n<p>Outras a\u00e7\u00f5es<br \/>\nCom foco no desenvolvimento da popula\u00e7\u00e3o, Orl\u00e2ndia recebe desde o \u00faltimo dia 18 as a\u00e7\u00f5es do projeto &#8220;Cidade Empreendedora&#8221;.<br \/>\nAs a\u00e7\u00f5es fazem parte da uni\u00e3o entre a Prefeitura Municipal e o Sebrae (Servi\u00e7o Brasileiro de Apoio \u00e0s Micro e Pequenas Empresas) e seguem at\u00e9 a pr\u00f3xima semana, se encerrando no dia 28 de fevereiro.<br \/>\nO &#8220;Cidade Empreendedora&#8221; disponibiliza aos alunos palestras, cursos, oficinas e consultorias. Todas as atividades s\u00e3o realizadas de forma gratuita. O endere\u00e7o da unidade do Sebrae em Orl\u00e2ndia \u00e9 Avenida do Caf\u00e9, 1040.<\/p>\n","protected":false},"excerpt":{"rendered":"<p>Prefeito Vado ir\u00e1 \u00e0 Bras\u00edlia no m\u00eas que vem para dar andamento ao projeto Reportagem Gustavo Rodrigues O munic\u00edpio de Orl\u00e2ndia pode receber em breve a<span class=\"excerpt-hellip\"> [\u2026]<\/span><\/p>\n","protected":false},"author":10,"featured_media":4011,"comment_status":"open","ping_status":"open","sticky":false,"template":"","format":"standard","meta":{"_jetpack_memberships_contains_paid_content":false,"footnotes":"","jetpack_publicize_message":"","jetpack_publicize_feature_enabled":true,"jetpack_social_post_already_shared":false,"jetpack_social_options":{"image_generator_settings":{"template":"highway","default_image_id":0,"enabled":false},"version":2}},"categories":[28,44],"tags":[],"class_list":["post-4010","post","type-post","status-publish","format-standard","has-post-thumbnail","hentry","category-cotidiano","category-noticias"],"yoast_head":"<!-- This site is optimized with the Yoast SEO plugin v25.6 - https:\/\/yoast.com\/wordpress\/plugins\/seo\/ -->\n<title>Orl\u00e2ndia deve receber Escola C\u00edvico Militar - VerdadeOn<\/title>\n<meta name=\"robots\" content=\"index, follow, max-snippet:-1, max-image-preview:large, max-video-preview:-1\" \/>\n<link rel=\"canonical\" href=\"https:\/\/verdadeon.com.br\/portal\/2020\/02\/22\/orlandia-deve-receber-escola-civico-militar\/\" \/>\n<meta property=\"og:locale\" content=\"pt_BR\" \/>\n<meta property=\"og:type\" content=\"article\" \/>\n<meta property=\"og:title\" content=\"Orl\u00e2ndia deve receber Escola C\u00edvico Militar - VerdadeOn\" \/>\n<meta property=\"og:description\" content=\"Prefeito Vado ir\u00e1 \u00e0 Bras\u00edlia no m\u00eas que vem para dar andamento ao projeto Reportagem Gustavo Rodrigues O munic\u00edpio de Orl\u00e2ndia pode receber em breve a [\u2026]\" \/>\n<meta property=\"og:url\" content=\"https:\/\/verdadeon.com.br\/portal\/2020\/02\/22\/orlandia-deve-receber-escola-civico-militar\/\" \/>\n<meta property=\"og:site_name\" content=\"VerdadeOn\" \/>\n<meta property=\"article:published_time\" content=\"2020-02-22T09:25:17+00:00\" \/>\n<meta property=\"og:image\" content=\"https:\/\/verdadeon.com.br\/portal\/wp-content\/uploads\/2020\/02\/Abre.jpg\" \/>\n\t<meta property=\"og:image:width\" content=\"1000\" \/>\n\t<meta property=\"og:image:height\" content=\"522\" \/>\n\t<meta property=\"og:image:type\" content=\"image\/jpeg\" \/>\n<meta name=\"author\" content=\"Redacao VerdadeOn\" \/>\n<meta name=\"twitter:card\" content=\"summary_large_image\" \/>\n<meta name=\"twitter:label1\" content=\"Escrito por\" \/>\n\t<meta name=\"twitter:data1\" content=\"Redacao VerdadeOn\" \/>\n\t<meta name=\"twitter:label2\" content=\"Est. tempo de leitura\" \/>\n\t<meta name=\"twitter:data2\" content=\"2 minutos\" \/>\n<script type=\"application\/ld+json\" class=\"yoast-schema-graph\">{\"@context\":\"https:\/\/schema.org\",\"@graph\":[{\"@type\":\"WebPage\",\"@id\":\"https:\/\/verdadeon.com.br\/portal\/2020\/02\/22\/orlandia-deve-receber-escola-civico-militar\/\",\"url\":\"https:\/\/verdadeon.com.br\/portal\/2020\/02\/22\/orlandia-deve-receber-escola-civico-militar\/\",\"name\":\"Orl\u00e2ndia deve receber Escola C\u00edvico Militar - VerdadeOn\",\"isPartOf\":{\"@id\":\"https:\/\/verdadeon.com.br\/portal\/#website\"},\"primaryImageOfPage\":{\"@id\":\"https:\/\/verdadeon.com.br\/portal\/2020\/02\/22\/orlandia-deve-receber-escola-civico-militar\/#primaryimage\"},\"image\":{\"@id\":\"https:\/\/verdadeon.com.br\/portal\/2020\/02\/22\/orlandia-deve-receber-escola-civico-militar\/#primaryimage\"},\"thumbnailUrl\":\"https:\/\/i0.wp.com\/verdadeon.com.br\/portal\/wp-content\/uploads\/2020\/02\/Abre.jpg?fit=1000%2C522&ssl=1\",\"datePublished\":\"2020-02-22T09:25:17+00:00\",\"author\":{\"@id\":\"https:\/\/verdadeon.com.br\/portal\/#\/schema\/person\/a5060ad1e9ea3df545188fc93ce43d2f\"},\"breadcrumb\":{\"@id\":\"https:\/\/verdadeon.com.br\/portal\/2020\/02\/22\/orlandia-deve-receber-escola-civico-militar\/#breadcrumb\"},\"inLanguage\":\"pt-BR\",\"potentialAction\":[{\"@type\":\"ReadAction\",\"target\":[\"https:\/\/verdadeon.com.br\/portal\/2020\/02\/22\/orlandia-deve-receber-escola-civico-militar\/\"]}]},{\"@type\":\"ImageObject\",\"inLanguage\":\"pt-BR\",\"@id\":\"https:\/\/verdadeon.com.br\/portal\/2020\/02\/22\/orlandia-deve-receber-escola-civico-militar\/#primaryimage\",\"url\":\"https:\/\/i0.wp.com\/verdadeon.com.br\/portal\/wp-content\/uploads\/2020\/02\/Abre.jpg?fit=1000%2C522&ssl=1\",\"contentUrl\":\"https:\/\/i0.wp.com\/verdadeon.com.br\/portal\/wp-content\/uploads\/2020\/02\/Abre.jpg?fit=1000%2C522&ssl=1\",\"width\":1000,\"height\":522,\"caption\":\"novidade - Prefeito de Orl\u00e2ndia Oswaldo Junqueira, ao lado do vice e de representantes locais em reuni\u00e3o na Prefeitura que aconteceu nesta semana. Objetivo \u00e9 instalar uma Escola C\u00edvico Militar | Foto: Prefeitura\/Divulga\u00e7\u00e3o\"},{\"@type\":\"BreadcrumbList\",\"@id\":\"https:\/\/verdadeon.com.br\/portal\/2020\/02\/22\/orlandia-deve-receber-escola-civico-militar\/#breadcrumb\",\"itemListElement\":[{\"@type\":\"ListItem\",\"position\":1,\"name\":\"In\u00edcio\",\"item\":\"https:\/\/verdadeon.com.br\/portal\/\"},{\"@type\":\"ListItem\",\"position\":2,\"name\":\"Orl\u00e2ndia deve receber Escola C\u00edvico Militar\"}]},{\"@type\":\"WebSite\",\"@id\":\"https:\/\/verdadeon.com.br\/portal\/#website\",\"url\":\"https:\/\/verdadeon.com.br\/portal\/\",\"name\":\"VerdadeOn\",\"description\":\"Not\u00edcias di\u00e1rias sobre Franca, Regi\u00e3o, Esporte, Cultura, Cotidiano, Colunas. Cobertura nos principais eventos da cidade \u00e9 aqui - Verdadeon Franca\",\"potentialAction\":[{\"@type\":\"SearchAction\",\"target\":{\"@type\":\"EntryPoint\",\"urlTemplate\":\"https:\/\/verdadeon.com.br\/portal\/?s={search_term_string}\"},\"query-input\":{\"@type\":\"PropertyValueSpecification\",\"valueRequired\":true,\"valueName\":\"search_term_string\"}}],\"inLanguage\":\"pt-BR\"},{\"@type\":\"Person\",\"@id\":\"https:\/\/verdadeon.com.br\/portal\/#\/schema\/person\/a5060ad1e9ea3df545188fc93ce43d2f\",\"name\":\"Redacao VerdadeOn\",\"image\":{\"@type\":\"ImageObject\",\"inLanguage\":\"pt-BR\",\"@id\":\"https:\/\/verdadeon.com.br\/portal\/#\/schema\/person\/image\/\",\"url\":\"https:\/\/secure.gravatar.com\/avatar\/459a9613caaaf07f582c3d0841eea68bdd66f533e465e6ba8b9cb45619572cf4?s=96&d=mm&r=g\",\"contentUrl\":\"https:\/\/secure.gravatar.com\/avatar\/459a9613caaaf07f582c3d0841eea68bdd66f533e465e6ba8b9cb45619572cf4?s=96&d=mm&r=g\",\"caption\":\"Redacao VerdadeOn\"},\"url\":\"https:\/\/verdadeon.com.br\/portal\/author\/redacao\/\"}]}<\/script>\n<!-- \/ Yoast SEO plugin. -->","yoast_head_json":{"title":"Orl\u00e2ndia deve receber Escola C\u00edvico Militar - VerdadeOn","robots":{"index":"index","follow":"follow","max-snippet":"max-snippet:-1","max-image-preview":"max-image-preview:large","max-video-preview":"max-video-preview:-1"},"canonical":"https:\/\/verdadeon.com.br\/portal\/2020\/02\/22\/orlandia-deve-receber-escola-civico-militar\/","og_locale":"pt_BR","og_type":"article","og_title":"Orl\u00e2ndia deve receber Escola C\u00edvico Militar - VerdadeOn","og_description":"Prefeito Vado ir\u00e1 \u00e0 Bras\u00edlia no m\u00eas que vem para dar andamento ao projeto Reportagem Gustavo Rodrigues O munic\u00edpio de Orl\u00e2ndia pode receber em breve a [\u2026]","og_url":"https:\/\/verdadeon.com.br\/portal\/2020\/02\/22\/orlandia-deve-receber-escola-civico-militar\/","og_site_name":"VerdadeOn","article_published_time":"2020-02-22T09:25:17+00:00","og_image":[{"width":1000,"height":522,"url":"https:\/\/verdadeon.com.br\/portal\/wp-content\/uploads\/2020\/02\/Abre.jpg","type":"image\/jpeg"}],"author":"Redacao VerdadeOn","twitter_card":"summary_large_image","twitter_misc":{"Escrito por":"Redacao VerdadeOn","Est. tempo de leitura":"2 minutos"},"schema":{"@context":"https:\/\/schema.org","@graph":[{"@type":"WebPage","@id":"https:\/\/verdadeon.com.br\/portal\/2020\/02\/22\/orlandia-deve-receber-escola-civico-militar\/","url":"https:\/\/verdadeon.com.br\/portal\/2020\/02\/22\/orlandia-deve-receber-escola-civico-militar\/","name":"Orl\u00e2ndia deve receber Escola C\u00edvico Militar - VerdadeOn","isPartOf":{"@id":"https:\/\/verdadeon.com.br\/portal\/#website"},"primaryImageOfPage":{"@id":"https:\/\/verdadeon.com.br\/portal\/2020\/02\/22\/orlandia-deve-receber-escola-civico-militar\/#primaryimage"},"image":{"@id":"https:\/\/verdadeon.com.br\/portal\/2020\/02\/22\/orlandia-deve-receber-escola-civico-militar\/#primaryimage"},"thumbnailUrl":"https:\/\/i0.wp.com\/verdadeon.com.br\/portal\/wp-content\/uploads\/2020\/02\/Abre.jpg?fit=1000%2C522&ssl=1","datePublished":"2020-02-22T09:25:17+00:00","author":{"@id":"https:\/\/verdadeon.com.br\/portal\/#\/schema\/person\/a5060ad1e9ea3df545188fc93ce43d2f"},"breadcrumb":{"@id":"https:\/\/verdadeon.com.br\/portal\/2020\/02\/22\/orlandia-deve-receber-escola-civico-militar\/#breadcrumb"},"inLanguage":"pt-BR","potentialAction":[{"@type":"ReadAction","target":["https:\/\/verdadeon.com.br\/portal\/2020\/02\/22\/orlandia-deve-receber-escola-civico-militar\/"]}]},{"@type":"ImageObject","inLanguage":"pt-BR","@id":"https:\/\/verdadeon.com.br\/portal\/2020\/02\/22\/orlandia-deve-receber-escola-civico-militar\/#primaryimage","url":"https:\/\/i0.wp.com\/verdadeon.com.br\/portal\/wp-content\/uploads\/2020\/02\/Abre.jpg?fit=1000%2C522&ssl=1","contentUrl":"https:\/\/i0.wp.com\/verdadeon.com.br\/portal\/wp-content\/uploads\/2020\/02\/Abre.jpg?fit=1000%2C522&ssl=1","width":1000,"height":522,"caption":"novidade - Prefeito de Orl\u00e2ndia Oswaldo Junqueira, ao lado do vice e de representantes locais em reuni\u00e3o na Prefeitura que aconteceu nesta semana. Objetivo \u00e9 instalar uma Escola C\u00edvico Militar | Foto: Prefeitura\/Divulga\u00e7\u00e3o"},{"@type":"BreadcrumbList","@id":"https:\/\/verdadeon.com.br\/portal\/2020\/02\/22\/orlandia-deve-receber-escola-civico-militar\/#breadcrumb","itemListElement":[{"@type":"ListItem","position":1,"name":"In\u00edcio","item":"https:\/\/verdadeon.com.br\/portal\/"},{"@type":"ListItem","position":2,"name":"Orl\u00e2ndia deve receber Escola C\u00edvico Militar"}]},{"@type":"WebSite","@id":"https:\/\/verdadeon.com.br\/portal\/#website","url":"https:\/\/verdadeon.com.br\/portal\/","name":"VerdadeOn","description":"Not\u00edcias di\u00e1rias sobre Franca, Regi\u00e3o, Esporte, Cultura, Cotidiano, Colunas. Cobertura nos principais eventos da cidade \u00e9 aqui - Verdadeon Franca","potentialAction":[{"@type":"SearchAction","target":{"@type":"EntryPoint","urlTemplate":"https:\/\/verdadeon.com.br\/portal\/?s={search_term_string}"},"query-input":{"@type":"PropertyValueSpecification","valueRequired":true,"valueName":"search_term_string"}}],"inLanguage":"pt-BR"},{"@type":"Person","@id":"https:\/\/verdadeon.com.br\/portal\/#\/schema\/person\/a5060ad1e9ea3df545188fc93ce43d2f","name":"Redacao VerdadeOn","image":{"@type":"ImageObject","inLanguage":"pt-BR","@id":"https:\/\/verdadeon.com.br\/portal\/#\/schema\/person\/image\/","url":"https:\/\/secure.gravatar.com\/avatar\/459a9613caaaf07f582c3d0841eea68bdd66f533e465e6ba8b9cb45619572cf4?s=96&d=mm&r=g","contentUrl":"https:\/\/secure.gravatar.com\/avatar\/459a9613caaaf07f582c3d0841eea68bdd66f533e465e6ba8b9cb45619572cf4?s=96&d=mm&r=g","caption":"Redacao VerdadeOn"},"url":"https:\/\/verdadeon.com.br\/portal\/author\/redacao\/"}]}},"jetpack_publicize_connections":[],"jetpack_featured_media_url":"https:\/\/i0.wp.com\/verdadeon.com.br\/portal\/wp-content\/uploads\/2020\/02\/Abre.jpg?fit=1000%2C522&ssl=1","jetpack_sharing_enabled":true,"_links":{"self":[{"href":"https:\/\/verdadeon.com.br\/portal\/wp-json\/wp\/v2\/posts\/4010","targetHints":{"allow":["GET"]}}],"collection":[{"href":"https:\/\/verdadeon.com.br\/portal\/wp-json\/wp\/v2\/posts"}],"about":[{"href":"https:\/\/verdadeon.com.br\/portal\/wp-json\/wp\/v2\/types\/post"}],"author":[{"embeddable":true,"href":"https:\/\/verdadeon.com.br\/portal\/wp-json\/wp\/v2\/users\/10"}],"replies":[{"embeddable":true,"href":"https:\/\/verdadeon.com.br\/portal\/wp-json\/wp\/v2\/comments?post=4010"}],"version-history":[{"count":0,"href":"https:\/\/verdadeon.com.br\/portal\/wp-json\/wp\/v2\/posts\/4010\/revisions"}],"wp:featuredmedia":[{"embeddable":true,"href":"https:\/\/verdadeon.com.br\/portal\/wp-json\/wp\/v2\/media\/4011"}],"wp:attachment":[{"href":"https:\/\/verdadeon.com.br\/portal\/wp-json\/wp\/v2\/media?parent=4010"}],"wp:term":[{"taxonomy":"category","embeddable":true,"href":"https:\/\/verdadeon.com.br\/portal\/wp-json\/wp\/v2\/categories?post=4010"},{"taxonomy":"post_tag","embeddable":true,"href":"https:\/\/verdadeon.com.br\/portal\/wp-json\/wp\/v2\/tags?post=4010"}],"curies":[{"name":"wp","href":"https:\/\/api.w.org\/{rel}","templated":true}]}}