{"id":3998,"date":"2020-02-22T07:00:39","date_gmt":"2020-02-22T10:00:39","guid":{"rendered":"http:\/\/verdadeon.com.br\/portal\/?p=3998"},"modified":"2020-02-22T00:32:54","modified_gmt":"2020-02-22T03:32:54","slug":"carnaval-veja-o-que-abre-e-fecha-na-cidade","status":"publish","type":"post","link":"https:\/\/verdadeon.com.br\/portal\/2020\/02\/22\/carnaval-veja-o-que-abre-e-fecha-na-cidade\/","title":{"rendered":"Carnaval: veja o que abre e fecha na cidade"},"content":{"rendered":"<h2>Com\u00e9rcio, bancos e servi\u00e7os p\u00fablicos ter\u00e3o hor\u00e1rios alterados<\/h2>\n<p>Reportagem Daniel Afonso<\/p>\n<p>Nos dias em que os foli\u00f5es comemoram o Carnaval, ocorrem algumas altera\u00e7\u00f5es no funcionamento de algumas institui\u00e7\u00f5es e estabelecimentos comerciais, financeiros e servi\u00e7os p\u00fablicos. \u00c9 importante ficar atento.<br \/>\nEm Franca, a prefeitura divulgou que as unidades de sa\u00fade retornam ao expediente apenas na quarta-feira (26), ap\u00f3s o meio dia. As exce\u00e7\u00f5es ficam para os servi\u00e7os essenciais e que ter\u00e3o funcionamento ininterrupto, como os dois Prontos Socorros (Adulto e Infantil), UPAS Anita e Aeroporto, al\u00e9m do SAMU, Guarda Civil, Conselho Tutelar, Canil Municipal, Abrigo Provis\u00f3rio e Casa de Passagem, que tem sistemas de plant\u00e3o.<br \/>\nCom\u00e9rcio<br \/>\nEm nota, a Acif informou que foi firmado um acordo entre o Sindicato dos Empregados no Com\u00e9rcio de Franca e o Sindicato do Com\u00e9rcio Varejista de Franca. Por isso, o com\u00e9rcio estar\u00e1 fechado na ter\u00e7a-feira (25) de carnaval. Antes disso, neste s\u00e1bado (22), tanto os associados da Acif quanto da CDL, trabalham das 9 \u00e0s 15 horas; no domingo (23), fechado; na segunda (24), das 9 \u00e0s 18 horas, retornando na quarta, ap\u00f3s 12 horas. As duas entidades comerciais tamb\u00e9m n\u00e3o v\u00e3o funcionar na segunda-feira.<br \/>\nSegundo a CDL, com o per\u00edodo carnavalesco as vendas devem aquecer no varejo, com expectativa de crescimento em torno de 5%.<br \/>\nEntre os supermercados, o Atacad\u00e3o tem hor\u00e1rio normal, sendo s\u00e1bado, segunda e ter\u00e7a &#8211; das 7 \u00e0s 21 horas, e domingo, das 8 \u00e0s 18 horas; o Rafas Super Varej\u00e3o, mesmo expediente de todos os dias, das 6h30 \u00e0s 21h30 e no domingo, das 7 \u00e0s 13h30.<\/p>\n<p>Ag\u00eancias banc\u00e1rias e lot\u00e9ricas<br \/>\nSegundo a Federa\u00e7\u00e3o Brasileira de Bancos, as ag\u00eancias fecham na segunda e ter\u00e7a-feira de carnaval. Na quarta-feira de cinzas (26), o in\u00edcio do expediente, assim como o com\u00e9rcio, ser\u00e1 ao meio dia, com encerramento em hor\u00e1rio normal de fechamento das ag\u00eancias.<br \/>\nNo caso das lot\u00e9ricas, o ponto \u00e9 facultativo; em Franca, a maioria dever\u00e1 cumprir o hor\u00e1rio tradicional da semana.<\/p>\n<p>Shopping<br \/>\nO Franca Shopping sofre algumas altera\u00e7\u00f5es no funcionamento. No s\u00e1bado e segunda-feira, das 10 \u00e0s 22 horas, tanto para as lojas, quiosques e pra\u00e7a de alimenta\u00e7\u00e3o; e no domingo e ter\u00e7a, pra\u00e7a de alimenta\u00e7\u00e3o, das 12 \u00e0s 22 horas, e lojas, das 14 \u00e0s 20 horas. Na quarta, o centro abrir\u00e1 \u00e0s 12 e fechar\u00e1 \u00e0s 22 horas.<\/p>\n","protected":false},"excerpt":{"rendered":"<p>Com\u00e9rcio, bancos e servi\u00e7os p\u00fablicos ter\u00e3o hor\u00e1rios alterados Reportagem Daniel Afonso Nos dias em que os foli\u00f5es comemoram o Carnaval, ocorrem algumas altera\u00e7\u00f5es no funcionamento de<span class=\"excerpt-hellip\"> [\u2026]<\/span><\/p>\n","protected":false},"author":10,"featured_media":3999,"comment_status":"open","ping_status":"open","sticky":false,"template":"","format":"standard","meta":{"_jetpack_memberships_contains_paid_content":false,"footnotes":"","jetpack_publicize_message":"","jetpack_publicize_feature_enabled":true,"jetpack_social_post_already_shared":false,"jetpack_social_options":{"image_generator_settings":{"template":"highway","default_image_id":0,"enabled":false},"version":2}},"categories":[28,44],"tags":[],"class_list":["post-3998","post","type-post","status-publish","format-standard","has-post-thumbnail","hentry","category-cotidiano","category-noticias"],"yoast_head":"<!-- This site is optimized with the Yoast SEO plugin v25.6 - https:\/\/yoast.com\/wordpress\/plugins\/seo\/ -->\n<title>Carnaval: veja o que abre e fecha na cidade - VerdadeOn<\/title>\n<meta name=\"robots\" content=\"index, follow, max-snippet:-1, max-image-preview:large, max-video-preview:-1\" \/>\n<link rel=\"canonical\" href=\"https:\/\/verdadeon.com.br\/portal\/2020\/02\/22\/carnaval-veja-o-que-abre-e-fecha-na-cidade\/\" \/>\n<meta property=\"og:locale\" content=\"pt_BR\" \/>\n<meta property=\"og:type\" content=\"article\" \/>\n<meta property=\"og:title\" content=\"Carnaval: veja o que abre e fecha na cidade - VerdadeOn\" \/>\n<meta property=\"og:description\" content=\"Com\u00e9rcio, bancos e servi\u00e7os p\u00fablicos ter\u00e3o hor\u00e1rios alterados Reportagem Daniel Afonso Nos dias em que os foli\u00f5es comemoram o Carnaval, ocorrem algumas altera\u00e7\u00f5es no funcionamento de [\u2026]\" \/>\n<meta property=\"og:url\" content=\"https:\/\/verdadeon.com.br\/portal\/2020\/02\/22\/carnaval-veja-o-que-abre-e-fecha-na-cidade\/\" \/>\n<meta property=\"og:site_name\" content=\"VerdadeOn\" \/>\n<meta property=\"article:published_time\" content=\"2020-02-22T10:00:39+00:00\" \/>\n<meta name=\"author\" content=\"Redacao VerdadeOn\" \/>\n<meta name=\"twitter:card\" content=\"summary_large_image\" \/>\n<meta name=\"twitter:label1\" content=\"Escrito por\" \/>\n\t<meta name=\"twitter:data1\" content=\"Redacao VerdadeOn\" \/>\n\t<meta name=\"twitter:label2\" content=\"Est. tempo de leitura\" \/>\n\t<meta name=\"twitter:data2\" content=\"2 minutos\" \/>\n<script type=\"application\/ld+json\" class=\"yoast-schema-graph\">{\"@context\":\"https:\/\/schema.org\",\"@graph\":[{\"@type\":\"WebPage\",\"@id\":\"https:\/\/verdadeon.com.br\/portal\/2020\/02\/22\/carnaval-veja-o-que-abre-e-fecha-na-cidade\/\",\"url\":\"https:\/\/verdadeon.com.br\/portal\/2020\/02\/22\/carnaval-veja-o-que-abre-e-fecha-na-cidade\/\",\"name\":\"Carnaval: veja o que abre e fecha na cidade - VerdadeOn\",\"isPartOf\":{\"@id\":\"https:\/\/verdadeon.com.br\/portal\/#website\"},\"primaryImageOfPage\":{\"@id\":\"https:\/\/verdadeon.com.br\/portal\/2020\/02\/22\/carnaval-veja-o-que-abre-e-fecha-na-cidade\/#primaryimage\"},\"image\":{\"@id\":\"https:\/\/verdadeon.com.br\/portal\/2020\/02\/22\/carnaval-veja-o-que-abre-e-fecha-na-cidade\/#primaryimage\"},\"thumbnailUrl\":\"https:\/\/i0.wp.com\/verdadeon.com.br\/portal\/wp-content\/uploads\/2020\/02\/Movimento-cal%C3%A7ad%C3%A3o-foto-Lindomar-Cailton-9.jpg?fit=1000%2C668&ssl=1\",\"datePublished\":\"2020-02-22T10:00:39+00:00\",\"author\":{\"@id\":\"https:\/\/verdadeon.com.br\/portal\/#\/schema\/person\/a5060ad1e9ea3df545188fc93ce43d2f\"},\"breadcrumb\":{\"@id\":\"https:\/\/verdadeon.com.br\/portal\/2020\/02\/22\/carnaval-veja-o-que-abre-e-fecha-na-cidade\/#breadcrumb\"},\"inLanguage\":\"pt-BR\",\"potentialAction\":[{\"@type\":\"ReadAction\",\"target\":[\"https:\/\/verdadeon.com.br\/portal\/2020\/02\/22\/carnaval-veja-o-que-abre-e-fecha-na-cidade\/\"]}]},{\"@type\":\"ImageObject\",\"inLanguage\":\"pt-BR\",\"@id\":\"https:\/\/verdadeon.com.br\/portal\/2020\/02\/22\/carnaval-veja-o-que-abre-e-fecha-na-cidade\/#primaryimage\",\"url\":\"https:\/\/i0.wp.com\/verdadeon.com.br\/portal\/wp-content\/uploads\/2020\/02\/Movimento-cal%C3%A7ad%C3%A3o-foto-Lindomar-Cailton-9.jpg?fit=1000%2C668&ssl=1\",\"contentUrl\":\"https:\/\/i0.wp.com\/verdadeon.com.br\/portal\/wp-content\/uploads\/2020\/02\/Movimento-cal%C3%A7ad%C3%A3o-foto-Lindomar-Cailton-9.jpg?fit=1000%2C668&ssl=1\",\"width\":1000,\"height\":668,\"caption\":\"funcionamento - Confira os atendimentos entre s\u00e1bado (22) at\u00e9 quarta (26) | Foto: Lindomar Cailton\"},{\"@type\":\"BreadcrumbList\",\"@id\":\"https:\/\/verdadeon.com.br\/portal\/2020\/02\/22\/carnaval-veja-o-que-abre-e-fecha-na-cidade\/#breadcrumb\",\"itemListElement\":[{\"@type\":\"ListItem\",\"position\":1,\"name\":\"In\u00edcio\",\"item\":\"https:\/\/verdadeon.com.br\/portal\/\"},{\"@type\":\"ListItem\",\"position\":2,\"name\":\"Carnaval: veja o que abre e fecha na cidade\"}]},{\"@type\":\"WebSite\",\"@id\":\"https:\/\/verdadeon.com.br\/portal\/#website\",\"url\":\"https:\/\/verdadeon.com.br\/portal\/\",\"name\":\"VerdadeOn\",\"description\":\"Not\u00edcias di\u00e1rias sobre Franca, Regi\u00e3o, Esporte, Cultura, Cotidiano, Colunas. Cobertura nos principais eventos da cidade \u00e9 aqui - Verdadeon Franca\",\"potentialAction\":[{\"@type\":\"SearchAction\",\"target\":{\"@type\":\"EntryPoint\",\"urlTemplate\":\"https:\/\/verdadeon.com.br\/portal\/?s={search_term_string}\"},\"query-input\":{\"@type\":\"PropertyValueSpecification\",\"valueRequired\":true,\"valueName\":\"search_term_string\"}}],\"inLanguage\":\"pt-BR\"},{\"@type\":\"Person\",\"@id\":\"https:\/\/verdadeon.com.br\/portal\/#\/schema\/person\/a5060ad1e9ea3df545188fc93ce43d2f\",\"name\":\"Redacao VerdadeOn\",\"image\":{\"@type\":\"ImageObject\",\"inLanguage\":\"pt-BR\",\"@id\":\"https:\/\/verdadeon.com.br\/portal\/#\/schema\/person\/image\/\",\"url\":\"https:\/\/secure.gravatar.com\/avatar\/459a9613caaaf07f582c3d0841eea68bdd66f533e465e6ba8b9cb45619572cf4?s=96&d=mm&r=g\",\"contentUrl\":\"https:\/\/secure.gravatar.com\/avatar\/459a9613caaaf07f582c3d0841eea68bdd66f533e465e6ba8b9cb45619572cf4?s=96&d=mm&r=g\",\"caption\":\"Redacao VerdadeOn\"},\"url\":\"https:\/\/verdadeon.com.br\/portal\/author\/redacao\/\"}]}<\/script>\n<!-- \/ Yoast SEO plugin. -->","yoast_head_json":{"title":"Carnaval: veja o que abre e fecha na cidade - VerdadeOn","robots":{"index":"index","follow":"follow","max-snippet":"max-snippet:-1","max-image-preview":"max-image-preview:large","max-video-preview":"max-video-preview:-1"},"canonical":"https:\/\/verdadeon.com.br\/portal\/2020\/02\/22\/carnaval-veja-o-que-abre-e-fecha-na-cidade\/","og_locale":"pt_BR","og_type":"article","og_title":"Carnaval: veja o que abre e fecha na cidade - VerdadeOn","og_description":"Com\u00e9rcio, bancos e servi\u00e7os p\u00fablicos ter\u00e3o hor\u00e1rios alterados Reportagem Daniel Afonso Nos dias em que os foli\u00f5es comemoram o Carnaval, ocorrem algumas altera\u00e7\u00f5es no funcionamento de [\u2026]","og_url":"https:\/\/verdadeon.com.br\/portal\/2020\/02\/22\/carnaval-veja-o-que-abre-e-fecha-na-cidade\/","og_site_name":"VerdadeOn","article_published_time":"2020-02-22T10:00:39+00:00","author":"Redacao VerdadeOn","twitter_card":"summary_large_image","twitter_misc":{"Escrito por":"Redacao VerdadeOn","Est. tempo de leitura":"2 minutos"},"schema":{"@context":"https:\/\/schema.org","@graph":[{"@type":"WebPage","@id":"https:\/\/verdadeon.com.br\/portal\/2020\/02\/22\/carnaval-veja-o-que-abre-e-fecha-na-cidade\/","url":"https:\/\/verdadeon.com.br\/portal\/2020\/02\/22\/carnaval-veja-o-que-abre-e-fecha-na-cidade\/","name":"Carnaval: veja o que abre e fecha na cidade - VerdadeOn","isPartOf":{"@id":"https:\/\/verdadeon.com.br\/portal\/#website"},"primaryImageOfPage":{"@id":"https:\/\/verdadeon.com.br\/portal\/2020\/02\/22\/carnaval-veja-o-que-abre-e-fecha-na-cidade\/#primaryimage"},"image":{"@id":"https:\/\/verdadeon.com.br\/portal\/2020\/02\/22\/carnaval-veja-o-que-abre-e-fecha-na-cidade\/#primaryimage"},"thumbnailUrl":"https:\/\/i0.wp.com\/verdadeon.com.br\/portal\/wp-content\/uploads\/2020\/02\/Movimento-cal%C3%A7ad%C3%A3o-foto-Lindomar-Cailton-9.jpg?fit=1000%2C668&ssl=1","datePublished":"2020-02-22T10:00:39+00:00","author":{"@id":"https:\/\/verdadeon.com.br\/portal\/#\/schema\/person\/a5060ad1e9ea3df545188fc93ce43d2f"},"breadcrumb":{"@id":"https:\/\/verdadeon.com.br\/portal\/2020\/02\/22\/carnaval-veja-o-que-abre-e-fecha-na-cidade\/#breadcrumb"},"inLanguage":"pt-BR","potentialAction":[{"@type":"ReadAction","target":["https:\/\/verdadeon.com.br\/portal\/2020\/02\/22\/carnaval-veja-o-que-abre-e-fecha-na-cidade\/"]}]},{"@type":"ImageObject","inLanguage":"pt-BR","@id":"https:\/\/verdadeon.com.br\/portal\/2020\/02\/22\/carnaval-veja-o-que-abre-e-fecha-na-cidade\/#primaryimage","url":"https:\/\/i0.wp.com\/verdadeon.com.br\/portal\/wp-content\/uploads\/2020\/02\/Movimento-cal%C3%A7ad%C3%A3o-foto-Lindomar-Cailton-9.jpg?fit=1000%2C668&ssl=1","contentUrl":"https:\/\/i0.wp.com\/verdadeon.com.br\/portal\/wp-content\/uploads\/2020\/02\/Movimento-cal%C3%A7ad%C3%A3o-foto-Lindomar-Cailton-9.jpg?fit=1000%2C668&ssl=1","width":1000,"height":668,"caption":"funcionamento - Confira os atendimentos entre s\u00e1bado (22) at\u00e9 quarta (26) | Foto: Lindomar Cailton"},{"@type":"BreadcrumbList","@id":"https:\/\/verdadeon.com.br\/portal\/2020\/02\/22\/carnaval-veja-o-que-abre-e-fecha-na-cidade\/#breadcrumb","itemListElement":[{"@type":"ListItem","position":1,"name":"In\u00edcio","item":"https:\/\/verdadeon.com.br\/portal\/"},{"@type":"ListItem","position":2,"name":"Carnaval: veja o que abre e fecha na cidade"}]},{"@type":"WebSite","@id":"https:\/\/verdadeon.com.br\/portal\/#website","url":"https:\/\/verdadeon.com.br\/portal\/","name":"VerdadeOn","description":"Not\u00edcias di\u00e1rias sobre Franca, Regi\u00e3o, Esporte, Cultura, Cotidiano, Colunas. Cobertura nos principais eventos da cidade \u00e9 aqui - Verdadeon Franca","potentialAction":[{"@type":"SearchAction","target":{"@type":"EntryPoint","urlTemplate":"https:\/\/verdadeon.com.br\/portal\/?s={search_term_string}"},"query-input":{"@type":"PropertyValueSpecification","valueRequired":true,"valueName":"search_term_string"}}],"inLanguage":"pt-BR"},{"@type":"Person","@id":"https:\/\/verdadeon.com.br\/portal\/#\/schema\/person\/a5060ad1e9ea3df545188fc93ce43d2f","name":"Redacao VerdadeOn","image":{"@type":"ImageObject","inLanguage":"pt-BR","@id":"https:\/\/verdadeon.com.br\/portal\/#\/schema\/person\/image\/","url":"https:\/\/secure.gravatar.com\/avatar\/459a9613caaaf07f582c3d0841eea68bdd66f533e465e6ba8b9cb45619572cf4?s=96&d=mm&r=g","contentUrl":"https:\/\/secure.gravatar.com\/avatar\/459a9613caaaf07f582c3d0841eea68bdd66f533e465e6ba8b9cb45619572cf4?s=96&d=mm&r=g","caption":"Redacao VerdadeOn"},"url":"https:\/\/verdadeon.com.br\/portal\/author\/redacao\/"}]}},"jetpack_publicize_connections":[],"jetpack_featured_media_url":"https:\/\/i0.wp.com\/verdadeon.com.br\/portal\/wp-content\/uploads\/2020\/02\/Movimento-cal%C3%A7ad%C3%A3o-foto-Lindomar-Cailton-9.jpg?fit=1000%2C668&ssl=1","jetpack_sharing_enabled":true,"_links":{"self":[{"href":"https:\/\/verdadeon.com.br\/portal\/wp-json\/wp\/v2\/posts\/3998","targetHints":{"allow":["GET"]}}],"collection":[{"href":"https:\/\/verdadeon.com.br\/portal\/wp-json\/wp\/v2\/posts"}],"about":[{"href":"https:\/\/verdadeon.com.br\/portal\/wp-json\/wp\/v2\/types\/post"}],"author":[{"embeddable":true,"href":"https:\/\/verdadeon.com.br\/portal\/wp-json\/wp\/v2\/users\/10"}],"replies":[{"embeddable":true,"href":"https:\/\/verdadeon.com.br\/portal\/wp-json\/wp\/v2\/comments?post=3998"}],"version-history":[{"count":0,"href":"https:\/\/verdadeon.com.br\/portal\/wp-json\/wp\/v2\/posts\/3998\/revisions"}],"wp:featuredmedia":[{"embeddable":true,"href":"https:\/\/verdadeon.com.br\/portal\/wp-json\/wp\/v2\/media\/3999"}],"wp:attachment":[{"href":"https:\/\/verdadeon.com.br\/portal\/wp-json\/wp\/v2\/media?parent=3998"}],"wp:term":[{"taxonomy":"category","embeddable":true,"href":"https:\/\/verdadeon.com.br\/portal\/wp-json\/wp\/v2\/categories?post=3998"},{"taxonomy":"post_tag","embeddable":true,"href":"https:\/\/verdadeon.com.br\/portal\/wp-json\/wp\/v2\/tags?post=3998"}],"curies":[{"name":"wp","href":"https:\/\/api.w.org\/{rel}","templated":true}]}}