{"id":39848,"date":"2023-12-13T14:06:22","date_gmt":"2023-12-13T17:06:22","guid":{"rendered":"https:\/\/verdadeon.com.br\/portal\/?p=39848"},"modified":"2023-12-13T14:06:22","modified_gmt":"2023-12-13T17:06:22","slug":"no-mes-em-que-a-estacao-mais-quente-do-ano-comeca-sbmn-chama-a-atencao-para-o-diagnostico-do-cancer-de-pele","status":"publish","type":"post","link":"https:\/\/verdadeon.com.br\/portal\/2023\/12\/13\/no-mes-em-que-a-estacao-mais-quente-do-ano-comeca-sbmn-chama-a-atencao-para-o-diagnostico-do-cancer-de-pele\/","title":{"rendered":"No m\u00eas em que a esta\u00e7\u00e3o mais quente do ano come\u00e7a, SBMN chama a aten\u00e7\u00e3o para o diagn\u00f3stico do c\u00e2ncer de pele"},"content":{"rendered":"<h2>Entidade aconselha\u00a0evitar excesso de exposi\u00e7\u00e3o solar, mesmo com prote\u00e7\u00e3o, e procurar um m\u00e9dico em caso de manchas suspeitas<\/h2>\n<p>No m\u00eas em que a esta\u00e7\u00e3o mais quente do ano come\u00e7a no Brasil e o h\u00e1bito de se expor ao sol aumenta, a Sociedade Brasileira de Medicina Nuclear (SBMN) refor\u00e7a a import\u00e2ncia da campanha \u2018Dezembro Laranja\u2019, que se prop\u00f5e a incentivar a preven\u00e7\u00e3o e o diagn\u00f3stico precoce do c\u00e2ncer de pele.<\/p>\n<p>De acordo com o Instituto Nacional do C\u00e2ncer (INCA), para cada ano do tri\u00eanio 2023-2025, h\u00e1 cerca de 704 mil novos casos de tumores no Brasil. A exposi\u00e7\u00e3o prolongada \u00e0 radia\u00e7\u00e3o ultravioleta (UVA) faz com que os tumores de pele sejam os mais frequentes no pa\u00eds, correspondendo a 30% das neoplasias malignas registradas.<\/p>\n<p>Os melanomas s\u00e3o um tipo de c\u00e2ncer de pele que, apesar de serem menos frequentes, t\u00eam um potencial de malignidade dos mais severos e exigem maior aten\u00e7\u00e3o ao diagn\u00f3stico, al\u00e9m de demandarem tratamento intensificado. J\u00e1 os chamados n\u00e3o melanoma s\u00e3o os tumores de pele mais comuns, que apresentam baixa letalidade. A faixa et\u00e1ria mais acometida \u00e9 a de 50 a 69 anos, seguida pela de 70 anos ou mais.<\/p>\n<p>A Dra. Adelina Sanches,\u00a0diretora da Sociedade Brasileira de Medicina Nuclear (SBMN),\u00a0afirma que o primeiro diagn\u00f3stico pode ser feito a olho nu: \u201cDe modo geral, para preven\u00e7\u00e3o e detec\u00e7\u00e3o de neoplasias de pele, existem os par\u00e2metros de assimetria, borda, cor e evolu\u00e7\u00e3o. Ou seja, uma mancha passa a ser suspeita quando \u00e9 assim\u00e9trica, com bordas irregulares, colora\u00e7\u00e3o mais escura em diferentes tons e apresentando crescimento r\u00e1pido ou sangramento\u201d.<\/p>\n<p>Al\u00e9m disso, a Dra. Adelina destaca a medicina nuclear como uma aliada no diagn\u00f3stico e monitoramento dos tratamentos da doen\u00e7a, apontando v\u00e1rias t\u00e9cnicas que avaliam o grau de dissemina\u00e7\u00e3o, ou identificam as met\u00e1stases, bem como se as terapias aplicadas est\u00e3o sendo efetivas. &#8220;O exame PET-CT rastreia a doen\u00e7a com muita precis\u00e3o em todo o corpo e avalia a eventual redu\u00e7\u00e3o da doen\u00e7a ap\u00f3s terapias revolucion\u00e1rias como a imunoterapia&#8221;. A Diretora da SBMN ainda refor\u00e7a: &#8220;se antes, o melanoma matava pessoas em um horizonte temporal de cerca de seis meses, agora, as especialidades (dermatologia, cirurgia oncol\u00f3gica, oncologia e medicina nuclear) unem esfor\u00e7os para que o paciente viva muitos e muitos anos&#8221;<\/p>\n<p>Por fim, a Dra. Adelina refor\u00e7a que o c\u00e2ncer de pele possui cura, mas s\u00e3o necess\u00e1rias medidas para preveni-lo: \u201cUtilizar, diariamente, o protetor solar, com fator de prote\u00e7\u00e3o (FPS) 30 ou superior \u00e9 um fator essencial. Ele deve ser reaplicado a cada tr\u00eas horas, ou mais vezes, se voc\u00ea estiver se molhando ou transpirando. Usar roupas protetoras, como chap\u00e9us, \u00f3culos escuros e camisetas de manga comprida e evitar exposi\u00e7\u00e3o prolongada ao sol, especialmente entre as 10h e \u00e0s 16h, quando a radia\u00e7\u00e3o ultravioleta \u00e9 mais intensa\u201d. A diretora da SBMN finaliza mandando uma mensagem de suma import\u00e2ncia: \u201cHoje o c\u00e2ncer de pele tem cura, portanto,\u00a0se desconfiar de alguma mancha, procure um m\u00e9dico imediatamente\u201d.<\/p>\n<p><strong>Sobre a SBMN<\/strong><\/p>\n<p>Fundada em 14 de setembro de 1961, a Sociedade Brasileira de Medicina Nuclear (SBMN) tem o objetivo de integrar, promover e estimular o progresso da Medicina Nuclear no Brasil. Constitu\u00edda por m\u00e9dicos especialistas e outros profissionais de \u00e1reas correlatas, como tecn\u00f3logos, bi\u00f3logos, f\u00edsicos e qu\u00edmicos, a Sociedade tem a miss\u00e3o de trazer inova\u00e7\u00e3o, conquista e aperfei\u00e7oamento da \u00e1rea para a sa\u00fade brasileira, tornando-se refer\u00eancia nacional e internacional na representatividade da Medicina Nuclear.<\/p>\n","protected":false},"excerpt":{"rendered":"<p>Entidade aconselha\u00a0evitar excesso de exposi\u00e7\u00e3o solar, mesmo com prote\u00e7\u00e3o, e procurar um m\u00e9dico em caso de manchas suspeitas No m\u00eas em que a esta\u00e7\u00e3o mais quente<span class=\"excerpt-hellip\"> [\u2026]<\/span><\/p>\n","protected":false},"author":10,"featured_media":37845,"comment_status":"open","ping_status":"open","sticky":false,"template":"","format":"standard","meta":{"_jetpack_memberships_contains_paid_content":false,"footnotes":"","jetpack_publicize_message":"","jetpack_publicize_feature_enabled":true,"jetpack_social_post_already_shared":false,"jetpack_social_options":{"image_generator_settings":{"template":"highway","default_image_id":0,"enabled":false},"version":2}},"categories":[28,81],"tags":[],"class_list":["post-39848","post","type-post","status-publish","format-standard","has-post-thumbnail","hentry","category-cotidiano","category-manchete"],"yoast_head":"<!-- This site is optimized with the Yoast SEO plugin v25.6 - https:\/\/yoast.com\/wordpress\/plugins\/seo\/ -->\n<title>No m\u00eas em que a esta\u00e7\u00e3o mais quente do ano come\u00e7a, SBMN chama a aten\u00e7\u00e3o para o diagn\u00f3stico do c\u00e2ncer de pele - VerdadeOn<\/title>\n<meta name=\"robots\" content=\"index, follow, max-snippet:-1, max-image-preview:large, max-video-preview:-1\" \/>\n<link rel=\"canonical\" href=\"https:\/\/verdadeon.com.br\/portal\/2023\/12\/13\/no-mes-em-que-a-estacao-mais-quente-do-ano-comeca-sbmn-chama-a-atencao-para-o-diagnostico-do-cancer-de-pele\/\" \/>\n<meta property=\"og:locale\" content=\"pt_BR\" \/>\n<meta property=\"og:type\" content=\"article\" \/>\n<meta property=\"og:title\" content=\"No m\u00eas em que a esta\u00e7\u00e3o mais quente do ano come\u00e7a, SBMN chama a aten\u00e7\u00e3o para o diagn\u00f3stico do c\u00e2ncer de pele - VerdadeOn\" \/>\n<meta property=\"og:description\" content=\"Entidade aconselha\u00a0evitar excesso de exposi\u00e7\u00e3o solar, mesmo com prote\u00e7\u00e3o, e procurar um m\u00e9dico em caso de manchas suspeitas No m\u00eas em que a esta\u00e7\u00e3o mais quente [\u2026]\" \/>\n<meta property=\"og:url\" content=\"https:\/\/verdadeon.com.br\/portal\/2023\/12\/13\/no-mes-em-que-a-estacao-mais-quente-do-ano-comeca-sbmn-chama-a-atencao-para-o-diagnostico-do-cancer-de-pele\/\" \/>\n<meta property=\"og:site_name\" content=\"VerdadeOn\" \/>\n<meta property=\"article:published_time\" content=\"2023-12-13T17:06:22+00:00\" \/>\n<meta property=\"og:image\" content=\"https:\/\/verdadeon.com.br\/portal\/wp-content\/uploads\/2023\/09\/mulher-mais-velha-lutando-com-alta-temperatura-scaled.jpg\" \/>\n\t<meta property=\"og:image:width\" content=\"2560\" \/>\n\t<meta property=\"og:image:height\" content=\"1715\" \/>\n\t<meta property=\"og:image:type\" content=\"image\/jpeg\" \/>\n<meta name=\"author\" content=\"Redacao VerdadeOn\" \/>\n<meta name=\"twitter:card\" content=\"summary_large_image\" \/>\n<meta name=\"twitter:label1\" content=\"Escrito por\" \/>\n\t<meta name=\"twitter:data1\" content=\"Redacao VerdadeOn\" \/>\n\t<meta name=\"twitter:label2\" content=\"Est. tempo de leitura\" \/>\n\t<meta name=\"twitter:data2\" content=\"3 minutos\" \/>\n<script type=\"application\/ld+json\" class=\"yoast-schema-graph\">{\"@context\":\"https:\/\/schema.org\",\"@graph\":[{\"@type\":\"WebPage\",\"@id\":\"https:\/\/verdadeon.com.br\/portal\/2023\/12\/13\/no-mes-em-que-a-estacao-mais-quente-do-ano-comeca-sbmn-chama-a-atencao-para-o-diagnostico-do-cancer-de-pele\/\",\"url\":\"https:\/\/verdadeon.com.br\/portal\/2023\/12\/13\/no-mes-em-que-a-estacao-mais-quente-do-ano-comeca-sbmn-chama-a-atencao-para-o-diagnostico-do-cancer-de-pele\/\",\"name\":\"No m\u00eas em que a esta\u00e7\u00e3o mais quente do ano come\u00e7a, SBMN chama a aten\u00e7\u00e3o para o diagn\u00f3stico do c\u00e2ncer de pele - VerdadeOn\",\"isPartOf\":{\"@id\":\"https:\/\/verdadeon.com.br\/portal\/#website\"},\"primaryImageOfPage\":{\"@id\":\"https:\/\/verdadeon.com.br\/portal\/2023\/12\/13\/no-mes-em-que-a-estacao-mais-quente-do-ano-comeca-sbmn-chama-a-atencao-para-o-diagnostico-do-cancer-de-pele\/#primaryimage\"},\"image\":{\"@id\":\"https:\/\/verdadeon.com.br\/portal\/2023\/12\/13\/no-mes-em-que-a-estacao-mais-quente-do-ano-comeca-sbmn-chama-a-atencao-para-o-diagnostico-do-cancer-de-pele\/#primaryimage\"},\"thumbnailUrl\":\"https:\/\/i0.wp.com\/verdadeon.com.br\/portal\/wp-content\/uploads\/2023\/09\/mulher-mais-velha-lutando-com-alta-temperatura-scaled.jpg?fit=2560%2C1715&ssl=1\",\"datePublished\":\"2023-12-13T17:06:22+00:00\",\"author\":{\"@id\":\"https:\/\/verdadeon.com.br\/portal\/#\/schema\/person\/a5060ad1e9ea3df545188fc93ce43d2f\"},\"breadcrumb\":{\"@id\":\"https:\/\/verdadeon.com.br\/portal\/2023\/12\/13\/no-mes-em-que-a-estacao-mais-quente-do-ano-comeca-sbmn-chama-a-atencao-para-o-diagnostico-do-cancer-de-pele\/#breadcrumb\"},\"inLanguage\":\"pt-BR\",\"potentialAction\":[{\"@type\":\"ReadAction\",\"target\":[\"https:\/\/verdadeon.com.br\/portal\/2023\/12\/13\/no-mes-em-que-a-estacao-mais-quente-do-ano-comeca-sbmn-chama-a-atencao-para-o-diagnostico-do-cancer-de-pele\/\"]}]},{\"@type\":\"ImageObject\",\"inLanguage\":\"pt-BR\",\"@id\":\"https:\/\/verdadeon.com.br\/portal\/2023\/12\/13\/no-mes-em-que-a-estacao-mais-quente-do-ano-comeca-sbmn-chama-a-atencao-para-o-diagnostico-do-cancer-de-pele\/#primaryimage\",\"url\":\"https:\/\/i0.wp.com\/verdadeon.com.br\/portal\/wp-content\/uploads\/2023\/09\/mulher-mais-velha-lutando-com-alta-temperatura-scaled.jpg?fit=2560%2C1715&ssl=1\",\"contentUrl\":\"https:\/\/i0.wp.com\/verdadeon.com.br\/portal\/wp-content\/uploads\/2023\/09\/mulher-mais-velha-lutando-com-alta-temperatura-scaled.jpg?fit=2560%2C1715&ssl=1\",\"width\":2560,\"height\":1715,\"caption\":\"Per\u00edodos de seca geram baixa umidade, que devem ser observadas com cuidados \u00e0 sa\u00fade pela popula\u00e7\u00e3o (\u00a9Freepik)\"},{\"@type\":\"BreadcrumbList\",\"@id\":\"https:\/\/verdadeon.com.br\/portal\/2023\/12\/13\/no-mes-em-que-a-estacao-mais-quente-do-ano-comeca-sbmn-chama-a-atencao-para-o-diagnostico-do-cancer-de-pele\/#breadcrumb\",\"itemListElement\":[{\"@type\":\"ListItem\",\"position\":1,\"name\":\"In\u00edcio\",\"item\":\"https:\/\/verdadeon.com.br\/portal\/\"},{\"@type\":\"ListItem\",\"position\":2,\"name\":\"No m\u00eas em que a esta\u00e7\u00e3o mais quente do ano come\u00e7a, SBMN chama a aten\u00e7\u00e3o para o diagn\u00f3stico do c\u00e2ncer de pele\"}]},{\"@type\":\"WebSite\",\"@id\":\"https:\/\/verdadeon.com.br\/portal\/#website\",\"url\":\"https:\/\/verdadeon.com.br\/portal\/\",\"name\":\"VerdadeOn\",\"description\":\"Not\u00edcias di\u00e1rias sobre Franca, Regi\u00e3o, Esporte, Cultura, Cotidiano, Colunas. Cobertura nos principais eventos da cidade \u00e9 aqui - Verdadeon Franca\",\"potentialAction\":[{\"@type\":\"SearchAction\",\"target\":{\"@type\":\"EntryPoint\",\"urlTemplate\":\"https:\/\/verdadeon.com.br\/portal\/?s={search_term_string}\"},\"query-input\":{\"@type\":\"PropertyValueSpecification\",\"valueRequired\":true,\"valueName\":\"search_term_string\"}}],\"inLanguage\":\"pt-BR\"},{\"@type\":\"Person\",\"@id\":\"https:\/\/verdadeon.com.br\/portal\/#\/schema\/person\/a5060ad1e9ea3df545188fc93ce43d2f\",\"name\":\"Redacao VerdadeOn\",\"image\":{\"@type\":\"ImageObject\",\"inLanguage\":\"pt-BR\",\"@id\":\"https:\/\/verdadeon.com.br\/portal\/#\/schema\/person\/image\/\",\"url\":\"https:\/\/secure.gravatar.com\/avatar\/459a9613caaaf07f582c3d0841eea68bdd66f533e465e6ba8b9cb45619572cf4?s=96&d=mm&r=g\",\"contentUrl\":\"https:\/\/secure.gravatar.com\/avatar\/459a9613caaaf07f582c3d0841eea68bdd66f533e465e6ba8b9cb45619572cf4?s=96&d=mm&r=g\",\"caption\":\"Redacao VerdadeOn\"},\"url\":\"https:\/\/verdadeon.com.br\/portal\/author\/redacao\/\"}]}<\/script>\n<!-- \/ Yoast SEO plugin. -->","yoast_head_json":{"title":"No m\u00eas em que a esta\u00e7\u00e3o mais quente do ano come\u00e7a, SBMN chama a aten\u00e7\u00e3o para o diagn\u00f3stico do c\u00e2ncer de pele - VerdadeOn","robots":{"index":"index","follow":"follow","max-snippet":"max-snippet:-1","max-image-preview":"max-image-preview:large","max-video-preview":"max-video-preview:-1"},"canonical":"https:\/\/verdadeon.com.br\/portal\/2023\/12\/13\/no-mes-em-que-a-estacao-mais-quente-do-ano-comeca-sbmn-chama-a-atencao-para-o-diagnostico-do-cancer-de-pele\/","og_locale":"pt_BR","og_type":"article","og_title":"No m\u00eas em que a esta\u00e7\u00e3o mais quente do ano come\u00e7a, SBMN chama a aten\u00e7\u00e3o para o diagn\u00f3stico do c\u00e2ncer de pele - VerdadeOn","og_description":"Entidade aconselha\u00a0evitar excesso de exposi\u00e7\u00e3o solar, mesmo com prote\u00e7\u00e3o, e procurar um m\u00e9dico em caso de manchas suspeitas No m\u00eas em que a esta\u00e7\u00e3o mais quente [\u2026]","og_url":"https:\/\/verdadeon.com.br\/portal\/2023\/12\/13\/no-mes-em-que-a-estacao-mais-quente-do-ano-comeca-sbmn-chama-a-atencao-para-o-diagnostico-do-cancer-de-pele\/","og_site_name":"VerdadeOn","article_published_time":"2023-12-13T17:06:22+00:00","og_image":[{"width":2560,"height":1715,"url":"https:\/\/verdadeon.com.br\/portal\/wp-content\/uploads\/2023\/09\/mulher-mais-velha-lutando-com-alta-temperatura-scaled.jpg","type":"image\/jpeg"}],"author":"Redacao VerdadeOn","twitter_card":"summary_large_image","twitter_misc":{"Escrito por":"Redacao VerdadeOn","Est. tempo de leitura":"3 minutos"},"schema":{"@context":"https:\/\/schema.org","@graph":[{"@type":"WebPage","@id":"https:\/\/verdadeon.com.br\/portal\/2023\/12\/13\/no-mes-em-que-a-estacao-mais-quente-do-ano-comeca-sbmn-chama-a-atencao-para-o-diagnostico-do-cancer-de-pele\/","url":"https:\/\/verdadeon.com.br\/portal\/2023\/12\/13\/no-mes-em-que-a-estacao-mais-quente-do-ano-comeca-sbmn-chama-a-atencao-para-o-diagnostico-do-cancer-de-pele\/","name":"No m\u00eas em que a esta\u00e7\u00e3o mais quente do ano come\u00e7a, SBMN chama a aten\u00e7\u00e3o para o diagn\u00f3stico do c\u00e2ncer de pele - VerdadeOn","isPartOf":{"@id":"https:\/\/verdadeon.com.br\/portal\/#website"},"primaryImageOfPage":{"@id":"https:\/\/verdadeon.com.br\/portal\/2023\/12\/13\/no-mes-em-que-a-estacao-mais-quente-do-ano-comeca-sbmn-chama-a-atencao-para-o-diagnostico-do-cancer-de-pele\/#primaryimage"},"image":{"@id":"https:\/\/verdadeon.com.br\/portal\/2023\/12\/13\/no-mes-em-que-a-estacao-mais-quente-do-ano-comeca-sbmn-chama-a-atencao-para-o-diagnostico-do-cancer-de-pele\/#primaryimage"},"thumbnailUrl":"https:\/\/i0.wp.com\/verdadeon.com.br\/portal\/wp-content\/uploads\/2023\/09\/mulher-mais-velha-lutando-com-alta-temperatura-scaled.jpg?fit=2560%2C1715&ssl=1","datePublished":"2023-12-13T17:06:22+00:00","author":{"@id":"https:\/\/verdadeon.com.br\/portal\/#\/schema\/person\/a5060ad1e9ea3df545188fc93ce43d2f"},"breadcrumb":{"@id":"https:\/\/verdadeon.com.br\/portal\/2023\/12\/13\/no-mes-em-que-a-estacao-mais-quente-do-ano-comeca-sbmn-chama-a-atencao-para-o-diagnostico-do-cancer-de-pele\/#breadcrumb"},"inLanguage":"pt-BR","potentialAction":[{"@type":"ReadAction","target":["https:\/\/verdadeon.com.br\/portal\/2023\/12\/13\/no-mes-em-que-a-estacao-mais-quente-do-ano-comeca-sbmn-chama-a-atencao-para-o-diagnostico-do-cancer-de-pele\/"]}]},{"@type":"ImageObject","inLanguage":"pt-BR","@id":"https:\/\/verdadeon.com.br\/portal\/2023\/12\/13\/no-mes-em-que-a-estacao-mais-quente-do-ano-comeca-sbmn-chama-a-atencao-para-o-diagnostico-do-cancer-de-pele\/#primaryimage","url":"https:\/\/i0.wp.com\/verdadeon.com.br\/portal\/wp-content\/uploads\/2023\/09\/mulher-mais-velha-lutando-com-alta-temperatura-scaled.jpg?fit=2560%2C1715&ssl=1","contentUrl":"https:\/\/i0.wp.com\/verdadeon.com.br\/portal\/wp-content\/uploads\/2023\/09\/mulher-mais-velha-lutando-com-alta-temperatura-scaled.jpg?fit=2560%2C1715&ssl=1","width":2560,"height":1715,"caption":"Per\u00edodos de seca geram baixa umidade, que devem ser observadas com cuidados \u00e0 sa\u00fade pela popula\u00e7\u00e3o (\u00a9Freepik)"},{"@type":"BreadcrumbList","@id":"https:\/\/verdadeon.com.br\/portal\/2023\/12\/13\/no-mes-em-que-a-estacao-mais-quente-do-ano-comeca-sbmn-chama-a-atencao-para-o-diagnostico-do-cancer-de-pele\/#breadcrumb","itemListElement":[{"@type":"ListItem","position":1,"name":"In\u00edcio","item":"https:\/\/verdadeon.com.br\/portal\/"},{"@type":"ListItem","position":2,"name":"No m\u00eas em que a esta\u00e7\u00e3o mais quente do ano come\u00e7a, SBMN chama a aten\u00e7\u00e3o para o diagn\u00f3stico do c\u00e2ncer de pele"}]},{"@type":"WebSite","@id":"https:\/\/verdadeon.com.br\/portal\/#website","url":"https:\/\/verdadeon.com.br\/portal\/","name":"VerdadeOn","description":"Not\u00edcias di\u00e1rias sobre Franca, Regi\u00e3o, Esporte, Cultura, Cotidiano, Colunas. Cobertura nos principais eventos da cidade \u00e9 aqui - Verdadeon Franca","potentialAction":[{"@type":"SearchAction","target":{"@type":"EntryPoint","urlTemplate":"https:\/\/verdadeon.com.br\/portal\/?s={search_term_string}"},"query-input":{"@type":"PropertyValueSpecification","valueRequired":true,"valueName":"search_term_string"}}],"inLanguage":"pt-BR"},{"@type":"Person","@id":"https:\/\/verdadeon.com.br\/portal\/#\/schema\/person\/a5060ad1e9ea3df545188fc93ce43d2f","name":"Redacao VerdadeOn","image":{"@type":"ImageObject","inLanguage":"pt-BR","@id":"https:\/\/verdadeon.com.br\/portal\/#\/schema\/person\/image\/","url":"https:\/\/secure.gravatar.com\/avatar\/459a9613caaaf07f582c3d0841eea68bdd66f533e465e6ba8b9cb45619572cf4?s=96&d=mm&r=g","contentUrl":"https:\/\/secure.gravatar.com\/avatar\/459a9613caaaf07f582c3d0841eea68bdd66f533e465e6ba8b9cb45619572cf4?s=96&d=mm&r=g","caption":"Redacao VerdadeOn"},"url":"https:\/\/verdadeon.com.br\/portal\/author\/redacao\/"}]}},"jetpack_publicize_connections":[],"jetpack_featured_media_url":"https:\/\/i0.wp.com\/verdadeon.com.br\/portal\/wp-content\/uploads\/2023\/09\/mulher-mais-velha-lutando-com-alta-temperatura-scaled.jpg?fit=2560%2C1715&ssl=1","jetpack_sharing_enabled":true,"_links":{"self":[{"href":"https:\/\/verdadeon.com.br\/portal\/wp-json\/wp\/v2\/posts\/39848","targetHints":{"allow":["GET"]}}],"collection":[{"href":"https:\/\/verdadeon.com.br\/portal\/wp-json\/wp\/v2\/posts"}],"about":[{"href":"https:\/\/verdadeon.com.br\/portal\/wp-json\/wp\/v2\/types\/post"}],"author":[{"embeddable":true,"href":"https:\/\/verdadeon.com.br\/portal\/wp-json\/wp\/v2\/users\/10"}],"replies":[{"embeddable":true,"href":"https:\/\/verdadeon.com.br\/portal\/wp-json\/wp\/v2\/comments?post=39848"}],"version-history":[{"count":1,"href":"https:\/\/verdadeon.com.br\/portal\/wp-json\/wp\/v2\/posts\/39848\/revisions"}],"predecessor-version":[{"id":39849,"href":"https:\/\/verdadeon.com.br\/portal\/wp-json\/wp\/v2\/posts\/39848\/revisions\/39849"}],"wp:featuredmedia":[{"embeddable":true,"href":"https:\/\/verdadeon.com.br\/portal\/wp-json\/wp\/v2\/media\/37845"}],"wp:attachment":[{"href":"https:\/\/verdadeon.com.br\/portal\/wp-json\/wp\/v2\/media?parent=39848"}],"wp:term":[{"taxonomy":"category","embeddable":true,"href":"https:\/\/verdadeon.com.br\/portal\/wp-json\/wp\/v2\/categories?post=39848"},{"taxonomy":"post_tag","embeddable":true,"href":"https:\/\/verdadeon.com.br\/portal\/wp-json\/wp\/v2\/tags?post=39848"}],"curies":[{"name":"wp","href":"https:\/\/api.w.org\/{rel}","templated":true}]}}