{"id":39741,"date":"2023-12-09T12:45:55","date_gmt":"2023-12-09T15:45:55","guid":{"rendered":"https:\/\/verdadeon.com.br\/portal\/?p=39741"},"modified":"2023-12-09T12:45:55","modified_gmt":"2023-12-09T15:45:55","slug":"centro-paula-souza-aplica-prova-do-vestibulinho-das-etecs-neste-domingo-10","status":"publish","type":"post","link":"https:\/\/verdadeon.com.br\/portal\/2023\/12\/09\/centro-paula-souza-aplica-prova-do-vestibulinho-das-etecs-neste-domingo-10\/","title":{"rendered":"Centro Paula Souza aplica prova do Vestibulinho das Etecs neste domingo (10)"},"content":{"rendered":"<h2 class=\"excerpt\">Unidades de ensino de todo o Estado recebem candidatos que buscam uma vaga nas Escolas T\u00e9cnicas Estaduais para o primeiro semestre de 2024<\/h2>\n<p>Quem concorre a uma vaga no processo seletivo das Escolas T\u00e9cnicas Estaduais (Etecs) far\u00e1 o exame neste domingo (10), \u00e0s 13h30. O local de prova est\u00e1 dispon\u00edvel na\u00a0<a href=\"http:\/\/www.vestibulinhoetec.com.br\/\" target=\"_blank\" rel=\"noreferrer noopener\">internet<\/a>\u00a0e na unidade onde o candidato pretende estudar. O Vestibulinho das Etecs \u00e9 a porta de entrada para cursar os Ensinos T\u00e9cnico, M\u00e9dio integrado ao T\u00e9cnico, Ensino M\u00e9dio, Articula\u00e7\u00e3o da Forma\u00e7\u00e3o Profissional M\u00e9dia e Superior (AMS) e Especializa\u00e7\u00f5es T\u00e9cnicas, no primeiro semestre de 2024.<\/p>\n<p>Para evitar imprevistos no dia do exame, o candidato deve ficar atento \u00e0s seguintes informa\u00e7\u00f5es:<\/p>\n<ul>\n<li>\u00c9 recomend\u00e1vel chegar ao local da prova com uma hora de anteced\u00eancia para localizar sala e carteira;<\/li>\n<li>Os port\u00f5es das escolas ser\u00e3o abertos \u00e0s 12h30 horas e fechados \u00e0s 13h30, impreterivelmente. Ap\u00f3s o hor\u00e1rio, n\u00e3o ser\u00e1 permitida a entrada de nenhum candidato;<\/li>\n<li>A prova tem dura\u00e7\u00e3o de quatro horas. \u00c9 preciso permanecer na sala at\u00e9 as 15h30, no m\u00ednimo. S\u00f3 ap\u00f3s esse hor\u00e1rio \u00e9 poss\u00edvel deixar o local e levar o caderno de quest\u00f5es;<\/li>\n<li>\u00c9 obrigat\u00f3rio apresentar um documento de identidade original com foto, em boas condi\u00e7\u00f5es de visibilidade, para confer\u00eancia dos dados;<\/li>\n<li>O candidato tamb\u00e9m deve levar uma caneta esferogr\u00e1fica de tinta preta ou azul, l\u00e1pis preto n\u00ba 2, borracha e r\u00e9gua.<\/li>\n<\/ul>\n<p>O n\u00e3o cumprimento das\u00a0normas\u00a0que regem o Vestibulinho das Etecs implica em san\u00e7\u00f5es legais e desclassifica\u00e7\u00e3o. Mais informa\u00e7\u00f5es podem ser conferidas na\u00a0<a href=\"https:\/\/fatweb.s3.amazonaws.com\/vestibulinhoetec\/documentos\/1SEM-24\/Portaria-CEETEPS-GDS-3739-2023.pdf\" target=\"_blank\" rel=\"noreferrer noopener\">Portaria<\/a>\u00a0e no\u00a0<a href=\"https:\/\/www.vestibulinhoetec.com.br\/documentos\/\" target=\"_blank\" rel=\"noreferrer noopener\">Manual do Candidato<\/a>. O cronograma completo do processo seletivo est\u00e1 dispon\u00edvel na\u00a0<a href=\"https:\/\/www.vestibulinhoetec.com.br\/calendario\/\" target=\"_blank\" rel=\"noreferrer noopener\">internet<\/a>.<\/p>\n<p><strong>Sobre a prova<\/strong><\/p>\n<p>Para os cursos t\u00e9cnicos (presenciais, semipresenciais e online) e para as demais formas de ingresso no Ensino M\u00e9dio (Integrado ao T\u00e9cnico, AMS, diferentes itiner\u00e1rios formativos), o exame ter\u00e1 dura\u00e7\u00e3o de quatro horas. Os candidatos devem responder a 50 quest\u00f5es-teste, cada uma valendo um ponto, com cinco op\u00e7\u00f5es de respostas, em que apenas uma \u00e9 correta.<\/p>\n<p>J\u00e1 para as vagas remanescentes, que d\u00e3o acesso direto ao segundo m\u00f3dulo do Ensino T\u00e9cnico, a prova-teste ter\u00e1 30 quest\u00f5es de m\u00faltipla escolha, cada uma com cinco alternativas.<\/p>\n<p><strong>Mais informa\u00e7\u00f5es sobre o Vestibulinho das Etecs:<\/strong><\/p>\n<ul>\n<li>A prova avalia conhecimentos nas principais mat\u00e9rias da\u00a0<em>Base Nacional Comum Curricular (BNCC)<\/em>\u00a0do Ensino Fundamental II, incluindo Linguagens (Portugu\u00eas), Matem\u00e1tica, Ci\u00eancias Humanas (Geografia e Hist\u00f3ria) e Ci\u00eancias da Natureza;<\/li>\n<li>As quest\u00f5es n\u00e3o s\u00e3o separadas por disciplinas e podem ser multidisciplinares ou espec\u00edficas;<\/li>\n<li>Valores e a\u00e7\u00f5es que promovam uma sociedade mais humana, justa e sustent\u00e1vel s\u00e3o avaliados, exigindo aten\u00e7\u00e3o a temas atuais relacionados a esses t\u00f3picos;<\/li>\n<li>As perguntas abordam compet\u00eancias, como interpreta\u00e7\u00e3o de diversos tipos de texto, aplica\u00e7\u00e3o de conhecimentos do Ensino Fundamental para resolver problemas, an\u00e1lise cr\u00edtica de argumentos, reconhecimento de diferentes formas de linguagem e avalia\u00e7\u00e3o de a\u00e7\u00f5es de acordo com crit\u00e9rios estabelecidos.<\/li>\n<li>O gabarito oficial estar\u00e1 dispon\u00edvel a partir das 15 horas, do dia 14 de dezembro, no site\u00a0<a href=\"https:\/\/www.vestibulinhoetec.com.br\/home\/\" target=\"_blank\" rel=\"noreferrer noopener\">vestibulinhoetec.com.br<\/a>\u00a0e na p\u00e1gina do\u00a0<a href=\"https:\/\/www.cps.sp.gov.br\/institucional\/sobre-o-centro-paula-souza\/\" target=\"_blank\" rel=\"noreferrer noopener\">Centro Paula Souza (CPS)<\/a>, autarquia do Governo de S\u00e3o Paulo que administra as Etecs. Os mesmos endere\u00e7os disponibilizam provas e gabaritos de exames anteriores, que podem ser usados para pr\u00e1tica e familiariza\u00e7\u00e3o com o estilo da avalia\u00e7\u00e3o \u2013 acesse\u00a0<a href=\"https:\/\/www.cps.sp.gov.br\/etec\/vestibulinho\/\" target=\"_blank\" rel=\"noreferrer noopener\">aqui<\/a>.<\/li>\n<\/ul>\n<p>Outras informa\u00e7\u00f5es pelos telefones (11) 3471-4071 (Capital e Grande S\u00e3o Paulo) e 0800-772 2829 (demais localidades) ou pelo site do\u00a0<a href=\"https:\/\/www.vestibulinhoetec.com.br\/home\/\" target=\"_blank\" rel=\"noopener noreferrer\">vestibulinho<\/a>.<\/p>\n<p>Fonte: SP Not\u00edcias<\/p>\n","protected":false},"excerpt":{"rendered":"<p>Unidades de ensino de todo o Estado recebem candidatos que buscam uma vaga nas Escolas T\u00e9cnicas Estaduais para o primeiro semestre de 2024 Quem concorre a<span class=\"excerpt-hellip\"> [\u2026]<\/span><\/p>\n","protected":false},"author":10,"featured_media":39742,"comment_status":"open","ping_status":"open","sticky":false,"template":"","format":"standard","meta":{"_jetpack_memberships_contains_paid_content":false,"footnotes":"","jetpack_publicize_message":"","jetpack_publicize_feature_enabled":true,"jetpack_social_post_already_shared":false,"jetpack_social_options":{"image_generator_settings":{"template":"highway","default_image_id":0,"enabled":false},"version":2}},"categories":[28,81],"tags":[],"class_list":["post-39741","post","type-post","status-publish","format-standard","has-post-thumbnail","hentry","category-cotidiano","category-manchete"],"yoast_head":"<!-- This site is optimized with the Yoast SEO plugin v25.6 - https:\/\/yoast.com\/wordpress\/plugins\/seo\/ -->\n<title>Centro Paula Souza aplica prova do Vestibulinho das Etecs neste domingo (10) - VerdadeOn<\/title>\n<meta name=\"robots\" content=\"index, follow, max-snippet:-1, max-image-preview:large, max-video-preview:-1\" \/>\n<link rel=\"canonical\" href=\"https:\/\/verdadeon.com.br\/portal\/2023\/12\/09\/centro-paula-souza-aplica-prova-do-vestibulinho-das-etecs-neste-domingo-10\/\" \/>\n<meta property=\"og:locale\" content=\"pt_BR\" \/>\n<meta property=\"og:type\" content=\"article\" \/>\n<meta property=\"og:title\" content=\"Centro Paula Souza aplica prova do Vestibulinho das Etecs neste domingo (10) - VerdadeOn\" \/>\n<meta property=\"og:description\" content=\"Unidades de ensino de todo o Estado recebem candidatos que buscam uma vaga nas Escolas T\u00e9cnicas Estaduais para o primeiro semestre de 2024 Quem concorre a [\u2026]\" \/>\n<meta property=\"og:url\" content=\"https:\/\/verdadeon.com.br\/portal\/2023\/12\/09\/centro-paula-souza-aplica-prova-do-vestibulinho-das-etecs-neste-domingo-10\/\" \/>\n<meta property=\"og:site_name\" content=\"VerdadeOn\" \/>\n<meta property=\"article:published_time\" content=\"2023-12-09T15:45:55+00:00\" \/>\n<meta property=\"og:image\" content=\"https:\/\/verdadeon.com.br\/portal\/wp-content\/uploads\/2023\/12\/Prova-Vestibulinho-Etec_fotog_Roberto-Sungi-scaled-1.jpg\" \/>\n\t<meta property=\"og:image:width\" content=\"2542\" \/>\n\t<meta property=\"og:image:height\" content=\"1703\" \/>\n\t<meta property=\"og:image:type\" content=\"image\/jpeg\" \/>\n<meta name=\"author\" content=\"Redacao VerdadeOn\" \/>\n<meta name=\"twitter:card\" content=\"summary_large_image\" \/>\n<meta name=\"twitter:label1\" content=\"Escrito por\" \/>\n\t<meta name=\"twitter:data1\" content=\"Redacao VerdadeOn\" \/>\n\t<meta name=\"twitter:label2\" content=\"Est. tempo de leitura\" \/>\n\t<meta name=\"twitter:data2\" content=\"4 minutos\" \/>\n<script type=\"application\/ld+json\" class=\"yoast-schema-graph\">{\"@context\":\"https:\/\/schema.org\",\"@graph\":[{\"@type\":\"WebPage\",\"@id\":\"https:\/\/verdadeon.com.br\/portal\/2023\/12\/09\/centro-paula-souza-aplica-prova-do-vestibulinho-das-etecs-neste-domingo-10\/\",\"url\":\"https:\/\/verdadeon.com.br\/portal\/2023\/12\/09\/centro-paula-souza-aplica-prova-do-vestibulinho-das-etecs-neste-domingo-10\/\",\"name\":\"Centro Paula Souza aplica prova do Vestibulinho das Etecs neste domingo (10) - VerdadeOn\",\"isPartOf\":{\"@id\":\"https:\/\/verdadeon.com.br\/portal\/#website\"},\"primaryImageOfPage\":{\"@id\":\"https:\/\/verdadeon.com.br\/portal\/2023\/12\/09\/centro-paula-souza-aplica-prova-do-vestibulinho-das-etecs-neste-domingo-10\/#primaryimage\"},\"image\":{\"@id\":\"https:\/\/verdadeon.com.br\/portal\/2023\/12\/09\/centro-paula-souza-aplica-prova-do-vestibulinho-das-etecs-neste-domingo-10\/#primaryimage\"},\"thumbnailUrl\":\"https:\/\/i0.wp.com\/verdadeon.com.br\/portal\/wp-content\/uploads\/2023\/12\/Prova-Vestibulinho-Etec_fotog_Roberto-Sungi-scaled-1.jpg?fit=2542%2C1703&ssl=1\",\"datePublished\":\"2023-12-09T15:45:55+00:00\",\"author\":{\"@id\":\"https:\/\/verdadeon.com.br\/portal\/#\/schema\/person\/a5060ad1e9ea3df545188fc93ce43d2f\"},\"breadcrumb\":{\"@id\":\"https:\/\/verdadeon.com.br\/portal\/2023\/12\/09\/centro-paula-souza-aplica-prova-do-vestibulinho-das-etecs-neste-domingo-10\/#breadcrumb\"},\"inLanguage\":\"pt-BR\",\"potentialAction\":[{\"@type\":\"ReadAction\",\"target\":[\"https:\/\/verdadeon.com.br\/portal\/2023\/12\/09\/centro-paula-souza-aplica-prova-do-vestibulinho-das-etecs-neste-domingo-10\/\"]}]},{\"@type\":\"ImageObject\",\"inLanguage\":\"pt-BR\",\"@id\":\"https:\/\/verdadeon.com.br\/portal\/2023\/12\/09\/centro-paula-souza-aplica-prova-do-vestibulinho-das-etecs-neste-domingo-10\/#primaryimage\",\"url\":\"https:\/\/i0.wp.com\/verdadeon.com.br\/portal\/wp-content\/uploads\/2023\/12\/Prova-Vestibulinho-Etec_fotog_Roberto-Sungi-scaled-1.jpg?fit=2542%2C1703&ssl=1\",\"contentUrl\":\"https:\/\/i0.wp.com\/verdadeon.com.br\/portal\/wp-content\/uploads\/2023\/12\/Prova-Vestibulinho-Etec_fotog_Roberto-Sungi-scaled-1.jpg?fit=2542%2C1703&ssl=1\",\"width\":2542,\"height\":1703,\"caption\":\"Com cinco horas de dura\u00e7\u00e3o, a prova ter\u00e1 uma reda\u00e7\u00e3o e 54 quest\u00f5es de m\u00faltipla escolha, cada uma com cinco alternativas (\u00a9Roberto Sungi)\"},{\"@type\":\"BreadcrumbList\",\"@id\":\"https:\/\/verdadeon.com.br\/portal\/2023\/12\/09\/centro-paula-souza-aplica-prova-do-vestibulinho-das-etecs-neste-domingo-10\/#breadcrumb\",\"itemListElement\":[{\"@type\":\"ListItem\",\"position\":1,\"name\":\"In\u00edcio\",\"item\":\"https:\/\/verdadeon.com.br\/portal\/\"},{\"@type\":\"ListItem\",\"position\":2,\"name\":\"Centro Paula Souza aplica prova do Vestibulinho das Etecs neste domingo (10)\"}]},{\"@type\":\"WebSite\",\"@id\":\"https:\/\/verdadeon.com.br\/portal\/#website\",\"url\":\"https:\/\/verdadeon.com.br\/portal\/\",\"name\":\"VerdadeOn\",\"description\":\"Not\u00edcias di\u00e1rias sobre Franca, Regi\u00e3o, Esporte, Cultura, Cotidiano, Colunas. Cobertura nos principais eventos da cidade \u00e9 aqui - Verdadeon Franca\",\"potentialAction\":[{\"@type\":\"SearchAction\",\"target\":{\"@type\":\"EntryPoint\",\"urlTemplate\":\"https:\/\/verdadeon.com.br\/portal\/?s={search_term_string}\"},\"query-input\":{\"@type\":\"PropertyValueSpecification\",\"valueRequired\":true,\"valueName\":\"search_term_string\"}}],\"inLanguage\":\"pt-BR\"},{\"@type\":\"Person\",\"@id\":\"https:\/\/verdadeon.com.br\/portal\/#\/schema\/person\/a5060ad1e9ea3df545188fc93ce43d2f\",\"name\":\"Redacao VerdadeOn\",\"image\":{\"@type\":\"ImageObject\",\"inLanguage\":\"pt-BR\",\"@id\":\"https:\/\/verdadeon.com.br\/portal\/#\/schema\/person\/image\/\",\"url\":\"https:\/\/secure.gravatar.com\/avatar\/459a9613caaaf07f582c3d0841eea68bdd66f533e465e6ba8b9cb45619572cf4?s=96&d=mm&r=g\",\"contentUrl\":\"https:\/\/secure.gravatar.com\/avatar\/459a9613caaaf07f582c3d0841eea68bdd66f533e465e6ba8b9cb45619572cf4?s=96&d=mm&r=g\",\"caption\":\"Redacao VerdadeOn\"},\"url\":\"https:\/\/verdadeon.com.br\/portal\/author\/redacao\/\"}]}<\/script>\n<!-- \/ Yoast SEO plugin. -->","yoast_head_json":{"title":"Centro Paula Souza aplica prova do Vestibulinho das Etecs neste domingo (10) - VerdadeOn","robots":{"index":"index","follow":"follow","max-snippet":"max-snippet:-1","max-image-preview":"max-image-preview:large","max-video-preview":"max-video-preview:-1"},"canonical":"https:\/\/verdadeon.com.br\/portal\/2023\/12\/09\/centro-paula-souza-aplica-prova-do-vestibulinho-das-etecs-neste-domingo-10\/","og_locale":"pt_BR","og_type":"article","og_title":"Centro Paula Souza aplica prova do Vestibulinho das Etecs neste domingo (10) - VerdadeOn","og_description":"Unidades de ensino de todo o Estado recebem candidatos que buscam uma vaga nas Escolas T\u00e9cnicas Estaduais para o primeiro semestre de 2024 Quem concorre a [\u2026]","og_url":"https:\/\/verdadeon.com.br\/portal\/2023\/12\/09\/centro-paula-souza-aplica-prova-do-vestibulinho-das-etecs-neste-domingo-10\/","og_site_name":"VerdadeOn","article_published_time":"2023-12-09T15:45:55+00:00","og_image":[{"width":2542,"height":1703,"url":"https:\/\/verdadeon.com.br\/portal\/wp-content\/uploads\/2023\/12\/Prova-Vestibulinho-Etec_fotog_Roberto-Sungi-scaled-1.jpg","type":"image\/jpeg"}],"author":"Redacao VerdadeOn","twitter_card":"summary_large_image","twitter_misc":{"Escrito por":"Redacao VerdadeOn","Est. tempo de leitura":"4 minutos"},"schema":{"@context":"https:\/\/schema.org","@graph":[{"@type":"WebPage","@id":"https:\/\/verdadeon.com.br\/portal\/2023\/12\/09\/centro-paula-souza-aplica-prova-do-vestibulinho-das-etecs-neste-domingo-10\/","url":"https:\/\/verdadeon.com.br\/portal\/2023\/12\/09\/centro-paula-souza-aplica-prova-do-vestibulinho-das-etecs-neste-domingo-10\/","name":"Centro Paula Souza aplica prova do Vestibulinho das Etecs neste domingo (10) - VerdadeOn","isPartOf":{"@id":"https:\/\/verdadeon.com.br\/portal\/#website"},"primaryImageOfPage":{"@id":"https:\/\/verdadeon.com.br\/portal\/2023\/12\/09\/centro-paula-souza-aplica-prova-do-vestibulinho-das-etecs-neste-domingo-10\/#primaryimage"},"image":{"@id":"https:\/\/verdadeon.com.br\/portal\/2023\/12\/09\/centro-paula-souza-aplica-prova-do-vestibulinho-das-etecs-neste-domingo-10\/#primaryimage"},"thumbnailUrl":"https:\/\/i0.wp.com\/verdadeon.com.br\/portal\/wp-content\/uploads\/2023\/12\/Prova-Vestibulinho-Etec_fotog_Roberto-Sungi-scaled-1.jpg?fit=2542%2C1703&ssl=1","datePublished":"2023-12-09T15:45:55+00:00","author":{"@id":"https:\/\/verdadeon.com.br\/portal\/#\/schema\/person\/a5060ad1e9ea3df545188fc93ce43d2f"},"breadcrumb":{"@id":"https:\/\/verdadeon.com.br\/portal\/2023\/12\/09\/centro-paula-souza-aplica-prova-do-vestibulinho-das-etecs-neste-domingo-10\/#breadcrumb"},"inLanguage":"pt-BR","potentialAction":[{"@type":"ReadAction","target":["https:\/\/verdadeon.com.br\/portal\/2023\/12\/09\/centro-paula-souza-aplica-prova-do-vestibulinho-das-etecs-neste-domingo-10\/"]}]},{"@type":"ImageObject","inLanguage":"pt-BR","@id":"https:\/\/verdadeon.com.br\/portal\/2023\/12\/09\/centro-paula-souza-aplica-prova-do-vestibulinho-das-etecs-neste-domingo-10\/#primaryimage","url":"https:\/\/i0.wp.com\/verdadeon.com.br\/portal\/wp-content\/uploads\/2023\/12\/Prova-Vestibulinho-Etec_fotog_Roberto-Sungi-scaled-1.jpg?fit=2542%2C1703&ssl=1","contentUrl":"https:\/\/i0.wp.com\/verdadeon.com.br\/portal\/wp-content\/uploads\/2023\/12\/Prova-Vestibulinho-Etec_fotog_Roberto-Sungi-scaled-1.jpg?fit=2542%2C1703&ssl=1","width":2542,"height":1703,"caption":"Com cinco horas de dura\u00e7\u00e3o, a prova ter\u00e1 uma reda\u00e7\u00e3o e 54 quest\u00f5es de m\u00faltipla escolha, cada uma com cinco alternativas (\u00a9Roberto Sungi)"},{"@type":"BreadcrumbList","@id":"https:\/\/verdadeon.com.br\/portal\/2023\/12\/09\/centro-paula-souza-aplica-prova-do-vestibulinho-das-etecs-neste-domingo-10\/#breadcrumb","itemListElement":[{"@type":"ListItem","position":1,"name":"In\u00edcio","item":"https:\/\/verdadeon.com.br\/portal\/"},{"@type":"ListItem","position":2,"name":"Centro Paula Souza aplica prova do Vestibulinho das Etecs neste domingo (10)"}]},{"@type":"WebSite","@id":"https:\/\/verdadeon.com.br\/portal\/#website","url":"https:\/\/verdadeon.com.br\/portal\/","name":"VerdadeOn","description":"Not\u00edcias di\u00e1rias sobre Franca, Regi\u00e3o, Esporte, Cultura, Cotidiano, Colunas. Cobertura nos principais eventos da cidade \u00e9 aqui - Verdadeon Franca","potentialAction":[{"@type":"SearchAction","target":{"@type":"EntryPoint","urlTemplate":"https:\/\/verdadeon.com.br\/portal\/?s={search_term_string}"},"query-input":{"@type":"PropertyValueSpecification","valueRequired":true,"valueName":"search_term_string"}}],"inLanguage":"pt-BR"},{"@type":"Person","@id":"https:\/\/verdadeon.com.br\/portal\/#\/schema\/person\/a5060ad1e9ea3df545188fc93ce43d2f","name":"Redacao VerdadeOn","image":{"@type":"ImageObject","inLanguage":"pt-BR","@id":"https:\/\/verdadeon.com.br\/portal\/#\/schema\/person\/image\/","url":"https:\/\/secure.gravatar.com\/avatar\/459a9613caaaf07f582c3d0841eea68bdd66f533e465e6ba8b9cb45619572cf4?s=96&d=mm&r=g","contentUrl":"https:\/\/secure.gravatar.com\/avatar\/459a9613caaaf07f582c3d0841eea68bdd66f533e465e6ba8b9cb45619572cf4?s=96&d=mm&r=g","caption":"Redacao VerdadeOn"},"url":"https:\/\/verdadeon.com.br\/portal\/author\/redacao\/"}]}},"jetpack_publicize_connections":[],"jetpack_featured_media_url":"https:\/\/i0.wp.com\/verdadeon.com.br\/portal\/wp-content\/uploads\/2023\/12\/Prova-Vestibulinho-Etec_fotog_Roberto-Sungi-scaled-1.jpg?fit=2542%2C1703&ssl=1","jetpack_sharing_enabled":true,"_links":{"self":[{"href":"https:\/\/verdadeon.com.br\/portal\/wp-json\/wp\/v2\/posts\/39741","targetHints":{"allow":["GET"]}}],"collection":[{"href":"https:\/\/verdadeon.com.br\/portal\/wp-json\/wp\/v2\/posts"}],"about":[{"href":"https:\/\/verdadeon.com.br\/portal\/wp-json\/wp\/v2\/types\/post"}],"author":[{"embeddable":true,"href":"https:\/\/verdadeon.com.br\/portal\/wp-json\/wp\/v2\/users\/10"}],"replies":[{"embeddable":true,"href":"https:\/\/verdadeon.com.br\/portal\/wp-json\/wp\/v2\/comments?post=39741"}],"version-history":[{"count":1,"href":"https:\/\/verdadeon.com.br\/portal\/wp-json\/wp\/v2\/posts\/39741\/revisions"}],"predecessor-version":[{"id":39743,"href":"https:\/\/verdadeon.com.br\/portal\/wp-json\/wp\/v2\/posts\/39741\/revisions\/39743"}],"wp:featuredmedia":[{"embeddable":true,"href":"https:\/\/verdadeon.com.br\/portal\/wp-json\/wp\/v2\/media\/39742"}],"wp:attachment":[{"href":"https:\/\/verdadeon.com.br\/portal\/wp-json\/wp\/v2\/media?parent=39741"}],"wp:term":[{"taxonomy":"category","embeddable":true,"href":"https:\/\/verdadeon.com.br\/portal\/wp-json\/wp\/v2\/categories?post=39741"},{"taxonomy":"post_tag","embeddable":true,"href":"https:\/\/verdadeon.com.br\/portal\/wp-json\/wp\/v2\/tags?post=39741"}],"curies":[{"name":"wp","href":"https:\/\/api.w.org\/{rel}","templated":true}]}}