{"id":39738,"date":"2023-12-09T12:43:16","date_gmt":"2023-12-09T15:43:16","guid":{"rendered":"https:\/\/verdadeon.com.br\/portal\/?p=39738"},"modified":"2023-12-09T12:43:16","modified_gmt":"2023-12-09T15:43:16","slug":"brasil-conhece-adversarios-da-copa-america-2024","status":"publish","type":"post","link":"https:\/\/verdadeon.com.br\/portal\/2023\/12\/09\/brasil-conhece-adversarios-da-copa-america-2024\/","title":{"rendered":"Brasil conhece advers\u00e1rios da Copa Am\u00e9rica 2024"},"content":{"rendered":"<div class=\"row\">\n<h2 class=\"col-10 offset-1 animated fadeInDown dealy-900 display-8 display-md-8 alt-font font-italic my-1 text-center\">Estreia da sele\u00e7\u00e3o ser\u00e1 em 21 de junho contra time da Concacaf<\/h2>\n<p>A sele\u00e7\u00e3o brasileira conheceu o seu caminho na primeira fase da pr\u00f3xima edi\u00e7\u00e3o da Copa Am\u00e9rica de futebol masculino, que ser\u00e1 disputada entre os dias 20 de junho e 14 de julho de 2024 nos Estados Unidos. Sorteio realizado nesta quinta-feira (7) pela Conmebol (Confedera\u00e7\u00e3o Sul-Americana de Futebol) definiu que o Brasil jogar\u00e1 no Grupo D ao lado da Col\u00f4mbia, do Paraguai e de um representante ainda a ser definido da Concacaf (Confedera\u00e7\u00e3o de Futebol da Am\u00e9rica do Norte, Central e Caribe).<img data-recalc-dims=\"1\" decoding=\"async\" src=\"https:\/\/i0.wp.com\/agenciabrasil.ebc.com.br\/ebc.png?w=1220&#038;ssl=1\" \/><img data-recalc-dims=\"1\" decoding=\"async\" src=\"https:\/\/i0.wp.com\/agenciabrasil.ebc.com.br\/ebc.gif?w=1220&#038;ssl=1\" \/><\/p>\n<p>E a estreia da equipe comandada pelo t\u00e9cnico Fernando Diniz ser\u00e1 justamente contra a equipe da Concacaf (que pode ser Costa Rica ou Honduras), no dia 21 de junho no SoFI Stadium, em Inglewood. O segundo compromisso do Brasil \u00e9 diante do Paraguai, no dia 28 de junho no Allegiant Stadium, em Las Vegas.<\/p>\n<p>A \u00faltima participa\u00e7\u00e3o da sele\u00e7\u00e3o brasileira na fase inicial da competi\u00e7\u00e3o ser\u00e1 no dia 2 de julho, contra a Col\u00f4mbia no Levi&#8217;s Stadium, em Santa Clara.<\/p>\n<p><strong>Grupos e datas<\/strong><\/p>\n<p>A campe\u00e3 mundial Argentina est\u00e1 no Grupo A da competi\u00e7\u00e3o, junto com Peru, Chile e um representante da Concacaf (que ser\u00e1 Canad\u00e1 ou Trinidad e Tobago). J\u00e1 o Grupo B \u00e9 formado por M\u00e9xico, Equador, Venezuela e Jamaica. Por fim, o Grupo C conta com Estados Unidos, Uruguai, Panam\u00e1 e Bol\u00edvia.<\/p>\n<p>A fase de grupos da competi\u00e7\u00e3o, que ter\u00e1 a participa\u00e7\u00e3o de 10 sele\u00e7\u00f5es da Conmebol e de 6 sele\u00e7\u00f5es convidadas da Concacaf (Confedera\u00e7\u00e3o de Futebol da Am\u00e9rica do Norte, Central e Caribe), ser\u00e1 disputada entre 20 de junho e 2 de julho de 2024. As partidas das quartas de final ser\u00e3o nos dias 4 e 6 de julho, as semifinais nos dias 9 e 10 de julho, o jogo que definir\u00e1 o terceiro colocado no dia 13 de julho, enquanto a grande final est\u00e1 marcada para 14 de julho.<\/p>\n<p><strong>Est\u00e1dios da Copa Am\u00e9rica 2024:<\/strong><\/p>\n<p>Allegiant Stadium, Las Vegas, Nevada<br \/>\nAT&amp;T Stadium, Arlington, Texas<br \/>\nBank of America Stadium, Charlotte, North Carolina<br \/>\nChildren\u2019s Mercy Park, Kansas City, Kansas<br \/>\nExploria Stadium, Orlando, Fl\u00f3rida<br \/>\nGEHA Field at Arrowhead Stadium, Kansas City, Missouri<br \/>\nHard Rock Stadium, Miami Gardens, Fl\u00f3rida<br \/>\nLevi\u2019s Stadium, Santa Clara, Calif\u00f3rnia<br \/>\nMercedes-Benz Stadium, Atlanta, Georgia<br \/>\nMetLife Stadium, East Rutherford, New Jersey<br \/>\nNRG Stadium, Houston, Texas<br \/>\nQ2 Stadium, Austin, Texas<br \/>\nSoFi Stadium, Inglewood, Calif\u00f3rnia<br \/>\nState Farm Stadium, Glendale, Arizona<\/p>\n<p>Fonte: Ag\u00eancia Brasil<\/p>\n<\/div>\n","protected":false},"excerpt":{"rendered":"<p>Estreia da sele\u00e7\u00e3o ser\u00e1 em 21 de junho contra time da Concacaf A sele\u00e7\u00e3o brasileira conheceu o seu caminho na primeira fase da pr\u00f3xima edi\u00e7\u00e3o da<span class=\"excerpt-hellip\"> [\u2026]<\/span><\/p>\n","protected":false},"author":10,"featured_media":39739,"comment_status":"open","ping_status":"open","sticky":false,"template":"","format":"standard","meta":{"_jetpack_memberships_contains_paid_content":false,"footnotes":"","jetpack_publicize_message":"","jetpack_publicize_feature_enabled":true,"jetpack_social_post_already_shared":false,"jetpack_social_options":{"image_generator_settings":{"template":"highway","default_image_id":0,"enabled":false},"version":2}},"categories":[28,81],"tags":[],"class_list":["post-39738","post","type-post","status-publish","format-standard","has-post-thumbnail","hentry","category-cotidiano","category-manchete"],"yoast_head":"<!-- This site is optimized with the Yoast SEO plugin v25.6 - https:\/\/yoast.com\/wordpress\/plugins\/seo\/ -->\n<title>Brasil conhece advers\u00e1rios da Copa Am\u00e9rica 2024 - VerdadeOn<\/title>\n<meta name=\"robots\" content=\"index, follow, max-snippet:-1, max-image-preview:large, max-video-preview:-1\" \/>\n<link rel=\"canonical\" href=\"https:\/\/verdadeon.com.br\/portal\/2023\/12\/09\/brasil-conhece-adversarios-da-copa-america-2024\/\" \/>\n<meta property=\"og:locale\" content=\"pt_BR\" \/>\n<meta property=\"og:type\" content=\"article\" \/>\n<meta property=\"og:title\" content=\"Brasil conhece advers\u00e1rios da Copa Am\u00e9rica 2024 - VerdadeOn\" \/>\n<meta property=\"og:description\" content=\"Estreia da sele\u00e7\u00e3o ser\u00e1 em 21 de junho contra time da Concacaf A sele\u00e7\u00e3o brasileira conheceu o seu caminho na primeira fase da pr\u00f3xima edi\u00e7\u00e3o da [\u2026]\" \/>\n<meta property=\"og:url\" content=\"https:\/\/verdadeon.com.br\/portal\/2023\/12\/09\/brasil-conhece-adversarios-da-copa-america-2024\/\" \/>\n<meta property=\"og:site_name\" content=\"VerdadeOn\" \/>\n<meta property=\"article:published_time\" content=\"2023-12-09T15:43:16+00:00\" \/>\n<meta property=\"og:image\" content=\"https:\/\/verdadeon.com.br\/portal\/wp-content\/uploads\/2023\/12\/AnyConv.com__trofeo-copa-america-conmebol-9807.jpeg\" \/>\n\t<meta property=\"og:image:width\" content=\"1044\" \/>\n\t<meta property=\"og:image:height\" content=\"700\" \/>\n\t<meta property=\"og:image:type\" content=\"image\/jpeg\" \/>\n<meta name=\"author\" content=\"Redacao VerdadeOn\" \/>\n<meta name=\"twitter:card\" content=\"summary_large_image\" \/>\n<meta name=\"twitter:label1\" content=\"Escrito por\" \/>\n\t<meta name=\"twitter:data1\" content=\"Redacao VerdadeOn\" \/>\n\t<meta name=\"twitter:label2\" content=\"Est. tempo de leitura\" \/>\n\t<meta name=\"twitter:data2\" content=\"3 minutos\" \/>\n<script type=\"application\/ld+json\" class=\"yoast-schema-graph\">{\"@context\":\"https:\/\/schema.org\",\"@graph\":[{\"@type\":\"WebPage\",\"@id\":\"https:\/\/verdadeon.com.br\/portal\/2023\/12\/09\/brasil-conhece-adversarios-da-copa-america-2024\/\",\"url\":\"https:\/\/verdadeon.com.br\/portal\/2023\/12\/09\/brasil-conhece-adversarios-da-copa-america-2024\/\",\"name\":\"Brasil conhece advers\u00e1rios da Copa Am\u00e9rica 2024 - VerdadeOn\",\"isPartOf\":{\"@id\":\"https:\/\/verdadeon.com.br\/portal\/#website\"},\"primaryImageOfPage\":{\"@id\":\"https:\/\/verdadeon.com.br\/portal\/2023\/12\/09\/brasil-conhece-adversarios-da-copa-america-2024\/#primaryimage\"},\"image\":{\"@id\":\"https:\/\/verdadeon.com.br\/portal\/2023\/12\/09\/brasil-conhece-adversarios-da-copa-america-2024\/#primaryimage\"},\"thumbnailUrl\":\"https:\/\/i0.wp.com\/verdadeon.com.br\/portal\/wp-content\/uploads\/2023\/12\/AnyConv.com__trofeo-copa-america-conmebol-9807.jpeg?fit=1044%2C700&ssl=1\",\"datePublished\":\"2023-12-09T15:43:16+00:00\",\"author\":{\"@id\":\"https:\/\/verdadeon.com.br\/portal\/#\/schema\/person\/a5060ad1e9ea3df545188fc93ce43d2f\"},\"breadcrumb\":{\"@id\":\"https:\/\/verdadeon.com.br\/portal\/2023\/12\/09\/brasil-conhece-adversarios-da-copa-america-2024\/#breadcrumb\"},\"inLanguage\":\"pt-BR\",\"potentialAction\":[{\"@type\":\"ReadAction\",\"target\":[\"https:\/\/verdadeon.com.br\/portal\/2023\/12\/09\/brasil-conhece-adversarios-da-copa-america-2024\/\"]}]},{\"@type\":\"ImageObject\",\"inLanguage\":\"pt-BR\",\"@id\":\"https:\/\/verdadeon.com.br\/portal\/2023\/12\/09\/brasil-conhece-adversarios-da-copa-america-2024\/#primaryimage\",\"url\":\"https:\/\/i0.wp.com\/verdadeon.com.br\/portal\/wp-content\/uploads\/2023\/12\/AnyConv.com__trofeo-copa-america-conmebol-9807.jpeg?fit=1044%2C700&ssl=1\",\"contentUrl\":\"https:\/\/i0.wp.com\/verdadeon.com.br\/portal\/wp-content\/uploads\/2023\/12\/AnyConv.com__trofeo-copa-america-conmebol-9807.jpeg?fit=1044%2C700&ssl=1\",\"width\":1044,\"height\":700,\"caption\":\"A \u00faltima participa\u00e7\u00e3o da sele\u00e7\u00e3o brasileira na fase inicial da competi\u00e7\u00e3o ser\u00e1 no dia 2 de julho, contra a Col\u00f4mbia no Levi's Stadium, em Santa Clara (\u00a9Divulga\u00e7\u00e3o\/Conmebol\/Direitos Reservados)\"},{\"@type\":\"BreadcrumbList\",\"@id\":\"https:\/\/verdadeon.com.br\/portal\/2023\/12\/09\/brasil-conhece-adversarios-da-copa-america-2024\/#breadcrumb\",\"itemListElement\":[{\"@type\":\"ListItem\",\"position\":1,\"name\":\"In\u00edcio\",\"item\":\"https:\/\/verdadeon.com.br\/portal\/\"},{\"@type\":\"ListItem\",\"position\":2,\"name\":\"Brasil conhece advers\u00e1rios da Copa Am\u00e9rica 2024\"}]},{\"@type\":\"WebSite\",\"@id\":\"https:\/\/verdadeon.com.br\/portal\/#website\",\"url\":\"https:\/\/verdadeon.com.br\/portal\/\",\"name\":\"VerdadeOn\",\"description\":\"Not\u00edcias di\u00e1rias sobre Franca, Regi\u00e3o, Esporte, Cultura, Cotidiano, Colunas. Cobertura nos principais eventos da cidade \u00e9 aqui - Verdadeon Franca\",\"potentialAction\":[{\"@type\":\"SearchAction\",\"target\":{\"@type\":\"EntryPoint\",\"urlTemplate\":\"https:\/\/verdadeon.com.br\/portal\/?s={search_term_string}\"},\"query-input\":{\"@type\":\"PropertyValueSpecification\",\"valueRequired\":true,\"valueName\":\"search_term_string\"}}],\"inLanguage\":\"pt-BR\"},{\"@type\":\"Person\",\"@id\":\"https:\/\/verdadeon.com.br\/portal\/#\/schema\/person\/a5060ad1e9ea3df545188fc93ce43d2f\",\"name\":\"Redacao VerdadeOn\",\"image\":{\"@type\":\"ImageObject\",\"inLanguage\":\"pt-BR\",\"@id\":\"https:\/\/verdadeon.com.br\/portal\/#\/schema\/person\/image\/\",\"url\":\"https:\/\/secure.gravatar.com\/avatar\/459a9613caaaf07f582c3d0841eea68bdd66f533e465e6ba8b9cb45619572cf4?s=96&d=mm&r=g\",\"contentUrl\":\"https:\/\/secure.gravatar.com\/avatar\/459a9613caaaf07f582c3d0841eea68bdd66f533e465e6ba8b9cb45619572cf4?s=96&d=mm&r=g\",\"caption\":\"Redacao VerdadeOn\"},\"url\":\"https:\/\/verdadeon.com.br\/portal\/author\/redacao\/\"}]}<\/script>\n<!-- \/ Yoast SEO plugin. -->","yoast_head_json":{"title":"Brasil conhece advers\u00e1rios da Copa Am\u00e9rica 2024 - VerdadeOn","robots":{"index":"index","follow":"follow","max-snippet":"max-snippet:-1","max-image-preview":"max-image-preview:large","max-video-preview":"max-video-preview:-1"},"canonical":"https:\/\/verdadeon.com.br\/portal\/2023\/12\/09\/brasil-conhece-adversarios-da-copa-america-2024\/","og_locale":"pt_BR","og_type":"article","og_title":"Brasil conhece advers\u00e1rios da Copa Am\u00e9rica 2024 - VerdadeOn","og_description":"Estreia da sele\u00e7\u00e3o ser\u00e1 em 21 de junho contra time da Concacaf A sele\u00e7\u00e3o brasileira conheceu o seu caminho na primeira fase da pr\u00f3xima edi\u00e7\u00e3o da [\u2026]","og_url":"https:\/\/verdadeon.com.br\/portal\/2023\/12\/09\/brasil-conhece-adversarios-da-copa-america-2024\/","og_site_name":"VerdadeOn","article_published_time":"2023-12-09T15:43:16+00:00","og_image":[{"width":1044,"height":700,"url":"https:\/\/verdadeon.com.br\/portal\/wp-content\/uploads\/2023\/12\/AnyConv.com__trofeo-copa-america-conmebol-9807.jpeg","type":"image\/jpeg"}],"author":"Redacao VerdadeOn","twitter_card":"summary_large_image","twitter_misc":{"Escrito por":"Redacao VerdadeOn","Est. tempo de leitura":"3 minutos"},"schema":{"@context":"https:\/\/schema.org","@graph":[{"@type":"WebPage","@id":"https:\/\/verdadeon.com.br\/portal\/2023\/12\/09\/brasil-conhece-adversarios-da-copa-america-2024\/","url":"https:\/\/verdadeon.com.br\/portal\/2023\/12\/09\/brasil-conhece-adversarios-da-copa-america-2024\/","name":"Brasil conhece advers\u00e1rios da Copa Am\u00e9rica 2024 - VerdadeOn","isPartOf":{"@id":"https:\/\/verdadeon.com.br\/portal\/#website"},"primaryImageOfPage":{"@id":"https:\/\/verdadeon.com.br\/portal\/2023\/12\/09\/brasil-conhece-adversarios-da-copa-america-2024\/#primaryimage"},"image":{"@id":"https:\/\/verdadeon.com.br\/portal\/2023\/12\/09\/brasil-conhece-adversarios-da-copa-america-2024\/#primaryimage"},"thumbnailUrl":"https:\/\/i0.wp.com\/verdadeon.com.br\/portal\/wp-content\/uploads\/2023\/12\/AnyConv.com__trofeo-copa-america-conmebol-9807.jpeg?fit=1044%2C700&ssl=1","datePublished":"2023-12-09T15:43:16+00:00","author":{"@id":"https:\/\/verdadeon.com.br\/portal\/#\/schema\/person\/a5060ad1e9ea3df545188fc93ce43d2f"},"breadcrumb":{"@id":"https:\/\/verdadeon.com.br\/portal\/2023\/12\/09\/brasil-conhece-adversarios-da-copa-america-2024\/#breadcrumb"},"inLanguage":"pt-BR","potentialAction":[{"@type":"ReadAction","target":["https:\/\/verdadeon.com.br\/portal\/2023\/12\/09\/brasil-conhece-adversarios-da-copa-america-2024\/"]}]},{"@type":"ImageObject","inLanguage":"pt-BR","@id":"https:\/\/verdadeon.com.br\/portal\/2023\/12\/09\/brasil-conhece-adversarios-da-copa-america-2024\/#primaryimage","url":"https:\/\/i0.wp.com\/verdadeon.com.br\/portal\/wp-content\/uploads\/2023\/12\/AnyConv.com__trofeo-copa-america-conmebol-9807.jpeg?fit=1044%2C700&ssl=1","contentUrl":"https:\/\/i0.wp.com\/verdadeon.com.br\/portal\/wp-content\/uploads\/2023\/12\/AnyConv.com__trofeo-copa-america-conmebol-9807.jpeg?fit=1044%2C700&ssl=1","width":1044,"height":700,"caption":"A \u00faltima participa\u00e7\u00e3o da sele\u00e7\u00e3o brasileira na fase inicial da competi\u00e7\u00e3o ser\u00e1 no dia 2 de julho, contra a Col\u00f4mbia no Levi's Stadium, em Santa Clara (\u00a9Divulga\u00e7\u00e3o\/Conmebol\/Direitos Reservados)"},{"@type":"BreadcrumbList","@id":"https:\/\/verdadeon.com.br\/portal\/2023\/12\/09\/brasil-conhece-adversarios-da-copa-america-2024\/#breadcrumb","itemListElement":[{"@type":"ListItem","position":1,"name":"In\u00edcio","item":"https:\/\/verdadeon.com.br\/portal\/"},{"@type":"ListItem","position":2,"name":"Brasil conhece advers\u00e1rios da Copa Am\u00e9rica 2024"}]},{"@type":"WebSite","@id":"https:\/\/verdadeon.com.br\/portal\/#website","url":"https:\/\/verdadeon.com.br\/portal\/","name":"VerdadeOn","description":"Not\u00edcias di\u00e1rias sobre Franca, Regi\u00e3o, Esporte, Cultura, Cotidiano, Colunas. Cobertura nos principais eventos da cidade \u00e9 aqui - Verdadeon Franca","potentialAction":[{"@type":"SearchAction","target":{"@type":"EntryPoint","urlTemplate":"https:\/\/verdadeon.com.br\/portal\/?s={search_term_string}"},"query-input":{"@type":"PropertyValueSpecification","valueRequired":true,"valueName":"search_term_string"}}],"inLanguage":"pt-BR"},{"@type":"Person","@id":"https:\/\/verdadeon.com.br\/portal\/#\/schema\/person\/a5060ad1e9ea3df545188fc93ce43d2f","name":"Redacao VerdadeOn","image":{"@type":"ImageObject","inLanguage":"pt-BR","@id":"https:\/\/verdadeon.com.br\/portal\/#\/schema\/person\/image\/","url":"https:\/\/secure.gravatar.com\/avatar\/459a9613caaaf07f582c3d0841eea68bdd66f533e465e6ba8b9cb45619572cf4?s=96&d=mm&r=g","contentUrl":"https:\/\/secure.gravatar.com\/avatar\/459a9613caaaf07f582c3d0841eea68bdd66f533e465e6ba8b9cb45619572cf4?s=96&d=mm&r=g","caption":"Redacao VerdadeOn"},"url":"https:\/\/verdadeon.com.br\/portal\/author\/redacao\/"}]}},"jetpack_publicize_connections":[],"jetpack_featured_media_url":"https:\/\/i0.wp.com\/verdadeon.com.br\/portal\/wp-content\/uploads\/2023\/12\/AnyConv.com__trofeo-copa-america-conmebol-9807.jpeg?fit=1044%2C700&ssl=1","jetpack_sharing_enabled":true,"_links":{"self":[{"href":"https:\/\/verdadeon.com.br\/portal\/wp-json\/wp\/v2\/posts\/39738","targetHints":{"allow":["GET"]}}],"collection":[{"href":"https:\/\/verdadeon.com.br\/portal\/wp-json\/wp\/v2\/posts"}],"about":[{"href":"https:\/\/verdadeon.com.br\/portal\/wp-json\/wp\/v2\/types\/post"}],"author":[{"embeddable":true,"href":"https:\/\/verdadeon.com.br\/portal\/wp-json\/wp\/v2\/users\/10"}],"replies":[{"embeddable":true,"href":"https:\/\/verdadeon.com.br\/portal\/wp-json\/wp\/v2\/comments?post=39738"}],"version-history":[{"count":1,"href":"https:\/\/verdadeon.com.br\/portal\/wp-json\/wp\/v2\/posts\/39738\/revisions"}],"predecessor-version":[{"id":39740,"href":"https:\/\/verdadeon.com.br\/portal\/wp-json\/wp\/v2\/posts\/39738\/revisions\/39740"}],"wp:featuredmedia":[{"embeddable":true,"href":"https:\/\/verdadeon.com.br\/portal\/wp-json\/wp\/v2\/media\/39739"}],"wp:attachment":[{"href":"https:\/\/verdadeon.com.br\/portal\/wp-json\/wp\/v2\/media?parent=39738"}],"wp:term":[{"taxonomy":"category","embeddable":true,"href":"https:\/\/verdadeon.com.br\/portal\/wp-json\/wp\/v2\/categories?post=39738"},{"taxonomy":"post_tag","embeddable":true,"href":"https:\/\/verdadeon.com.br\/portal\/wp-json\/wp\/v2\/tags?post=39738"}],"curies":[{"name":"wp","href":"https:\/\/api.w.org\/{rel}","templated":true}]}}