{"id":39735,"date":"2023-12-09T12:28:00","date_gmt":"2023-12-09T15:28:00","guid":{"rendered":"https:\/\/verdadeon.com.br\/portal\/?p=39735"},"modified":"2023-12-09T14:59:08","modified_gmt":"2023-12-09T17:59:08","slug":"memorial-a-biblia-e-reinaugurado-no-praca-joao-mendes","status":"publish","type":"post","link":"https:\/\/verdadeon.com.br\/portal\/2023\/12\/09\/memorial-a-biblia-e-reinaugurado-no-praca-joao-mendes\/","title":{"rendered":"Memorial \u00e0 B\u00edblia \u00e9 reinaugurado na Pra\u00e7a Jo\u00e3o Mendes"},"content":{"rendered":"<h2>Antigo monumento foi constru\u00eddo na d\u00e9cada de 70<\/h2>\n<p>Franca ganhou um novo espa\u00e7o para ora\u00e7\u00f5es na manh\u00e3 deste s\u00e1bado, 9. Ap\u00f3s anos de abandono causado por depreda\u00e7\u00e3o, o Memorial \u00e0 B\u00edblia, existente na Pra\u00e7a Jo\u00e3o Mendes, foi restaurado e entregue a popula\u00e7\u00e3o.<\/p>\n<p>O monumento foi constru\u00eddo no final da d\u00e9cada de 70 e sofreu com a a\u00e7\u00e3o do tempo e com vandalismo ao longo dos anos. Placas e objetos que ornamentavam o espa\u00e7o foram furtadas. \u201cEu vi o estado de abandono e me entristeci. Fiz uma postagem convidando volunt\u00e1rios para ajudar a reconstruir o monumento. Felizmente, tivemos uma boa ades\u00e3o e conseguimos trocar toda a estrutura. A reforma custou mais de R$ 25 mil, mas valeu \u00e0 pena. O memorial ficou lindo. Todas as pessoas que passarem pela pra\u00e7a v\u00e3o ver e saber que h\u00e1 um Deus que preserva e cuida do seu povo, fazendo que esse livro sagrado permane\u00e7a sendo a base dos crist\u00e3os\u201d, disse o corretor Piu de Oliveira.<\/p>\n<p>A solenidade de inaugura\u00e7\u00e3o contou com a presen\u00e7a de autoridades religiosas e pol\u00edticas, como os pastores Isaac Ribeiro e Wagner Botelho e a deputada estadual Delegada Graciela (PL) e os vereadores Pastor Palamoni, Beto Brasil, de Pedregulho, e Riber\u00e3o, de Jeriquara. \u201cPreservar os monumentos \u00e9 respeitar a hist\u00f3ria. Desejo, do fundo do meu cora\u00e7\u00e3o, que esta tradicional pra\u00e7a seja um local de ora\u00e7\u00e3o e de paz. Que seja um local onde as pessoas venham pedir a prote\u00e7\u00e3o de Deus e agradecer pelas gra\u00e7as alcan\u00e7adas\u201d, disse a deputada.<\/p>\n","protected":false},"excerpt":{"rendered":"<p>Antigo monumento foi constru\u00eddo na d\u00e9cada de 70 Franca ganhou um novo espa\u00e7o para ora\u00e7\u00f5es na manh\u00e3 deste s\u00e1bado, 9. Ap\u00f3s anos de abandono causado por<span class=\"excerpt-hellip\"> [\u2026]<\/span><\/p>\n","protected":false},"author":10,"featured_media":39736,"comment_status":"open","ping_status":"open","sticky":false,"template":"","format":"standard","meta":{"_jetpack_memberships_contains_paid_content":false,"footnotes":"","jetpack_publicize_message":"","jetpack_publicize_feature_enabled":true,"jetpack_social_post_already_shared":false,"jetpack_social_options":{"image_generator_settings":{"template":"highway","default_image_id":0,"enabled":false},"version":2}},"categories":[28,81],"tags":[],"class_list":["post-39735","post","type-post","status-publish","format-standard","has-post-thumbnail","hentry","category-cotidiano","category-manchete"],"yoast_head":"<!-- This site is optimized with the Yoast SEO plugin v25.6 - https:\/\/yoast.com\/wordpress\/plugins\/seo\/ -->\n<title>Memorial \u00e0 B\u00edblia \u00e9 reinaugurado na Pra\u00e7a Jo\u00e3o Mendes - VerdadeOn<\/title>\n<meta name=\"robots\" content=\"index, follow, max-snippet:-1, max-image-preview:large, max-video-preview:-1\" \/>\n<link rel=\"canonical\" href=\"https:\/\/verdadeon.com.br\/portal\/2023\/12\/09\/memorial-a-biblia-e-reinaugurado-no-praca-joao-mendes\/\" \/>\n<meta property=\"og:locale\" content=\"pt_BR\" \/>\n<meta property=\"og:type\" content=\"article\" \/>\n<meta property=\"og:title\" content=\"Memorial \u00e0 B\u00edblia \u00e9 reinaugurado na Pra\u00e7a Jo\u00e3o Mendes - VerdadeOn\" \/>\n<meta property=\"og:description\" content=\"Antigo monumento foi constru\u00eddo na d\u00e9cada de 70 Franca ganhou um novo espa\u00e7o para ora\u00e7\u00f5es na manh\u00e3 deste s\u00e1bado, 9. Ap\u00f3s anos de abandono causado por [\u2026]\" \/>\n<meta property=\"og:url\" content=\"https:\/\/verdadeon.com.br\/portal\/2023\/12\/09\/memorial-a-biblia-e-reinaugurado-no-praca-joao-mendes\/\" \/>\n<meta property=\"og:site_name\" content=\"VerdadeOn\" \/>\n<meta property=\"article:published_time\" content=\"2023-12-09T15:28:00+00:00\" \/>\n<meta property=\"article:modified_time\" content=\"2023-12-09T17:59:08+00:00\" \/>\n<meta property=\"og:image\" content=\"https:\/\/verdadeon.com.br\/portal\/wp-content\/uploads\/2023\/12\/Imagem-do-WhatsApp-de-2023-12-09-as-11.30.53_a6d80109.jpg\" \/>\n\t<meta property=\"og:image:width\" content=\"1600\" \/>\n\t<meta property=\"og:image:height\" content=\"1072\" \/>\n\t<meta property=\"og:image:type\" content=\"image\/jpeg\" \/>\n<meta name=\"author\" content=\"Redacao VerdadeOn\" \/>\n<meta name=\"twitter:card\" content=\"summary_large_image\" \/>\n<meta name=\"twitter:label1\" content=\"Escrito por\" \/>\n\t<meta name=\"twitter:data1\" content=\"Redacao VerdadeOn\" \/>\n\t<meta name=\"twitter:label2\" content=\"Est. tempo de leitura\" \/>\n\t<meta name=\"twitter:data2\" content=\"2 minutos\" \/>\n<script type=\"application\/ld+json\" class=\"yoast-schema-graph\">{\"@context\":\"https:\/\/schema.org\",\"@graph\":[{\"@type\":\"WebPage\",\"@id\":\"https:\/\/verdadeon.com.br\/portal\/2023\/12\/09\/memorial-a-biblia-e-reinaugurado-no-praca-joao-mendes\/\",\"url\":\"https:\/\/verdadeon.com.br\/portal\/2023\/12\/09\/memorial-a-biblia-e-reinaugurado-no-praca-joao-mendes\/\",\"name\":\"Memorial \u00e0 B\u00edblia \u00e9 reinaugurado na Pra\u00e7a Jo\u00e3o Mendes - VerdadeOn\",\"isPartOf\":{\"@id\":\"https:\/\/verdadeon.com.br\/portal\/#website\"},\"primaryImageOfPage\":{\"@id\":\"https:\/\/verdadeon.com.br\/portal\/2023\/12\/09\/memorial-a-biblia-e-reinaugurado-no-praca-joao-mendes\/#primaryimage\"},\"image\":{\"@id\":\"https:\/\/verdadeon.com.br\/portal\/2023\/12\/09\/memorial-a-biblia-e-reinaugurado-no-praca-joao-mendes\/#primaryimage\"},\"thumbnailUrl\":\"https:\/\/i0.wp.com\/verdadeon.com.br\/portal\/wp-content\/uploads\/2023\/12\/Imagem-do-WhatsApp-de-2023-12-09-as-11.30.53_a6d80109.jpg?fit=1600%2C1072&ssl=1\",\"datePublished\":\"2023-12-09T15:28:00+00:00\",\"dateModified\":\"2023-12-09T17:59:08+00:00\",\"author\":{\"@id\":\"https:\/\/verdadeon.com.br\/portal\/#\/schema\/person\/a5060ad1e9ea3df545188fc93ce43d2f\"},\"breadcrumb\":{\"@id\":\"https:\/\/verdadeon.com.br\/portal\/2023\/12\/09\/memorial-a-biblia-e-reinaugurado-no-praca-joao-mendes\/#breadcrumb\"},\"inLanguage\":\"pt-BR\",\"potentialAction\":[{\"@type\":\"ReadAction\",\"target\":[\"https:\/\/verdadeon.com.br\/portal\/2023\/12\/09\/memorial-a-biblia-e-reinaugurado-no-praca-joao-mendes\/\"]}]},{\"@type\":\"ImageObject\",\"inLanguage\":\"pt-BR\",\"@id\":\"https:\/\/verdadeon.com.br\/portal\/2023\/12\/09\/memorial-a-biblia-e-reinaugurado-no-praca-joao-mendes\/#primaryimage\",\"url\":\"https:\/\/i0.wp.com\/verdadeon.com.br\/portal\/wp-content\/uploads\/2023\/12\/Imagem-do-WhatsApp-de-2023-12-09-as-11.30.53_a6d80109.jpg?fit=1600%2C1072&ssl=1\",\"contentUrl\":\"https:\/\/i0.wp.com\/verdadeon.com.br\/portal\/wp-content\/uploads\/2023\/12\/Imagem-do-WhatsApp-de-2023-12-09-as-11.30.53_a6d80109.jpg?fit=1600%2C1072&ssl=1\",\"width\":1600,\"height\":1072,\"caption\":\"Monumento foi reinaugurado neste s\u00e1bado (9) (\u00a9Divulga\u00e7\u00e3o)\"},{\"@type\":\"BreadcrumbList\",\"@id\":\"https:\/\/verdadeon.com.br\/portal\/2023\/12\/09\/memorial-a-biblia-e-reinaugurado-no-praca-joao-mendes\/#breadcrumb\",\"itemListElement\":[{\"@type\":\"ListItem\",\"position\":1,\"name\":\"In\u00edcio\",\"item\":\"https:\/\/verdadeon.com.br\/portal\/\"},{\"@type\":\"ListItem\",\"position\":2,\"name\":\"Memorial \u00e0 B\u00edblia \u00e9 reinaugurado na Pra\u00e7a Jo\u00e3o Mendes\"}]},{\"@type\":\"WebSite\",\"@id\":\"https:\/\/verdadeon.com.br\/portal\/#website\",\"url\":\"https:\/\/verdadeon.com.br\/portal\/\",\"name\":\"VerdadeOn\",\"description\":\"Not\u00edcias di\u00e1rias sobre Franca, Regi\u00e3o, Esporte, Cultura, Cotidiano, Colunas. Cobertura nos principais eventos da cidade \u00e9 aqui - Verdadeon Franca\",\"potentialAction\":[{\"@type\":\"SearchAction\",\"target\":{\"@type\":\"EntryPoint\",\"urlTemplate\":\"https:\/\/verdadeon.com.br\/portal\/?s={search_term_string}\"},\"query-input\":{\"@type\":\"PropertyValueSpecification\",\"valueRequired\":true,\"valueName\":\"search_term_string\"}}],\"inLanguage\":\"pt-BR\"},{\"@type\":\"Person\",\"@id\":\"https:\/\/verdadeon.com.br\/portal\/#\/schema\/person\/a5060ad1e9ea3df545188fc93ce43d2f\",\"name\":\"Redacao VerdadeOn\",\"image\":{\"@type\":\"ImageObject\",\"inLanguage\":\"pt-BR\",\"@id\":\"https:\/\/verdadeon.com.br\/portal\/#\/schema\/person\/image\/\",\"url\":\"https:\/\/secure.gravatar.com\/avatar\/459a9613caaaf07f582c3d0841eea68bdd66f533e465e6ba8b9cb45619572cf4?s=96&d=mm&r=g\",\"contentUrl\":\"https:\/\/secure.gravatar.com\/avatar\/459a9613caaaf07f582c3d0841eea68bdd66f533e465e6ba8b9cb45619572cf4?s=96&d=mm&r=g\",\"caption\":\"Redacao VerdadeOn\"},\"url\":\"https:\/\/verdadeon.com.br\/portal\/author\/redacao\/\"}]}<\/script>\n<!-- \/ Yoast SEO plugin. -->","yoast_head_json":{"title":"Memorial \u00e0 B\u00edblia \u00e9 reinaugurado na Pra\u00e7a Jo\u00e3o Mendes - VerdadeOn","robots":{"index":"index","follow":"follow","max-snippet":"max-snippet:-1","max-image-preview":"max-image-preview:large","max-video-preview":"max-video-preview:-1"},"canonical":"https:\/\/verdadeon.com.br\/portal\/2023\/12\/09\/memorial-a-biblia-e-reinaugurado-no-praca-joao-mendes\/","og_locale":"pt_BR","og_type":"article","og_title":"Memorial \u00e0 B\u00edblia \u00e9 reinaugurado na Pra\u00e7a Jo\u00e3o Mendes - VerdadeOn","og_description":"Antigo monumento foi constru\u00eddo na d\u00e9cada de 70 Franca ganhou um novo espa\u00e7o para ora\u00e7\u00f5es na manh\u00e3 deste s\u00e1bado, 9. Ap\u00f3s anos de abandono causado por [\u2026]","og_url":"https:\/\/verdadeon.com.br\/portal\/2023\/12\/09\/memorial-a-biblia-e-reinaugurado-no-praca-joao-mendes\/","og_site_name":"VerdadeOn","article_published_time":"2023-12-09T15:28:00+00:00","article_modified_time":"2023-12-09T17:59:08+00:00","og_image":[{"width":1600,"height":1072,"url":"https:\/\/verdadeon.com.br\/portal\/wp-content\/uploads\/2023\/12\/Imagem-do-WhatsApp-de-2023-12-09-as-11.30.53_a6d80109.jpg","type":"image\/jpeg"}],"author":"Redacao VerdadeOn","twitter_card":"summary_large_image","twitter_misc":{"Escrito por":"Redacao VerdadeOn","Est. tempo de leitura":"2 minutos"},"schema":{"@context":"https:\/\/schema.org","@graph":[{"@type":"WebPage","@id":"https:\/\/verdadeon.com.br\/portal\/2023\/12\/09\/memorial-a-biblia-e-reinaugurado-no-praca-joao-mendes\/","url":"https:\/\/verdadeon.com.br\/portal\/2023\/12\/09\/memorial-a-biblia-e-reinaugurado-no-praca-joao-mendes\/","name":"Memorial \u00e0 B\u00edblia \u00e9 reinaugurado na Pra\u00e7a Jo\u00e3o Mendes - VerdadeOn","isPartOf":{"@id":"https:\/\/verdadeon.com.br\/portal\/#website"},"primaryImageOfPage":{"@id":"https:\/\/verdadeon.com.br\/portal\/2023\/12\/09\/memorial-a-biblia-e-reinaugurado-no-praca-joao-mendes\/#primaryimage"},"image":{"@id":"https:\/\/verdadeon.com.br\/portal\/2023\/12\/09\/memorial-a-biblia-e-reinaugurado-no-praca-joao-mendes\/#primaryimage"},"thumbnailUrl":"https:\/\/i0.wp.com\/verdadeon.com.br\/portal\/wp-content\/uploads\/2023\/12\/Imagem-do-WhatsApp-de-2023-12-09-as-11.30.53_a6d80109.jpg?fit=1600%2C1072&ssl=1","datePublished":"2023-12-09T15:28:00+00:00","dateModified":"2023-12-09T17:59:08+00:00","author":{"@id":"https:\/\/verdadeon.com.br\/portal\/#\/schema\/person\/a5060ad1e9ea3df545188fc93ce43d2f"},"breadcrumb":{"@id":"https:\/\/verdadeon.com.br\/portal\/2023\/12\/09\/memorial-a-biblia-e-reinaugurado-no-praca-joao-mendes\/#breadcrumb"},"inLanguage":"pt-BR","potentialAction":[{"@type":"ReadAction","target":["https:\/\/verdadeon.com.br\/portal\/2023\/12\/09\/memorial-a-biblia-e-reinaugurado-no-praca-joao-mendes\/"]}]},{"@type":"ImageObject","inLanguage":"pt-BR","@id":"https:\/\/verdadeon.com.br\/portal\/2023\/12\/09\/memorial-a-biblia-e-reinaugurado-no-praca-joao-mendes\/#primaryimage","url":"https:\/\/i0.wp.com\/verdadeon.com.br\/portal\/wp-content\/uploads\/2023\/12\/Imagem-do-WhatsApp-de-2023-12-09-as-11.30.53_a6d80109.jpg?fit=1600%2C1072&ssl=1","contentUrl":"https:\/\/i0.wp.com\/verdadeon.com.br\/portal\/wp-content\/uploads\/2023\/12\/Imagem-do-WhatsApp-de-2023-12-09-as-11.30.53_a6d80109.jpg?fit=1600%2C1072&ssl=1","width":1600,"height":1072,"caption":"Monumento foi reinaugurado neste s\u00e1bado (9) (\u00a9Divulga\u00e7\u00e3o)"},{"@type":"BreadcrumbList","@id":"https:\/\/verdadeon.com.br\/portal\/2023\/12\/09\/memorial-a-biblia-e-reinaugurado-no-praca-joao-mendes\/#breadcrumb","itemListElement":[{"@type":"ListItem","position":1,"name":"In\u00edcio","item":"https:\/\/verdadeon.com.br\/portal\/"},{"@type":"ListItem","position":2,"name":"Memorial \u00e0 B\u00edblia \u00e9 reinaugurado na Pra\u00e7a Jo\u00e3o Mendes"}]},{"@type":"WebSite","@id":"https:\/\/verdadeon.com.br\/portal\/#website","url":"https:\/\/verdadeon.com.br\/portal\/","name":"VerdadeOn","description":"Not\u00edcias di\u00e1rias sobre Franca, Regi\u00e3o, Esporte, Cultura, Cotidiano, Colunas. Cobertura nos principais eventos da cidade \u00e9 aqui - Verdadeon Franca","potentialAction":[{"@type":"SearchAction","target":{"@type":"EntryPoint","urlTemplate":"https:\/\/verdadeon.com.br\/portal\/?s={search_term_string}"},"query-input":{"@type":"PropertyValueSpecification","valueRequired":true,"valueName":"search_term_string"}}],"inLanguage":"pt-BR"},{"@type":"Person","@id":"https:\/\/verdadeon.com.br\/portal\/#\/schema\/person\/a5060ad1e9ea3df545188fc93ce43d2f","name":"Redacao VerdadeOn","image":{"@type":"ImageObject","inLanguage":"pt-BR","@id":"https:\/\/verdadeon.com.br\/portal\/#\/schema\/person\/image\/","url":"https:\/\/secure.gravatar.com\/avatar\/459a9613caaaf07f582c3d0841eea68bdd66f533e465e6ba8b9cb45619572cf4?s=96&d=mm&r=g","contentUrl":"https:\/\/secure.gravatar.com\/avatar\/459a9613caaaf07f582c3d0841eea68bdd66f533e465e6ba8b9cb45619572cf4?s=96&d=mm&r=g","caption":"Redacao VerdadeOn"},"url":"https:\/\/verdadeon.com.br\/portal\/author\/redacao\/"}]}},"jetpack_publicize_connections":[],"jetpack_featured_media_url":"https:\/\/i0.wp.com\/verdadeon.com.br\/portal\/wp-content\/uploads\/2023\/12\/Imagem-do-WhatsApp-de-2023-12-09-as-11.30.53_a6d80109.jpg?fit=1600%2C1072&ssl=1","jetpack_sharing_enabled":true,"_links":{"self":[{"href":"https:\/\/verdadeon.com.br\/portal\/wp-json\/wp\/v2\/posts\/39735","targetHints":{"allow":["GET"]}}],"collection":[{"href":"https:\/\/verdadeon.com.br\/portal\/wp-json\/wp\/v2\/posts"}],"about":[{"href":"https:\/\/verdadeon.com.br\/portal\/wp-json\/wp\/v2\/types\/post"}],"author":[{"embeddable":true,"href":"https:\/\/verdadeon.com.br\/portal\/wp-json\/wp\/v2\/users\/10"}],"replies":[{"embeddable":true,"href":"https:\/\/verdadeon.com.br\/portal\/wp-json\/wp\/v2\/comments?post=39735"}],"version-history":[{"count":2,"href":"https:\/\/verdadeon.com.br\/portal\/wp-json\/wp\/v2\/posts\/39735\/revisions"}],"predecessor-version":[{"id":39752,"href":"https:\/\/verdadeon.com.br\/portal\/wp-json\/wp\/v2\/posts\/39735\/revisions\/39752"}],"wp:featuredmedia":[{"embeddable":true,"href":"https:\/\/verdadeon.com.br\/portal\/wp-json\/wp\/v2\/media\/39736"}],"wp:attachment":[{"href":"https:\/\/verdadeon.com.br\/portal\/wp-json\/wp\/v2\/media?parent=39735"}],"wp:term":[{"taxonomy":"category","embeddable":true,"href":"https:\/\/verdadeon.com.br\/portal\/wp-json\/wp\/v2\/categories?post=39735"},{"taxonomy":"post_tag","embeddable":true,"href":"https:\/\/verdadeon.com.br\/portal\/wp-json\/wp\/v2\/tags?post=39735"}],"curies":[{"name":"wp","href":"https:\/\/api.w.org\/{rel}","templated":true}]}}