{"id":39722,"date":"2023-12-07T16:41:15","date_gmt":"2023-12-07T19:41:15","guid":{"rendered":"https:\/\/verdadeon.com.br\/portal\/?p=39722"},"modified":"2023-12-07T16:41:15","modified_gmt":"2023-12-07T19:41:15","slug":"desestatizacao-da-sabesp-e-aprovada-na-assembleia-legislativa-de-sp","status":"publish","type":"post","link":"https:\/\/verdadeon.com.br\/portal\/2023\/12\/07\/desestatizacao-da-sabesp-e-aprovada-na-assembleia-legislativa-de-sp\/","title":{"rendered":"Desestatiza\u00e7\u00e3o da Sabesp \u00e9 aprovada na Assembleia Legislativa de SP"},"content":{"rendered":"<h2 class=\"excerpt\">Projeto permite antecipar a universaliza\u00e7\u00e3o do saneamento, incluir um milh\u00e3o de pessoas que est\u00e3o em \u00e1reas rurais e reduzir a tarifa<\/h2>\n<p>O Projeto de Lei 1.501\/2023, que trata da desestatiza\u00e7\u00e3o da Sabesp, foi aprovado, nesta quarta-feira (06), pela Assembleia Legislativa do Estado de S\u00e3o Paulo (Alesp), com 62 votos favor\u00e1veis e apenas 1 voto contr\u00e1rio.<\/p>\n<p>\u201cA aprova\u00e7\u00e3o do processo de desestatiza\u00e7\u00e3o da Sabesp representa um grande avan\u00e7o para o estado de S\u00e3o Paulo. Ele ajudar\u00e1 a construir um legado de universaliza\u00e7\u00e3o do saneamento, de despolui\u00e7\u00e3o de mananciais, de aumento da disponibilidade h\u00eddrica e de sa\u00fade para todos\u201d, afirmou o governador Tarc\u00edsio de Freitas.<\/p>\n<p>O texto, que agora segue para san\u00e7\u00e3o do Executivo, prev\u00ea:<\/p>\n<ul>\n<li>A autoriza\u00e7\u00e3o da desestatiza\u00e7\u00e3o da Sabesp por meio de uma oferta p\u00fablica de a\u00e7\u00f5es;<\/li>\n<li>O compromisso com a universaliza\u00e7\u00e3o do saneamento b\u00e1sico at\u00e9 2029, a inclus\u00e3o das pessoas que vivem em \u00e1reas rurais e comunidades pobres, e a redu\u00e7\u00e3o da tarifa;<\/li>\n<li>A cria\u00e7\u00e3o do Fundo de Apoio \u00e0 Universaliza\u00e7\u00e3o do Saneamento no Estado de S\u00e3o Paulo (FAUSP), para viabilizar a redu\u00e7\u00e3o de tarifa;<\/li>\n<li>A defini\u00e7\u00e3o do poder de veto para o Governo de SP para mudan\u00e7a de nome, sede, atividade social e o limite de votos para acionistas.<\/li>\n<\/ul>\n<p>O projeto recebeu contribui\u00e7\u00f5es dos deputados. Foram incorporadas 26 emendas por meio de quatro subemendas do relator. Dentre elas:<\/p>\n<ul>\n<li>Diretrizes para a qualidade dos servi\u00e7os, gest\u00e3o sustent\u00e1vel dos recursos h\u00eddricos e redu\u00e7\u00e3o da tarifa;<\/li>\n<li>A estabilidade dos atuais servidores da companhia por um per\u00edodo de 18 meses ap\u00f3s a efetiva desestatiza\u00e7\u00e3o da empresa.<\/li>\n<\/ul>\n<p>\u201cOs deputados promoveram um amplo debate sobre a nossa proposta e fizeram contribui\u00e7\u00f5es que melhoraram aquilo que propusemos. Tenho certeza que esta vota\u00e7\u00e3o ser\u00e1 um marco na hist\u00f3ria da sa\u00fade e da qualidade de vida da popula\u00e7\u00e3o do estado\u201d, destaca o governador Tarc\u00edsio de Freitas.<\/p>\n<p><strong>O que acontece agora<\/strong><\/p>\n<p>Ap\u00f3s a aprova\u00e7\u00e3o, o documento vai \u00e0 san\u00e7\u00e3o do governador e ser\u00e1 publicado no Di\u00e1rio Oficial do Estado. Em paralelo, o Governo de SP conversa com todos os munic\u00edpios para a renova\u00e7\u00e3o do contrato de concess\u00e3o at\u00e9 2060, garantindo a inclus\u00e3o dos mais pobres e os investimentos necess\u00e1rios para a universaliza\u00e7\u00e3o.<\/p>\n<p>Est\u00e3o sendo definidas, tamb\u00e9m, as novas regras para revis\u00f5es tarif\u00e1rias, em um modelo moderno que consegue combinar tarifa mais barata com o incentivo a novos investimentos.<\/p>\n<p>Todas essas defini\u00e7\u00f5es devem acontecer antes do in\u00edcio da oferta p\u00fablica das a\u00e7\u00f5es na Bolsa de Valores, no primeiro semestre de 2024. A previs\u00e3o \u00e9 que todo o processo seja conclu\u00eddo at\u00e9 julho de 2024.<\/p>\n<p><strong>Entenda o projeto de desestatiza\u00e7\u00e3o da Sabesp<\/strong><\/p>\n<p><strong>O que significa a universaliza\u00e7\u00e3o do saneamento?<\/strong><\/p>\n<p>Segundo o Novo Marco do Saneamento, a universaliza\u00e7\u00e3o significa 99% da popula\u00e7\u00e3o abastecida com \u00e1gua tratada e 90% com coleta e tratamento de esgoto. O Novo Marco pede, tamb\u00e9m, que sejam inclu\u00eddas as popula\u00e7\u00f5es das \u00e1reas rurais e irregulares consolidadas, como favelas, que hoje est\u00e3o fora dos servi\u00e7os. H\u00e1 muita gente que n\u00e3o est\u00e1 contemplada nos indicadores oficiais do saneamento b\u00e1sico. Nos munic\u00edpios atendidos pela Sabesp, por exemplo, estamos falando de um milh\u00e3o de pessoas.<\/p>\n<p><strong>A Sabesp j\u00e1 universalizou o saneamento b\u00e1sico?<\/strong><\/p>\n<p>Do total dos domic\u00edlios atendidos pela Sabesp, 98% possuem \u00e1gua tratada, e 83% t\u00eam seu esgoto coletado e tratado. Mas esses n\u00fameros ainda n\u00e3o consideram as \u00e1reas rurais e as irregulares consolidadas, como, por exemplo, favelas e comunidades mais carentes, onde hoje vivem cerca de um milh\u00e3o de pessoas. O desafio \u00e9 inclu\u00ed-las no saneamento b\u00e1sico em menos de dez anos, como estabelece inclusive o Novo Marco Legal do Saneamento B\u00e1sico. Em S\u00e3o Paulo, faremos isso em at\u00e9 seis anos gra\u00e7as \u00e0 desestatiza\u00e7\u00e3o da Sabesp. E isso \u00e9 importante porque, de acordo com a Organiza\u00e7\u00e3o Mundial da Sa\u00fade, cada real investido em saneamento b\u00e1sico gera R$ 5,5 em benef\u00edcios \u00e0 sociedade, como economia nos gastos com sa\u00fade e melhor produtividade do trabalho.<\/p>\n<p><strong>Por que desestatizar a Sabesp?<\/strong><\/p>\n<p>O Novo Marco Legal do Saneamento estabeleceu metas ambiciosas de universaliza\u00e7\u00e3o do saneamento b\u00e1sico: levar 99% de \u00e1gua tratada e coletar e tratar o esgoto de 90% da popula\u00e7\u00e3o at\u00e9 2033. E tanto as popula\u00e7\u00f5es rurais quanto as que vivem em \u00e1reas urbanas e mais pobres deveriam ser inclu\u00eddas no servi\u00e7o. Em S\u00e3o Paulo, isso significa incluir mais de um milh\u00e3o de pessoas que moram em \u00e1reas rurais ou mais pobres e ainda n\u00e3o t\u00eam acesso aos servi\u00e7os de saneamento b\u00e1sico. Para atingir essa meta, a Sabesp precisa investir o dobro do que investe normalmente. Com a desestatiza\u00e7\u00e3o, a Sabesp consegue ampliar e antecipar os investimentos para universalizar o saneamento, e ainda reduzir a conta de \u00e1gua. Ou seja, a privatiza\u00e7\u00e3o da Sabesp vai levar saneamento para todos, mais r\u00e1pido, melhor e mais barato.<\/p>\n<p><strong>Como ser\u00e1 poss\u00edvel universalizar e antecipar as metas de saneamento?<\/strong><\/p>\n<p>A Sabesp j\u00e1 havia previsto investimentos de R$ 56 bilh\u00f5es para universalizar o saneamento at\u00e9 2033 no territ\u00f3rio coberto atualmente. No entanto, para incluir as \u00e1reas rurais e as de baixa renda, al\u00e9m de avan\u00e7ar na despolui\u00e7\u00e3o dos rios e na resili\u00eancia da rede, esses valores devem subir para R$ 66 bilh\u00f5es. Este valor inclui a antecipa\u00e7\u00e3o da universaliza\u00e7\u00e3o at\u00e9 2029. Estamos falando de R$ 10 bilh\u00f5es a mais do que a Sabesp investiria, e quatro anos a menos do previsto. Isso significa que, com a desestatiza\u00e7\u00e3o, os investimentos v\u00e3o aumentar, o saneamento vai chegar antes para quem precisa e a conta d\u2019\u00e1gua ainda vai reduzir.<\/p>\n<p><strong>Como o governo vai reduzir a tarifa?<\/strong><\/p>\n<p>O governo vai criar o Fundo de Apoio \u00e0 Universaliza\u00e7\u00e3o do Saneamento no Estado de S\u00e3o Paulo (FAUSP) e destinar 30% do valor de venda das a\u00e7\u00f5es, al\u00e9m do lucro do Estado na empresa (dividendos), para reduzir a conta d\u2019\u00e1gua, com foco na popula\u00e7\u00e3o de baixa renda. Estamos falando de algo inovador no mercado de saneamento: um fundo com recursos do pr\u00f3prio Estado, seja por meio da venda de parte das a\u00e7\u00f5es do Governo na Sabesp, seja por meio do seu lucro na empresa, para reduzir a conta d\u2019\u00e1gua, sobretudo para os que mais precisam. O recurso do Estado vai ser usado para investir nas pessoas, como deve ser.<\/p>\n<p><strong>Quem vai comprar a Sabesp?<\/strong><\/p>\n<p>Qualquer pessoa que tenha uma conta em uma corretora pode comprar a\u00e7\u00f5es da empresa. Ou seja, as a\u00e7\u00f5es da Sabesp que hoje s\u00e3o do Governo de SP n\u00e3o ser\u00e3o vendidas todas para um \u00fanico investidor ou grupo de investidores, mas ser\u00e3o negociadas com todos os interessados. Isso acontecer\u00e1 por meio de uma oferta p\u00fablica, chamada de follow on.<\/p>\n<p>Qualquer cidad\u00e3o poder\u00e1 comprar a\u00e7\u00f5es da empresa, inclusive funcion\u00e1rios e clientes da Sabesp. Para isso, basta acessar o sistema da corretora e fazer a reserva de a\u00e7\u00f5es. H\u00e1 v\u00e1rias que abrem conta gratuitamente, de maneira online. Al\u00e9m disso, haver\u00e1 um esfor\u00e7o para que parte das a\u00e7\u00f5es vendidas seja adquirida por investidores que queiram permanecer na empresa no longo prazo e possam contribuir com conhecimento e experi\u00eancia para o crescimento da Sabesp.<\/p>\n<p><strong>A Sabesp vai mudar de nome?<\/strong><\/p>\n<p>N\u00e3o, a Sabesp continua em S\u00e3o Paulo, n\u00e3o muda de nome e n\u00e3o deixa de atuar no setor de saneamento b\u00e1sico. O projeto de lei enviado \u00e0 Assembleia Legislativa do Estado d\u00e1 poder de decis\u00e3o ao Governo de SP para que nenhuma dessas situa\u00e7\u00f5es aconte\u00e7a.<\/p>\n<p><strong>O que s\u00e3o as URAEs? Elas foram criadas para privatizar a Sabesp?<\/strong><\/p>\n<p>As URAEs s\u00e3o blocos regionais de munic\u00edpios que utilizam as mesmas fontes de \u00e1gua e sistemas de saneamento e podem fazer um planejamento mais integrado, com foco na universaliza\u00e7\u00e3o. Essa regionaliza\u00e7\u00e3o \u00e9 prevista no Novo Marco do Saneamento. No Estado de S\u00e3o Paulo, foi estabelecida a cria\u00e7\u00e3o das URAEs, que s\u00e3o as Unidades Regionais de Servi\u00e7os de \u00c1gua Pot\u00e1vel e de Esgotamento Sanit\u00e1rio. Para se ter uma ideia, grande parte da \u00e1gua consumida na Regi\u00e3o Metropolitana de S\u00e3o Paulo \u00e9 produzida pelo Sistema Cantareira, que engloba v\u00e1rios munic\u00edpios, o que demanda uma gest\u00e3o regionalizada. (Fonte: SP Not\u00edcias)<\/p>\n<p><strong>Graciela vota contra<\/strong><\/p>\n<p>A deputada Delegada Graciela afirmou por meio de nota divulgada \u00e0 imprensa que diz n\u00e3o \u00e0 privatiza\u00e7\u00e3o por ter um compromisso muito grande com a cidade de Franca, mas que continuar\u00e1 ajudando o governo estadual, j\u00e1 que pertence \u00e0 sua base. Confira a nota na \u00edntegra:<\/p>\n<p>&#8220;Votei contra a privatiza\u00e7\u00e3o da Sabesp, pois tenho um compromisso muito forte com Franca, minha cidade. Franca \u00e9 refer\u00eancia mundial em saneamento b\u00e1sico. Temos 100% de \u00e1gua e esgoto tratados. Estamos entre as melhores cidades do Pa\u00eds nesse quesito.<\/p>\n<p>Sem contar a excel\u00eancia do sistema, a Sabesp desenvolve projetos inovadores como o que, desde 2018, gera biog\u00e1s a partir do tratamento do esgoto para movimentar a frota de ve\u00edculos da empresa.<\/p>\n<p>Ali\u00e1s, por meio do meu trabalho, as obras do sistema de capta\u00e7\u00e3o de \u00e1gua do Sapuca\u00ed tiveram o seu retorno (2020) e conclu\u00eddas porque estive a frente para desatar o imbr\u00f3glio jur\u00eddico. Ent\u00e3o minha a\u00e7\u00e3o com a Sabesp n\u00e3o \u00e9 de agora.<\/p>\n<p>A Sabesp tem muito pouco a avan\u00e7ar em Franca.<\/p>\n<p>Apresentei uma emenda ao projeto que trata da desestatiza\u00e7\u00e3o da Sabesp propondo que, nos im\u00f3veis localizados em munic\u00edpios com \u00edndices superiores a 85% de domic\u00edlios com abastecimento e de coleta e tratamento de esgoto, como \u00e9 o caso de Franca, fosse dado um desconto adicional de 30% nas contas dos consumidores.<\/p>\n<p>A emenda foi rejeitada.<\/p>\n<p>O n\u00e3o que vou proferir na vota\u00e7\u00e3o do Projeto de Lei 1501\/2023 \u00e9 uma forma de me alinhar ao que pensa a maior parte da popula\u00e7\u00e3o de Franca.<\/p>\n<p>Sou base do governo e continuarei a ajud\u00e1-lo&#8221;.<\/p>\n","protected":false},"excerpt":{"rendered":"<p>Projeto permite antecipar a universaliza\u00e7\u00e3o do saneamento, incluir um milh\u00e3o de pessoas que est\u00e3o em \u00e1reas rurais e reduzir a tarifa O Projeto de Lei 1.501\/2023,<span class=\"excerpt-hellip\"> [\u2026]<\/span><\/p>\n","protected":false},"author":10,"featured_media":39359,"comment_status":"open","ping_status":"open","sticky":false,"template":"","format":"standard","meta":{"_jetpack_memberships_contains_paid_content":false,"footnotes":"","jetpack_publicize_message":"","jetpack_publicize_feature_enabled":true,"jetpack_social_post_already_shared":false,"jetpack_social_options":{"image_generator_settings":{"template":"highway","default_image_id":0,"enabled":false},"version":2}},"categories":[28,81],"tags":[],"class_list":["post-39722","post","type-post","status-publish","format-standard","has-post-thumbnail","hentry","category-cotidiano","category-manchete"],"yoast_head":"<!-- This site is optimized with the Yoast SEO plugin v25.6 - https:\/\/yoast.com\/wordpress\/plugins\/seo\/ -->\n<title>Desestatiza\u00e7\u00e3o da Sabesp \u00e9 aprovada na Assembleia Legislativa de SP - VerdadeOn<\/title>\n<meta name=\"robots\" content=\"index, follow, max-snippet:-1, max-image-preview:large, max-video-preview:-1\" \/>\n<link rel=\"canonical\" href=\"https:\/\/verdadeon.com.br\/portal\/2023\/12\/07\/desestatizacao-da-sabesp-e-aprovada-na-assembleia-legislativa-de-sp\/\" \/>\n<meta property=\"og:locale\" content=\"pt_BR\" \/>\n<meta property=\"og:type\" content=\"article\" \/>\n<meta property=\"og:title\" content=\"Desestatiza\u00e7\u00e3o da Sabesp \u00e9 aprovada na Assembleia Legislativa de SP - VerdadeOn\" \/>\n<meta property=\"og:description\" content=\"Projeto permite antecipar a universaliza\u00e7\u00e3o do saneamento, incluir um milh\u00e3o de pessoas que est\u00e3o em \u00e1reas rurais e reduzir a tarifa O Projeto de Lei 1.501\/2023, [\u2026]\" \/>\n<meta property=\"og:url\" content=\"https:\/\/verdadeon.com.br\/portal\/2023\/12\/07\/desestatizacao-da-sabesp-e-aprovada-na-assembleia-legislativa-de-sp\/\" \/>\n<meta property=\"og:site_name\" content=\"VerdadeOn\" \/>\n<meta property=\"article:published_time\" content=\"2023-12-07T19:41:15+00:00\" \/>\n<meta property=\"og:image\" content=\"https:\/\/verdadeon.com.br\/portal\/wp-content\/uploads\/2023\/11\/AnyConv.com__WhatsApp-Image-2023-11-22-at-16.56.42.jpg\" \/>\n\t<meta property=\"og:image:width\" content=\"928\" \/>\n\t<meta property=\"og:image:height\" content=\"622\" \/>\n\t<meta property=\"og:image:type\" content=\"image\/jpeg\" \/>\n<meta name=\"author\" content=\"Redacao VerdadeOn\" \/>\n<meta name=\"twitter:card\" content=\"summary_large_image\" \/>\n<meta name=\"twitter:label1\" content=\"Escrito por\" \/>\n\t<meta name=\"twitter:data1\" content=\"Redacao VerdadeOn\" \/>\n\t<meta name=\"twitter:label2\" content=\"Est. tempo de leitura\" \/>\n\t<meta name=\"twitter:data2\" content=\"9 minutos\" \/>\n<script type=\"application\/ld+json\" class=\"yoast-schema-graph\">{\"@context\":\"https:\/\/schema.org\",\"@graph\":[{\"@type\":\"WebPage\",\"@id\":\"https:\/\/verdadeon.com.br\/portal\/2023\/12\/07\/desestatizacao-da-sabesp-e-aprovada-na-assembleia-legislativa-de-sp\/\",\"url\":\"https:\/\/verdadeon.com.br\/portal\/2023\/12\/07\/desestatizacao-da-sabesp-e-aprovada-na-assembleia-legislativa-de-sp\/\",\"name\":\"Desestatiza\u00e7\u00e3o da Sabesp \u00e9 aprovada na Assembleia Legislativa de SP - VerdadeOn\",\"isPartOf\":{\"@id\":\"https:\/\/verdadeon.com.br\/portal\/#website\"},\"primaryImageOfPage\":{\"@id\":\"https:\/\/verdadeon.com.br\/portal\/2023\/12\/07\/desestatizacao-da-sabesp-e-aprovada-na-assembleia-legislativa-de-sp\/#primaryimage\"},\"image\":{\"@id\":\"https:\/\/verdadeon.com.br\/portal\/2023\/12\/07\/desestatizacao-da-sabesp-e-aprovada-na-assembleia-legislativa-de-sp\/#primaryimage\"},\"thumbnailUrl\":\"https:\/\/i0.wp.com\/verdadeon.com.br\/portal\/wp-content\/uploads\/2023\/11\/AnyConv.com__WhatsApp-Image-2023-11-22-at-16.56.42.jpg?fit=928%2C622&ssl=1\",\"datePublished\":\"2023-12-07T19:41:15+00:00\",\"author\":{\"@id\":\"https:\/\/verdadeon.com.br\/portal\/#\/schema\/person\/a5060ad1e9ea3df545188fc93ce43d2f\"},\"breadcrumb\":{\"@id\":\"https:\/\/verdadeon.com.br\/portal\/2023\/12\/07\/desestatizacao-da-sabesp-e-aprovada-na-assembleia-legislativa-de-sp\/#breadcrumb\"},\"inLanguage\":\"pt-BR\",\"potentialAction\":[{\"@type\":\"ReadAction\",\"target\":[\"https:\/\/verdadeon.com.br\/portal\/2023\/12\/07\/desestatizacao-da-sabesp-e-aprovada-na-assembleia-legislativa-de-sp\/\"]}]},{\"@type\":\"ImageObject\",\"inLanguage\":\"pt-BR\",\"@id\":\"https:\/\/verdadeon.com.br\/portal\/2023\/12\/07\/desestatizacao-da-sabesp-e-aprovada-na-assembleia-legislativa-de-sp\/#primaryimage\",\"url\":\"https:\/\/i0.wp.com\/verdadeon.com.br\/portal\/wp-content\/uploads\/2023\/11\/AnyConv.com__WhatsApp-Image-2023-11-22-at-16.56.42.jpg?fit=928%2C622&ssl=1\",\"contentUrl\":\"https:\/\/i0.wp.com\/verdadeon.com.br\/portal\/wp-content\/uploads\/2023\/11\/AnyConv.com__WhatsApp-Image-2023-11-22-at-16.56.42.jpg?fit=928%2C622&ssl=1\",\"width\":928,\"height\":622,\"caption\":\"Essa n\u00e3o \u00e9 a primeira vez que a regi\u00e3o enfrenta problemas relacionados ao sistema de abastecimento de \u00e1gua, e os moradores clamam por solu\u00e7\u00f5es efetivas para garantir a seguran\u00e7a e tranquilidade das comunidades afetadas (\u00a9Imagem prefeitura)\"},{\"@type\":\"BreadcrumbList\",\"@id\":\"https:\/\/verdadeon.com.br\/portal\/2023\/12\/07\/desestatizacao-da-sabesp-e-aprovada-na-assembleia-legislativa-de-sp\/#breadcrumb\",\"itemListElement\":[{\"@type\":\"ListItem\",\"position\":1,\"name\":\"In\u00edcio\",\"item\":\"https:\/\/verdadeon.com.br\/portal\/\"},{\"@type\":\"ListItem\",\"position\":2,\"name\":\"Desestatiza\u00e7\u00e3o da Sabesp \u00e9 aprovada na Assembleia Legislativa de SP\"}]},{\"@type\":\"WebSite\",\"@id\":\"https:\/\/verdadeon.com.br\/portal\/#website\",\"url\":\"https:\/\/verdadeon.com.br\/portal\/\",\"name\":\"VerdadeOn\",\"description\":\"Not\u00edcias di\u00e1rias sobre Franca, Regi\u00e3o, Esporte, Cultura, Cotidiano, Colunas. Cobertura nos principais eventos da cidade \u00e9 aqui - Verdadeon Franca\",\"potentialAction\":[{\"@type\":\"SearchAction\",\"target\":{\"@type\":\"EntryPoint\",\"urlTemplate\":\"https:\/\/verdadeon.com.br\/portal\/?s={search_term_string}\"},\"query-input\":{\"@type\":\"PropertyValueSpecification\",\"valueRequired\":true,\"valueName\":\"search_term_string\"}}],\"inLanguage\":\"pt-BR\"},{\"@type\":\"Person\",\"@id\":\"https:\/\/verdadeon.com.br\/portal\/#\/schema\/person\/a5060ad1e9ea3df545188fc93ce43d2f\",\"name\":\"Redacao VerdadeOn\",\"image\":{\"@type\":\"ImageObject\",\"inLanguage\":\"pt-BR\",\"@id\":\"https:\/\/verdadeon.com.br\/portal\/#\/schema\/person\/image\/\",\"url\":\"https:\/\/secure.gravatar.com\/avatar\/459a9613caaaf07f582c3d0841eea68bdd66f533e465e6ba8b9cb45619572cf4?s=96&d=mm&r=g\",\"contentUrl\":\"https:\/\/secure.gravatar.com\/avatar\/459a9613caaaf07f582c3d0841eea68bdd66f533e465e6ba8b9cb45619572cf4?s=96&d=mm&r=g\",\"caption\":\"Redacao VerdadeOn\"},\"url\":\"https:\/\/verdadeon.com.br\/portal\/author\/redacao\/\"}]}<\/script>\n<!-- \/ Yoast SEO plugin. -->","yoast_head_json":{"title":"Desestatiza\u00e7\u00e3o da Sabesp \u00e9 aprovada na Assembleia Legislativa de SP - VerdadeOn","robots":{"index":"index","follow":"follow","max-snippet":"max-snippet:-1","max-image-preview":"max-image-preview:large","max-video-preview":"max-video-preview:-1"},"canonical":"https:\/\/verdadeon.com.br\/portal\/2023\/12\/07\/desestatizacao-da-sabesp-e-aprovada-na-assembleia-legislativa-de-sp\/","og_locale":"pt_BR","og_type":"article","og_title":"Desestatiza\u00e7\u00e3o da Sabesp \u00e9 aprovada na Assembleia Legislativa de SP - VerdadeOn","og_description":"Projeto permite antecipar a universaliza\u00e7\u00e3o do saneamento, incluir um milh\u00e3o de pessoas que est\u00e3o em \u00e1reas rurais e reduzir a tarifa O Projeto de Lei 1.501\/2023, [\u2026]","og_url":"https:\/\/verdadeon.com.br\/portal\/2023\/12\/07\/desestatizacao-da-sabesp-e-aprovada-na-assembleia-legislativa-de-sp\/","og_site_name":"VerdadeOn","article_published_time":"2023-12-07T19:41:15+00:00","og_image":[{"width":928,"height":622,"url":"https:\/\/verdadeon.com.br\/portal\/wp-content\/uploads\/2023\/11\/AnyConv.com__WhatsApp-Image-2023-11-22-at-16.56.42.jpg","type":"image\/jpeg"}],"author":"Redacao VerdadeOn","twitter_card":"summary_large_image","twitter_misc":{"Escrito por":"Redacao VerdadeOn","Est. tempo de leitura":"9 minutos"},"schema":{"@context":"https:\/\/schema.org","@graph":[{"@type":"WebPage","@id":"https:\/\/verdadeon.com.br\/portal\/2023\/12\/07\/desestatizacao-da-sabesp-e-aprovada-na-assembleia-legislativa-de-sp\/","url":"https:\/\/verdadeon.com.br\/portal\/2023\/12\/07\/desestatizacao-da-sabesp-e-aprovada-na-assembleia-legislativa-de-sp\/","name":"Desestatiza\u00e7\u00e3o da Sabesp \u00e9 aprovada na Assembleia Legislativa de SP - VerdadeOn","isPartOf":{"@id":"https:\/\/verdadeon.com.br\/portal\/#website"},"primaryImageOfPage":{"@id":"https:\/\/verdadeon.com.br\/portal\/2023\/12\/07\/desestatizacao-da-sabesp-e-aprovada-na-assembleia-legislativa-de-sp\/#primaryimage"},"image":{"@id":"https:\/\/verdadeon.com.br\/portal\/2023\/12\/07\/desestatizacao-da-sabesp-e-aprovada-na-assembleia-legislativa-de-sp\/#primaryimage"},"thumbnailUrl":"https:\/\/i0.wp.com\/verdadeon.com.br\/portal\/wp-content\/uploads\/2023\/11\/AnyConv.com__WhatsApp-Image-2023-11-22-at-16.56.42.jpg?fit=928%2C622&ssl=1","datePublished":"2023-12-07T19:41:15+00:00","author":{"@id":"https:\/\/verdadeon.com.br\/portal\/#\/schema\/person\/a5060ad1e9ea3df545188fc93ce43d2f"},"breadcrumb":{"@id":"https:\/\/verdadeon.com.br\/portal\/2023\/12\/07\/desestatizacao-da-sabesp-e-aprovada-na-assembleia-legislativa-de-sp\/#breadcrumb"},"inLanguage":"pt-BR","potentialAction":[{"@type":"ReadAction","target":["https:\/\/verdadeon.com.br\/portal\/2023\/12\/07\/desestatizacao-da-sabesp-e-aprovada-na-assembleia-legislativa-de-sp\/"]}]},{"@type":"ImageObject","inLanguage":"pt-BR","@id":"https:\/\/verdadeon.com.br\/portal\/2023\/12\/07\/desestatizacao-da-sabesp-e-aprovada-na-assembleia-legislativa-de-sp\/#primaryimage","url":"https:\/\/i0.wp.com\/verdadeon.com.br\/portal\/wp-content\/uploads\/2023\/11\/AnyConv.com__WhatsApp-Image-2023-11-22-at-16.56.42.jpg?fit=928%2C622&ssl=1","contentUrl":"https:\/\/i0.wp.com\/verdadeon.com.br\/portal\/wp-content\/uploads\/2023\/11\/AnyConv.com__WhatsApp-Image-2023-11-22-at-16.56.42.jpg?fit=928%2C622&ssl=1","width":928,"height":622,"caption":"Essa n\u00e3o \u00e9 a primeira vez que a regi\u00e3o enfrenta problemas relacionados ao sistema de abastecimento de \u00e1gua, e os moradores clamam por solu\u00e7\u00f5es efetivas para garantir a seguran\u00e7a e tranquilidade das comunidades afetadas (\u00a9Imagem prefeitura)"},{"@type":"BreadcrumbList","@id":"https:\/\/verdadeon.com.br\/portal\/2023\/12\/07\/desestatizacao-da-sabesp-e-aprovada-na-assembleia-legislativa-de-sp\/#breadcrumb","itemListElement":[{"@type":"ListItem","position":1,"name":"In\u00edcio","item":"https:\/\/verdadeon.com.br\/portal\/"},{"@type":"ListItem","position":2,"name":"Desestatiza\u00e7\u00e3o da Sabesp \u00e9 aprovada na Assembleia Legislativa de SP"}]},{"@type":"WebSite","@id":"https:\/\/verdadeon.com.br\/portal\/#website","url":"https:\/\/verdadeon.com.br\/portal\/","name":"VerdadeOn","description":"Not\u00edcias di\u00e1rias sobre Franca, Regi\u00e3o, Esporte, Cultura, Cotidiano, Colunas. Cobertura nos principais eventos da cidade \u00e9 aqui - Verdadeon Franca","potentialAction":[{"@type":"SearchAction","target":{"@type":"EntryPoint","urlTemplate":"https:\/\/verdadeon.com.br\/portal\/?s={search_term_string}"},"query-input":{"@type":"PropertyValueSpecification","valueRequired":true,"valueName":"search_term_string"}}],"inLanguage":"pt-BR"},{"@type":"Person","@id":"https:\/\/verdadeon.com.br\/portal\/#\/schema\/person\/a5060ad1e9ea3df545188fc93ce43d2f","name":"Redacao VerdadeOn","image":{"@type":"ImageObject","inLanguage":"pt-BR","@id":"https:\/\/verdadeon.com.br\/portal\/#\/schema\/person\/image\/","url":"https:\/\/secure.gravatar.com\/avatar\/459a9613caaaf07f582c3d0841eea68bdd66f533e465e6ba8b9cb45619572cf4?s=96&d=mm&r=g","contentUrl":"https:\/\/secure.gravatar.com\/avatar\/459a9613caaaf07f582c3d0841eea68bdd66f533e465e6ba8b9cb45619572cf4?s=96&d=mm&r=g","caption":"Redacao VerdadeOn"},"url":"https:\/\/verdadeon.com.br\/portal\/author\/redacao\/"}]}},"jetpack_publicize_connections":[],"jetpack_featured_media_url":"https:\/\/i0.wp.com\/verdadeon.com.br\/portal\/wp-content\/uploads\/2023\/11\/AnyConv.com__WhatsApp-Image-2023-11-22-at-16.56.42.jpg?fit=928%2C622&ssl=1","jetpack_sharing_enabled":true,"_links":{"self":[{"href":"https:\/\/verdadeon.com.br\/portal\/wp-json\/wp\/v2\/posts\/39722","targetHints":{"allow":["GET"]}}],"collection":[{"href":"https:\/\/verdadeon.com.br\/portal\/wp-json\/wp\/v2\/posts"}],"about":[{"href":"https:\/\/verdadeon.com.br\/portal\/wp-json\/wp\/v2\/types\/post"}],"author":[{"embeddable":true,"href":"https:\/\/verdadeon.com.br\/portal\/wp-json\/wp\/v2\/users\/10"}],"replies":[{"embeddable":true,"href":"https:\/\/verdadeon.com.br\/portal\/wp-json\/wp\/v2\/comments?post=39722"}],"version-history":[{"count":1,"href":"https:\/\/verdadeon.com.br\/portal\/wp-json\/wp\/v2\/posts\/39722\/revisions"}],"predecessor-version":[{"id":39723,"href":"https:\/\/verdadeon.com.br\/portal\/wp-json\/wp\/v2\/posts\/39722\/revisions\/39723"}],"wp:featuredmedia":[{"embeddable":true,"href":"https:\/\/verdadeon.com.br\/portal\/wp-json\/wp\/v2\/media\/39359"}],"wp:attachment":[{"href":"https:\/\/verdadeon.com.br\/portal\/wp-json\/wp\/v2\/media?parent=39722"}],"wp:term":[{"taxonomy":"category","embeddable":true,"href":"https:\/\/verdadeon.com.br\/portal\/wp-json\/wp\/v2\/categories?post=39722"},{"taxonomy":"post_tag","embeddable":true,"href":"https:\/\/verdadeon.com.br\/portal\/wp-json\/wp\/v2\/tags?post=39722"}],"curies":[{"name":"wp","href":"https:\/\/api.w.org\/{rel}","templated":true}]}}