{"id":39708,"date":"2023-12-07T14:07:52","date_gmt":"2023-12-07T17:07:52","guid":{"rendered":"https:\/\/verdadeon.com.br\/portal\/?p=39708"},"modified":"2023-12-07T14:29:54","modified_gmt":"2023-12-07T17:29:54","slug":"reparticoes-municipais-nao-terao-expediente-no-feriado-2","status":"publish","type":"post","link":"https:\/\/verdadeon.com.br\/portal\/2023\/12\/07\/reparticoes-municipais-nao-terao-expediente-no-feriado-2\/","title":{"rendered":"Reparti\u00e7\u00f5es municipais n\u00e3o ter\u00e3o expediente no feriado"},"content":{"rendered":"<h2>Celebra-se nesta sexta-feira, 8 de dezembro, o Dia de Nossa Senhora da Imaculada Concei\u00e7\u00e3o<\/h2>\n<p>As reparti\u00e7\u00f5es p\u00fablicas municipais n\u00e3o ter\u00e3o funcionamento nesta sexta-feira, 8 de dezembro, quando \u00e9 celebrado o Dia de Nossa Senhora da Imaculada Concei\u00e7\u00e3o, padroeira da cidade.<\/p>\n<p>Desta maneira, o expediente ser\u00e1 encerrado nesta quinta-feira, 7 e retomado na segunda, 11.<\/p>\n<p>As exce\u00e7\u00f5es de funcionamento ficam por conta das reparti\u00e7\u00f5es que prestam servi\u00e7os considerados essenciais, de urg\u00eancia e emerg\u00eancia, que seguem 24 horas, como os dois Prontos-Socorros (\u00c1lvaro Azzuz e Magid Bachur Filho), duas UPAS (Aeroporto I e Anita), al\u00e9m dos Conselhos Tutelares, Guarda Civil Municipal, Abrigo Provis\u00f3rio e CAPS, todos estes em forma de plant\u00f5es.<\/p>\n<p>Os servi\u00e7os de coleta de lixo n\u00e3o sofrer\u00e3o altera\u00e7\u00f5es.<\/p>\n<p><strong>Parques de Franca<\/strong><\/p>\n<p>Quem quiser aproveitar o feriado, tem como op\u00e7\u00e3o de lazer e pr\u00e1tica esportiva, os espa\u00e7os arborizados que fazem parte do Projeto \u201cParques de Franca\u201d. O Parque dos Trabalhadores, Caxambu (Vila Santos Dumont), Parque Fernando Costa e Poliesportivo funcionar\u00e3o das 6 \u00e0s 20 horas na sexta, s\u00e1bado e domingo. J\u00e1 o Jardim Zoobot\u00e2nico abre \u00e0s 7h e funciona at\u00e9 \u00e0s 17 horas para visita\u00e7\u00e3o, sem distribui\u00e7\u00e3o de mudas.<\/p>\n<p><strong>Sabesp e Poupatempo<\/strong><\/p>\n<div id=\"attachment_39714\" style=\"width: 1290px\" class=\"wp-caption alignnone\"><img data-recalc-dims=\"1\" loading=\"lazy\" decoding=\"async\" aria-describedby=\"caption-attachment-39714\" class=\"wp-image-39714 size-full\" src=\"https:\/\/i0.wp.com\/verdadeon.com.br\/portal\/wp-content\/uploads\/2023\/12\/WhatsApp-Image-2023-12-06-at-17.04.21.jpeg?resize=1220%2C1220&#038;ssl=1\" alt=\"\" width=\"1220\" height=\"1220\" srcset=\"https:\/\/i0.wp.com\/verdadeon.com.br\/portal\/wp-content\/uploads\/2023\/12\/WhatsApp-Image-2023-12-06-at-17.04.21.jpeg?w=1280&amp;ssl=1 1280w, https:\/\/i0.wp.com\/verdadeon.com.br\/portal\/wp-content\/uploads\/2023\/12\/WhatsApp-Image-2023-12-06-at-17.04.21.jpeg?resize=300%2C300&amp;ssl=1 300w, https:\/\/i0.wp.com\/verdadeon.com.br\/portal\/wp-content\/uploads\/2023\/12\/WhatsApp-Image-2023-12-06-at-17.04.21.jpeg?resize=1024%2C1024&amp;ssl=1 1024w, https:\/\/i0.wp.com\/verdadeon.com.br\/portal\/wp-content\/uploads\/2023\/12\/WhatsApp-Image-2023-12-06-at-17.04.21.jpeg?resize=150%2C150&amp;ssl=1 150w, https:\/\/i0.wp.com\/verdadeon.com.br\/portal\/wp-content\/uploads\/2023\/12\/WhatsApp-Image-2023-12-06-at-17.04.21.jpeg?resize=768%2C768&amp;ssl=1 768w, https:\/\/i0.wp.com\/verdadeon.com.br\/portal\/wp-content\/uploads\/2023\/12\/WhatsApp-Image-2023-12-06-at-17.04.21.jpeg?resize=146%2C146&amp;ssl=1 146w, https:\/\/i0.wp.com\/verdadeon.com.br\/portal\/wp-content\/uploads\/2023\/12\/WhatsApp-Image-2023-12-06-at-17.04.21.jpeg?resize=50%2C50&amp;ssl=1 50w, https:\/\/i0.wp.com\/verdadeon.com.br\/portal\/wp-content\/uploads\/2023\/12\/WhatsApp-Image-2023-12-06-at-17.04.21.jpeg?resize=75%2C75&amp;ssl=1 75w, https:\/\/i0.wp.com\/verdadeon.com.br\/portal\/wp-content\/uploads\/2023\/12\/WhatsApp-Image-2023-12-06-at-17.04.21.jpeg?resize=85%2C85&amp;ssl=1 85w, https:\/\/i0.wp.com\/verdadeon.com.br\/portal\/wp-content\/uploads\/2023\/12\/WhatsApp-Image-2023-12-06-at-17.04.21.jpeg?resize=80%2C80&amp;ssl=1 80w, https:\/\/i0.wp.com\/verdadeon.com.br\/portal\/wp-content\/uploads\/2023\/12\/WhatsApp-Image-2023-12-06-at-17.04.21.jpeg?resize=1200%2C1200&amp;ssl=1 1200w\" sizes=\"auto, (max-width: 1220px) 100vw, 1220px\" \/><p id=\"caption-attachment-39714\" class=\"wp-caption-text\">Ag\u00eancia de atendimento da Sabesp de Franca, na Avenida Dr. Fl\u00e1vio Rocha, Jd. Redentor (Divulga\u00e7\u00e3o)<\/p><\/div>\n<p>A ag\u00eancia retomar\u00e1 os atendimentos na segunda-feira (11\/12), com atendimento das 8h \u00e0s 16h.<\/p>\n<p>J\u00e1 o Poupatempo estar\u00e1 fechado no feriado de sexta-feira e reabrir\u00e1 no s\u00e1bado, das 9h \u00e0s 13h. No posto, \u00e9 poss\u00edvel solicitar a segunda via da conta; altera\u00e7\u00e3o cadastral; negociar e regularizar d\u00edvidas; realizar pedido de liga\u00e7\u00e3o e religa\u00e7\u00e3o de \u00e1gua, entre outros servi\u00e7os.<\/p>\n<p>Os clientes que precisarem de atendimento podem ligar na Central de Atendimento Telef\u00f4nico (telefone 0800 055 0195), que funciona 24 horas todos os dias, inclusive nos feriados, assim como o atendimento automatizado pelo WhatsApp 11 3388 8000 (somente mensagem de texto).<\/p>\n<p>Na Ag\u00eancia Virtual (https:\/\/agenciavirtual.sabesp.com.br\/home), onde \u00e9 poss\u00edvel consultar informa\u00e7\u00f5es sobre contas e acessar outros servi\u00e7os, o atendimento tamb\u00e9m \u00e9 realizado diariamente, por 24 horas.<\/p>\n","protected":false},"excerpt":{"rendered":"<p>Celebra-se nesta sexta-feira, 8 de dezembro, o Dia de Nossa Senhora da Imaculada Concei\u00e7\u00e3o As reparti\u00e7\u00f5es p\u00fablicas municipais n\u00e3o ter\u00e3o funcionamento nesta sexta-feira, 8 de dezembro,<span class=\"excerpt-hellip\"> [\u2026]<\/span><\/p>\n","protected":false},"author":10,"featured_media":39350,"comment_status":"open","ping_status":"open","sticky":false,"template":"","format":"standard","meta":{"_jetpack_memberships_contains_paid_content":false,"footnotes":"","jetpack_publicize_message":"","jetpack_publicize_feature_enabled":true,"jetpack_social_post_already_shared":false,"jetpack_social_options":{"image_generator_settings":{"template":"highway","default_image_id":0,"enabled":false},"version":2}},"categories":[28,81],"tags":[],"class_list":["post-39708","post","type-post","status-publish","format-standard","has-post-thumbnail","hentry","category-cotidiano","category-manchete"],"yoast_head":"<!-- This site is optimized with the Yoast SEO plugin v25.6 - https:\/\/yoast.com\/wordpress\/plugins\/seo\/ -->\n<title>Reparti\u00e7\u00f5es municipais n\u00e3o ter\u00e3o expediente no feriado - VerdadeOn<\/title>\n<meta name=\"robots\" content=\"index, follow, max-snippet:-1, max-image-preview:large, max-video-preview:-1\" \/>\n<link rel=\"canonical\" href=\"https:\/\/verdadeon.com.br\/portal\/2023\/12\/07\/reparticoes-municipais-nao-terao-expediente-no-feriado-2\/\" \/>\n<meta property=\"og:locale\" content=\"pt_BR\" \/>\n<meta property=\"og:type\" content=\"article\" \/>\n<meta property=\"og:title\" content=\"Reparti\u00e7\u00f5es municipais n\u00e3o ter\u00e3o expediente no feriado - VerdadeOn\" \/>\n<meta property=\"og:description\" content=\"Celebra-se nesta sexta-feira, 8 de dezembro, o Dia de Nossa Senhora da Imaculada Concei\u00e7\u00e3o As reparti\u00e7\u00f5es p\u00fablicas municipais n\u00e3o ter\u00e3o funcionamento nesta sexta-feira, 8 de dezembro, [\u2026]\" \/>\n<meta property=\"og:url\" content=\"https:\/\/verdadeon.com.br\/portal\/2023\/12\/07\/reparticoes-municipais-nao-terao-expediente-no-feriado-2\/\" \/>\n<meta property=\"og:site_name\" content=\"VerdadeOn\" \/>\n<meta property=\"article:published_time\" content=\"2023-12-07T17:07:52+00:00\" \/>\n<meta property=\"article:modified_time\" content=\"2023-12-07T17:29:54+00:00\" \/>\n<meta property=\"og:image\" content=\"https:\/\/verdadeon.com.br\/portal\/wp-content\/uploads\/2023\/11\/DSC_5988-scaled.jpg\" \/>\n\t<meta property=\"og:image:width\" content=\"2560\" \/>\n\t<meta property=\"og:image:height\" content=\"1715\" \/>\n\t<meta property=\"og:image:type\" content=\"image\/jpeg\" \/>\n<meta name=\"author\" content=\"Redacao VerdadeOn\" \/>\n<meta name=\"twitter:card\" content=\"summary_large_image\" \/>\n<meta name=\"twitter:label1\" content=\"Escrito por\" \/>\n\t<meta name=\"twitter:data1\" content=\"Redacao VerdadeOn\" \/>\n\t<meta name=\"twitter:label2\" content=\"Est. tempo de leitura\" \/>\n\t<meta name=\"twitter:data2\" content=\"3 minutos\" \/>\n<script type=\"application\/ld+json\" class=\"yoast-schema-graph\">{\"@context\":\"https:\/\/schema.org\",\"@graph\":[{\"@type\":\"WebPage\",\"@id\":\"https:\/\/verdadeon.com.br\/portal\/2023\/12\/07\/reparticoes-municipais-nao-terao-expediente-no-feriado-2\/\",\"url\":\"https:\/\/verdadeon.com.br\/portal\/2023\/12\/07\/reparticoes-municipais-nao-terao-expediente-no-feriado-2\/\",\"name\":\"Reparti\u00e7\u00f5es municipais n\u00e3o ter\u00e3o expediente no feriado - VerdadeOn\",\"isPartOf\":{\"@id\":\"https:\/\/verdadeon.com.br\/portal\/#website\"},\"primaryImageOfPage\":{\"@id\":\"https:\/\/verdadeon.com.br\/portal\/2023\/12\/07\/reparticoes-municipais-nao-terao-expediente-no-feriado-2\/#primaryimage\"},\"image\":{\"@id\":\"https:\/\/verdadeon.com.br\/portal\/2023\/12\/07\/reparticoes-municipais-nao-terao-expediente-no-feriado-2\/#primaryimage\"},\"thumbnailUrl\":\"https:\/\/i0.wp.com\/verdadeon.com.br\/portal\/wp-content\/uploads\/2023\/11\/DSC_5988-scaled.jpg?fit=2560%2C1715&ssl=1\",\"datePublished\":\"2023-12-07T17:07:52+00:00\",\"dateModified\":\"2023-12-07T17:29:54+00:00\",\"author\":{\"@id\":\"https:\/\/verdadeon.com.br\/portal\/#\/schema\/person\/a5060ad1e9ea3df545188fc93ce43d2f\"},\"breadcrumb\":{\"@id\":\"https:\/\/verdadeon.com.br\/portal\/2023\/12\/07\/reparticoes-municipais-nao-terao-expediente-no-feriado-2\/#breadcrumb\"},\"inLanguage\":\"pt-BR\",\"potentialAction\":[{\"@type\":\"ReadAction\",\"target\":[\"https:\/\/verdadeon.com.br\/portal\/2023\/12\/07\/reparticoes-municipais-nao-terao-expediente-no-feriado-2\/\"]}]},{\"@type\":\"ImageObject\",\"inLanguage\":\"pt-BR\",\"@id\":\"https:\/\/verdadeon.com.br\/portal\/2023\/12\/07\/reparticoes-municipais-nao-terao-expediente-no-feriado-2\/#primaryimage\",\"url\":\"https:\/\/i0.wp.com\/verdadeon.com.br\/portal\/wp-content\/uploads\/2023\/11\/DSC_5988-scaled.jpg?fit=2560%2C1715&ssl=1\",\"contentUrl\":\"https:\/\/i0.wp.com\/verdadeon.com.br\/portal\/wp-content\/uploads\/2023\/11\/DSC_5988-scaled.jpg?fit=2560%2C1715&ssl=1\",\"width\":2560,\"height\":1715,\"caption\":\"Nos servi\u00e7os essenciais, apenas a Coleta de Lixo n\u00e3o funcionar\u00e1 no dia 1\u00b0 (\u00a9Divulga\u00e7\u00e3o)\"},{\"@type\":\"BreadcrumbList\",\"@id\":\"https:\/\/verdadeon.com.br\/portal\/2023\/12\/07\/reparticoes-municipais-nao-terao-expediente-no-feriado-2\/#breadcrumb\",\"itemListElement\":[{\"@type\":\"ListItem\",\"position\":1,\"name\":\"In\u00edcio\",\"item\":\"https:\/\/verdadeon.com.br\/portal\/\"},{\"@type\":\"ListItem\",\"position\":2,\"name\":\"Reparti\u00e7\u00f5es municipais n\u00e3o ter\u00e3o expediente no feriado\"}]},{\"@type\":\"WebSite\",\"@id\":\"https:\/\/verdadeon.com.br\/portal\/#website\",\"url\":\"https:\/\/verdadeon.com.br\/portal\/\",\"name\":\"VerdadeOn\",\"description\":\"Not\u00edcias di\u00e1rias sobre Franca, Regi\u00e3o, Esporte, Cultura, Cotidiano, Colunas. Cobertura nos principais eventos da cidade \u00e9 aqui - Verdadeon Franca\",\"potentialAction\":[{\"@type\":\"SearchAction\",\"target\":{\"@type\":\"EntryPoint\",\"urlTemplate\":\"https:\/\/verdadeon.com.br\/portal\/?s={search_term_string}\"},\"query-input\":{\"@type\":\"PropertyValueSpecification\",\"valueRequired\":true,\"valueName\":\"search_term_string\"}}],\"inLanguage\":\"pt-BR\"},{\"@type\":\"Person\",\"@id\":\"https:\/\/verdadeon.com.br\/portal\/#\/schema\/person\/a5060ad1e9ea3df545188fc93ce43d2f\",\"name\":\"Redacao VerdadeOn\",\"image\":{\"@type\":\"ImageObject\",\"inLanguage\":\"pt-BR\",\"@id\":\"https:\/\/verdadeon.com.br\/portal\/#\/schema\/person\/image\/\",\"url\":\"https:\/\/secure.gravatar.com\/avatar\/459a9613caaaf07f582c3d0841eea68bdd66f533e465e6ba8b9cb45619572cf4?s=96&d=mm&r=g\",\"contentUrl\":\"https:\/\/secure.gravatar.com\/avatar\/459a9613caaaf07f582c3d0841eea68bdd66f533e465e6ba8b9cb45619572cf4?s=96&d=mm&r=g\",\"caption\":\"Redacao VerdadeOn\"},\"url\":\"https:\/\/verdadeon.com.br\/portal\/author\/redacao\/\"}]}<\/script>\n<!-- \/ Yoast SEO plugin. -->","yoast_head_json":{"title":"Reparti\u00e7\u00f5es municipais n\u00e3o ter\u00e3o expediente no feriado - VerdadeOn","robots":{"index":"index","follow":"follow","max-snippet":"max-snippet:-1","max-image-preview":"max-image-preview:large","max-video-preview":"max-video-preview:-1"},"canonical":"https:\/\/verdadeon.com.br\/portal\/2023\/12\/07\/reparticoes-municipais-nao-terao-expediente-no-feriado-2\/","og_locale":"pt_BR","og_type":"article","og_title":"Reparti\u00e7\u00f5es municipais n\u00e3o ter\u00e3o expediente no feriado - VerdadeOn","og_description":"Celebra-se nesta sexta-feira, 8 de dezembro, o Dia de Nossa Senhora da Imaculada Concei\u00e7\u00e3o As reparti\u00e7\u00f5es p\u00fablicas municipais n\u00e3o ter\u00e3o funcionamento nesta sexta-feira, 8 de dezembro, [\u2026]","og_url":"https:\/\/verdadeon.com.br\/portal\/2023\/12\/07\/reparticoes-municipais-nao-terao-expediente-no-feriado-2\/","og_site_name":"VerdadeOn","article_published_time":"2023-12-07T17:07:52+00:00","article_modified_time":"2023-12-07T17:29:54+00:00","og_image":[{"width":2560,"height":1715,"url":"https:\/\/verdadeon.com.br\/portal\/wp-content\/uploads\/2023\/11\/DSC_5988-scaled.jpg","type":"image\/jpeg"}],"author":"Redacao VerdadeOn","twitter_card":"summary_large_image","twitter_misc":{"Escrito por":"Redacao VerdadeOn","Est. tempo de leitura":"3 minutos"},"schema":{"@context":"https:\/\/schema.org","@graph":[{"@type":"WebPage","@id":"https:\/\/verdadeon.com.br\/portal\/2023\/12\/07\/reparticoes-municipais-nao-terao-expediente-no-feriado-2\/","url":"https:\/\/verdadeon.com.br\/portal\/2023\/12\/07\/reparticoes-municipais-nao-terao-expediente-no-feriado-2\/","name":"Reparti\u00e7\u00f5es municipais n\u00e3o ter\u00e3o expediente no feriado - VerdadeOn","isPartOf":{"@id":"https:\/\/verdadeon.com.br\/portal\/#website"},"primaryImageOfPage":{"@id":"https:\/\/verdadeon.com.br\/portal\/2023\/12\/07\/reparticoes-municipais-nao-terao-expediente-no-feriado-2\/#primaryimage"},"image":{"@id":"https:\/\/verdadeon.com.br\/portal\/2023\/12\/07\/reparticoes-municipais-nao-terao-expediente-no-feriado-2\/#primaryimage"},"thumbnailUrl":"https:\/\/i0.wp.com\/verdadeon.com.br\/portal\/wp-content\/uploads\/2023\/11\/DSC_5988-scaled.jpg?fit=2560%2C1715&ssl=1","datePublished":"2023-12-07T17:07:52+00:00","dateModified":"2023-12-07T17:29:54+00:00","author":{"@id":"https:\/\/verdadeon.com.br\/portal\/#\/schema\/person\/a5060ad1e9ea3df545188fc93ce43d2f"},"breadcrumb":{"@id":"https:\/\/verdadeon.com.br\/portal\/2023\/12\/07\/reparticoes-municipais-nao-terao-expediente-no-feriado-2\/#breadcrumb"},"inLanguage":"pt-BR","potentialAction":[{"@type":"ReadAction","target":["https:\/\/verdadeon.com.br\/portal\/2023\/12\/07\/reparticoes-municipais-nao-terao-expediente-no-feriado-2\/"]}]},{"@type":"ImageObject","inLanguage":"pt-BR","@id":"https:\/\/verdadeon.com.br\/portal\/2023\/12\/07\/reparticoes-municipais-nao-terao-expediente-no-feriado-2\/#primaryimage","url":"https:\/\/i0.wp.com\/verdadeon.com.br\/portal\/wp-content\/uploads\/2023\/11\/DSC_5988-scaled.jpg?fit=2560%2C1715&ssl=1","contentUrl":"https:\/\/i0.wp.com\/verdadeon.com.br\/portal\/wp-content\/uploads\/2023\/11\/DSC_5988-scaled.jpg?fit=2560%2C1715&ssl=1","width":2560,"height":1715,"caption":"Nos servi\u00e7os essenciais, apenas a Coleta de Lixo n\u00e3o funcionar\u00e1 no dia 1\u00b0 (\u00a9Divulga\u00e7\u00e3o)"},{"@type":"BreadcrumbList","@id":"https:\/\/verdadeon.com.br\/portal\/2023\/12\/07\/reparticoes-municipais-nao-terao-expediente-no-feriado-2\/#breadcrumb","itemListElement":[{"@type":"ListItem","position":1,"name":"In\u00edcio","item":"https:\/\/verdadeon.com.br\/portal\/"},{"@type":"ListItem","position":2,"name":"Reparti\u00e7\u00f5es municipais n\u00e3o ter\u00e3o expediente no feriado"}]},{"@type":"WebSite","@id":"https:\/\/verdadeon.com.br\/portal\/#website","url":"https:\/\/verdadeon.com.br\/portal\/","name":"VerdadeOn","description":"Not\u00edcias di\u00e1rias sobre Franca, Regi\u00e3o, Esporte, Cultura, Cotidiano, Colunas. Cobertura nos principais eventos da cidade \u00e9 aqui - Verdadeon Franca","potentialAction":[{"@type":"SearchAction","target":{"@type":"EntryPoint","urlTemplate":"https:\/\/verdadeon.com.br\/portal\/?s={search_term_string}"},"query-input":{"@type":"PropertyValueSpecification","valueRequired":true,"valueName":"search_term_string"}}],"inLanguage":"pt-BR"},{"@type":"Person","@id":"https:\/\/verdadeon.com.br\/portal\/#\/schema\/person\/a5060ad1e9ea3df545188fc93ce43d2f","name":"Redacao VerdadeOn","image":{"@type":"ImageObject","inLanguage":"pt-BR","@id":"https:\/\/verdadeon.com.br\/portal\/#\/schema\/person\/image\/","url":"https:\/\/secure.gravatar.com\/avatar\/459a9613caaaf07f582c3d0841eea68bdd66f533e465e6ba8b9cb45619572cf4?s=96&d=mm&r=g","contentUrl":"https:\/\/secure.gravatar.com\/avatar\/459a9613caaaf07f582c3d0841eea68bdd66f533e465e6ba8b9cb45619572cf4?s=96&d=mm&r=g","caption":"Redacao VerdadeOn"},"url":"https:\/\/verdadeon.com.br\/portal\/author\/redacao\/"}]}},"jetpack_publicize_connections":[],"jetpack_featured_media_url":"https:\/\/i0.wp.com\/verdadeon.com.br\/portal\/wp-content\/uploads\/2023\/11\/DSC_5988-scaled.jpg?fit=2560%2C1715&ssl=1","jetpack_sharing_enabled":true,"_links":{"self":[{"href":"https:\/\/verdadeon.com.br\/portal\/wp-json\/wp\/v2\/posts\/39708","targetHints":{"allow":["GET"]}}],"collection":[{"href":"https:\/\/verdadeon.com.br\/portal\/wp-json\/wp\/v2\/posts"}],"about":[{"href":"https:\/\/verdadeon.com.br\/portal\/wp-json\/wp\/v2\/types\/post"}],"author":[{"embeddable":true,"href":"https:\/\/verdadeon.com.br\/portal\/wp-json\/wp\/v2\/users\/10"}],"replies":[{"embeddable":true,"href":"https:\/\/verdadeon.com.br\/portal\/wp-json\/wp\/v2\/comments?post=39708"}],"version-history":[{"count":3,"href":"https:\/\/verdadeon.com.br\/portal\/wp-json\/wp\/v2\/posts\/39708\/revisions"}],"predecessor-version":[{"id":39715,"href":"https:\/\/verdadeon.com.br\/portal\/wp-json\/wp\/v2\/posts\/39708\/revisions\/39715"}],"wp:featuredmedia":[{"embeddable":true,"href":"https:\/\/verdadeon.com.br\/portal\/wp-json\/wp\/v2\/media\/39350"}],"wp:attachment":[{"href":"https:\/\/verdadeon.com.br\/portal\/wp-json\/wp\/v2\/media?parent=39708"}],"wp:term":[{"taxonomy":"category","embeddable":true,"href":"https:\/\/verdadeon.com.br\/portal\/wp-json\/wp\/v2\/categories?post=39708"},{"taxonomy":"post_tag","embeddable":true,"href":"https:\/\/verdadeon.com.br\/portal\/wp-json\/wp\/v2\/tags?post=39708"}],"curies":[{"name":"wp","href":"https:\/\/api.w.org\/{rel}","templated":true}]}}