{"id":39630,"date":"2023-12-04T19:12:06","date_gmt":"2023-12-04T22:12:06","guid":{"rendered":"https:\/\/verdadeon.com.br\/portal\/?p=39630"},"modified":"2023-12-04T19:12:06","modified_gmt":"2023-12-04T22:12:06","slug":"projeto-do-cantor-gusttavo-lima-embaixador-in-chega-a-franca-nesta-semana","status":"publish","type":"post","link":"https:\/\/verdadeon.com.br\/portal\/2023\/12\/04\/projeto-do-cantor-gusttavo-lima-embaixador-in-chega-a-franca-nesta-semana\/","title":{"rendered":"Projeto do cantor Gusttavo Lima &#8216;Embaixador In&#8217; chega a Franca nesta semana"},"content":{"rendered":"<h2>A cidade recebe mais uma vez o cantor Gusttavo Lima em um dos seus projetos de maior sucesso pelo pa\u00eds; evento tamb\u00e9m ter\u00e1 shows de Eduardo Costa e Henrico DJ no palco principal<\/h2>\n<p>Franca ser\u00e1 palco de mais uma edi\u00e7\u00e3o do show \u2018Embaixador In\u2019, do cantor Gusttavo Lima. A cidade recebe no pr\u00f3ximo s\u00e1bado, dia 9, mais um ano consecutivo do projeto que vem percorrendo as principais cidades do pa\u00eds. O show do Embaixador \u00e9 atra\u00e7\u00e3o confirmada anualmente em Franca e movimenta o p\u00fablico de Franca e regi\u00e3o.<\/p>\n<p>Este n\u00e3o ser\u00e1 apenas um show, ser\u00e1 uma imers\u00e3o em uma megaestrutura especialmente preparada para proporcionar uma experi\u00eancia \u00fanica ao p\u00fablico, que se destaca por sempre comparecer em peso para prestigiar o cantor Gusttavo Lima. O anfitri\u00e3o da festa convida para a tour em Franca, o cantor Eduardo Costa e Henrico DJ.<\/p>\n<p>A organiza\u00e7\u00e3o antecipa que esse novo formato agregado a essa edi\u00e7\u00e3o \u00e9 para fechar o ano com chave de ouro e proporcionar ao p\u00fablico de Franca e regi\u00e3o uma noite inesquec\u00edvel. A estrutura est\u00e1 grandiosa desde o tamanho do palco at\u00e9 as \u00e1reas exclusivas da Pra\u00e7a de Alimenta\u00e7\u00e3o, Camarotes e Lounges Open-Food para uma experi\u00eancia ainda mais completa.<\/p>\n<p>&#8220;Ser\u00e1 uma noite \u00e9pica, onde a m\u00fasica sertaneja ser\u00e1 elevada a outro patamar, em uma estrutura que vai surpreender a todos. Gusttavo Lima e Eduardo Costa em encontro<\/p>\n<p>\u00fanico em Franca, e tenho certeza que vai ficar na mem\u00f3ria do publico que estiver presente&#8221;, destaca o promotor local do evento, Ronaldo Camargo Moka.<\/p>\n<p>&nbsp;<\/p>\n<h2>Ingressos dispon\u00edveis<\/h2>\n<p>Ainda d\u00e1 tempo de aproveitar o maior show do ano, os ingressos est\u00e3o dispon\u00edveis no aplicativo\u00a0\u00a0\u00a0\u00a0\u00a0\u00a0\u00a0\u00a0\u00a0\u00a0\u00a0\u00a0\u00a0\u00a0\u00a0\u00a0\u00a0\u00a0\u00a0\u00a0\u00a0\u00a0\u00a0\u00a0\u00a0\u00a0\u00a0 BaladaApp\u00a0\u00a0\u00a0\u00a0\u00a0\u00a0\u00a0\u00a0\u00a0\u00a0\u00a0\u00a0\u00a0\u00a0\u00a0\u00a0\u00a0\u00a0\u00a0\u00a0\u00a0\u00a0\u00a0\u00a0\u00a0\u00a0\u00a0 e\u00a0\u00a0\u00a0\u00a0\u00a0\u00a0\u00a0\u00a0\u00a0\u00a0\u00a0\u00a0\u00a0\u00a0\u00a0\u00a0\u00a0\u00a0\u00a0\u00a0\u00a0\u00a0\u00a0\u00a0\u00a0\u00a0\u00a0 pelo site <a href=\"https:\/\/baladapp.com.br\/a\/embaixadorinfranca2023\/4350\">https:\/\/baladapp.com.br\/a\/embaixadorinfranca2023\/4350<\/a> . O evento promete um p\u00fablico de peso e os valores variam de acordo com os setores.<\/p>\n<p>&nbsp;<\/p>\n<h2>Servi\u00e7o:<\/h2>\n<p><strong>\u2018Embaixador In Franca\u2019: <\/strong>Gusttavo Lima, Eduardo Costa e Henrico DJ<\/p>\n<p><strong>Data<\/strong>: 9 de dezembro<\/p>\n<p><strong>Hor\u00e1rio: <\/strong>Abertura dos port\u00f5es \u00e0s 20h00<\/p>\n<p><strong>Local: <\/strong>Distrito Industrial (Ao lado da f\u00e1brica Democrata)<\/p>\n<p><strong>Endere\u00e7o: <\/strong>Rotat\u00f3ria Wilson S\u00e1bio de Melo, 2730.<\/p>\n<p>&nbsp;<\/p>\n<p><strong>Realiza\u00e7\u00e3o: <\/strong>Balada Eventos Moka Produ\u00e7\u00f5es<\/p>\n","protected":false},"excerpt":{"rendered":"<p>A cidade recebe mais uma vez o cantor Gusttavo Lima em um dos seus projetos de maior sucesso pelo pa\u00eds; evento tamb\u00e9m ter\u00e1 shows de Eduardo<span class=\"excerpt-hellip\"> [\u2026]<\/span><\/p>\n","protected":false},"author":4,"featured_media":39631,"comment_status":"open","ping_status":"open","sticky":false,"template":"","format":"standard","meta":{"_jetpack_memberships_contains_paid_content":false,"footnotes":"","jetpack_publicize_message":"","jetpack_publicize_feature_enabled":true,"jetpack_social_post_already_shared":false,"jetpack_social_options":{"image_generator_settings":{"template":"highway","default_image_id":0,"enabled":false},"version":2}},"categories":[28,44],"tags":[],"class_list":["post-39630","post","type-post","status-publish","format-standard","has-post-thumbnail","hentry","category-cotidiano","category-noticias"],"yoast_head":"<!-- This site is optimized with the Yoast SEO plugin v25.6 - https:\/\/yoast.com\/wordpress\/plugins\/seo\/ -->\n<title>Projeto do cantor Gusttavo Lima &#039;Embaixador In&#039; chega a Franca nesta semana - VerdadeOn<\/title>\n<meta name=\"robots\" content=\"index, follow, max-snippet:-1, max-image-preview:large, max-video-preview:-1\" \/>\n<link rel=\"canonical\" href=\"https:\/\/verdadeon.com.br\/portal\/2023\/12\/04\/projeto-do-cantor-gusttavo-lima-embaixador-in-chega-a-franca-nesta-semana\/\" \/>\n<meta property=\"og:locale\" content=\"pt_BR\" \/>\n<meta property=\"og:type\" content=\"article\" \/>\n<meta property=\"og:title\" content=\"Projeto do cantor Gusttavo Lima &#039;Embaixador In&#039; chega a Franca nesta semana - VerdadeOn\" \/>\n<meta property=\"og:description\" content=\"A cidade recebe mais uma vez o cantor Gusttavo Lima em um dos seus projetos de maior sucesso pelo pa\u00eds; evento tamb\u00e9m ter\u00e1 shows de Eduardo [\u2026]\" \/>\n<meta property=\"og:url\" content=\"https:\/\/verdadeon.com.br\/portal\/2023\/12\/04\/projeto-do-cantor-gusttavo-lima-embaixador-in-chega-a-franca-nesta-semana\/\" \/>\n<meta property=\"og:site_name\" content=\"VerdadeOn\" \/>\n<meta property=\"article:published_time\" content=\"2023-12-04T22:12:06+00:00\" \/>\n<meta property=\"og:image\" content=\"https:\/\/verdadeon.com.br\/portal\/wp-content\/uploads\/2023\/12\/gl.jpg\" \/>\n\t<meta property=\"og:image:width\" content=\"1000\" \/>\n\t<meta property=\"og:image:height\" content=\"670\" \/>\n\t<meta property=\"og:image:type\" content=\"image\/jpeg\" \/>\n<meta name=\"author\" content=\"Fernando Calixto\" \/>\n<meta name=\"twitter:card\" content=\"summary_large_image\" \/>\n<meta name=\"twitter:label1\" content=\"Escrito por\" \/>\n\t<meta name=\"twitter:data1\" content=\"Fernando Calixto\" \/>\n\t<meta name=\"twitter:label2\" content=\"Est. tempo de leitura\" \/>\n\t<meta name=\"twitter:data2\" content=\"2 minutos\" \/>\n<script type=\"application\/ld+json\" class=\"yoast-schema-graph\">{\"@context\":\"https:\/\/schema.org\",\"@graph\":[{\"@type\":\"WebPage\",\"@id\":\"https:\/\/verdadeon.com.br\/portal\/2023\/12\/04\/projeto-do-cantor-gusttavo-lima-embaixador-in-chega-a-franca-nesta-semana\/\",\"url\":\"https:\/\/verdadeon.com.br\/portal\/2023\/12\/04\/projeto-do-cantor-gusttavo-lima-embaixador-in-chega-a-franca-nesta-semana\/\",\"name\":\"Projeto do cantor Gusttavo Lima 'Embaixador In' chega a Franca nesta semana - VerdadeOn\",\"isPartOf\":{\"@id\":\"https:\/\/verdadeon.com.br\/portal\/#website\"},\"primaryImageOfPage\":{\"@id\":\"https:\/\/verdadeon.com.br\/portal\/2023\/12\/04\/projeto-do-cantor-gusttavo-lima-embaixador-in-chega-a-franca-nesta-semana\/#primaryimage\"},\"image\":{\"@id\":\"https:\/\/verdadeon.com.br\/portal\/2023\/12\/04\/projeto-do-cantor-gusttavo-lima-embaixador-in-chega-a-franca-nesta-semana\/#primaryimage\"},\"thumbnailUrl\":\"https:\/\/i0.wp.com\/verdadeon.com.br\/portal\/wp-content\/uploads\/2023\/12\/gl.jpg?fit=1000%2C670&ssl=1\",\"datePublished\":\"2023-12-04T22:12:06+00:00\",\"author\":{\"@id\":\"https:\/\/verdadeon.com.br\/portal\/#\/schema\/person\/8994718f49ee62ba5610471e29ca1f62\"},\"breadcrumb\":{\"@id\":\"https:\/\/verdadeon.com.br\/portal\/2023\/12\/04\/projeto-do-cantor-gusttavo-lima-embaixador-in-chega-a-franca-nesta-semana\/#breadcrumb\"},\"inLanguage\":\"pt-BR\",\"potentialAction\":[{\"@type\":\"ReadAction\",\"target\":[\"https:\/\/verdadeon.com.br\/portal\/2023\/12\/04\/projeto-do-cantor-gusttavo-lima-embaixador-in-chega-a-franca-nesta-semana\/\"]}]},{\"@type\":\"ImageObject\",\"inLanguage\":\"pt-BR\",\"@id\":\"https:\/\/verdadeon.com.br\/portal\/2023\/12\/04\/projeto-do-cantor-gusttavo-lima-embaixador-in-chega-a-franca-nesta-semana\/#primaryimage\",\"url\":\"https:\/\/i0.wp.com\/verdadeon.com.br\/portal\/wp-content\/uploads\/2023\/12\/gl.jpg?fit=1000%2C670&ssl=1\",\"contentUrl\":\"https:\/\/i0.wp.com\/verdadeon.com.br\/portal\/wp-content\/uploads\/2023\/12\/gl.jpg?fit=1000%2C670&ssl=1\",\"width\":1000,\"height\":670},{\"@type\":\"BreadcrumbList\",\"@id\":\"https:\/\/verdadeon.com.br\/portal\/2023\/12\/04\/projeto-do-cantor-gusttavo-lima-embaixador-in-chega-a-franca-nesta-semana\/#breadcrumb\",\"itemListElement\":[{\"@type\":\"ListItem\",\"position\":1,\"name\":\"In\u00edcio\",\"item\":\"https:\/\/verdadeon.com.br\/portal\/\"},{\"@type\":\"ListItem\",\"position\":2,\"name\":\"Projeto do cantor Gusttavo Lima &#8216;Embaixador In&#8217; chega a Franca nesta semana\"}]},{\"@type\":\"WebSite\",\"@id\":\"https:\/\/verdadeon.com.br\/portal\/#website\",\"url\":\"https:\/\/verdadeon.com.br\/portal\/\",\"name\":\"VerdadeOn\",\"description\":\"Not\u00edcias di\u00e1rias sobre Franca, Regi\u00e3o, Esporte, Cultura, Cotidiano, Colunas. Cobertura nos principais eventos da cidade \u00e9 aqui - Verdadeon Franca\",\"potentialAction\":[{\"@type\":\"SearchAction\",\"target\":{\"@type\":\"EntryPoint\",\"urlTemplate\":\"https:\/\/verdadeon.com.br\/portal\/?s={search_term_string}\"},\"query-input\":{\"@type\":\"PropertyValueSpecification\",\"valueRequired\":true,\"valueName\":\"search_term_string\"}}],\"inLanguage\":\"pt-BR\"},{\"@type\":\"Person\",\"@id\":\"https:\/\/verdadeon.com.br\/portal\/#\/schema\/person\/8994718f49ee62ba5610471e29ca1f62\",\"name\":\"Fernando Calixto\",\"image\":{\"@type\":\"ImageObject\",\"inLanguage\":\"pt-BR\",\"@id\":\"https:\/\/verdadeon.com.br\/portal\/#\/schema\/person\/image\/\",\"url\":\"https:\/\/secure.gravatar.com\/avatar\/7578910c24966c0316c340f9dbd601e93ee9f9212e1033968b367af9306bd9fb?s=96&d=mm&r=g\",\"contentUrl\":\"https:\/\/secure.gravatar.com\/avatar\/7578910c24966c0316c340f9dbd601e93ee9f9212e1033968b367af9306bd9fb?s=96&d=mm&r=g\",\"caption\":\"Fernando Calixto\"},\"url\":\"https:\/\/verdadeon.com.br\/portal\/author\/fernando-calixto\/\"}]}<\/script>\n<!-- \/ Yoast SEO plugin. -->","yoast_head_json":{"title":"Projeto do cantor Gusttavo Lima 'Embaixador In' chega a Franca nesta semana - VerdadeOn","robots":{"index":"index","follow":"follow","max-snippet":"max-snippet:-1","max-image-preview":"max-image-preview:large","max-video-preview":"max-video-preview:-1"},"canonical":"https:\/\/verdadeon.com.br\/portal\/2023\/12\/04\/projeto-do-cantor-gusttavo-lima-embaixador-in-chega-a-franca-nesta-semana\/","og_locale":"pt_BR","og_type":"article","og_title":"Projeto do cantor Gusttavo Lima 'Embaixador In' chega a Franca nesta semana - VerdadeOn","og_description":"A cidade recebe mais uma vez o cantor Gusttavo Lima em um dos seus projetos de maior sucesso pelo pa\u00eds; evento tamb\u00e9m ter\u00e1 shows de Eduardo [\u2026]","og_url":"https:\/\/verdadeon.com.br\/portal\/2023\/12\/04\/projeto-do-cantor-gusttavo-lima-embaixador-in-chega-a-franca-nesta-semana\/","og_site_name":"VerdadeOn","article_published_time":"2023-12-04T22:12:06+00:00","og_image":[{"width":1000,"height":670,"url":"https:\/\/verdadeon.com.br\/portal\/wp-content\/uploads\/2023\/12\/gl.jpg","type":"image\/jpeg"}],"author":"Fernando Calixto","twitter_card":"summary_large_image","twitter_misc":{"Escrito por":"Fernando Calixto","Est. tempo de leitura":"2 minutos"},"schema":{"@context":"https:\/\/schema.org","@graph":[{"@type":"WebPage","@id":"https:\/\/verdadeon.com.br\/portal\/2023\/12\/04\/projeto-do-cantor-gusttavo-lima-embaixador-in-chega-a-franca-nesta-semana\/","url":"https:\/\/verdadeon.com.br\/portal\/2023\/12\/04\/projeto-do-cantor-gusttavo-lima-embaixador-in-chega-a-franca-nesta-semana\/","name":"Projeto do cantor Gusttavo Lima 'Embaixador In' chega a Franca nesta semana - VerdadeOn","isPartOf":{"@id":"https:\/\/verdadeon.com.br\/portal\/#website"},"primaryImageOfPage":{"@id":"https:\/\/verdadeon.com.br\/portal\/2023\/12\/04\/projeto-do-cantor-gusttavo-lima-embaixador-in-chega-a-franca-nesta-semana\/#primaryimage"},"image":{"@id":"https:\/\/verdadeon.com.br\/portal\/2023\/12\/04\/projeto-do-cantor-gusttavo-lima-embaixador-in-chega-a-franca-nesta-semana\/#primaryimage"},"thumbnailUrl":"https:\/\/i0.wp.com\/verdadeon.com.br\/portal\/wp-content\/uploads\/2023\/12\/gl.jpg?fit=1000%2C670&ssl=1","datePublished":"2023-12-04T22:12:06+00:00","author":{"@id":"https:\/\/verdadeon.com.br\/portal\/#\/schema\/person\/8994718f49ee62ba5610471e29ca1f62"},"breadcrumb":{"@id":"https:\/\/verdadeon.com.br\/portal\/2023\/12\/04\/projeto-do-cantor-gusttavo-lima-embaixador-in-chega-a-franca-nesta-semana\/#breadcrumb"},"inLanguage":"pt-BR","potentialAction":[{"@type":"ReadAction","target":["https:\/\/verdadeon.com.br\/portal\/2023\/12\/04\/projeto-do-cantor-gusttavo-lima-embaixador-in-chega-a-franca-nesta-semana\/"]}]},{"@type":"ImageObject","inLanguage":"pt-BR","@id":"https:\/\/verdadeon.com.br\/portal\/2023\/12\/04\/projeto-do-cantor-gusttavo-lima-embaixador-in-chega-a-franca-nesta-semana\/#primaryimage","url":"https:\/\/i0.wp.com\/verdadeon.com.br\/portal\/wp-content\/uploads\/2023\/12\/gl.jpg?fit=1000%2C670&ssl=1","contentUrl":"https:\/\/i0.wp.com\/verdadeon.com.br\/portal\/wp-content\/uploads\/2023\/12\/gl.jpg?fit=1000%2C670&ssl=1","width":1000,"height":670},{"@type":"BreadcrumbList","@id":"https:\/\/verdadeon.com.br\/portal\/2023\/12\/04\/projeto-do-cantor-gusttavo-lima-embaixador-in-chega-a-franca-nesta-semana\/#breadcrumb","itemListElement":[{"@type":"ListItem","position":1,"name":"In\u00edcio","item":"https:\/\/verdadeon.com.br\/portal\/"},{"@type":"ListItem","position":2,"name":"Projeto do cantor Gusttavo Lima &#8216;Embaixador In&#8217; chega a Franca nesta semana"}]},{"@type":"WebSite","@id":"https:\/\/verdadeon.com.br\/portal\/#website","url":"https:\/\/verdadeon.com.br\/portal\/","name":"VerdadeOn","description":"Not\u00edcias di\u00e1rias sobre Franca, Regi\u00e3o, Esporte, Cultura, Cotidiano, Colunas. Cobertura nos principais eventos da cidade \u00e9 aqui - Verdadeon Franca","potentialAction":[{"@type":"SearchAction","target":{"@type":"EntryPoint","urlTemplate":"https:\/\/verdadeon.com.br\/portal\/?s={search_term_string}"},"query-input":{"@type":"PropertyValueSpecification","valueRequired":true,"valueName":"search_term_string"}}],"inLanguage":"pt-BR"},{"@type":"Person","@id":"https:\/\/verdadeon.com.br\/portal\/#\/schema\/person\/8994718f49ee62ba5610471e29ca1f62","name":"Fernando Calixto","image":{"@type":"ImageObject","inLanguage":"pt-BR","@id":"https:\/\/verdadeon.com.br\/portal\/#\/schema\/person\/image\/","url":"https:\/\/secure.gravatar.com\/avatar\/7578910c24966c0316c340f9dbd601e93ee9f9212e1033968b367af9306bd9fb?s=96&d=mm&r=g","contentUrl":"https:\/\/secure.gravatar.com\/avatar\/7578910c24966c0316c340f9dbd601e93ee9f9212e1033968b367af9306bd9fb?s=96&d=mm&r=g","caption":"Fernando Calixto"},"url":"https:\/\/verdadeon.com.br\/portal\/author\/fernando-calixto\/"}]}},"jetpack_publicize_connections":[],"jetpack_featured_media_url":"https:\/\/i0.wp.com\/verdadeon.com.br\/portal\/wp-content\/uploads\/2023\/12\/gl.jpg?fit=1000%2C670&ssl=1","jetpack_sharing_enabled":true,"_links":{"self":[{"href":"https:\/\/verdadeon.com.br\/portal\/wp-json\/wp\/v2\/posts\/39630","targetHints":{"allow":["GET"]}}],"collection":[{"href":"https:\/\/verdadeon.com.br\/portal\/wp-json\/wp\/v2\/posts"}],"about":[{"href":"https:\/\/verdadeon.com.br\/portal\/wp-json\/wp\/v2\/types\/post"}],"author":[{"embeddable":true,"href":"https:\/\/verdadeon.com.br\/portal\/wp-json\/wp\/v2\/users\/4"}],"replies":[{"embeddable":true,"href":"https:\/\/verdadeon.com.br\/portal\/wp-json\/wp\/v2\/comments?post=39630"}],"version-history":[{"count":1,"href":"https:\/\/verdadeon.com.br\/portal\/wp-json\/wp\/v2\/posts\/39630\/revisions"}],"predecessor-version":[{"id":39632,"href":"https:\/\/verdadeon.com.br\/portal\/wp-json\/wp\/v2\/posts\/39630\/revisions\/39632"}],"wp:featuredmedia":[{"embeddable":true,"href":"https:\/\/verdadeon.com.br\/portal\/wp-json\/wp\/v2\/media\/39631"}],"wp:attachment":[{"href":"https:\/\/verdadeon.com.br\/portal\/wp-json\/wp\/v2\/media?parent=39630"}],"wp:term":[{"taxonomy":"category","embeddable":true,"href":"https:\/\/verdadeon.com.br\/portal\/wp-json\/wp\/v2\/categories?post=39630"},{"taxonomy":"post_tag","embeddable":true,"href":"https:\/\/verdadeon.com.br\/portal\/wp-json\/wp\/v2\/tags?post=39630"}],"curies":[{"name":"wp","href":"https:\/\/api.w.org\/{rel}","templated":true}]}}