{"id":39507,"date":"2023-11-30T14:54:04","date_gmt":"2023-11-30T17:54:04","guid":{"rendered":"https:\/\/verdadeon.com.br\/portal\/?p=39507"},"modified":"2023-11-30T14:54:04","modified_gmt":"2023-11-30T17:54:04","slug":"incentivo-para-estudantes-permanecerem-no-ensino-medio-e-aprovado","status":"publish","type":"post","link":"https:\/\/verdadeon.com.br\/portal\/2023\/11\/30\/incentivo-para-estudantes-permanecerem-no-ensino-medio-e-aprovado\/","title":{"rendered":"Incentivo para estudantes permanecerem no ensino m\u00e9dio \u00e9 aprovado"},"content":{"rendered":"<div class=\"row\">\n<h2 class=\"col-10 offset-1 animated fadeInDown dealy-900 display-8 display-md-8 alt-font font-italic my-1 text-center\">Senadores autorizaram uso do Fundo Social para custear a perman\u00eancia<\/h2>\n<p>Os senadores aprovaram nessa quarta-feira (29), por unanimidade, o projeto de lei complementar que autoriza o uso de recursos do Fundo Social para custear a perman\u00eancia de estudantes no ensino m\u00e9dio. Pela proposta, as despesas n\u00e3o ser\u00e3o consideradas no c\u00e1lculo dos limites de gastos da Uni\u00e3o.\u00a0 <img data-recalc-dims=\"1\" decoding=\"async\" src=\"https:\/\/i0.wp.com\/agenciabrasil.ebc.com.br\/ebc.png?w=1220&#038;ssl=1\" \/><img data-recalc-dims=\"1\" decoding=\"async\" src=\"https:\/\/i0.wp.com\/agenciabrasil.ebc.com.br\/ebc.gif?w=1220&#038;ssl=1\" \/><\/p>\n<p>Conforme o projeto, de autoria do senador Humberto Costa (PT-PE) e relatoria do senador Randolfe Rodrigues (Rede-AP), o super\u00e1vit financeiro do Fundo Social poder\u00e1 ser usado, ainda este ano, para financiar esse programa de perman\u00eancia, que ter\u00e1 de ser criado por legisla\u00e7\u00e3o espec\u00edfica. O Fundo re\u00fane recursos gerados pela explora\u00e7\u00e3o de petr\u00f3leo no pr\u00e9-sal.<\/p>\n<p>A aprova\u00e7\u00e3o do projeto ocorreu ap\u00f3s acordo entre governo e oposi\u00e7\u00e3o. Os senadores chegaram a um acordo para definir um limite de R$ 6 bilh\u00f5es do Fundo para o programa.<\/p>\n<p><strong>Poupan\u00e7a\u00a0<\/strong><\/p>\n<p>O governo federal\u00a0<a href=\"https:\/\/agenciabrasil.ebc.com.br\/educacao\/noticia\/2023-11\/estudantes-do-ensino-medio-terao-poupanca-para-permanecer-na-escola\">criou nesta semana um programa de bolsa perman\u00eancia<\/a>\u00a0e de poupan\u00e7a para estudantes de baixa renda que est\u00e3o no ensino m\u00e9dio, para incentivar a perman\u00eancia e conclus\u00e3o dos estudos. Para isso, ser\u00e1 criado um fundo especial em que a Uni\u00e3o deve aportar at\u00e9 R$ 20 bilh\u00f5es.<\/p>\n<p>A Medida Provis\u00f3ria (MP) n\u00ba 1.198, de 27 de novembro de 2023, foi publicada na ter\u00e7a-feira (28) em edi\u00e7\u00e3o extra do Di\u00e1rio Oficial da Uni\u00e3o. Por ter for\u00e7a de lei, a MP j\u00e1 est\u00e1 em vigor, mas precisa ser aprovada pelo Congresso Nacional em 120 dias para n\u00e3o perder a validade.<\/p>\n<p>Um ato conjunto dos minist\u00e9rios da Educa\u00e7\u00e3o e da Fazenda vai definir valores, formas de pagamento, crit\u00e9rios de operacionaliza\u00e7\u00e3o e uso da poupan\u00e7a de incentivo \u00e0 perman\u00eancia e conclus\u00e3o escolar. Os valores ser\u00e3o depositados em conta a ser aberta em nome do estudante, que poder\u00e1 ser a poupan\u00e7a social digital da Caixa Econ\u00f4mica Federal.<\/p>\n<p><em>*Com informa\u00e7\u00f5es da Ag\u00eancia Senado<\/em><\/p>\n<p>Fonte: Ag\u00eancia Brasil<\/p>\n<\/div>\n","protected":false},"excerpt":{"rendered":"<p>Senadores autorizaram uso do Fundo Social para custear a perman\u00eancia Os senadores aprovaram nessa quarta-feira (29), por unanimidade, o projeto de lei complementar que autoriza o<span class=\"excerpt-hellip\"> [\u2026]<\/span><\/p>\n","protected":false},"author":10,"featured_media":39508,"comment_status":"open","ping_status":"open","sticky":false,"template":"","format":"standard","meta":{"_jetpack_memberships_contains_paid_content":false,"footnotes":"","jetpack_publicize_message":"","jetpack_publicize_feature_enabled":true,"jetpack_social_post_already_shared":false,"jetpack_social_options":{"image_generator_settings":{"template":"highway","default_image_id":0,"enabled":false},"version":2}},"categories":[28,44],"tags":[],"class_list":["post-39507","post","type-post","status-publish","format-standard","has-post-thumbnail","hentry","category-cotidiano","category-noticias"],"yoast_head":"<!-- This site is optimized with the Yoast SEO plugin v25.6 - https:\/\/yoast.com\/wordpress\/plugins\/seo\/ -->\n<title>Incentivo para estudantes permanecerem no ensino m\u00e9dio \u00e9 aprovado - VerdadeOn<\/title>\n<meta name=\"robots\" content=\"index, follow, max-snippet:-1, max-image-preview:large, max-video-preview:-1\" \/>\n<link rel=\"canonical\" href=\"https:\/\/verdadeon.com.br\/portal\/2023\/11\/30\/incentivo-para-estudantes-permanecerem-no-ensino-medio-e-aprovado\/\" \/>\n<meta property=\"og:locale\" content=\"pt_BR\" \/>\n<meta property=\"og:type\" content=\"article\" \/>\n<meta property=\"og:title\" content=\"Incentivo para estudantes permanecerem no ensino m\u00e9dio \u00e9 aprovado - VerdadeOn\" \/>\n<meta property=\"og:description\" content=\"Senadores autorizaram uso do Fundo Social para custear a perman\u00eancia Os senadores aprovaram nessa quarta-feira (29), por unanimidade, o projeto de lei complementar que autoriza o [\u2026]\" \/>\n<meta property=\"og:url\" content=\"https:\/\/verdadeon.com.br\/portal\/2023\/11\/30\/incentivo-para-estudantes-permanecerem-no-ensino-medio-e-aprovado\/\" \/>\n<meta property=\"og:site_name\" content=\"VerdadeOn\" \/>\n<meta property=\"article:published_time\" content=\"2023-11-30T17:54:04+00:00\" \/>\n<meta property=\"og:image\" content=\"https:\/\/verdadeon.com.br\/portal\/wp-content\/uploads\/2023\/11\/AnyConv.com__30087074745_a7beeefb44_o.jpg\" \/>\n\t<meta property=\"og:image:width\" content=\"1045\" \/>\n\t<meta property=\"og:image:height\" content=\"700\" \/>\n\t<meta property=\"og:image:type\" content=\"image\/jpeg\" \/>\n<meta name=\"author\" content=\"Redacao VerdadeOn\" \/>\n<meta name=\"twitter:card\" content=\"summary_large_image\" \/>\n<meta name=\"twitter:label1\" content=\"Escrito por\" \/>\n\t<meta name=\"twitter:data1\" content=\"Redacao VerdadeOn\" \/>\n\t<meta name=\"twitter:label2\" content=\"Est. tempo de leitura\" \/>\n\t<meta name=\"twitter:data2\" content=\"3 minutos\" \/>\n<script type=\"application\/ld+json\" class=\"yoast-schema-graph\">{\"@context\":\"https:\/\/schema.org\",\"@graph\":[{\"@type\":\"WebPage\",\"@id\":\"https:\/\/verdadeon.com.br\/portal\/2023\/11\/30\/incentivo-para-estudantes-permanecerem-no-ensino-medio-e-aprovado\/\",\"url\":\"https:\/\/verdadeon.com.br\/portal\/2023\/11\/30\/incentivo-para-estudantes-permanecerem-no-ensino-medio-e-aprovado\/\",\"name\":\"Incentivo para estudantes permanecerem no ensino m\u00e9dio \u00e9 aprovado - VerdadeOn\",\"isPartOf\":{\"@id\":\"https:\/\/verdadeon.com.br\/portal\/#website\"},\"primaryImageOfPage\":{\"@id\":\"https:\/\/verdadeon.com.br\/portal\/2023\/11\/30\/incentivo-para-estudantes-permanecerem-no-ensino-medio-e-aprovado\/#primaryimage\"},\"image\":{\"@id\":\"https:\/\/verdadeon.com.br\/portal\/2023\/11\/30\/incentivo-para-estudantes-permanecerem-no-ensino-medio-e-aprovado\/#primaryimage\"},\"thumbnailUrl\":\"https:\/\/i0.wp.com\/verdadeon.com.br\/portal\/wp-content\/uploads\/2023\/11\/AnyConv.com__30087074745_a7beeefb44_o.jpg?fit=1045%2C700&ssl=1\",\"datePublished\":\"2023-11-30T17:54:04+00:00\",\"author\":{\"@id\":\"https:\/\/verdadeon.com.br\/portal\/#\/schema\/person\/a5060ad1e9ea3df545188fc93ce43d2f\"},\"breadcrumb\":{\"@id\":\"https:\/\/verdadeon.com.br\/portal\/2023\/11\/30\/incentivo-para-estudantes-permanecerem-no-ensino-medio-e-aprovado\/#breadcrumb\"},\"inLanguage\":\"pt-BR\",\"potentialAction\":[{\"@type\":\"ReadAction\",\"target\":[\"https:\/\/verdadeon.com.br\/portal\/2023\/11\/30\/incentivo-para-estudantes-permanecerem-no-ensino-medio-e-aprovado\/\"]}]},{\"@type\":\"ImageObject\",\"inLanguage\":\"pt-BR\",\"@id\":\"https:\/\/verdadeon.com.br\/portal\/2023\/11\/30\/incentivo-para-estudantes-permanecerem-no-ensino-medio-e-aprovado\/#primaryimage\",\"url\":\"https:\/\/i0.wp.com\/verdadeon.com.br\/portal\/wp-content\/uploads\/2023\/11\/AnyConv.com__30087074745_a7beeefb44_o.jpg?fit=1045%2C700&ssl=1\",\"contentUrl\":\"https:\/\/i0.wp.com\/verdadeon.com.br\/portal\/wp-content\/uploads\/2023\/11\/AnyConv.com__30087074745_a7beeefb44_o.jpg?fit=1045%2C700&ssl=1\",\"width\":1045,\"height\":700,\"caption\":\"Ser\u00e1 criado um fundo especial em que a Uni\u00e3o deve aportar at\u00e9 R$ 20 bilh\u00f5es para atender ao projeto (\u00a9Joel Rodrigues\/Ag\u00eancia Bras\u00edlia)\"},{\"@type\":\"BreadcrumbList\",\"@id\":\"https:\/\/verdadeon.com.br\/portal\/2023\/11\/30\/incentivo-para-estudantes-permanecerem-no-ensino-medio-e-aprovado\/#breadcrumb\",\"itemListElement\":[{\"@type\":\"ListItem\",\"position\":1,\"name\":\"In\u00edcio\",\"item\":\"https:\/\/verdadeon.com.br\/portal\/\"},{\"@type\":\"ListItem\",\"position\":2,\"name\":\"Incentivo para estudantes permanecerem no ensino m\u00e9dio \u00e9 aprovado\"}]},{\"@type\":\"WebSite\",\"@id\":\"https:\/\/verdadeon.com.br\/portal\/#website\",\"url\":\"https:\/\/verdadeon.com.br\/portal\/\",\"name\":\"VerdadeOn\",\"description\":\"Not\u00edcias di\u00e1rias sobre Franca, Regi\u00e3o, Esporte, Cultura, Cotidiano, Colunas. Cobertura nos principais eventos da cidade \u00e9 aqui - Verdadeon Franca\",\"potentialAction\":[{\"@type\":\"SearchAction\",\"target\":{\"@type\":\"EntryPoint\",\"urlTemplate\":\"https:\/\/verdadeon.com.br\/portal\/?s={search_term_string}\"},\"query-input\":{\"@type\":\"PropertyValueSpecification\",\"valueRequired\":true,\"valueName\":\"search_term_string\"}}],\"inLanguage\":\"pt-BR\"},{\"@type\":\"Person\",\"@id\":\"https:\/\/verdadeon.com.br\/portal\/#\/schema\/person\/a5060ad1e9ea3df545188fc93ce43d2f\",\"name\":\"Redacao VerdadeOn\",\"image\":{\"@type\":\"ImageObject\",\"inLanguage\":\"pt-BR\",\"@id\":\"https:\/\/verdadeon.com.br\/portal\/#\/schema\/person\/image\/\",\"url\":\"https:\/\/secure.gravatar.com\/avatar\/459a9613caaaf07f582c3d0841eea68bdd66f533e465e6ba8b9cb45619572cf4?s=96&d=mm&r=g\",\"contentUrl\":\"https:\/\/secure.gravatar.com\/avatar\/459a9613caaaf07f582c3d0841eea68bdd66f533e465e6ba8b9cb45619572cf4?s=96&d=mm&r=g\",\"caption\":\"Redacao VerdadeOn\"},\"url\":\"https:\/\/verdadeon.com.br\/portal\/author\/redacao\/\"}]}<\/script>\n<!-- \/ Yoast SEO plugin. -->","yoast_head_json":{"title":"Incentivo para estudantes permanecerem no ensino m\u00e9dio \u00e9 aprovado - VerdadeOn","robots":{"index":"index","follow":"follow","max-snippet":"max-snippet:-1","max-image-preview":"max-image-preview:large","max-video-preview":"max-video-preview:-1"},"canonical":"https:\/\/verdadeon.com.br\/portal\/2023\/11\/30\/incentivo-para-estudantes-permanecerem-no-ensino-medio-e-aprovado\/","og_locale":"pt_BR","og_type":"article","og_title":"Incentivo para estudantes permanecerem no ensino m\u00e9dio \u00e9 aprovado - VerdadeOn","og_description":"Senadores autorizaram uso do Fundo Social para custear a perman\u00eancia Os senadores aprovaram nessa quarta-feira (29), por unanimidade, o projeto de lei complementar que autoriza o [\u2026]","og_url":"https:\/\/verdadeon.com.br\/portal\/2023\/11\/30\/incentivo-para-estudantes-permanecerem-no-ensino-medio-e-aprovado\/","og_site_name":"VerdadeOn","article_published_time":"2023-11-30T17:54:04+00:00","og_image":[{"width":1045,"height":700,"url":"https:\/\/verdadeon.com.br\/portal\/wp-content\/uploads\/2023\/11\/AnyConv.com__30087074745_a7beeefb44_o.jpg","type":"image\/jpeg"}],"author":"Redacao VerdadeOn","twitter_card":"summary_large_image","twitter_misc":{"Escrito por":"Redacao VerdadeOn","Est. tempo de leitura":"3 minutos"},"schema":{"@context":"https:\/\/schema.org","@graph":[{"@type":"WebPage","@id":"https:\/\/verdadeon.com.br\/portal\/2023\/11\/30\/incentivo-para-estudantes-permanecerem-no-ensino-medio-e-aprovado\/","url":"https:\/\/verdadeon.com.br\/portal\/2023\/11\/30\/incentivo-para-estudantes-permanecerem-no-ensino-medio-e-aprovado\/","name":"Incentivo para estudantes permanecerem no ensino m\u00e9dio \u00e9 aprovado - VerdadeOn","isPartOf":{"@id":"https:\/\/verdadeon.com.br\/portal\/#website"},"primaryImageOfPage":{"@id":"https:\/\/verdadeon.com.br\/portal\/2023\/11\/30\/incentivo-para-estudantes-permanecerem-no-ensino-medio-e-aprovado\/#primaryimage"},"image":{"@id":"https:\/\/verdadeon.com.br\/portal\/2023\/11\/30\/incentivo-para-estudantes-permanecerem-no-ensino-medio-e-aprovado\/#primaryimage"},"thumbnailUrl":"https:\/\/i0.wp.com\/verdadeon.com.br\/portal\/wp-content\/uploads\/2023\/11\/AnyConv.com__30087074745_a7beeefb44_o.jpg?fit=1045%2C700&ssl=1","datePublished":"2023-11-30T17:54:04+00:00","author":{"@id":"https:\/\/verdadeon.com.br\/portal\/#\/schema\/person\/a5060ad1e9ea3df545188fc93ce43d2f"},"breadcrumb":{"@id":"https:\/\/verdadeon.com.br\/portal\/2023\/11\/30\/incentivo-para-estudantes-permanecerem-no-ensino-medio-e-aprovado\/#breadcrumb"},"inLanguage":"pt-BR","potentialAction":[{"@type":"ReadAction","target":["https:\/\/verdadeon.com.br\/portal\/2023\/11\/30\/incentivo-para-estudantes-permanecerem-no-ensino-medio-e-aprovado\/"]}]},{"@type":"ImageObject","inLanguage":"pt-BR","@id":"https:\/\/verdadeon.com.br\/portal\/2023\/11\/30\/incentivo-para-estudantes-permanecerem-no-ensino-medio-e-aprovado\/#primaryimage","url":"https:\/\/i0.wp.com\/verdadeon.com.br\/portal\/wp-content\/uploads\/2023\/11\/AnyConv.com__30087074745_a7beeefb44_o.jpg?fit=1045%2C700&ssl=1","contentUrl":"https:\/\/i0.wp.com\/verdadeon.com.br\/portal\/wp-content\/uploads\/2023\/11\/AnyConv.com__30087074745_a7beeefb44_o.jpg?fit=1045%2C700&ssl=1","width":1045,"height":700,"caption":"Ser\u00e1 criado um fundo especial em que a Uni\u00e3o deve aportar at\u00e9 R$ 20 bilh\u00f5es para atender ao projeto (\u00a9Joel Rodrigues\/Ag\u00eancia Bras\u00edlia)"},{"@type":"BreadcrumbList","@id":"https:\/\/verdadeon.com.br\/portal\/2023\/11\/30\/incentivo-para-estudantes-permanecerem-no-ensino-medio-e-aprovado\/#breadcrumb","itemListElement":[{"@type":"ListItem","position":1,"name":"In\u00edcio","item":"https:\/\/verdadeon.com.br\/portal\/"},{"@type":"ListItem","position":2,"name":"Incentivo para estudantes permanecerem no ensino m\u00e9dio \u00e9 aprovado"}]},{"@type":"WebSite","@id":"https:\/\/verdadeon.com.br\/portal\/#website","url":"https:\/\/verdadeon.com.br\/portal\/","name":"VerdadeOn","description":"Not\u00edcias di\u00e1rias sobre Franca, Regi\u00e3o, Esporte, Cultura, Cotidiano, Colunas. Cobertura nos principais eventos da cidade \u00e9 aqui - Verdadeon Franca","potentialAction":[{"@type":"SearchAction","target":{"@type":"EntryPoint","urlTemplate":"https:\/\/verdadeon.com.br\/portal\/?s={search_term_string}"},"query-input":{"@type":"PropertyValueSpecification","valueRequired":true,"valueName":"search_term_string"}}],"inLanguage":"pt-BR"},{"@type":"Person","@id":"https:\/\/verdadeon.com.br\/portal\/#\/schema\/person\/a5060ad1e9ea3df545188fc93ce43d2f","name":"Redacao VerdadeOn","image":{"@type":"ImageObject","inLanguage":"pt-BR","@id":"https:\/\/verdadeon.com.br\/portal\/#\/schema\/person\/image\/","url":"https:\/\/secure.gravatar.com\/avatar\/459a9613caaaf07f582c3d0841eea68bdd66f533e465e6ba8b9cb45619572cf4?s=96&d=mm&r=g","contentUrl":"https:\/\/secure.gravatar.com\/avatar\/459a9613caaaf07f582c3d0841eea68bdd66f533e465e6ba8b9cb45619572cf4?s=96&d=mm&r=g","caption":"Redacao VerdadeOn"},"url":"https:\/\/verdadeon.com.br\/portal\/author\/redacao\/"}]}},"jetpack_publicize_connections":[],"jetpack_featured_media_url":"https:\/\/i0.wp.com\/verdadeon.com.br\/portal\/wp-content\/uploads\/2023\/11\/AnyConv.com__30087074745_a7beeefb44_o.jpg?fit=1045%2C700&ssl=1","jetpack_sharing_enabled":true,"_links":{"self":[{"href":"https:\/\/verdadeon.com.br\/portal\/wp-json\/wp\/v2\/posts\/39507","targetHints":{"allow":["GET"]}}],"collection":[{"href":"https:\/\/verdadeon.com.br\/portal\/wp-json\/wp\/v2\/posts"}],"about":[{"href":"https:\/\/verdadeon.com.br\/portal\/wp-json\/wp\/v2\/types\/post"}],"author":[{"embeddable":true,"href":"https:\/\/verdadeon.com.br\/portal\/wp-json\/wp\/v2\/users\/10"}],"replies":[{"embeddable":true,"href":"https:\/\/verdadeon.com.br\/portal\/wp-json\/wp\/v2\/comments?post=39507"}],"version-history":[{"count":1,"href":"https:\/\/verdadeon.com.br\/portal\/wp-json\/wp\/v2\/posts\/39507\/revisions"}],"predecessor-version":[{"id":39509,"href":"https:\/\/verdadeon.com.br\/portal\/wp-json\/wp\/v2\/posts\/39507\/revisions\/39509"}],"wp:featuredmedia":[{"embeddable":true,"href":"https:\/\/verdadeon.com.br\/portal\/wp-json\/wp\/v2\/media\/39508"}],"wp:attachment":[{"href":"https:\/\/verdadeon.com.br\/portal\/wp-json\/wp\/v2\/media?parent=39507"}],"wp:term":[{"taxonomy":"category","embeddable":true,"href":"https:\/\/verdadeon.com.br\/portal\/wp-json\/wp\/v2\/categories?post=39507"},{"taxonomy":"post_tag","embeddable":true,"href":"https:\/\/verdadeon.com.br\/portal\/wp-json\/wp\/v2\/tags?post=39507"}],"curies":[{"name":"wp","href":"https:\/\/api.w.org\/{rel}","templated":true}]}}