{"id":39502,"date":"2023-11-30T14:38:37","date_gmt":"2023-11-30T17:38:37","guid":{"rendered":"https:\/\/verdadeon.com.br\/portal\/?p=39502"},"modified":"2023-11-30T14:38:37","modified_gmt":"2023-11-30T17:38:37","slug":"13o-salario-deve-injetar-r-232-mi-em-franca-diz-instituto-de-economia-da-acif","status":"publish","type":"post","link":"https:\/\/verdadeon.com.br\/portal\/2023\/11\/30\/13o-salario-deve-injetar-r-232-mi-em-franca-diz-instituto-de-economia-da-acif\/","title":{"rendered":"13\u00ba sal\u00e1rio deve injetar R$ 232 mi em Franca, diz Instituto de Economia da ACIF"},"content":{"rendered":"<h2>Dados avaliam as contrata\u00e7\u00f5es formais; setor de Servi\u00e7os \u00e9 o maior respons\u00e1vel pela inje\u00e7\u00e3o de recursos<\/h2>\n<p>Uma proje\u00e7\u00e3o econ\u00f4mica realizada pelo IE-ACIF (Instituto de Economia da Associa\u00e7\u00e3o do Com\u00e9rcio e Ind\u00fastria de Franca) prev\u00ea que o pagamento do 13\u00ba sal\u00e1rio aos mais de 100 mil trabalhadores formais de Franca deve movimentar R$ 232 milh\u00f5es na cidade. O estudo leva em considera\u00e7\u00e3o os micros dados da RAIS, do Novo Caged, e ainda revela que o setor de Servi\u00e7os ser\u00e1 o maior respons\u00e1vel pelos pagamentos, com R$ 102,7 milh\u00f5es, conforme a tabela a seguir. Ele \u00e9, ainda, o segmento que mais emprega e melhor remunera, atualmente, conforme as tabelas a seguir:<\/p>\n<p><img data-recalc-dims=\"1\" loading=\"lazy\" decoding=\"async\" class=\"wp-image-39504 alignleft\" src=\"https:\/\/i0.wp.com\/verdadeon.com.br\/portal\/wp-content\/uploads\/2023\/11\/Capturar-9.jpg?resize=532%2C635&#038;ssl=1\" alt=\"\" width=\"532\" height=\"635\" srcset=\"https:\/\/i0.wp.com\/verdadeon.com.br\/portal\/wp-content\/uploads\/2023\/11\/Capturar-9.jpg?w=430&amp;ssl=1 430w, https:\/\/i0.wp.com\/verdadeon.com.br\/portal\/wp-content\/uploads\/2023\/11\/Capturar-9.jpg?resize=251%2C300&amp;ssl=1 251w, https:\/\/i0.wp.com\/verdadeon.com.br\/portal\/wp-content\/uploads\/2023\/11\/Capturar-9.jpg?resize=122%2C146&amp;ssl=1 122w, https:\/\/i0.wp.com\/verdadeon.com.br\/portal\/wp-content\/uploads\/2023\/11\/Capturar-9.jpg?resize=42%2C50&amp;ssl=1 42w, https:\/\/i0.wp.com\/verdadeon.com.br\/portal\/wp-content\/uploads\/2023\/11\/Capturar-9.jpg?resize=63%2C75&amp;ssl=1 63w\" sizes=\"auto, (max-width: 532px) 100vw, 532px\" \/><\/p>\n<p>\u201cEssa movimenta\u00e7\u00e3o traz benef\u00edcios para toda a economia local. Os recursos advindos do 13\u00b0 sal\u00e1rio movimentam o com\u00e9rcio, pagamento de contas e, sobretudo, d\u00e3o grande impulso para as vendas de Natal\u201d, afirma o economista respons\u00e1vel pelo IE-ACIF, Adnan Jebailey.<\/p>\n<p><b>Metodologia do levantamento e cr\u00e9dito dos dados:<\/b><\/p>\n<p>O presente estudo leva em considera\u00e7\u00e3o os micros dados da RAIS e do NOVO CAGED que foram devidamente tratados e fragmentados para realiza\u00e7\u00e3o da an\u00e1lise pelo IE-ACIF. Ao utilizar o presente levantamento, a fonte do estudo deve ser creditada ao seu realizador: IE-ACIF (Instituto de Economia da Associa\u00e7\u00e3o do Com\u00e9rcio e Ind\u00fastria de Franca).<\/p>\n","protected":false},"excerpt":{"rendered":"<p>Dados avaliam as contrata\u00e7\u00f5es formais; setor de Servi\u00e7os \u00e9 o maior respons\u00e1vel pela inje\u00e7\u00e3o de recursos Uma proje\u00e7\u00e3o econ\u00f4mica realizada pelo IE-ACIF (Instituto de Economia da<span class=\"excerpt-hellip\"> [\u2026]<\/span><\/p>\n","protected":false},"author":10,"featured_media":39505,"comment_status":"open","ping_status":"open","sticky":false,"template":"","format":"standard","meta":{"_jetpack_memberships_contains_paid_content":false,"footnotes":"","jetpack_publicize_message":"","jetpack_publicize_feature_enabled":true,"jetpack_social_post_already_shared":false,"jetpack_social_options":{"image_generator_settings":{"template":"highway","default_image_id":0,"enabled":false},"version":2}},"categories":[28,81],"tags":[],"class_list":["post-39502","post","type-post","status-publish","format-standard","has-post-thumbnail","hentry","category-cotidiano","category-manchete"],"yoast_head":"<!-- This site is optimized with the Yoast SEO plugin v25.6 - https:\/\/yoast.com\/wordpress\/plugins\/seo\/ -->\n<title>13\u00ba sal\u00e1rio deve injetar R$ 232 mi em Franca, diz Instituto de Economia da ACIF - VerdadeOn<\/title>\n<meta name=\"robots\" content=\"index, follow, max-snippet:-1, max-image-preview:large, max-video-preview:-1\" \/>\n<link rel=\"canonical\" href=\"https:\/\/verdadeon.com.br\/portal\/2023\/11\/30\/13o-salario-deve-injetar-r-232-mi-em-franca-diz-instituto-de-economia-da-acif\/\" \/>\n<meta property=\"og:locale\" content=\"pt_BR\" \/>\n<meta property=\"og:type\" content=\"article\" \/>\n<meta property=\"og:title\" content=\"13\u00ba sal\u00e1rio deve injetar R$ 232 mi em Franca, diz Instituto de Economia da ACIF - VerdadeOn\" \/>\n<meta property=\"og:description\" content=\"Dados avaliam as contrata\u00e7\u00f5es formais; setor de Servi\u00e7os \u00e9 o maior respons\u00e1vel pela inje\u00e7\u00e3o de recursos Uma proje\u00e7\u00e3o econ\u00f4mica realizada pelo IE-ACIF (Instituto de Economia da [\u2026]\" \/>\n<meta property=\"og:url\" content=\"https:\/\/verdadeon.com.br\/portal\/2023\/11\/30\/13o-salario-deve-injetar-r-232-mi-em-franca-diz-instituto-de-economia-da-acif\/\" \/>\n<meta property=\"og:site_name\" content=\"VerdadeOn\" \/>\n<meta property=\"article:published_time\" content=\"2023-11-30T17:38:37+00:00\" \/>\n<meta property=\"og:image\" content=\"https:\/\/verdadeon.com.br\/portal\/wp-content\/uploads\/2023\/11\/Marcello-Casal-Jr-Agencia-Brasil.jpeg\" \/>\n\t<meta property=\"og:image:width\" content=\"766\" \/>\n\t<meta property=\"og:image:height\" content=\"513\" \/>\n\t<meta property=\"og:image:type\" content=\"image\/jpeg\" \/>\n<meta name=\"author\" content=\"Redacao VerdadeOn\" \/>\n<meta name=\"twitter:card\" content=\"summary_large_image\" \/>\n<meta name=\"twitter:label1\" content=\"Escrito por\" \/>\n\t<meta name=\"twitter:data1\" content=\"Redacao VerdadeOn\" \/>\n\t<meta name=\"twitter:label2\" content=\"Est. tempo de leitura\" \/>\n\t<meta name=\"twitter:data2\" content=\"2 minutos\" \/>\n<script type=\"application\/ld+json\" class=\"yoast-schema-graph\">{\"@context\":\"https:\/\/schema.org\",\"@graph\":[{\"@type\":\"WebPage\",\"@id\":\"https:\/\/verdadeon.com.br\/portal\/2023\/11\/30\/13o-salario-deve-injetar-r-232-mi-em-franca-diz-instituto-de-economia-da-acif\/\",\"url\":\"https:\/\/verdadeon.com.br\/portal\/2023\/11\/30\/13o-salario-deve-injetar-r-232-mi-em-franca-diz-instituto-de-economia-da-acif\/\",\"name\":\"13\u00ba sal\u00e1rio deve injetar R$ 232 mi em Franca, diz Instituto de Economia da ACIF - VerdadeOn\",\"isPartOf\":{\"@id\":\"https:\/\/verdadeon.com.br\/portal\/#website\"},\"primaryImageOfPage\":{\"@id\":\"https:\/\/verdadeon.com.br\/portal\/2023\/11\/30\/13o-salario-deve-injetar-r-232-mi-em-franca-diz-instituto-de-economia-da-acif\/#primaryimage\"},\"image\":{\"@id\":\"https:\/\/verdadeon.com.br\/portal\/2023\/11\/30\/13o-salario-deve-injetar-r-232-mi-em-franca-diz-instituto-de-economia-da-acif\/#primaryimage\"},\"thumbnailUrl\":\"https:\/\/i0.wp.com\/verdadeon.com.br\/portal\/wp-content\/uploads\/2023\/11\/Marcello-Casal-Jr-Agencia-Brasil.jpeg?fit=766%2C513&ssl=1\",\"datePublished\":\"2023-11-30T17:38:37+00:00\",\"author\":{\"@id\":\"https:\/\/verdadeon.com.br\/portal\/#\/schema\/person\/a5060ad1e9ea3df545188fc93ce43d2f\"},\"breadcrumb\":{\"@id\":\"https:\/\/verdadeon.com.br\/portal\/2023\/11\/30\/13o-salario-deve-injetar-r-232-mi-em-franca-diz-instituto-de-economia-da-acif\/#breadcrumb\"},\"inLanguage\":\"pt-BR\",\"potentialAction\":[{\"@type\":\"ReadAction\",\"target\":[\"https:\/\/verdadeon.com.br\/portal\/2023\/11\/30\/13o-salario-deve-injetar-r-232-mi-em-franca-diz-instituto-de-economia-da-acif\/\"]}]},{\"@type\":\"ImageObject\",\"inLanguage\":\"pt-BR\",\"@id\":\"https:\/\/verdadeon.com.br\/portal\/2023\/11\/30\/13o-salario-deve-injetar-r-232-mi-em-franca-diz-instituto-de-economia-da-acif\/#primaryimage\",\"url\":\"https:\/\/i0.wp.com\/verdadeon.com.br\/portal\/wp-content\/uploads\/2023\/11\/Marcello-Casal-Jr-Agencia-Brasil.jpeg?fit=766%2C513&ssl=1\",\"contentUrl\":\"https:\/\/i0.wp.com\/verdadeon.com.br\/portal\/wp-content\/uploads\/2023\/11\/Marcello-Casal-Jr-Agencia-Brasil.jpeg?fit=766%2C513&ssl=1\",\"width\":766,\"height\":513,\"caption\":\"IE-ACIF apresenta proje\u00e7\u00f5es para o pagamento do 13\u00ba sal\u00e1rio, em Franca (\u00a9Marcello Casal Jr\/Agencia Brasil)\"},{\"@type\":\"BreadcrumbList\",\"@id\":\"https:\/\/verdadeon.com.br\/portal\/2023\/11\/30\/13o-salario-deve-injetar-r-232-mi-em-franca-diz-instituto-de-economia-da-acif\/#breadcrumb\",\"itemListElement\":[{\"@type\":\"ListItem\",\"position\":1,\"name\":\"In\u00edcio\",\"item\":\"https:\/\/verdadeon.com.br\/portal\/\"},{\"@type\":\"ListItem\",\"position\":2,\"name\":\"13\u00ba sal\u00e1rio deve injetar R$ 232 mi em Franca, diz Instituto de Economia da ACIF\"}]},{\"@type\":\"WebSite\",\"@id\":\"https:\/\/verdadeon.com.br\/portal\/#website\",\"url\":\"https:\/\/verdadeon.com.br\/portal\/\",\"name\":\"VerdadeOn\",\"description\":\"Not\u00edcias di\u00e1rias sobre Franca, Regi\u00e3o, Esporte, Cultura, Cotidiano, Colunas. Cobertura nos principais eventos da cidade \u00e9 aqui - Verdadeon Franca\",\"potentialAction\":[{\"@type\":\"SearchAction\",\"target\":{\"@type\":\"EntryPoint\",\"urlTemplate\":\"https:\/\/verdadeon.com.br\/portal\/?s={search_term_string}\"},\"query-input\":{\"@type\":\"PropertyValueSpecification\",\"valueRequired\":true,\"valueName\":\"search_term_string\"}}],\"inLanguage\":\"pt-BR\"},{\"@type\":\"Person\",\"@id\":\"https:\/\/verdadeon.com.br\/portal\/#\/schema\/person\/a5060ad1e9ea3df545188fc93ce43d2f\",\"name\":\"Redacao VerdadeOn\",\"image\":{\"@type\":\"ImageObject\",\"inLanguage\":\"pt-BR\",\"@id\":\"https:\/\/verdadeon.com.br\/portal\/#\/schema\/person\/image\/\",\"url\":\"https:\/\/secure.gravatar.com\/avatar\/459a9613caaaf07f582c3d0841eea68bdd66f533e465e6ba8b9cb45619572cf4?s=96&d=mm&r=g\",\"contentUrl\":\"https:\/\/secure.gravatar.com\/avatar\/459a9613caaaf07f582c3d0841eea68bdd66f533e465e6ba8b9cb45619572cf4?s=96&d=mm&r=g\",\"caption\":\"Redacao VerdadeOn\"},\"url\":\"https:\/\/verdadeon.com.br\/portal\/author\/redacao\/\"}]}<\/script>\n<!-- \/ Yoast SEO plugin. -->","yoast_head_json":{"title":"13\u00ba sal\u00e1rio deve injetar R$ 232 mi em Franca, diz Instituto de Economia da ACIF - VerdadeOn","robots":{"index":"index","follow":"follow","max-snippet":"max-snippet:-1","max-image-preview":"max-image-preview:large","max-video-preview":"max-video-preview:-1"},"canonical":"https:\/\/verdadeon.com.br\/portal\/2023\/11\/30\/13o-salario-deve-injetar-r-232-mi-em-franca-diz-instituto-de-economia-da-acif\/","og_locale":"pt_BR","og_type":"article","og_title":"13\u00ba sal\u00e1rio deve injetar R$ 232 mi em Franca, diz Instituto de Economia da ACIF - VerdadeOn","og_description":"Dados avaliam as contrata\u00e7\u00f5es formais; setor de Servi\u00e7os \u00e9 o maior respons\u00e1vel pela inje\u00e7\u00e3o de recursos Uma proje\u00e7\u00e3o econ\u00f4mica realizada pelo IE-ACIF (Instituto de Economia da [\u2026]","og_url":"https:\/\/verdadeon.com.br\/portal\/2023\/11\/30\/13o-salario-deve-injetar-r-232-mi-em-franca-diz-instituto-de-economia-da-acif\/","og_site_name":"VerdadeOn","article_published_time":"2023-11-30T17:38:37+00:00","og_image":[{"width":766,"height":513,"url":"https:\/\/verdadeon.com.br\/portal\/wp-content\/uploads\/2023\/11\/Marcello-Casal-Jr-Agencia-Brasil.jpeg","type":"image\/jpeg"}],"author":"Redacao VerdadeOn","twitter_card":"summary_large_image","twitter_misc":{"Escrito por":"Redacao VerdadeOn","Est. tempo de leitura":"2 minutos"},"schema":{"@context":"https:\/\/schema.org","@graph":[{"@type":"WebPage","@id":"https:\/\/verdadeon.com.br\/portal\/2023\/11\/30\/13o-salario-deve-injetar-r-232-mi-em-franca-diz-instituto-de-economia-da-acif\/","url":"https:\/\/verdadeon.com.br\/portal\/2023\/11\/30\/13o-salario-deve-injetar-r-232-mi-em-franca-diz-instituto-de-economia-da-acif\/","name":"13\u00ba sal\u00e1rio deve injetar R$ 232 mi em Franca, diz Instituto de Economia da ACIF - VerdadeOn","isPartOf":{"@id":"https:\/\/verdadeon.com.br\/portal\/#website"},"primaryImageOfPage":{"@id":"https:\/\/verdadeon.com.br\/portal\/2023\/11\/30\/13o-salario-deve-injetar-r-232-mi-em-franca-diz-instituto-de-economia-da-acif\/#primaryimage"},"image":{"@id":"https:\/\/verdadeon.com.br\/portal\/2023\/11\/30\/13o-salario-deve-injetar-r-232-mi-em-franca-diz-instituto-de-economia-da-acif\/#primaryimage"},"thumbnailUrl":"https:\/\/i0.wp.com\/verdadeon.com.br\/portal\/wp-content\/uploads\/2023\/11\/Marcello-Casal-Jr-Agencia-Brasil.jpeg?fit=766%2C513&ssl=1","datePublished":"2023-11-30T17:38:37+00:00","author":{"@id":"https:\/\/verdadeon.com.br\/portal\/#\/schema\/person\/a5060ad1e9ea3df545188fc93ce43d2f"},"breadcrumb":{"@id":"https:\/\/verdadeon.com.br\/portal\/2023\/11\/30\/13o-salario-deve-injetar-r-232-mi-em-franca-diz-instituto-de-economia-da-acif\/#breadcrumb"},"inLanguage":"pt-BR","potentialAction":[{"@type":"ReadAction","target":["https:\/\/verdadeon.com.br\/portal\/2023\/11\/30\/13o-salario-deve-injetar-r-232-mi-em-franca-diz-instituto-de-economia-da-acif\/"]}]},{"@type":"ImageObject","inLanguage":"pt-BR","@id":"https:\/\/verdadeon.com.br\/portal\/2023\/11\/30\/13o-salario-deve-injetar-r-232-mi-em-franca-diz-instituto-de-economia-da-acif\/#primaryimage","url":"https:\/\/i0.wp.com\/verdadeon.com.br\/portal\/wp-content\/uploads\/2023\/11\/Marcello-Casal-Jr-Agencia-Brasil.jpeg?fit=766%2C513&ssl=1","contentUrl":"https:\/\/i0.wp.com\/verdadeon.com.br\/portal\/wp-content\/uploads\/2023\/11\/Marcello-Casal-Jr-Agencia-Brasil.jpeg?fit=766%2C513&ssl=1","width":766,"height":513,"caption":"IE-ACIF apresenta proje\u00e7\u00f5es para o pagamento do 13\u00ba sal\u00e1rio, em Franca (\u00a9Marcello Casal Jr\/Agencia Brasil)"},{"@type":"BreadcrumbList","@id":"https:\/\/verdadeon.com.br\/portal\/2023\/11\/30\/13o-salario-deve-injetar-r-232-mi-em-franca-diz-instituto-de-economia-da-acif\/#breadcrumb","itemListElement":[{"@type":"ListItem","position":1,"name":"In\u00edcio","item":"https:\/\/verdadeon.com.br\/portal\/"},{"@type":"ListItem","position":2,"name":"13\u00ba sal\u00e1rio deve injetar R$ 232 mi em Franca, diz Instituto de Economia da ACIF"}]},{"@type":"WebSite","@id":"https:\/\/verdadeon.com.br\/portal\/#website","url":"https:\/\/verdadeon.com.br\/portal\/","name":"VerdadeOn","description":"Not\u00edcias di\u00e1rias sobre Franca, Regi\u00e3o, Esporte, Cultura, Cotidiano, Colunas. Cobertura nos principais eventos da cidade \u00e9 aqui - Verdadeon Franca","potentialAction":[{"@type":"SearchAction","target":{"@type":"EntryPoint","urlTemplate":"https:\/\/verdadeon.com.br\/portal\/?s={search_term_string}"},"query-input":{"@type":"PropertyValueSpecification","valueRequired":true,"valueName":"search_term_string"}}],"inLanguage":"pt-BR"},{"@type":"Person","@id":"https:\/\/verdadeon.com.br\/portal\/#\/schema\/person\/a5060ad1e9ea3df545188fc93ce43d2f","name":"Redacao VerdadeOn","image":{"@type":"ImageObject","inLanguage":"pt-BR","@id":"https:\/\/verdadeon.com.br\/portal\/#\/schema\/person\/image\/","url":"https:\/\/secure.gravatar.com\/avatar\/459a9613caaaf07f582c3d0841eea68bdd66f533e465e6ba8b9cb45619572cf4?s=96&d=mm&r=g","contentUrl":"https:\/\/secure.gravatar.com\/avatar\/459a9613caaaf07f582c3d0841eea68bdd66f533e465e6ba8b9cb45619572cf4?s=96&d=mm&r=g","caption":"Redacao VerdadeOn"},"url":"https:\/\/verdadeon.com.br\/portal\/author\/redacao\/"}]}},"jetpack_publicize_connections":[],"jetpack_featured_media_url":"https:\/\/i0.wp.com\/verdadeon.com.br\/portal\/wp-content\/uploads\/2023\/11\/Marcello-Casal-Jr-Agencia-Brasil.jpeg?fit=766%2C513&ssl=1","jetpack_sharing_enabled":true,"_links":{"self":[{"href":"https:\/\/verdadeon.com.br\/portal\/wp-json\/wp\/v2\/posts\/39502","targetHints":{"allow":["GET"]}}],"collection":[{"href":"https:\/\/verdadeon.com.br\/portal\/wp-json\/wp\/v2\/posts"}],"about":[{"href":"https:\/\/verdadeon.com.br\/portal\/wp-json\/wp\/v2\/types\/post"}],"author":[{"embeddable":true,"href":"https:\/\/verdadeon.com.br\/portal\/wp-json\/wp\/v2\/users\/10"}],"replies":[{"embeddable":true,"href":"https:\/\/verdadeon.com.br\/portal\/wp-json\/wp\/v2\/comments?post=39502"}],"version-history":[{"count":1,"href":"https:\/\/verdadeon.com.br\/portal\/wp-json\/wp\/v2\/posts\/39502\/revisions"}],"predecessor-version":[{"id":39506,"href":"https:\/\/verdadeon.com.br\/portal\/wp-json\/wp\/v2\/posts\/39502\/revisions\/39506"}],"wp:featuredmedia":[{"embeddable":true,"href":"https:\/\/verdadeon.com.br\/portal\/wp-json\/wp\/v2\/media\/39505"}],"wp:attachment":[{"href":"https:\/\/verdadeon.com.br\/portal\/wp-json\/wp\/v2\/media?parent=39502"}],"wp:term":[{"taxonomy":"category","embeddable":true,"href":"https:\/\/verdadeon.com.br\/portal\/wp-json\/wp\/v2\/categories?post=39502"},{"taxonomy":"post_tag","embeddable":true,"href":"https:\/\/verdadeon.com.br\/portal\/wp-json\/wp\/v2\/tags?post=39502"}],"curies":[{"name":"wp","href":"https:\/\/api.w.org\/{rel}","templated":true}]}}