{"id":3943,"date":"2020-02-21T10:30:19","date_gmt":"2020-02-21T13:30:19","guid":{"rendered":"http:\/\/verdadeon.com.br\/portal\/?p=3943"},"modified":"2020-02-21T00:18:01","modified_gmt":"2020-02-21T03:18:01","slug":"cristais-conclui-asfalto-em-avenida","status":"publish","type":"post","link":"https:\/\/verdadeon.com.br\/portal\/2020\/02\/21\/cristais-conclui-asfalto-em-avenida\/","title":{"rendered":"Cristais conclui asfalto em avenida"},"content":{"rendered":"<h2>Projeto que visa atender pontos \u00e9 de R$ 200 mil em parceria com o governo de SP<\/h2>\n<p>Reportagem Gustavo Rodrigues<\/p>\n<p>A avenida Dr. Luiz Rodrigues Nunes que liga a cemit\u00e9rio municipal ao Parque de Exposi\u00e7\u00f5es Jos\u00e9 Alexandre Junqueira Vilela, em Cristais Paulista j\u00e1 est\u00e1 completamente asfaltada. A Prefeitura da cidade da regi\u00e3o anunciou na \u00faltima ter\u00e7a-feira (18) a finaliza\u00e7\u00e3o dos trabalhos no local.<br \/>\nDe acordo com as informa\u00e7\u00f5es divulgadas pela Prefeitura de Cristais, o momento da finaliza\u00e7\u00e3o das obras \u00e9 de fundamental import\u00e2ncia. Isso porque j\u00e1 neste final de semana acontece o &#8220;Cristais Folia 2020&#8221;, festa destinada \u00e0 data mais esperada do ano pelos foli\u00f5es.<br \/>\nO setor de Obras da cidade ainda informou que esses servi\u00e7os fazem parte de um conv\u00eanio entre a Prefeitura Municipal e o Governo do Estado. O valor dos servi\u00e7os realizados nas principais vias da cidade \u00e9 de R$ 200 mil. Os focos do munic\u00edpio s\u00e3o em ruas pr\u00f3ximas \u00e0s escolas, creches e pr\u00e9dios p\u00fablicos.<\/p>\n","protected":false},"excerpt":{"rendered":"<p>Projeto que visa atender pontos \u00e9 de R$ 200 mil em parceria com o governo de SP Reportagem Gustavo Rodrigues A avenida Dr. Luiz Rodrigues Nunes<span class=\"excerpt-hellip\"> [\u2026]<\/span><\/p>\n","protected":false},"author":10,"featured_media":3944,"comment_status":"open","ping_status":"open","sticky":false,"template":"","format":"standard","meta":{"_jetpack_memberships_contains_paid_content":false,"footnotes":"","jetpack_publicize_message":"","jetpack_publicize_feature_enabled":true,"jetpack_social_post_already_shared":false,"jetpack_social_options":{"image_generator_settings":{"template":"highway","default_image_id":0,"enabled":false},"version":2}},"categories":[28,44],"tags":[46,88],"class_list":["post-3943","post","type-post","status-publish","format-standard","has-post-thumbnail","hentry","category-cotidiano","category-noticias","tag-cotidiano","tag-noticias"],"yoast_head":"<!-- This site is optimized with the Yoast SEO plugin v25.6 - https:\/\/yoast.com\/wordpress\/plugins\/seo\/ -->\n<title>Cristais conclui asfalto em avenida - VerdadeOn<\/title>\n<meta name=\"robots\" content=\"index, follow, max-snippet:-1, max-image-preview:large, max-video-preview:-1\" \/>\n<link rel=\"canonical\" href=\"https:\/\/verdadeon.com.br\/portal\/2020\/02\/21\/cristais-conclui-asfalto-em-avenida\/\" \/>\n<meta property=\"og:locale\" content=\"pt_BR\" \/>\n<meta property=\"og:type\" content=\"article\" \/>\n<meta property=\"og:title\" content=\"Cristais conclui asfalto em avenida - VerdadeOn\" \/>\n<meta property=\"og:description\" content=\"Projeto que visa atender pontos \u00e9 de R$ 200 mil em parceria com o governo de SP Reportagem Gustavo Rodrigues A avenida Dr. Luiz Rodrigues Nunes [\u2026]\" \/>\n<meta property=\"og:url\" content=\"https:\/\/verdadeon.com.br\/portal\/2020\/02\/21\/cristais-conclui-asfalto-em-avenida\/\" \/>\n<meta property=\"og:site_name\" content=\"VerdadeOn\" \/>\n<meta property=\"article:published_time\" content=\"2020-02-21T13:30:19+00:00\" \/>\n<meta property=\"og:image\" content=\"https:\/\/verdadeon.com.br\/portal\/wp-content\/uploads\/2020\/02\/Abre-Asfalto-em-avenida-de-Cristais.jpg\" \/>\n\t<meta property=\"og:image:width\" content=\"1000\" \/>\n\t<meta property=\"og:image:height\" content=\"689\" \/>\n\t<meta property=\"og:image:type\" content=\"image\/jpeg\" \/>\n<meta name=\"author\" content=\"Redacao VerdadeOn\" \/>\n<meta name=\"twitter:card\" content=\"summary_large_image\" \/>\n<meta name=\"twitter:label1\" content=\"Escrito por\" \/>\n\t<meta name=\"twitter:data1\" content=\"Redacao VerdadeOn\" \/>\n\t<meta name=\"twitter:label2\" content=\"Est. tempo de leitura\" \/>\n\t<meta name=\"twitter:data2\" content=\"1 minuto\" \/>\n<script type=\"application\/ld+json\" class=\"yoast-schema-graph\">{\"@context\":\"https:\/\/schema.org\",\"@graph\":[{\"@type\":\"WebPage\",\"@id\":\"https:\/\/verdadeon.com.br\/portal\/2020\/02\/21\/cristais-conclui-asfalto-em-avenida\/\",\"url\":\"https:\/\/verdadeon.com.br\/portal\/2020\/02\/21\/cristais-conclui-asfalto-em-avenida\/\",\"name\":\"Cristais conclui asfalto em avenida - VerdadeOn\",\"isPartOf\":{\"@id\":\"https:\/\/verdadeon.com.br\/portal\/#website\"},\"primaryImageOfPage\":{\"@id\":\"https:\/\/verdadeon.com.br\/portal\/2020\/02\/21\/cristais-conclui-asfalto-em-avenida\/#primaryimage\"},\"image\":{\"@id\":\"https:\/\/verdadeon.com.br\/portal\/2020\/02\/21\/cristais-conclui-asfalto-em-avenida\/#primaryimage\"},\"thumbnailUrl\":\"https:\/\/i0.wp.com\/verdadeon.com.br\/portal\/wp-content\/uploads\/2020\/02\/Abre-Asfalto-em-avenida-de-Cristais.jpg?fit=1000%2C689&ssl=1\",\"datePublished\":\"2020-02-21T13:30:19+00:00\",\"author\":{\"@id\":\"https:\/\/verdadeon.com.br\/portal\/#\/schema\/person\/a5060ad1e9ea3df545188fc93ce43d2f\"},\"breadcrumb\":{\"@id\":\"https:\/\/verdadeon.com.br\/portal\/2020\/02\/21\/cristais-conclui-asfalto-em-avenida\/#breadcrumb\"},\"inLanguage\":\"pt-BR\",\"potentialAction\":[{\"@type\":\"ReadAction\",\"target\":[\"https:\/\/verdadeon.com.br\/portal\/2020\/02\/21\/cristais-conclui-asfalto-em-avenida\/\"]}]},{\"@type\":\"ImageObject\",\"inLanguage\":\"pt-BR\",\"@id\":\"https:\/\/verdadeon.com.br\/portal\/2020\/02\/21\/cristais-conclui-asfalto-em-avenida\/#primaryimage\",\"url\":\"https:\/\/i0.wp.com\/verdadeon.com.br\/portal\/wp-content\/uploads\/2020\/02\/Abre-Asfalto-em-avenida-de-Cristais.jpg?fit=1000%2C689&ssl=1\",\"contentUrl\":\"https:\/\/i0.wp.com\/verdadeon.com.br\/portal\/wp-content\/uploads\/2020\/02\/Abre-Asfalto-em-avenida-de-Cristais.jpg?fit=1000%2C689&ssl=1\",\"width\":1000,\"height\":689,\"caption\":\"cuidado especial - Funcion\u00e1rios da Prefeitura de Cristais Paulista durante servi\u00e7os de recapeamento na avenida Luiz Rodrigues Nunes. O local liga pontos importantes da cidade | Foto: Prefeitura\/Divulga\u00e7\u00e3o\"},{\"@type\":\"BreadcrumbList\",\"@id\":\"https:\/\/verdadeon.com.br\/portal\/2020\/02\/21\/cristais-conclui-asfalto-em-avenida\/#breadcrumb\",\"itemListElement\":[{\"@type\":\"ListItem\",\"position\":1,\"name\":\"In\u00edcio\",\"item\":\"https:\/\/verdadeon.com.br\/portal\/\"},{\"@type\":\"ListItem\",\"position\":2,\"name\":\"Cristais conclui asfalto em avenida\"}]},{\"@type\":\"WebSite\",\"@id\":\"https:\/\/verdadeon.com.br\/portal\/#website\",\"url\":\"https:\/\/verdadeon.com.br\/portal\/\",\"name\":\"VerdadeOn\",\"description\":\"Not\u00edcias di\u00e1rias sobre Franca, Regi\u00e3o, Esporte, Cultura, Cotidiano, Colunas. Cobertura nos principais eventos da cidade \u00e9 aqui - Verdadeon Franca\",\"potentialAction\":[{\"@type\":\"SearchAction\",\"target\":{\"@type\":\"EntryPoint\",\"urlTemplate\":\"https:\/\/verdadeon.com.br\/portal\/?s={search_term_string}\"},\"query-input\":{\"@type\":\"PropertyValueSpecification\",\"valueRequired\":true,\"valueName\":\"search_term_string\"}}],\"inLanguage\":\"pt-BR\"},{\"@type\":\"Person\",\"@id\":\"https:\/\/verdadeon.com.br\/portal\/#\/schema\/person\/a5060ad1e9ea3df545188fc93ce43d2f\",\"name\":\"Redacao VerdadeOn\",\"image\":{\"@type\":\"ImageObject\",\"inLanguage\":\"pt-BR\",\"@id\":\"https:\/\/verdadeon.com.br\/portal\/#\/schema\/person\/image\/\",\"url\":\"https:\/\/secure.gravatar.com\/avatar\/459a9613caaaf07f582c3d0841eea68bdd66f533e465e6ba8b9cb45619572cf4?s=96&d=mm&r=g\",\"contentUrl\":\"https:\/\/secure.gravatar.com\/avatar\/459a9613caaaf07f582c3d0841eea68bdd66f533e465e6ba8b9cb45619572cf4?s=96&d=mm&r=g\",\"caption\":\"Redacao VerdadeOn\"},\"url\":\"https:\/\/verdadeon.com.br\/portal\/author\/redacao\/\"}]}<\/script>\n<!-- \/ Yoast SEO plugin. -->","yoast_head_json":{"title":"Cristais conclui asfalto em avenida - VerdadeOn","robots":{"index":"index","follow":"follow","max-snippet":"max-snippet:-1","max-image-preview":"max-image-preview:large","max-video-preview":"max-video-preview:-1"},"canonical":"https:\/\/verdadeon.com.br\/portal\/2020\/02\/21\/cristais-conclui-asfalto-em-avenida\/","og_locale":"pt_BR","og_type":"article","og_title":"Cristais conclui asfalto em avenida - VerdadeOn","og_description":"Projeto que visa atender pontos \u00e9 de R$ 200 mil em parceria com o governo de SP Reportagem Gustavo Rodrigues A avenida Dr. Luiz Rodrigues Nunes [\u2026]","og_url":"https:\/\/verdadeon.com.br\/portal\/2020\/02\/21\/cristais-conclui-asfalto-em-avenida\/","og_site_name":"VerdadeOn","article_published_time":"2020-02-21T13:30:19+00:00","og_image":[{"width":1000,"height":689,"url":"https:\/\/verdadeon.com.br\/portal\/wp-content\/uploads\/2020\/02\/Abre-Asfalto-em-avenida-de-Cristais.jpg","type":"image\/jpeg"}],"author":"Redacao VerdadeOn","twitter_card":"summary_large_image","twitter_misc":{"Escrito por":"Redacao VerdadeOn","Est. tempo de leitura":"1 minuto"},"schema":{"@context":"https:\/\/schema.org","@graph":[{"@type":"WebPage","@id":"https:\/\/verdadeon.com.br\/portal\/2020\/02\/21\/cristais-conclui-asfalto-em-avenida\/","url":"https:\/\/verdadeon.com.br\/portal\/2020\/02\/21\/cristais-conclui-asfalto-em-avenida\/","name":"Cristais conclui asfalto em avenida - VerdadeOn","isPartOf":{"@id":"https:\/\/verdadeon.com.br\/portal\/#website"},"primaryImageOfPage":{"@id":"https:\/\/verdadeon.com.br\/portal\/2020\/02\/21\/cristais-conclui-asfalto-em-avenida\/#primaryimage"},"image":{"@id":"https:\/\/verdadeon.com.br\/portal\/2020\/02\/21\/cristais-conclui-asfalto-em-avenida\/#primaryimage"},"thumbnailUrl":"https:\/\/i0.wp.com\/verdadeon.com.br\/portal\/wp-content\/uploads\/2020\/02\/Abre-Asfalto-em-avenida-de-Cristais.jpg?fit=1000%2C689&ssl=1","datePublished":"2020-02-21T13:30:19+00:00","author":{"@id":"https:\/\/verdadeon.com.br\/portal\/#\/schema\/person\/a5060ad1e9ea3df545188fc93ce43d2f"},"breadcrumb":{"@id":"https:\/\/verdadeon.com.br\/portal\/2020\/02\/21\/cristais-conclui-asfalto-em-avenida\/#breadcrumb"},"inLanguage":"pt-BR","potentialAction":[{"@type":"ReadAction","target":["https:\/\/verdadeon.com.br\/portal\/2020\/02\/21\/cristais-conclui-asfalto-em-avenida\/"]}]},{"@type":"ImageObject","inLanguage":"pt-BR","@id":"https:\/\/verdadeon.com.br\/portal\/2020\/02\/21\/cristais-conclui-asfalto-em-avenida\/#primaryimage","url":"https:\/\/i0.wp.com\/verdadeon.com.br\/portal\/wp-content\/uploads\/2020\/02\/Abre-Asfalto-em-avenida-de-Cristais.jpg?fit=1000%2C689&ssl=1","contentUrl":"https:\/\/i0.wp.com\/verdadeon.com.br\/portal\/wp-content\/uploads\/2020\/02\/Abre-Asfalto-em-avenida-de-Cristais.jpg?fit=1000%2C689&ssl=1","width":1000,"height":689,"caption":"cuidado especial - Funcion\u00e1rios da Prefeitura de Cristais Paulista durante servi\u00e7os de recapeamento na avenida Luiz Rodrigues Nunes. O local liga pontos importantes da cidade | Foto: Prefeitura\/Divulga\u00e7\u00e3o"},{"@type":"BreadcrumbList","@id":"https:\/\/verdadeon.com.br\/portal\/2020\/02\/21\/cristais-conclui-asfalto-em-avenida\/#breadcrumb","itemListElement":[{"@type":"ListItem","position":1,"name":"In\u00edcio","item":"https:\/\/verdadeon.com.br\/portal\/"},{"@type":"ListItem","position":2,"name":"Cristais conclui asfalto em avenida"}]},{"@type":"WebSite","@id":"https:\/\/verdadeon.com.br\/portal\/#website","url":"https:\/\/verdadeon.com.br\/portal\/","name":"VerdadeOn","description":"Not\u00edcias di\u00e1rias sobre Franca, Regi\u00e3o, Esporte, Cultura, Cotidiano, Colunas. Cobertura nos principais eventos da cidade \u00e9 aqui - Verdadeon Franca","potentialAction":[{"@type":"SearchAction","target":{"@type":"EntryPoint","urlTemplate":"https:\/\/verdadeon.com.br\/portal\/?s={search_term_string}"},"query-input":{"@type":"PropertyValueSpecification","valueRequired":true,"valueName":"search_term_string"}}],"inLanguage":"pt-BR"},{"@type":"Person","@id":"https:\/\/verdadeon.com.br\/portal\/#\/schema\/person\/a5060ad1e9ea3df545188fc93ce43d2f","name":"Redacao VerdadeOn","image":{"@type":"ImageObject","inLanguage":"pt-BR","@id":"https:\/\/verdadeon.com.br\/portal\/#\/schema\/person\/image\/","url":"https:\/\/secure.gravatar.com\/avatar\/459a9613caaaf07f582c3d0841eea68bdd66f533e465e6ba8b9cb45619572cf4?s=96&d=mm&r=g","contentUrl":"https:\/\/secure.gravatar.com\/avatar\/459a9613caaaf07f582c3d0841eea68bdd66f533e465e6ba8b9cb45619572cf4?s=96&d=mm&r=g","caption":"Redacao VerdadeOn"},"url":"https:\/\/verdadeon.com.br\/portal\/author\/redacao\/"}]}},"jetpack_publicize_connections":[],"jetpack_featured_media_url":"https:\/\/i0.wp.com\/verdadeon.com.br\/portal\/wp-content\/uploads\/2020\/02\/Abre-Asfalto-em-avenida-de-Cristais.jpg?fit=1000%2C689&ssl=1","jetpack_sharing_enabled":true,"_links":{"self":[{"href":"https:\/\/verdadeon.com.br\/portal\/wp-json\/wp\/v2\/posts\/3943","targetHints":{"allow":["GET"]}}],"collection":[{"href":"https:\/\/verdadeon.com.br\/portal\/wp-json\/wp\/v2\/posts"}],"about":[{"href":"https:\/\/verdadeon.com.br\/portal\/wp-json\/wp\/v2\/types\/post"}],"author":[{"embeddable":true,"href":"https:\/\/verdadeon.com.br\/portal\/wp-json\/wp\/v2\/users\/10"}],"replies":[{"embeddable":true,"href":"https:\/\/verdadeon.com.br\/portal\/wp-json\/wp\/v2\/comments?post=3943"}],"version-history":[{"count":0,"href":"https:\/\/verdadeon.com.br\/portal\/wp-json\/wp\/v2\/posts\/3943\/revisions"}],"wp:featuredmedia":[{"embeddable":true,"href":"https:\/\/verdadeon.com.br\/portal\/wp-json\/wp\/v2\/media\/3944"}],"wp:attachment":[{"href":"https:\/\/verdadeon.com.br\/portal\/wp-json\/wp\/v2\/media?parent=3943"}],"wp:term":[{"taxonomy":"category","embeddable":true,"href":"https:\/\/verdadeon.com.br\/portal\/wp-json\/wp\/v2\/categories?post=3943"},{"taxonomy":"post_tag","embeddable":true,"href":"https:\/\/verdadeon.com.br\/portal\/wp-json\/wp\/v2\/tags?post=3943"}],"curies":[{"name":"wp","href":"https:\/\/api.w.org\/{rel}","templated":true}]}}