{"id":39328,"date":"2023-11-22T14:41:01","date_gmt":"2023-11-22T17:41:01","guid":{"rendered":"https:\/\/verdadeon.com.br\/portal\/?p=39328"},"modified":"2023-11-22T14:41:01","modified_gmt":"2023-11-22T17:41:01","slug":"arrastao-da-limpeza-atendera-mais-de-60-bairros-da-regiao-oeste","status":"publish","type":"post","link":"https:\/\/verdadeon.com.br\/portal\/2023\/11\/22\/arrastao-da-limpeza-atendera-mais-de-60-bairros-da-regiao-oeste\/","title":{"rendered":"&#8216;Arrast\u00e3o da Limpeza&#8217; atender\u00e1 mais de 60 bairros da Regi\u00e3o Oeste"},"content":{"rendered":"<h2>Caminh\u00f5es come\u00e7ar\u00e3o a percorrer as ruas a partir das 7h30<\/h2>\n<p>A Prefeitura programou para o pr\u00f3ximo s\u00e1bado, 25, mais uma edi\u00e7\u00e3o do Projeto &#8216;Arrast\u00e3o da Limpeza&#8217;, que abranger\u00e1 os 61 bairros da Regi\u00e3o Oeste, compreendendo as Vilas S\u00e3o Sebasti\u00e3o e Pedigoni, que margeiam a rodovia C\u00e2ndido Portinari, aos bairros S\u00e3o Joaquim, Santa Helena, Esmeralda, Quinta do Caf\u00e9, Pulicano, Palermo City, J\u00falio D\u2019Elia e adjac\u00eancias. Este trabalho ser\u00e1 a partir das 7h30, com os caminh\u00f5es percorrendo as ruas.<\/p>\n<p>A orienta\u00e7\u00e3o da Secretaria de Meio Ambiente \u00e9 para que fa\u00e7am a separa\u00e7\u00e3o pr\u00e9via do que desejam descartar, deixando tudo sobre as cal\u00e7adas, antes dos caminh\u00f5es passarem. O Arrast\u00e3o da Limpeza, al\u00e9m de manter a cidade limpa e bonita, busca recolher materiais que possam atrair insetos e armazenar \u00e1gua, ambiente prop\u00edcio ao surgimento das larvas do mosquito da dengue.<\/p>\n<p>O Arrast\u00e3o \u00e9 coordenado pela Secretaria de Meio Ambiente, que registrou at\u00e9 outubro, 233,4 toneladas de materiais retirados das ruas nas opera\u00e7\u00f5es mensais neste ano.<\/p>\n<p>Confira a rela\u00e7\u00e3o dos 61 bairros que receber\u00e3o o &#8216;Arrast\u00e3o da Limpeza&#8217; no dia 25:<\/p>\n<div>01) Recanto Bom Jardim<\/div>\n<div>02) Ch\u00e1cara Morada do Sol<\/div>\n<div>03) Ch\u00e1cara Ouro Verde<\/div>\n<div>04) Jardim Sim\u00f5es<\/div>\n<div>05) Jardim Zelinda<\/div>\n<div>06) Parque Florestal<\/div>\n<div>07) Residencial Peres Elias<\/div>\n<div>08) Jardim Esmeralda (Parque das Esmeraldas e Prolongamento)<\/div>\n<div>09) Distrito Industrial Onofre Jacometti<\/div>\n<div>10) Distrito Industrial Ant\u00f4nio Della Torre<\/div>\n<div>11) Village Santa Georgina<\/div>\n<div>12) Polo Industrial Ab\u00edlio Nogueira<\/div>\n<div>13) Polo Industrial Amazonas<\/div>\n<div>14) Polo Industrial S\u00e3o Bernardo<\/div>\n<div>15) Residencial Itapu\u00e3<\/div>\n<div>16) Vila Santa Helena<\/div>\n<div>17) Residencial Bosque dos Angicos<\/div>\n<div>18) Bairro S\u00e3o Joaquim<\/div>\n<div>19) Vila Rezende<\/div>\n<div>20) Vila Pedigoni<\/div>\n<div>21) Parque Piratininga<\/div>\n<div>22) Jardim Derm\u00ednio<\/div>\n<div>23) Jardim Santa Efig\u00eania<\/div>\n<div>24) Jardim S\u00e3o Gabriel<\/div>\n<div>25) Parque Residencial Santa Maria<\/div>\n<div>26) Residencial Santa Clara<\/div>\n<div>27) Jardim Bonsucesso<\/div>\n<div>28) Residencial Copacabana<\/div>\n<div>29) Residencial J\u00falio D\u2019Elia<\/div>\n<div>30) Ch\u00e1cara S\u00e3o Paulo<\/div>\n<div>31) Jardim S\u00e3o Paulo<\/div>\n<div>32) Residencial S\u00e3o Paulo I e II<\/div>\n<div>33) Residencial \u00a0Sinsa\u00fade<\/div>\n<div>34) Residencial Rubi<\/div>\n<div>35) Jardim Stephani<\/div>\n<div>36) Residencial Santa Anita<\/div>\n<div>37) Residencial P\u00e9rola<\/div>\n<div>38) Jardim Tangar\u00e1<\/div>\n<div>39) Residencial Adriano Ferreira<\/div>\n<div>40) Jardim Jacinto Nery<\/div>\n<div>41) Residencial Paulo Henrique<\/div>\n<div>42) Conjunto Ant\u00f4nio de P\u00e1dua R. Garcia (Franca N)<\/div>\n<div>43) Jardim Anita<\/div>\n<div>44) Jardim Palmeiras<\/div>\n<div>45) Residencial Engenho Queimado<\/div>\n<div>46) Ch\u00e1cara Engenho Queimado (Ch\u00e1cara Get\u00falio Vargas)<\/div>\n<div>47) Residencial Palermo<\/div>\n<div>48) Residencial Palermo City<\/div>\n<div>49) Jardim Pulicano<\/div>\n<div>50) Jardim Jo\u00e3o Liporoni<\/div>\n<div>51)Villagio Mundo Novo<\/div>\n<div>52) Jardim Meireles<\/div>\n<div>53) Jardim Martins e Prolongamento<\/div>\n<div>54) Jardim Eldorado<\/div>\n<div>55) Jardim Paulo Archetti<\/div>\n<div>56) Parque Continental<\/div>\n<div>57) Vila S\u00e3o Sebasti\u00e3o<\/div>\n<div>58) Bairro Novo Centro<\/div>\n<div>59) Jardim Mar\u00edlia<\/div>\n<div>60) Parque Vit\u00f3ria R\u00e9gia<\/div>\n<div>61) Vila Pandolfo<\/div>\n","protected":false},"excerpt":{"rendered":"<p>Caminh\u00f5es come\u00e7ar\u00e3o a percorrer as ruas a partir das 7h30 A Prefeitura programou para o pr\u00f3ximo s\u00e1bado, 25, mais uma edi\u00e7\u00e3o do Projeto &#8216;Arrast\u00e3o da Limpeza&#8217;,<span class=\"excerpt-hellip\"> [\u2026]<\/span><\/p>\n","protected":false},"author":10,"featured_media":39329,"comment_status":"open","ping_status":"open","sticky":false,"template":"","format":"standard","meta":{"_jetpack_memberships_contains_paid_content":false,"footnotes":"","jetpack_publicize_message":"","jetpack_publicize_feature_enabled":true,"jetpack_social_post_already_shared":false,"jetpack_social_options":{"image_generator_settings":{"template":"highway","default_image_id":0,"enabled":false},"version":2}},"categories":[28,81],"tags":[],"class_list":["post-39328","post","type-post","status-publish","format-standard","has-post-thumbnail","hentry","category-cotidiano","category-manchete"],"yoast_head":"<!-- This site is optimized with the Yoast SEO plugin v25.6 - https:\/\/yoast.com\/wordpress\/plugins\/seo\/ -->\n<title>&#039;Arrast\u00e3o da Limpeza&#039; atender\u00e1 mais de 60 bairros da Regi\u00e3o Oeste - VerdadeOn<\/title>\n<meta name=\"robots\" content=\"index, follow, max-snippet:-1, max-image-preview:large, max-video-preview:-1\" \/>\n<link rel=\"canonical\" href=\"https:\/\/verdadeon.com.br\/portal\/2023\/11\/22\/arrastao-da-limpeza-atendera-mais-de-60-bairros-da-regiao-oeste\/\" \/>\n<meta property=\"og:locale\" content=\"pt_BR\" \/>\n<meta property=\"og:type\" content=\"article\" \/>\n<meta property=\"og:title\" content=\"&#039;Arrast\u00e3o da Limpeza&#039; atender\u00e1 mais de 60 bairros da Regi\u00e3o Oeste - VerdadeOn\" \/>\n<meta property=\"og:description\" content=\"Caminh\u00f5es come\u00e7ar\u00e3o a percorrer as ruas a partir das 7h30 A Prefeitura programou para o pr\u00f3ximo s\u00e1bado, 25, mais uma edi\u00e7\u00e3o do Projeto &#8216;Arrast\u00e3o da Limpeza&#8217;, [\u2026]\" \/>\n<meta property=\"og:url\" content=\"https:\/\/verdadeon.com.br\/portal\/2023\/11\/22\/arrastao-da-limpeza-atendera-mais-de-60-bairros-da-regiao-oeste\/\" \/>\n<meta property=\"og:site_name\" content=\"VerdadeOn\" \/>\n<meta property=\"article:published_time\" content=\"2023-11-22T17:41:01+00:00\" \/>\n<meta property=\"og:image\" content=\"https:\/\/verdadeon.com.br\/portal\/wp-content\/uploads\/2023\/11\/DSC_5438-scaled.jpg\" \/>\n\t<meta property=\"og:image:width\" content=\"2560\" \/>\n\t<meta property=\"og:image:height\" content=\"1715\" \/>\n\t<meta property=\"og:image:type\" content=\"image\/jpeg\" \/>\n<meta name=\"author\" content=\"Redacao VerdadeOn\" \/>\n<meta name=\"twitter:card\" content=\"summary_large_image\" \/>\n<meta name=\"twitter:label1\" content=\"Escrito por\" \/>\n\t<meta name=\"twitter:data1\" content=\"Redacao VerdadeOn\" \/>\n\t<meta name=\"twitter:label2\" content=\"Est. tempo de leitura\" \/>\n\t<meta name=\"twitter:data2\" content=\"3 minutos\" \/>\n<script type=\"application\/ld+json\" class=\"yoast-schema-graph\">{\"@context\":\"https:\/\/schema.org\",\"@graph\":[{\"@type\":\"WebPage\",\"@id\":\"https:\/\/verdadeon.com.br\/portal\/2023\/11\/22\/arrastao-da-limpeza-atendera-mais-de-60-bairros-da-regiao-oeste\/\",\"url\":\"https:\/\/verdadeon.com.br\/portal\/2023\/11\/22\/arrastao-da-limpeza-atendera-mais-de-60-bairros-da-regiao-oeste\/\",\"name\":\"'Arrast\u00e3o da Limpeza' atender\u00e1 mais de 60 bairros da Regi\u00e3o Oeste - VerdadeOn\",\"isPartOf\":{\"@id\":\"https:\/\/verdadeon.com.br\/portal\/#website\"},\"primaryImageOfPage\":{\"@id\":\"https:\/\/verdadeon.com.br\/portal\/2023\/11\/22\/arrastao-da-limpeza-atendera-mais-de-60-bairros-da-regiao-oeste\/#primaryimage\"},\"image\":{\"@id\":\"https:\/\/verdadeon.com.br\/portal\/2023\/11\/22\/arrastao-da-limpeza-atendera-mais-de-60-bairros-da-regiao-oeste\/#primaryimage\"},\"thumbnailUrl\":\"https:\/\/i0.wp.com\/verdadeon.com.br\/portal\/wp-content\/uploads\/2023\/11\/DSC_5438-scaled.jpg?fit=2560%2C1715&ssl=1\",\"datePublished\":\"2023-11-22T17:41:01+00:00\",\"author\":{\"@id\":\"https:\/\/verdadeon.com.br\/portal\/#\/schema\/person\/a5060ad1e9ea3df545188fc93ce43d2f\"},\"breadcrumb\":{\"@id\":\"https:\/\/verdadeon.com.br\/portal\/2023\/11\/22\/arrastao-da-limpeza-atendera-mais-de-60-bairros-da-regiao-oeste\/#breadcrumb\"},\"inLanguage\":\"pt-BR\",\"potentialAction\":[{\"@type\":\"ReadAction\",\"target\":[\"https:\/\/verdadeon.com.br\/portal\/2023\/11\/22\/arrastao-da-limpeza-atendera-mais-de-60-bairros-da-regiao-oeste\/\"]}]},{\"@type\":\"ImageObject\",\"inLanguage\":\"pt-BR\",\"@id\":\"https:\/\/verdadeon.com.br\/portal\/2023\/11\/22\/arrastao-da-limpeza-atendera-mais-de-60-bairros-da-regiao-oeste\/#primaryimage\",\"url\":\"https:\/\/i0.wp.com\/verdadeon.com.br\/portal\/wp-content\/uploads\/2023\/11\/DSC_5438-scaled.jpg?fit=2560%2C1715&ssl=1\",\"contentUrl\":\"https:\/\/i0.wp.com\/verdadeon.com.br\/portal\/wp-content\/uploads\/2023\/11\/DSC_5438-scaled.jpg?fit=2560%2C1715&ssl=1\",\"width\":2560,\"height\":1715,\"caption\":\"Segundo a Secretaria de Meio Ambiente, o 'Arrast\u00e3o' registrou, at\u00e9 outubro, 233,4 toneladas de materiais retirados das ruas nas opera\u00e7\u00f5es mensais neste ano (\u00a9Divulga\u00e7\u00e3o)\"},{\"@type\":\"BreadcrumbList\",\"@id\":\"https:\/\/verdadeon.com.br\/portal\/2023\/11\/22\/arrastao-da-limpeza-atendera-mais-de-60-bairros-da-regiao-oeste\/#breadcrumb\",\"itemListElement\":[{\"@type\":\"ListItem\",\"position\":1,\"name\":\"In\u00edcio\",\"item\":\"https:\/\/verdadeon.com.br\/portal\/\"},{\"@type\":\"ListItem\",\"position\":2,\"name\":\"&#8216;Arrast\u00e3o da Limpeza&#8217; atender\u00e1 mais de 60 bairros da Regi\u00e3o Oeste\"}]},{\"@type\":\"WebSite\",\"@id\":\"https:\/\/verdadeon.com.br\/portal\/#website\",\"url\":\"https:\/\/verdadeon.com.br\/portal\/\",\"name\":\"VerdadeOn\",\"description\":\"Not\u00edcias di\u00e1rias sobre Franca, Regi\u00e3o, Esporte, Cultura, Cotidiano, Colunas. Cobertura nos principais eventos da cidade \u00e9 aqui - Verdadeon Franca\",\"potentialAction\":[{\"@type\":\"SearchAction\",\"target\":{\"@type\":\"EntryPoint\",\"urlTemplate\":\"https:\/\/verdadeon.com.br\/portal\/?s={search_term_string}\"},\"query-input\":{\"@type\":\"PropertyValueSpecification\",\"valueRequired\":true,\"valueName\":\"search_term_string\"}}],\"inLanguage\":\"pt-BR\"},{\"@type\":\"Person\",\"@id\":\"https:\/\/verdadeon.com.br\/portal\/#\/schema\/person\/a5060ad1e9ea3df545188fc93ce43d2f\",\"name\":\"Redacao VerdadeOn\",\"image\":{\"@type\":\"ImageObject\",\"inLanguage\":\"pt-BR\",\"@id\":\"https:\/\/verdadeon.com.br\/portal\/#\/schema\/person\/image\/\",\"url\":\"https:\/\/secure.gravatar.com\/avatar\/459a9613caaaf07f582c3d0841eea68bdd66f533e465e6ba8b9cb45619572cf4?s=96&d=mm&r=g\",\"contentUrl\":\"https:\/\/secure.gravatar.com\/avatar\/459a9613caaaf07f582c3d0841eea68bdd66f533e465e6ba8b9cb45619572cf4?s=96&d=mm&r=g\",\"caption\":\"Redacao VerdadeOn\"},\"url\":\"https:\/\/verdadeon.com.br\/portal\/author\/redacao\/\"}]}<\/script>\n<!-- \/ Yoast SEO plugin. -->","yoast_head_json":{"title":"'Arrast\u00e3o da Limpeza' atender\u00e1 mais de 60 bairros da Regi\u00e3o Oeste - VerdadeOn","robots":{"index":"index","follow":"follow","max-snippet":"max-snippet:-1","max-image-preview":"max-image-preview:large","max-video-preview":"max-video-preview:-1"},"canonical":"https:\/\/verdadeon.com.br\/portal\/2023\/11\/22\/arrastao-da-limpeza-atendera-mais-de-60-bairros-da-regiao-oeste\/","og_locale":"pt_BR","og_type":"article","og_title":"'Arrast\u00e3o da Limpeza' atender\u00e1 mais de 60 bairros da Regi\u00e3o Oeste - VerdadeOn","og_description":"Caminh\u00f5es come\u00e7ar\u00e3o a percorrer as ruas a partir das 7h30 A Prefeitura programou para o pr\u00f3ximo s\u00e1bado, 25, mais uma edi\u00e7\u00e3o do Projeto &#8216;Arrast\u00e3o da Limpeza&#8217;, [\u2026]","og_url":"https:\/\/verdadeon.com.br\/portal\/2023\/11\/22\/arrastao-da-limpeza-atendera-mais-de-60-bairros-da-regiao-oeste\/","og_site_name":"VerdadeOn","article_published_time":"2023-11-22T17:41:01+00:00","og_image":[{"width":2560,"height":1715,"url":"https:\/\/verdadeon.com.br\/portal\/wp-content\/uploads\/2023\/11\/DSC_5438-scaled.jpg","type":"image\/jpeg"}],"author":"Redacao VerdadeOn","twitter_card":"summary_large_image","twitter_misc":{"Escrito por":"Redacao VerdadeOn","Est. tempo de leitura":"3 minutos"},"schema":{"@context":"https:\/\/schema.org","@graph":[{"@type":"WebPage","@id":"https:\/\/verdadeon.com.br\/portal\/2023\/11\/22\/arrastao-da-limpeza-atendera-mais-de-60-bairros-da-regiao-oeste\/","url":"https:\/\/verdadeon.com.br\/portal\/2023\/11\/22\/arrastao-da-limpeza-atendera-mais-de-60-bairros-da-regiao-oeste\/","name":"'Arrast\u00e3o da Limpeza' atender\u00e1 mais de 60 bairros da Regi\u00e3o Oeste - VerdadeOn","isPartOf":{"@id":"https:\/\/verdadeon.com.br\/portal\/#website"},"primaryImageOfPage":{"@id":"https:\/\/verdadeon.com.br\/portal\/2023\/11\/22\/arrastao-da-limpeza-atendera-mais-de-60-bairros-da-regiao-oeste\/#primaryimage"},"image":{"@id":"https:\/\/verdadeon.com.br\/portal\/2023\/11\/22\/arrastao-da-limpeza-atendera-mais-de-60-bairros-da-regiao-oeste\/#primaryimage"},"thumbnailUrl":"https:\/\/i0.wp.com\/verdadeon.com.br\/portal\/wp-content\/uploads\/2023\/11\/DSC_5438-scaled.jpg?fit=2560%2C1715&ssl=1","datePublished":"2023-11-22T17:41:01+00:00","author":{"@id":"https:\/\/verdadeon.com.br\/portal\/#\/schema\/person\/a5060ad1e9ea3df545188fc93ce43d2f"},"breadcrumb":{"@id":"https:\/\/verdadeon.com.br\/portal\/2023\/11\/22\/arrastao-da-limpeza-atendera-mais-de-60-bairros-da-regiao-oeste\/#breadcrumb"},"inLanguage":"pt-BR","potentialAction":[{"@type":"ReadAction","target":["https:\/\/verdadeon.com.br\/portal\/2023\/11\/22\/arrastao-da-limpeza-atendera-mais-de-60-bairros-da-regiao-oeste\/"]}]},{"@type":"ImageObject","inLanguage":"pt-BR","@id":"https:\/\/verdadeon.com.br\/portal\/2023\/11\/22\/arrastao-da-limpeza-atendera-mais-de-60-bairros-da-regiao-oeste\/#primaryimage","url":"https:\/\/i0.wp.com\/verdadeon.com.br\/portal\/wp-content\/uploads\/2023\/11\/DSC_5438-scaled.jpg?fit=2560%2C1715&ssl=1","contentUrl":"https:\/\/i0.wp.com\/verdadeon.com.br\/portal\/wp-content\/uploads\/2023\/11\/DSC_5438-scaled.jpg?fit=2560%2C1715&ssl=1","width":2560,"height":1715,"caption":"Segundo a Secretaria de Meio Ambiente, o 'Arrast\u00e3o' registrou, at\u00e9 outubro, 233,4 toneladas de materiais retirados das ruas nas opera\u00e7\u00f5es mensais neste ano (\u00a9Divulga\u00e7\u00e3o)"},{"@type":"BreadcrumbList","@id":"https:\/\/verdadeon.com.br\/portal\/2023\/11\/22\/arrastao-da-limpeza-atendera-mais-de-60-bairros-da-regiao-oeste\/#breadcrumb","itemListElement":[{"@type":"ListItem","position":1,"name":"In\u00edcio","item":"https:\/\/verdadeon.com.br\/portal\/"},{"@type":"ListItem","position":2,"name":"&#8216;Arrast\u00e3o da Limpeza&#8217; atender\u00e1 mais de 60 bairros da Regi\u00e3o Oeste"}]},{"@type":"WebSite","@id":"https:\/\/verdadeon.com.br\/portal\/#website","url":"https:\/\/verdadeon.com.br\/portal\/","name":"VerdadeOn","description":"Not\u00edcias di\u00e1rias sobre Franca, Regi\u00e3o, Esporte, Cultura, Cotidiano, Colunas. Cobertura nos principais eventos da cidade \u00e9 aqui - Verdadeon Franca","potentialAction":[{"@type":"SearchAction","target":{"@type":"EntryPoint","urlTemplate":"https:\/\/verdadeon.com.br\/portal\/?s={search_term_string}"},"query-input":{"@type":"PropertyValueSpecification","valueRequired":true,"valueName":"search_term_string"}}],"inLanguage":"pt-BR"},{"@type":"Person","@id":"https:\/\/verdadeon.com.br\/portal\/#\/schema\/person\/a5060ad1e9ea3df545188fc93ce43d2f","name":"Redacao VerdadeOn","image":{"@type":"ImageObject","inLanguage":"pt-BR","@id":"https:\/\/verdadeon.com.br\/portal\/#\/schema\/person\/image\/","url":"https:\/\/secure.gravatar.com\/avatar\/459a9613caaaf07f582c3d0841eea68bdd66f533e465e6ba8b9cb45619572cf4?s=96&d=mm&r=g","contentUrl":"https:\/\/secure.gravatar.com\/avatar\/459a9613caaaf07f582c3d0841eea68bdd66f533e465e6ba8b9cb45619572cf4?s=96&d=mm&r=g","caption":"Redacao VerdadeOn"},"url":"https:\/\/verdadeon.com.br\/portal\/author\/redacao\/"}]}},"jetpack_publicize_connections":[],"jetpack_featured_media_url":"https:\/\/i0.wp.com\/verdadeon.com.br\/portal\/wp-content\/uploads\/2023\/11\/DSC_5438-scaled.jpg?fit=2560%2C1715&ssl=1","jetpack_sharing_enabled":true,"_links":{"self":[{"href":"https:\/\/verdadeon.com.br\/portal\/wp-json\/wp\/v2\/posts\/39328","targetHints":{"allow":["GET"]}}],"collection":[{"href":"https:\/\/verdadeon.com.br\/portal\/wp-json\/wp\/v2\/posts"}],"about":[{"href":"https:\/\/verdadeon.com.br\/portal\/wp-json\/wp\/v2\/types\/post"}],"author":[{"embeddable":true,"href":"https:\/\/verdadeon.com.br\/portal\/wp-json\/wp\/v2\/users\/10"}],"replies":[{"embeddable":true,"href":"https:\/\/verdadeon.com.br\/portal\/wp-json\/wp\/v2\/comments?post=39328"}],"version-history":[{"count":1,"href":"https:\/\/verdadeon.com.br\/portal\/wp-json\/wp\/v2\/posts\/39328\/revisions"}],"predecessor-version":[{"id":39330,"href":"https:\/\/verdadeon.com.br\/portal\/wp-json\/wp\/v2\/posts\/39328\/revisions\/39330"}],"wp:featuredmedia":[{"embeddable":true,"href":"https:\/\/verdadeon.com.br\/portal\/wp-json\/wp\/v2\/media\/39329"}],"wp:attachment":[{"href":"https:\/\/verdadeon.com.br\/portal\/wp-json\/wp\/v2\/media?parent=39328"}],"wp:term":[{"taxonomy":"category","embeddable":true,"href":"https:\/\/verdadeon.com.br\/portal\/wp-json\/wp\/v2\/categories?post=39328"},{"taxonomy":"post_tag","embeddable":true,"href":"https:\/\/verdadeon.com.br\/portal\/wp-json\/wp\/v2\/tags?post=39328"}],"curies":[{"name":"wp","href":"https:\/\/api.w.org\/{rel}","templated":true}]}}