{"id":39322,"date":"2023-11-22T14:36:12","date_gmt":"2023-11-22T17:36:12","guid":{"rendered":"https:\/\/verdadeon.com.br\/portal\/?p=39322"},"modified":"2023-11-22T14:36:12","modified_gmt":"2023-11-22T17:36:12","slug":"consumo-de-energia-eletrica-sobe-pelo-6o-mes-consecutivo-no-brasil","status":"publish","type":"post","link":"https:\/\/verdadeon.com.br\/portal\/2023\/11\/22\/consumo-de-energia-eletrica-sobe-pelo-6o-mes-consecutivo-no-brasil\/","title":{"rendered":"Consumo de energia el\u00e9trica sobe pelo 6\u00ba m\u00eas consecutivo no Brasil"},"content":{"rendered":"<h2>Dados de outubro, da CCEE, indicam calor e uso maior de ventiladores e ar-condicionado como fatores principais para maior demanda de energia el\u00e9trica<\/h2>\n<p><img data-recalc-dims=\"1\" loading=\"lazy\" decoding=\"async\" class=\"size-full wp-image-39323 alignright\" src=\"https:\/\/i0.wp.com\/verdadeon.com.br\/portal\/wp-content\/uploads\/2023\/11\/unnamed-6.png?resize=649%2C387&#038;ssl=1\" alt=\"\" width=\"649\" height=\"387\" srcset=\"https:\/\/i0.wp.com\/verdadeon.com.br\/portal\/wp-content\/uploads\/2023\/11\/unnamed-6.png?w=649&amp;ssl=1 649w, https:\/\/i0.wp.com\/verdadeon.com.br\/portal\/wp-content\/uploads\/2023\/11\/unnamed-6.png?resize=300%2C179&amp;ssl=1 300w, https:\/\/i0.wp.com\/verdadeon.com.br\/portal\/wp-content\/uploads\/2023\/11\/unnamed-6.png?resize=245%2C146&amp;ssl=1 245w, https:\/\/i0.wp.com\/verdadeon.com.br\/portal\/wp-content\/uploads\/2023\/11\/unnamed-6.png?resize=50%2C30&amp;ssl=1 50w, https:\/\/i0.wp.com\/verdadeon.com.br\/portal\/wp-content\/uploads\/2023\/11\/unnamed-6.png?resize=126%2C75&amp;ssl=1 126w\" sizes=\"auto, (max-width: 649px) 100vw, 649px\" \/>O consumo de energia el\u00e9trica no Brasil subiu pelo sexto m\u00eas consecutivo, encerrando outubro com demanda de 70.047 megawatts m\u00e9dios, volume 6,2% maior na compara\u00e7\u00e3o com o mesmo per\u00edodo do ano passado. Os dados s\u00e3o do\u00a0<a href=\"https:\/\/s2311.imxsnd08.com\/link.php?code=bDpodHRwcyUzQSUyRiUyRnd3dy5jY2VlLm9yZy5iciUyRmVuJTJGZGFkb3MtZS1hbmFsaXNlcyUyRm1lcmNhZG8tcXVpbnplbmFsOjE4NTE0MDk0NTQ6cGVyaXF1ZS5tYWlhQGdtYWlsLmNvbToyMWY5M2Q6NjI=\" target=\"_blank\" rel=\"noopener\" data-saferedirecturl=\"https:\/\/www.google.com\/url?q=https:\/\/s2311.imxsnd08.com\/link.php?code%3DbDpodHRwcyUzQSUyRiUyRnd3dy5jY2VlLm9yZy5iciUyRmVuJTJGZGFkb3MtZS1hbmFsaXNlcyUyRm1lcmNhZG8tcXVpbnplbmFsOjE4NTE0MDk0NTQ6cGVyaXF1ZS5tYWlhQGdtYWlsLmNvbToyMWY5M2Q6NjI%3D&amp;source=gmail&amp;ust=1700758759200000&amp;usg=AOvVaw2tEzxHX8LqbcZEFlKvysQJ\">Boletim InfoMercado Quinzenal<\/a>, da C\u00e2mara de Comercializa\u00e7\u00e3o de Energia El\u00e9trica \u2013 CCEE, que associa a alta ao calor intenso que tem provocado um uso maior de ventiladores e ar-condicionado.<\/p>\n<p>O maior avan\u00e7o foi observado pela CCEE no mercado regulado, onde est\u00e3o os consumidores residenciais e as pequenas empresas. O segmento utilizou 44.448 MW m\u00e9dios, crescimento de 7,6% no comparativo anual. O restante, 25.599 MW m\u00e9dios, foi fornecido ao mercado livre, que abastece a ind\u00fastria e grandes empresas. Nesse ambiente o aumento foi de 3,8% frente a igual per\u00edodo do ano passado.<\/p>\n<p><img data-recalc-dims=\"1\" loading=\"lazy\" decoding=\"async\" class=\"size-full wp-image-39324 alignleft\" src=\"https:\/\/i0.wp.com\/verdadeon.com.br\/portal\/wp-content\/uploads\/2023\/11\/unnamed-7.png?resize=593%2C429&#038;ssl=1\" alt=\"\" width=\"593\" height=\"429\" srcset=\"https:\/\/i0.wp.com\/verdadeon.com.br\/portal\/wp-content\/uploads\/2023\/11\/unnamed-7.png?w=593&amp;ssl=1 593w, https:\/\/i0.wp.com\/verdadeon.com.br\/portal\/wp-content\/uploads\/2023\/11\/unnamed-7.png?resize=300%2C217&amp;ssl=1 300w, https:\/\/i0.wp.com\/verdadeon.com.br\/portal\/wp-content\/uploads\/2023\/11\/unnamed-7.png?resize=202%2C146&amp;ssl=1 202w, https:\/\/i0.wp.com\/verdadeon.com.br\/portal\/wp-content\/uploads\/2023\/11\/unnamed-7.png?resize=50%2C36&amp;ssl=1 50w, https:\/\/i0.wp.com\/verdadeon.com.br\/portal\/wp-content\/uploads\/2023\/11\/unnamed-7.png?resize=104%2C75&amp;ssl=1 104w\" sizes=\"auto, (max-width: 593px) 100vw, 593px\" \/><\/p>\n<p><strong>Consumo por ramo de atividade econ\u00f4mica<\/strong><\/p>\n<p>No mercado livre a CCEE tamb\u00e9m acompanha o consumo de energia em 15 ramos de atividade econ\u00f4mica. Entre eles, em outubro e na compara\u00e7\u00e3o com o mesmo per\u00edodo do ano passado, os maiores avan\u00e7os foram registrados nos setores de extra\u00e7\u00e3o de minerais met\u00e1licos (10,4%), com\u00e9rcio (9,4%), bebidas (8,5%), servi\u00e7os (7,2) e aliment\u00edcios (6,7%). Apenas quatro ramos registraram demanda menor: t\u00eaxteis (-0,2%), saneamento (-1,0%), telecomunica\u00e7\u00f5es (-2,5%) e ve\u00edculos (-4,7%).<\/p>\n<p><img data-recalc-dims=\"1\" loading=\"lazy\" decoding=\"async\" class=\"size-full wp-image-39325 alignright\" src=\"https:\/\/i0.wp.com\/verdadeon.com.br\/portal\/wp-content\/uploads\/2023\/11\/unnamed-8.png?resize=524%2C504&#038;ssl=1\" alt=\"\" width=\"524\" height=\"504\" srcset=\"https:\/\/i0.wp.com\/verdadeon.com.br\/portal\/wp-content\/uploads\/2023\/11\/unnamed-8.png?w=524&amp;ssl=1 524w, https:\/\/i0.wp.com\/verdadeon.com.br\/portal\/wp-content\/uploads\/2023\/11\/unnamed-8.png?resize=300%2C289&amp;ssl=1 300w, https:\/\/i0.wp.com\/verdadeon.com.br\/portal\/wp-content\/uploads\/2023\/11\/unnamed-8.png?resize=152%2C146&amp;ssl=1 152w, https:\/\/i0.wp.com\/verdadeon.com.br\/portal\/wp-content\/uploads\/2023\/11\/unnamed-8.png?resize=50%2C48&amp;ssl=1 50w, https:\/\/i0.wp.com\/verdadeon.com.br\/portal\/wp-content\/uploads\/2023\/11\/unnamed-8.png?resize=78%2C75&amp;ssl=1 78w\" sizes=\"auto, (max-width: 524px) 100vw, 524px\" \/><\/p>\n<p><strong>Consumo por regi\u00e3o<\/strong><\/p>\n<p>Com as temperaturas m\u00e9dias maiores tanto em rela\u00e7\u00e3o \u00e0 m\u00e9dia hist\u00f3rica quanto na compara\u00e7\u00e3o com outubro de 2022, quase todos os estados Brasileiros, com exce\u00e7\u00e3o do Amap\u00e1, tiveram uma demanda maior de energia. Destaque para o Acre (24,1%), seguido pelo Mato Grosso (21,1%) e Maranh\u00e3o (20,4%).<\/p>\n<p><strong>Gera\u00e7\u00e3o de energia<\/strong><\/p>\n<p>As hidrel\u00e9tricas, que ainda s\u00e3o a principal fonte de energia do pa\u00eds, forneceram quase 50 mil MW m\u00e9dios para o Sistema Interligado Nacional \u2013 SIN, volume 10,6% maior na compara\u00e7\u00e3o com outubro do ano passado. Os parques e\u00f3licos produziram mais de 13 mil MW m\u00e9dios, avan\u00e7o de 1,4%, e as fazendas solares geraram mais de 2,8 mil MW m\u00e9dios, crescimento de 51,9%. A boa performance dessas tr\u00eas fontes de energia renov\u00e1vel contribuiu para uma redu\u00e7\u00e3o de 16,4% na participa\u00e7\u00e3o das termel\u00e9tricas, utilizados em momentos mais cr\u00edticos do setor para garantir fornecimento para a popula\u00e7\u00e3o.<\/p>\n<p><img data-recalc-dims=\"1\" loading=\"lazy\" decoding=\"async\" class=\"alignnone  wp-image-39326\" src=\"https:\/\/i0.wp.com\/verdadeon.com.br\/portal\/wp-content\/uploads\/2023\/11\/unnamed-9.png?resize=857%2C456&#038;ssl=1\" alt=\"\" width=\"857\" height=\"456\" srcset=\"https:\/\/i0.wp.com\/verdadeon.com.br\/portal\/wp-content\/uploads\/2023\/11\/unnamed-9.png?w=626&amp;ssl=1 626w, https:\/\/i0.wp.com\/verdadeon.com.br\/portal\/wp-content\/uploads\/2023\/11\/unnamed-9.png?resize=300%2C160&amp;ssl=1 300w, https:\/\/i0.wp.com\/verdadeon.com.br\/portal\/wp-content\/uploads\/2023\/11\/unnamed-9.png?resize=260%2C138&amp;ssl=1 260w, https:\/\/i0.wp.com\/verdadeon.com.br\/portal\/wp-content\/uploads\/2023\/11\/unnamed-9.png?resize=50%2C27&amp;ssl=1 50w, https:\/\/i0.wp.com\/verdadeon.com.br\/portal\/wp-content\/uploads\/2023\/11\/unnamed-9.png?resize=141%2C75&amp;ssl=1 141w\" sizes=\"auto, (max-width: 857px) 100vw, 857px\" \/><\/p>\n","protected":false},"excerpt":{"rendered":"<p>Dados de outubro, da CCEE, indicam calor e uso maior de ventiladores e ar-condicionado como fatores principais para maior demanda de energia el\u00e9trica O consumo de<span class=\"excerpt-hellip\"> [\u2026]<\/span><\/p>\n","protected":false},"author":10,"featured_media":31741,"comment_status":"open","ping_status":"open","sticky":false,"template":"","format":"standard","meta":{"_jetpack_memberships_contains_paid_content":false,"footnotes":"","jetpack_publicize_message":"","jetpack_publicize_feature_enabled":true,"jetpack_social_post_already_shared":false,"jetpack_social_options":{"image_generator_settings":{"template":"highway","default_image_id":0,"enabled":false},"version":2}},"categories":[28,81],"tags":[],"class_list":["post-39322","post","type-post","status-publish","format-standard","has-post-thumbnail","hentry","category-cotidiano","category-manchete"],"yoast_head":"<!-- This site is optimized with the Yoast SEO plugin v25.6 - https:\/\/yoast.com\/wordpress\/plugins\/seo\/ -->\n<title>Consumo de energia el\u00e9trica sobe pelo 6\u00ba m\u00eas consecutivo no Brasil - VerdadeOn<\/title>\n<meta name=\"robots\" content=\"index, follow, max-snippet:-1, max-image-preview:large, max-video-preview:-1\" \/>\n<link rel=\"canonical\" href=\"https:\/\/verdadeon.com.br\/portal\/2023\/11\/22\/consumo-de-energia-eletrica-sobe-pelo-6o-mes-consecutivo-no-brasil\/\" \/>\n<meta property=\"og:locale\" content=\"pt_BR\" \/>\n<meta property=\"og:type\" content=\"article\" \/>\n<meta property=\"og:title\" content=\"Consumo de energia el\u00e9trica sobe pelo 6\u00ba m\u00eas consecutivo no Brasil - VerdadeOn\" \/>\n<meta property=\"og:description\" content=\"Dados de outubro, da CCEE, indicam calor e uso maior de ventiladores e ar-condicionado como fatores principais para maior demanda de energia el\u00e9trica O consumo de [\u2026]\" \/>\n<meta property=\"og:url\" content=\"https:\/\/verdadeon.com.br\/portal\/2023\/11\/22\/consumo-de-energia-eletrica-sobe-pelo-6o-mes-consecutivo-no-brasil\/\" \/>\n<meta property=\"og:site_name\" content=\"VerdadeOn\" \/>\n<meta property=\"article:published_time\" content=\"2023-11-22T17:36:12+00:00\" \/>\n<meta property=\"og:image\" content=\"https:\/\/verdadeon.com.br\/portal\/wp-content\/uploads\/2023\/02\/energia_eletrica_interruptor_de_luz_energia070720211247.jpg\" \/>\n\t<meta property=\"og:image:width\" content=\"1000\" \/>\n\t<meta property=\"og:image:height\" content=\"670\" \/>\n\t<meta property=\"og:image:type\" content=\"image\/jpeg\" \/>\n<meta name=\"author\" content=\"Redacao VerdadeOn\" \/>\n<meta name=\"twitter:card\" content=\"summary_large_image\" \/>\n<meta name=\"twitter:label1\" content=\"Escrito por\" \/>\n\t<meta name=\"twitter:data1\" content=\"Redacao VerdadeOn\" \/>\n\t<meta name=\"twitter:label2\" content=\"Est. tempo de leitura\" \/>\n\t<meta name=\"twitter:data2\" content=\"3 minutos\" \/>\n<script type=\"application\/ld+json\" class=\"yoast-schema-graph\">{\"@context\":\"https:\/\/schema.org\",\"@graph\":[{\"@type\":\"WebPage\",\"@id\":\"https:\/\/verdadeon.com.br\/portal\/2023\/11\/22\/consumo-de-energia-eletrica-sobe-pelo-6o-mes-consecutivo-no-brasil\/\",\"url\":\"https:\/\/verdadeon.com.br\/portal\/2023\/11\/22\/consumo-de-energia-eletrica-sobe-pelo-6o-mes-consecutivo-no-brasil\/\",\"name\":\"Consumo de energia el\u00e9trica sobe pelo 6\u00ba m\u00eas consecutivo no Brasil - VerdadeOn\",\"isPartOf\":{\"@id\":\"https:\/\/verdadeon.com.br\/portal\/#website\"},\"primaryImageOfPage\":{\"@id\":\"https:\/\/verdadeon.com.br\/portal\/2023\/11\/22\/consumo-de-energia-eletrica-sobe-pelo-6o-mes-consecutivo-no-brasil\/#primaryimage\"},\"image\":{\"@id\":\"https:\/\/verdadeon.com.br\/portal\/2023\/11\/22\/consumo-de-energia-eletrica-sobe-pelo-6o-mes-consecutivo-no-brasil\/#primaryimage\"},\"thumbnailUrl\":\"https:\/\/i0.wp.com\/verdadeon.com.br\/portal\/wp-content\/uploads\/2023\/02\/energia_eletrica_interruptor_de_luz_energia070720211247.jpg?fit=1000%2C670&ssl=1\",\"datePublished\":\"2023-11-22T17:36:12+00:00\",\"author\":{\"@id\":\"https:\/\/verdadeon.com.br\/portal\/#\/schema\/person\/a5060ad1e9ea3df545188fc93ce43d2f\"},\"breadcrumb\":{\"@id\":\"https:\/\/verdadeon.com.br\/portal\/2023\/11\/22\/consumo-de-energia-eletrica-sobe-pelo-6o-mes-consecutivo-no-brasil\/#breadcrumb\"},\"inLanguage\":\"pt-BR\",\"potentialAction\":[{\"@type\":\"ReadAction\",\"target\":[\"https:\/\/verdadeon.com.br\/portal\/2023\/11\/22\/consumo-de-energia-eletrica-sobe-pelo-6o-mes-consecutivo-no-brasil\/\"]}]},{\"@type\":\"ImageObject\",\"inLanguage\":\"pt-BR\",\"@id\":\"https:\/\/verdadeon.com.br\/portal\/2023\/11\/22\/consumo-de-energia-eletrica-sobe-pelo-6o-mes-consecutivo-no-brasil\/#primaryimage\",\"url\":\"https:\/\/i0.wp.com\/verdadeon.com.br\/portal\/wp-content\/uploads\/2023\/02\/energia_eletrica_interruptor_de_luz_energia070720211247.jpg?fit=1000%2C670&ssl=1\",\"contentUrl\":\"https:\/\/i0.wp.com\/verdadeon.com.br\/portal\/wp-content\/uploads\/2023\/02\/energia_eletrica_interruptor_de_luz_energia070720211247.jpg?fit=1000%2C670&ssl=1\",\"width\":1000,\"height\":670,\"caption\":\"Volume de demanda de energia el\u00e9trica foi 6,2% maior na compara\u00e7\u00e3o com o mesmo per\u00edodo do ano passado\"},{\"@type\":\"BreadcrumbList\",\"@id\":\"https:\/\/verdadeon.com.br\/portal\/2023\/11\/22\/consumo-de-energia-eletrica-sobe-pelo-6o-mes-consecutivo-no-brasil\/#breadcrumb\",\"itemListElement\":[{\"@type\":\"ListItem\",\"position\":1,\"name\":\"In\u00edcio\",\"item\":\"https:\/\/verdadeon.com.br\/portal\/\"},{\"@type\":\"ListItem\",\"position\":2,\"name\":\"Consumo de energia el\u00e9trica sobe pelo 6\u00ba m\u00eas consecutivo no Brasil\"}]},{\"@type\":\"WebSite\",\"@id\":\"https:\/\/verdadeon.com.br\/portal\/#website\",\"url\":\"https:\/\/verdadeon.com.br\/portal\/\",\"name\":\"VerdadeOn\",\"description\":\"Not\u00edcias di\u00e1rias sobre Franca, Regi\u00e3o, Esporte, Cultura, Cotidiano, Colunas. Cobertura nos principais eventos da cidade \u00e9 aqui - Verdadeon Franca\",\"potentialAction\":[{\"@type\":\"SearchAction\",\"target\":{\"@type\":\"EntryPoint\",\"urlTemplate\":\"https:\/\/verdadeon.com.br\/portal\/?s={search_term_string}\"},\"query-input\":{\"@type\":\"PropertyValueSpecification\",\"valueRequired\":true,\"valueName\":\"search_term_string\"}}],\"inLanguage\":\"pt-BR\"},{\"@type\":\"Person\",\"@id\":\"https:\/\/verdadeon.com.br\/portal\/#\/schema\/person\/a5060ad1e9ea3df545188fc93ce43d2f\",\"name\":\"Redacao VerdadeOn\",\"image\":{\"@type\":\"ImageObject\",\"inLanguage\":\"pt-BR\",\"@id\":\"https:\/\/verdadeon.com.br\/portal\/#\/schema\/person\/image\/\",\"url\":\"https:\/\/secure.gravatar.com\/avatar\/459a9613caaaf07f582c3d0841eea68bdd66f533e465e6ba8b9cb45619572cf4?s=96&d=mm&r=g\",\"contentUrl\":\"https:\/\/secure.gravatar.com\/avatar\/459a9613caaaf07f582c3d0841eea68bdd66f533e465e6ba8b9cb45619572cf4?s=96&d=mm&r=g\",\"caption\":\"Redacao VerdadeOn\"},\"url\":\"https:\/\/verdadeon.com.br\/portal\/author\/redacao\/\"}]}<\/script>\n<!-- \/ Yoast SEO plugin. -->","yoast_head_json":{"title":"Consumo de energia el\u00e9trica sobe pelo 6\u00ba m\u00eas consecutivo no Brasil - VerdadeOn","robots":{"index":"index","follow":"follow","max-snippet":"max-snippet:-1","max-image-preview":"max-image-preview:large","max-video-preview":"max-video-preview:-1"},"canonical":"https:\/\/verdadeon.com.br\/portal\/2023\/11\/22\/consumo-de-energia-eletrica-sobe-pelo-6o-mes-consecutivo-no-brasil\/","og_locale":"pt_BR","og_type":"article","og_title":"Consumo de energia el\u00e9trica sobe pelo 6\u00ba m\u00eas consecutivo no Brasil - VerdadeOn","og_description":"Dados de outubro, da CCEE, indicam calor e uso maior de ventiladores e ar-condicionado como fatores principais para maior demanda de energia el\u00e9trica O consumo de [\u2026]","og_url":"https:\/\/verdadeon.com.br\/portal\/2023\/11\/22\/consumo-de-energia-eletrica-sobe-pelo-6o-mes-consecutivo-no-brasil\/","og_site_name":"VerdadeOn","article_published_time":"2023-11-22T17:36:12+00:00","og_image":[{"width":1000,"height":670,"url":"https:\/\/verdadeon.com.br\/portal\/wp-content\/uploads\/2023\/02\/energia_eletrica_interruptor_de_luz_energia070720211247.jpg","type":"image\/jpeg"}],"author":"Redacao VerdadeOn","twitter_card":"summary_large_image","twitter_misc":{"Escrito por":"Redacao VerdadeOn","Est. tempo de leitura":"3 minutos"},"schema":{"@context":"https:\/\/schema.org","@graph":[{"@type":"WebPage","@id":"https:\/\/verdadeon.com.br\/portal\/2023\/11\/22\/consumo-de-energia-eletrica-sobe-pelo-6o-mes-consecutivo-no-brasil\/","url":"https:\/\/verdadeon.com.br\/portal\/2023\/11\/22\/consumo-de-energia-eletrica-sobe-pelo-6o-mes-consecutivo-no-brasil\/","name":"Consumo de energia el\u00e9trica sobe pelo 6\u00ba m\u00eas consecutivo no Brasil - VerdadeOn","isPartOf":{"@id":"https:\/\/verdadeon.com.br\/portal\/#website"},"primaryImageOfPage":{"@id":"https:\/\/verdadeon.com.br\/portal\/2023\/11\/22\/consumo-de-energia-eletrica-sobe-pelo-6o-mes-consecutivo-no-brasil\/#primaryimage"},"image":{"@id":"https:\/\/verdadeon.com.br\/portal\/2023\/11\/22\/consumo-de-energia-eletrica-sobe-pelo-6o-mes-consecutivo-no-brasil\/#primaryimage"},"thumbnailUrl":"https:\/\/i0.wp.com\/verdadeon.com.br\/portal\/wp-content\/uploads\/2023\/02\/energia_eletrica_interruptor_de_luz_energia070720211247.jpg?fit=1000%2C670&ssl=1","datePublished":"2023-11-22T17:36:12+00:00","author":{"@id":"https:\/\/verdadeon.com.br\/portal\/#\/schema\/person\/a5060ad1e9ea3df545188fc93ce43d2f"},"breadcrumb":{"@id":"https:\/\/verdadeon.com.br\/portal\/2023\/11\/22\/consumo-de-energia-eletrica-sobe-pelo-6o-mes-consecutivo-no-brasil\/#breadcrumb"},"inLanguage":"pt-BR","potentialAction":[{"@type":"ReadAction","target":["https:\/\/verdadeon.com.br\/portal\/2023\/11\/22\/consumo-de-energia-eletrica-sobe-pelo-6o-mes-consecutivo-no-brasil\/"]}]},{"@type":"ImageObject","inLanguage":"pt-BR","@id":"https:\/\/verdadeon.com.br\/portal\/2023\/11\/22\/consumo-de-energia-eletrica-sobe-pelo-6o-mes-consecutivo-no-brasil\/#primaryimage","url":"https:\/\/i0.wp.com\/verdadeon.com.br\/portal\/wp-content\/uploads\/2023\/02\/energia_eletrica_interruptor_de_luz_energia070720211247.jpg?fit=1000%2C670&ssl=1","contentUrl":"https:\/\/i0.wp.com\/verdadeon.com.br\/portal\/wp-content\/uploads\/2023\/02\/energia_eletrica_interruptor_de_luz_energia070720211247.jpg?fit=1000%2C670&ssl=1","width":1000,"height":670,"caption":"Volume de demanda de energia el\u00e9trica foi 6,2% maior na compara\u00e7\u00e3o com o mesmo per\u00edodo do ano passado"},{"@type":"BreadcrumbList","@id":"https:\/\/verdadeon.com.br\/portal\/2023\/11\/22\/consumo-de-energia-eletrica-sobe-pelo-6o-mes-consecutivo-no-brasil\/#breadcrumb","itemListElement":[{"@type":"ListItem","position":1,"name":"In\u00edcio","item":"https:\/\/verdadeon.com.br\/portal\/"},{"@type":"ListItem","position":2,"name":"Consumo de energia el\u00e9trica sobe pelo 6\u00ba m\u00eas consecutivo no Brasil"}]},{"@type":"WebSite","@id":"https:\/\/verdadeon.com.br\/portal\/#website","url":"https:\/\/verdadeon.com.br\/portal\/","name":"VerdadeOn","description":"Not\u00edcias di\u00e1rias sobre Franca, Regi\u00e3o, Esporte, Cultura, Cotidiano, Colunas. Cobertura nos principais eventos da cidade \u00e9 aqui - Verdadeon Franca","potentialAction":[{"@type":"SearchAction","target":{"@type":"EntryPoint","urlTemplate":"https:\/\/verdadeon.com.br\/portal\/?s={search_term_string}"},"query-input":{"@type":"PropertyValueSpecification","valueRequired":true,"valueName":"search_term_string"}}],"inLanguage":"pt-BR"},{"@type":"Person","@id":"https:\/\/verdadeon.com.br\/portal\/#\/schema\/person\/a5060ad1e9ea3df545188fc93ce43d2f","name":"Redacao VerdadeOn","image":{"@type":"ImageObject","inLanguage":"pt-BR","@id":"https:\/\/verdadeon.com.br\/portal\/#\/schema\/person\/image\/","url":"https:\/\/secure.gravatar.com\/avatar\/459a9613caaaf07f582c3d0841eea68bdd66f533e465e6ba8b9cb45619572cf4?s=96&d=mm&r=g","contentUrl":"https:\/\/secure.gravatar.com\/avatar\/459a9613caaaf07f582c3d0841eea68bdd66f533e465e6ba8b9cb45619572cf4?s=96&d=mm&r=g","caption":"Redacao VerdadeOn"},"url":"https:\/\/verdadeon.com.br\/portal\/author\/redacao\/"}]}},"jetpack_publicize_connections":[],"jetpack_featured_media_url":"https:\/\/i0.wp.com\/verdadeon.com.br\/portal\/wp-content\/uploads\/2023\/02\/energia_eletrica_interruptor_de_luz_energia070720211247.jpg?fit=1000%2C670&ssl=1","jetpack_sharing_enabled":true,"_links":{"self":[{"href":"https:\/\/verdadeon.com.br\/portal\/wp-json\/wp\/v2\/posts\/39322","targetHints":{"allow":["GET"]}}],"collection":[{"href":"https:\/\/verdadeon.com.br\/portal\/wp-json\/wp\/v2\/posts"}],"about":[{"href":"https:\/\/verdadeon.com.br\/portal\/wp-json\/wp\/v2\/types\/post"}],"author":[{"embeddable":true,"href":"https:\/\/verdadeon.com.br\/portal\/wp-json\/wp\/v2\/users\/10"}],"replies":[{"embeddable":true,"href":"https:\/\/verdadeon.com.br\/portal\/wp-json\/wp\/v2\/comments?post=39322"}],"version-history":[{"count":1,"href":"https:\/\/verdadeon.com.br\/portal\/wp-json\/wp\/v2\/posts\/39322\/revisions"}],"predecessor-version":[{"id":39327,"href":"https:\/\/verdadeon.com.br\/portal\/wp-json\/wp\/v2\/posts\/39322\/revisions\/39327"}],"wp:featuredmedia":[{"embeddable":true,"href":"https:\/\/verdadeon.com.br\/portal\/wp-json\/wp\/v2\/media\/31741"}],"wp:attachment":[{"href":"https:\/\/verdadeon.com.br\/portal\/wp-json\/wp\/v2\/media?parent=39322"}],"wp:term":[{"taxonomy":"category","embeddable":true,"href":"https:\/\/verdadeon.com.br\/portal\/wp-json\/wp\/v2\/categories?post=39322"},{"taxonomy":"post_tag","embeddable":true,"href":"https:\/\/verdadeon.com.br\/portal\/wp-json\/wp\/v2\/tags?post=39322"}],"curies":[{"name":"wp","href":"https:\/\/api.w.org\/{rel}","templated":true}]}}