{"id":3916,"date":"2020-02-20T15:30:24","date_gmt":"2020-02-20T18:30:24","guid":{"rendered":"http:\/\/verdadeon.com.br\/portal\/?p=3916"},"modified":"2020-02-20T14:40:39","modified_gmt":"2020-02-20T17:40:39","slug":"neurologista-do-grupo-sao-francisco-alerta-sobre-desafios-da-internet","status":"publish","type":"post","link":"https:\/\/verdadeon.com.br\/portal\/2020\/02\/20\/neurologista-do-grupo-sao-francisco-alerta-sobre-desafios-da-internet\/","title":{"rendered":"Neurologista do Grupo S\u00e3o Francisco alerta sobre desafios da internet"},"content":{"rendered":"<h2>Tais desafios podem causar ferimentos graves e levar crian\u00e7as e adolescentes \u00e0 morte<\/h2>\n<p>Recentemente alguns v\u00eddeos viralizaram na internet como \u201cbrincadeiras inofensivas\u201d, causando uma aten\u00e7\u00e3o especial dos pais, devido aos riscos que isso poderia trazer \u00e0s crian\u00e7as e adolescentes, de les\u00f5es \u00e0 morte.<\/p>\n<p>A pr\u00e1tica, conhecida como \u2018desafio da rasteira\u2019, consiste em tr\u00eas pessoas, uma ao lado da outra, em que o do meio pula e quando retorna ao ch\u00e3o, os outros dois lhe d\u00e3o uma rasteira. J\u00e1 na \u2018roleta humana\u2019 &#8211; que tamb\u00e9m envolve tr\u00eas pessoas -, duas giram o corpo da terceira como se fosse uma roleta.<\/p>\n<p>Em novembro de 2019, em Mossor\u00f3 (RN), uma adolescente de 16 anos morreu ao sofrer traumatismo craniano, ap\u00f3s fazer o desafio da \u2018roleta humana\u2019.<\/p>\n<p>Segundo o neurocirurgi\u00e3o do Grupo S\u00e3o Francisco (antigo Hospital Regional), Rodrigo Costa, estes desafios de internet exp\u00f5em as crian\u00e7as e adolescentes a s\u00e9rios riscos. &#8220;O que parece ser uma brincadeira inofensiva, \u00e9 grav\u00edssimo e pode terminar em \u00f3bito. S\u00e3o brincadeiras que n\u00e3o fazem o menor sentido, pois envolvem um risco muito elevado com consequ\u00eancias potencialmente graves&#8221;, comenta.<\/p>\n<p>Nos dois casos citados, a queda inesperada e brutal do menor &#8211; onde um dos participantes bate a cabe\u00e7a diretamente no ch\u00e3o, antes que possa estender os bra\u00e7os para se defender &#8211; pode provocar desde um ferimento, a uma concuss\u00e3o cerebral (perda de consci\u00eancia pelo trauma), trauma de cr\u00e2nio grave e sangramentos, o que podem trazer sequelas ou levar \u00e0 morte. &#8220;Estas sequelas podem ser um coma irrevers\u00edvel, a perda de movimentos, d\u00e9ficits cognitivos ou tamb\u00e9m uma les\u00e3o grave da coluna cervical, como a tetraplegia&#8221;, concluiu o neurocirurgi\u00e3o.<\/p>\n<p>&nbsp;<\/p>\n","protected":false},"excerpt":{"rendered":"<p>Tais desafios podem causar ferimentos graves e levar crian\u00e7as e adolescentes \u00e0 morte Recentemente alguns v\u00eddeos viralizaram na internet como \u201cbrincadeiras inofensivas\u201d, causando uma aten\u00e7\u00e3o especial<span class=\"excerpt-hellip\"> [\u2026]<\/span><\/p>\n","protected":false},"author":3,"featured_media":3918,"comment_status":"open","ping_status":"open","sticky":false,"template":"","format":"standard","meta":{"_jetpack_memberships_contains_paid_content":false,"footnotes":"","jetpack_publicize_message":"","jetpack_publicize_feature_enabled":true,"jetpack_social_post_already_shared":false,"jetpack_social_options":{"image_generator_settings":{"template":"highway","default_image_id":0,"enabled":false},"version":2}},"categories":[44,30],"tags":[102],"class_list":["post-3916","post","type-post","status-publish","format-standard","has-post-thumbnail","hentry","category-noticias","category-variedades","tag-saude"],"yoast_head":"<!-- This site is optimized with the Yoast SEO plugin v25.6 - https:\/\/yoast.com\/wordpress\/plugins\/seo\/ -->\n<title>Neurologista do Grupo S\u00e3o Francisco alerta sobre desafios da internet - VerdadeOn<\/title>\n<meta name=\"robots\" content=\"index, follow, max-snippet:-1, max-image-preview:large, max-video-preview:-1\" \/>\n<link rel=\"canonical\" href=\"https:\/\/verdadeon.com.br\/portal\/2020\/02\/20\/neurologista-do-grupo-sao-francisco-alerta-sobre-desafios-da-internet\/\" \/>\n<meta property=\"og:locale\" content=\"pt_BR\" \/>\n<meta property=\"og:type\" content=\"article\" \/>\n<meta property=\"og:title\" content=\"Neurologista do Grupo S\u00e3o Francisco alerta sobre desafios da internet - VerdadeOn\" \/>\n<meta property=\"og:description\" content=\"Tais desafios podem causar ferimentos graves e levar crian\u00e7as e adolescentes \u00e0 morte Recentemente alguns v\u00eddeos viralizaram na internet como \u201cbrincadeiras inofensivas\u201d, causando uma aten\u00e7\u00e3o especial [\u2026]\" \/>\n<meta property=\"og:url\" content=\"https:\/\/verdadeon.com.br\/portal\/2020\/02\/20\/neurologista-do-grupo-sao-francisco-alerta-sobre-desafios-da-internet\/\" \/>\n<meta property=\"og:site_name\" content=\"VerdadeOn\" \/>\n<meta property=\"article:published_time\" content=\"2020-02-20T18:30:24+00:00\" \/>\n<meta property=\"og:image\" content=\"https:\/\/verdadeon.com.br\/portal\/wp-content\/uploads\/2020\/02\/WhatsApp-Image-2020-02-20-at-13.27.44-1-scaled.jpeg\" \/>\n\t<meta property=\"og:image:width\" content=\"1000\" \/>\n\t<meta property=\"og:image:height\" content=\"667\" \/>\n\t<meta property=\"og:image:type\" content=\"image\/jpeg\" \/>\n<meta name=\"author\" content=\"Admin\" \/>\n<meta name=\"twitter:card\" content=\"summary_large_image\" \/>\n<meta name=\"twitter:label1\" content=\"Escrito por\" \/>\n\t<meta name=\"twitter:data1\" content=\"Admin\" \/>\n\t<meta name=\"twitter:label2\" content=\"Est. tempo de leitura\" \/>\n\t<meta name=\"twitter:data2\" content=\"1 minuto\" \/>\n<script type=\"application\/ld+json\" class=\"yoast-schema-graph\">{\"@context\":\"https:\/\/schema.org\",\"@graph\":[{\"@type\":\"WebPage\",\"@id\":\"https:\/\/verdadeon.com.br\/portal\/2020\/02\/20\/neurologista-do-grupo-sao-francisco-alerta-sobre-desafios-da-internet\/\",\"url\":\"https:\/\/verdadeon.com.br\/portal\/2020\/02\/20\/neurologista-do-grupo-sao-francisco-alerta-sobre-desafios-da-internet\/\",\"name\":\"Neurologista do Grupo S\u00e3o Francisco alerta sobre desafios da internet - VerdadeOn\",\"isPartOf\":{\"@id\":\"https:\/\/verdadeon.com.br\/portal\/#website\"},\"primaryImageOfPage\":{\"@id\":\"https:\/\/verdadeon.com.br\/portal\/2020\/02\/20\/neurologista-do-grupo-sao-francisco-alerta-sobre-desafios-da-internet\/#primaryimage\"},\"image\":{\"@id\":\"https:\/\/verdadeon.com.br\/portal\/2020\/02\/20\/neurologista-do-grupo-sao-francisco-alerta-sobre-desafios-da-internet\/#primaryimage\"},\"thumbnailUrl\":\"https:\/\/i0.wp.com\/verdadeon.com.br\/portal\/wp-content\/uploads\/2020\/02\/WhatsApp-Image-2020-02-20-at-13.27.44-1-scaled.jpeg?fit=1000%2C667&ssl=1\",\"datePublished\":\"2020-02-20T18:30:24+00:00\",\"author\":{\"@id\":\"https:\/\/verdadeon.com.br\/portal\/#\/schema\/person\/31b3f1eb559e4ce9d3c1dc1f2268a70c\"},\"breadcrumb\":{\"@id\":\"https:\/\/verdadeon.com.br\/portal\/2020\/02\/20\/neurologista-do-grupo-sao-francisco-alerta-sobre-desafios-da-internet\/#breadcrumb\"},\"inLanguage\":\"pt-BR\",\"potentialAction\":[{\"@type\":\"ReadAction\",\"target\":[\"https:\/\/verdadeon.com.br\/portal\/2020\/02\/20\/neurologista-do-grupo-sao-francisco-alerta-sobre-desafios-da-internet\/\"]}]},{\"@type\":\"ImageObject\",\"inLanguage\":\"pt-BR\",\"@id\":\"https:\/\/verdadeon.com.br\/portal\/2020\/02\/20\/neurologista-do-grupo-sao-francisco-alerta-sobre-desafios-da-internet\/#primaryimage\",\"url\":\"https:\/\/i0.wp.com\/verdadeon.com.br\/portal\/wp-content\/uploads\/2020\/02\/WhatsApp-Image-2020-02-20-at-13.27.44-1-scaled.jpeg?fit=1000%2C667&ssl=1\",\"contentUrl\":\"https:\/\/i0.wp.com\/verdadeon.com.br\/portal\/wp-content\/uploads\/2020\/02\/WhatsApp-Image-2020-02-20-at-13.27.44-1-scaled.jpeg?fit=1000%2C667&ssl=1\",\"width\":1000,\"height\":667,\"caption\":\"Neurologista explicou os riscos das \u201cbrincadeiras\u201d que podem causar traumas na cabe\u00e7a e coluna cervical, com riscos de sequelas como tetraplegia | Foto: Reprod. Redes Sociais\"},{\"@type\":\"BreadcrumbList\",\"@id\":\"https:\/\/verdadeon.com.br\/portal\/2020\/02\/20\/neurologista-do-grupo-sao-francisco-alerta-sobre-desafios-da-internet\/#breadcrumb\",\"itemListElement\":[{\"@type\":\"ListItem\",\"position\":1,\"name\":\"In\u00edcio\",\"item\":\"https:\/\/verdadeon.com.br\/portal\/\"},{\"@type\":\"ListItem\",\"position\":2,\"name\":\"Neurologista do Grupo S\u00e3o Francisco alerta sobre desafios da internet\"}]},{\"@type\":\"WebSite\",\"@id\":\"https:\/\/verdadeon.com.br\/portal\/#website\",\"url\":\"https:\/\/verdadeon.com.br\/portal\/\",\"name\":\"VerdadeOn\",\"description\":\"Not\u00edcias di\u00e1rias sobre Franca, Regi\u00e3o, Esporte, Cultura, Cotidiano, Colunas. Cobertura nos principais eventos da cidade \u00e9 aqui - Verdadeon Franca\",\"potentialAction\":[{\"@type\":\"SearchAction\",\"target\":{\"@type\":\"EntryPoint\",\"urlTemplate\":\"https:\/\/verdadeon.com.br\/portal\/?s={search_term_string}\"},\"query-input\":{\"@type\":\"PropertyValueSpecification\",\"valueRequired\":true,\"valueName\":\"search_term_string\"}}],\"inLanguage\":\"pt-BR\"},{\"@type\":\"Person\",\"@id\":\"https:\/\/verdadeon.com.br\/portal\/#\/schema\/person\/31b3f1eb559e4ce9d3c1dc1f2268a70c\",\"name\":\"Admin\",\"image\":{\"@type\":\"ImageObject\",\"inLanguage\":\"pt-BR\",\"@id\":\"https:\/\/verdadeon.com.br\/portal\/#\/schema\/person\/image\/\",\"url\":\"https:\/\/secure.gravatar.com\/avatar\/e550a5b4dab3efe8ca3a8bf0fb981073a921f9a24159040707270602980dd8af?s=96&d=mm&r=g\",\"contentUrl\":\"https:\/\/secure.gravatar.com\/avatar\/e550a5b4dab3efe8ca3a8bf0fb981073a921f9a24159040707270602980dd8af?s=96&d=mm&r=g\",\"caption\":\"Admin\"},\"url\":\"https:\/\/verdadeon.com.br\/portal\/author\/admin\/\"}]}<\/script>\n<!-- \/ Yoast SEO plugin. -->","yoast_head_json":{"title":"Neurologista do Grupo S\u00e3o Francisco alerta sobre desafios da internet - VerdadeOn","robots":{"index":"index","follow":"follow","max-snippet":"max-snippet:-1","max-image-preview":"max-image-preview:large","max-video-preview":"max-video-preview:-1"},"canonical":"https:\/\/verdadeon.com.br\/portal\/2020\/02\/20\/neurologista-do-grupo-sao-francisco-alerta-sobre-desafios-da-internet\/","og_locale":"pt_BR","og_type":"article","og_title":"Neurologista do Grupo S\u00e3o Francisco alerta sobre desafios da internet - VerdadeOn","og_description":"Tais desafios podem causar ferimentos graves e levar crian\u00e7as e adolescentes \u00e0 morte Recentemente alguns v\u00eddeos viralizaram na internet como \u201cbrincadeiras inofensivas\u201d, causando uma aten\u00e7\u00e3o especial [\u2026]","og_url":"https:\/\/verdadeon.com.br\/portal\/2020\/02\/20\/neurologista-do-grupo-sao-francisco-alerta-sobre-desafios-da-internet\/","og_site_name":"VerdadeOn","article_published_time":"2020-02-20T18:30:24+00:00","og_image":[{"width":1000,"height":667,"url":"https:\/\/verdadeon.com.br\/portal\/wp-content\/uploads\/2020\/02\/WhatsApp-Image-2020-02-20-at-13.27.44-1-scaled.jpeg","type":"image\/jpeg"}],"author":"Admin","twitter_card":"summary_large_image","twitter_misc":{"Escrito por":"Admin","Est. tempo de leitura":"1 minuto"},"schema":{"@context":"https:\/\/schema.org","@graph":[{"@type":"WebPage","@id":"https:\/\/verdadeon.com.br\/portal\/2020\/02\/20\/neurologista-do-grupo-sao-francisco-alerta-sobre-desafios-da-internet\/","url":"https:\/\/verdadeon.com.br\/portal\/2020\/02\/20\/neurologista-do-grupo-sao-francisco-alerta-sobre-desafios-da-internet\/","name":"Neurologista do Grupo S\u00e3o Francisco alerta sobre desafios da internet - VerdadeOn","isPartOf":{"@id":"https:\/\/verdadeon.com.br\/portal\/#website"},"primaryImageOfPage":{"@id":"https:\/\/verdadeon.com.br\/portal\/2020\/02\/20\/neurologista-do-grupo-sao-francisco-alerta-sobre-desafios-da-internet\/#primaryimage"},"image":{"@id":"https:\/\/verdadeon.com.br\/portal\/2020\/02\/20\/neurologista-do-grupo-sao-francisco-alerta-sobre-desafios-da-internet\/#primaryimage"},"thumbnailUrl":"https:\/\/i0.wp.com\/verdadeon.com.br\/portal\/wp-content\/uploads\/2020\/02\/WhatsApp-Image-2020-02-20-at-13.27.44-1-scaled.jpeg?fit=1000%2C667&ssl=1","datePublished":"2020-02-20T18:30:24+00:00","author":{"@id":"https:\/\/verdadeon.com.br\/portal\/#\/schema\/person\/31b3f1eb559e4ce9d3c1dc1f2268a70c"},"breadcrumb":{"@id":"https:\/\/verdadeon.com.br\/portal\/2020\/02\/20\/neurologista-do-grupo-sao-francisco-alerta-sobre-desafios-da-internet\/#breadcrumb"},"inLanguage":"pt-BR","potentialAction":[{"@type":"ReadAction","target":["https:\/\/verdadeon.com.br\/portal\/2020\/02\/20\/neurologista-do-grupo-sao-francisco-alerta-sobre-desafios-da-internet\/"]}]},{"@type":"ImageObject","inLanguage":"pt-BR","@id":"https:\/\/verdadeon.com.br\/portal\/2020\/02\/20\/neurologista-do-grupo-sao-francisco-alerta-sobre-desafios-da-internet\/#primaryimage","url":"https:\/\/i0.wp.com\/verdadeon.com.br\/portal\/wp-content\/uploads\/2020\/02\/WhatsApp-Image-2020-02-20-at-13.27.44-1-scaled.jpeg?fit=1000%2C667&ssl=1","contentUrl":"https:\/\/i0.wp.com\/verdadeon.com.br\/portal\/wp-content\/uploads\/2020\/02\/WhatsApp-Image-2020-02-20-at-13.27.44-1-scaled.jpeg?fit=1000%2C667&ssl=1","width":1000,"height":667,"caption":"Neurologista explicou os riscos das \u201cbrincadeiras\u201d que podem causar traumas na cabe\u00e7a e coluna cervical, com riscos de sequelas como tetraplegia | Foto: Reprod. Redes Sociais"},{"@type":"BreadcrumbList","@id":"https:\/\/verdadeon.com.br\/portal\/2020\/02\/20\/neurologista-do-grupo-sao-francisco-alerta-sobre-desafios-da-internet\/#breadcrumb","itemListElement":[{"@type":"ListItem","position":1,"name":"In\u00edcio","item":"https:\/\/verdadeon.com.br\/portal\/"},{"@type":"ListItem","position":2,"name":"Neurologista do Grupo S\u00e3o Francisco alerta sobre desafios da internet"}]},{"@type":"WebSite","@id":"https:\/\/verdadeon.com.br\/portal\/#website","url":"https:\/\/verdadeon.com.br\/portal\/","name":"VerdadeOn","description":"Not\u00edcias di\u00e1rias sobre Franca, Regi\u00e3o, Esporte, Cultura, Cotidiano, Colunas. Cobertura nos principais eventos da cidade \u00e9 aqui - Verdadeon Franca","potentialAction":[{"@type":"SearchAction","target":{"@type":"EntryPoint","urlTemplate":"https:\/\/verdadeon.com.br\/portal\/?s={search_term_string}"},"query-input":{"@type":"PropertyValueSpecification","valueRequired":true,"valueName":"search_term_string"}}],"inLanguage":"pt-BR"},{"@type":"Person","@id":"https:\/\/verdadeon.com.br\/portal\/#\/schema\/person\/31b3f1eb559e4ce9d3c1dc1f2268a70c","name":"Admin","image":{"@type":"ImageObject","inLanguage":"pt-BR","@id":"https:\/\/verdadeon.com.br\/portal\/#\/schema\/person\/image\/","url":"https:\/\/secure.gravatar.com\/avatar\/e550a5b4dab3efe8ca3a8bf0fb981073a921f9a24159040707270602980dd8af?s=96&d=mm&r=g","contentUrl":"https:\/\/secure.gravatar.com\/avatar\/e550a5b4dab3efe8ca3a8bf0fb981073a921f9a24159040707270602980dd8af?s=96&d=mm&r=g","caption":"Admin"},"url":"https:\/\/verdadeon.com.br\/portal\/author\/admin\/"}]}},"jetpack_publicize_connections":[],"jetpack_featured_media_url":"https:\/\/i0.wp.com\/verdadeon.com.br\/portal\/wp-content\/uploads\/2020\/02\/WhatsApp-Image-2020-02-20-at-13.27.44-1-scaled.jpeg?fit=1000%2C667&ssl=1","jetpack_sharing_enabled":true,"_links":{"self":[{"href":"https:\/\/verdadeon.com.br\/portal\/wp-json\/wp\/v2\/posts\/3916","targetHints":{"allow":["GET"]}}],"collection":[{"href":"https:\/\/verdadeon.com.br\/portal\/wp-json\/wp\/v2\/posts"}],"about":[{"href":"https:\/\/verdadeon.com.br\/portal\/wp-json\/wp\/v2\/types\/post"}],"author":[{"embeddable":true,"href":"https:\/\/verdadeon.com.br\/portal\/wp-json\/wp\/v2\/users\/3"}],"replies":[{"embeddable":true,"href":"https:\/\/verdadeon.com.br\/portal\/wp-json\/wp\/v2\/comments?post=3916"}],"version-history":[{"count":0,"href":"https:\/\/verdadeon.com.br\/portal\/wp-json\/wp\/v2\/posts\/3916\/revisions"}],"wp:featuredmedia":[{"embeddable":true,"href":"https:\/\/verdadeon.com.br\/portal\/wp-json\/wp\/v2\/media\/3918"}],"wp:attachment":[{"href":"https:\/\/verdadeon.com.br\/portal\/wp-json\/wp\/v2\/media?parent=3916"}],"wp:term":[{"taxonomy":"category","embeddable":true,"href":"https:\/\/verdadeon.com.br\/portal\/wp-json\/wp\/v2\/categories?post=3916"},{"taxonomy":"post_tag","embeddable":true,"href":"https:\/\/verdadeon.com.br\/portal\/wp-json\/wp\/v2\/tags?post=3916"}],"curies":[{"name":"wp","href":"https:\/\/api.w.org\/{rel}","templated":true}]}}