{"id":3908,"date":"2020-02-20T14:27:08","date_gmt":"2020-02-20T17:27:08","guid":{"rendered":"http:\/\/verdadeon.com.br\/portal\/?p=3908"},"modified":"2020-02-20T17:49:35","modified_gmt":"2020-02-20T20:49:35","slug":"observatorio-social-de-franca-apresenta-nova-diretoria","status":"publish","type":"post","link":"https:\/\/verdadeon.com.br\/portal\/2020\/02\/20\/observatorio-social-de-franca-apresenta-nova-diretoria\/","title":{"rendered":"Observat\u00f3rio Social de Franca apresenta nova diretoria"},"content":{"rendered":"<h2>Dorival Mour\u00e3o Filho assume a presid\u00eancia<\/h2>\n<p>Foi empossada nesta quinta-feira (20), a nova diretoria do Observat\u00f3rio Social do Brasil (OSB) em Franca. Dorival Mour\u00e3o Filho assumiu a presid\u00eancia do Conselho de Administra\u00e7\u00e3o juntamente com o vice-presidente Wanderley Cintra; ambos foram aclamados durante a assembleia geral ocorrida na sede da OSB-Franca.<\/p>\n<p>Al\u00e9m deles, comp\u00f5em a diretoria, os seguintes membros: Jo\u00e3o Batista de Lima, vice-presidente para assuntos administrativos-financeiros; Lu\u00eds Aur\u00e9lio Prior, vice-presidente para assuntos institucionais e de alian\u00e7as e Alexandre Noronha de Oliveira, vice-presidente para assuntos de controle social.<\/p>\n<p>A posse contou com a presen\u00e7a dos membros do G6 (Grupo Pol\u00edtico e Econ\u00f4mico Suprapartid\u00e1rio) formado por seis institui\u00e7\u00f5es francanas e associados do OSB.<\/p>\n<p>Uma das linhas de frente do Observat\u00f3rio est\u00e1 principalmente na atua\u00e7\u00e3o junto as \u00e1reas de educa\u00e7\u00e3o fiscal, demonstrando a import\u00e2ncia social e econ\u00f4mica dos tributos e a necessidade do cidad\u00e3o em acompanhar a aplica\u00e7\u00e3o dos recursos p\u00fablicos gerados pelos impostos.<\/p>\n<p>&nbsp;<\/p>\n<p>&nbsp;<\/p>\n<p>&nbsp;<\/p>\n","protected":false},"excerpt":{"rendered":"<p>Dorival Mour\u00e3o Filho assume a presid\u00eancia Foi empossada nesta quinta-feira (20), a nova diretoria do Observat\u00f3rio Social do Brasil (OSB) em Franca. Dorival Mour\u00e3o Filho assumiu<span class=\"excerpt-hellip\"> [\u2026]<\/span><\/p>\n","protected":false},"author":3,"featured_media":3917,"comment_status":"open","ping_status":"open","sticky":false,"template":"","format":"standard","meta":{"_jetpack_memberships_contains_paid_content":false,"footnotes":"","jetpack_publicize_message":"","jetpack_publicize_feature_enabled":true,"jetpack_social_post_already_shared":false,"jetpack_social_options":{"image_generator_settings":{"template":"highway","default_image_id":0,"enabled":false},"version":2}},"categories":[28,44],"tags":[46],"class_list":["post-3908","post","type-post","status-publish","format-standard","has-post-thumbnail","hentry","category-cotidiano","category-noticias","tag-cotidiano"],"yoast_head":"<!-- This site is optimized with the Yoast SEO plugin v25.6 - https:\/\/yoast.com\/wordpress\/plugins\/seo\/ -->\n<title>Observat\u00f3rio Social de Franca apresenta nova diretoria - VerdadeOn<\/title>\n<meta name=\"robots\" content=\"index, follow, max-snippet:-1, max-image-preview:large, max-video-preview:-1\" \/>\n<link rel=\"canonical\" href=\"https:\/\/verdadeon.com.br\/portal\/2020\/02\/20\/observatorio-social-de-franca-apresenta-nova-diretoria\/\" \/>\n<meta property=\"og:locale\" content=\"pt_BR\" \/>\n<meta property=\"og:type\" content=\"article\" \/>\n<meta property=\"og:title\" content=\"Observat\u00f3rio Social de Franca apresenta nova diretoria - VerdadeOn\" \/>\n<meta property=\"og:description\" content=\"Dorival Mour\u00e3o Filho assume a presid\u00eancia Foi empossada nesta quinta-feira (20), a nova diretoria do Observat\u00f3rio Social do Brasil (OSB) em Franca. Dorival Mour\u00e3o Filho assumiu [\u2026]\" \/>\n<meta property=\"og:url\" content=\"https:\/\/verdadeon.com.br\/portal\/2020\/02\/20\/observatorio-social-de-franca-apresenta-nova-diretoria\/\" \/>\n<meta property=\"og:site_name\" content=\"VerdadeOn\" \/>\n<meta property=\"article:published_time\" content=\"2020-02-20T17:27:08+00:00\" \/>\n<meta property=\"article:modified_time\" content=\"2020-02-20T20:49:35+00:00\" \/>\n<meta property=\"og:image\" content=\"https:\/\/verdadeon.com.br\/portal\/wp-content\/uploads\/2020\/02\/WhatsApp-Image-2020-02-20-at-13.09.33-1-scaled.jpeg\" \/>\n\t<meta property=\"og:image:width\" content=\"1000\" \/>\n\t<meta property=\"og:image:height\" content=\"574\" \/>\n\t<meta property=\"og:image:type\" content=\"image\/jpeg\" \/>\n<meta name=\"author\" content=\"Admin\" \/>\n<meta name=\"twitter:card\" content=\"summary_large_image\" \/>\n<meta name=\"twitter:label1\" content=\"Escrito por\" \/>\n\t<meta name=\"twitter:data1\" content=\"Admin\" \/>\n\t<meta name=\"twitter:label2\" content=\"Est. tempo de leitura\" \/>\n\t<meta name=\"twitter:data2\" content=\"1 minuto\" \/>\n<script type=\"application\/ld+json\" class=\"yoast-schema-graph\">{\"@context\":\"https:\/\/schema.org\",\"@graph\":[{\"@type\":\"WebPage\",\"@id\":\"https:\/\/verdadeon.com.br\/portal\/2020\/02\/20\/observatorio-social-de-franca-apresenta-nova-diretoria\/\",\"url\":\"https:\/\/verdadeon.com.br\/portal\/2020\/02\/20\/observatorio-social-de-franca-apresenta-nova-diretoria\/\",\"name\":\"Observat\u00f3rio Social de Franca apresenta nova diretoria - VerdadeOn\",\"isPartOf\":{\"@id\":\"https:\/\/verdadeon.com.br\/portal\/#website\"},\"primaryImageOfPage\":{\"@id\":\"https:\/\/verdadeon.com.br\/portal\/2020\/02\/20\/observatorio-social-de-franca-apresenta-nova-diretoria\/#primaryimage\"},\"image\":{\"@id\":\"https:\/\/verdadeon.com.br\/portal\/2020\/02\/20\/observatorio-social-de-franca-apresenta-nova-diretoria\/#primaryimage\"},\"thumbnailUrl\":\"https:\/\/i0.wp.com\/verdadeon.com.br\/portal\/wp-content\/uploads\/2020\/02\/WhatsApp-Image-2020-02-20-at-13.09.33-1-scaled.jpeg?fit=1000%2C574&ssl=1\",\"datePublished\":\"2020-02-20T17:27:08+00:00\",\"dateModified\":\"2020-02-20T20:49:35+00:00\",\"author\":{\"@id\":\"https:\/\/verdadeon.com.br\/portal\/#\/schema\/person\/31b3f1eb559e4ce9d3c1dc1f2268a70c\"},\"breadcrumb\":{\"@id\":\"https:\/\/verdadeon.com.br\/portal\/2020\/02\/20\/observatorio-social-de-franca-apresenta-nova-diretoria\/#breadcrumb\"},\"inLanguage\":\"pt-BR\",\"potentialAction\":[{\"@type\":\"ReadAction\",\"target\":[\"https:\/\/verdadeon.com.br\/portal\/2020\/02\/20\/observatorio-social-de-franca-apresenta-nova-diretoria\/\"]}]},{\"@type\":\"ImageObject\",\"inLanguage\":\"pt-BR\",\"@id\":\"https:\/\/verdadeon.com.br\/portal\/2020\/02\/20\/observatorio-social-de-franca-apresenta-nova-diretoria\/#primaryimage\",\"url\":\"https:\/\/i0.wp.com\/verdadeon.com.br\/portal\/wp-content\/uploads\/2020\/02\/WhatsApp-Image-2020-02-20-at-13.09.33-1-scaled.jpeg?fit=1000%2C574&ssl=1\",\"contentUrl\":\"https:\/\/i0.wp.com\/verdadeon.com.br\/portal\/wp-content\/uploads\/2020\/02\/WhatsApp-Image-2020-02-20-at-13.09.33-1-scaled.jpeg?fit=1000%2C574&ssl=1\",\"width\":1000,\"height\":574,\"caption\":\"Neurologista explicou os riscos das \u201cbrincadeiras\u201d que podem causar traumas na cabe\u00e7a e coluna cervical, com riscos de sequelas como tetraplegia | Foto: Reprod. Redes Sociais\"},{\"@type\":\"BreadcrumbList\",\"@id\":\"https:\/\/verdadeon.com.br\/portal\/2020\/02\/20\/observatorio-social-de-franca-apresenta-nova-diretoria\/#breadcrumb\",\"itemListElement\":[{\"@type\":\"ListItem\",\"position\":1,\"name\":\"In\u00edcio\",\"item\":\"https:\/\/verdadeon.com.br\/portal\/\"},{\"@type\":\"ListItem\",\"position\":2,\"name\":\"Observat\u00f3rio Social de Franca apresenta nova diretoria\"}]},{\"@type\":\"WebSite\",\"@id\":\"https:\/\/verdadeon.com.br\/portal\/#website\",\"url\":\"https:\/\/verdadeon.com.br\/portal\/\",\"name\":\"VerdadeOn\",\"description\":\"Not\u00edcias di\u00e1rias sobre Franca, Regi\u00e3o, Esporte, Cultura, Cotidiano, Colunas. Cobertura nos principais eventos da cidade \u00e9 aqui - Verdadeon Franca\",\"potentialAction\":[{\"@type\":\"SearchAction\",\"target\":{\"@type\":\"EntryPoint\",\"urlTemplate\":\"https:\/\/verdadeon.com.br\/portal\/?s={search_term_string}\"},\"query-input\":{\"@type\":\"PropertyValueSpecification\",\"valueRequired\":true,\"valueName\":\"search_term_string\"}}],\"inLanguage\":\"pt-BR\"},{\"@type\":\"Person\",\"@id\":\"https:\/\/verdadeon.com.br\/portal\/#\/schema\/person\/31b3f1eb559e4ce9d3c1dc1f2268a70c\",\"name\":\"Admin\",\"image\":{\"@type\":\"ImageObject\",\"inLanguage\":\"pt-BR\",\"@id\":\"https:\/\/verdadeon.com.br\/portal\/#\/schema\/person\/image\/\",\"url\":\"https:\/\/secure.gravatar.com\/avatar\/e550a5b4dab3efe8ca3a8bf0fb981073a921f9a24159040707270602980dd8af?s=96&d=mm&r=g\",\"contentUrl\":\"https:\/\/secure.gravatar.com\/avatar\/e550a5b4dab3efe8ca3a8bf0fb981073a921f9a24159040707270602980dd8af?s=96&d=mm&r=g\",\"caption\":\"Admin\"},\"url\":\"https:\/\/verdadeon.com.br\/portal\/author\/admin\/\"}]}<\/script>\n<!-- \/ Yoast SEO plugin. -->","yoast_head_json":{"title":"Observat\u00f3rio Social de Franca apresenta nova diretoria - VerdadeOn","robots":{"index":"index","follow":"follow","max-snippet":"max-snippet:-1","max-image-preview":"max-image-preview:large","max-video-preview":"max-video-preview:-1"},"canonical":"https:\/\/verdadeon.com.br\/portal\/2020\/02\/20\/observatorio-social-de-franca-apresenta-nova-diretoria\/","og_locale":"pt_BR","og_type":"article","og_title":"Observat\u00f3rio Social de Franca apresenta nova diretoria - VerdadeOn","og_description":"Dorival Mour\u00e3o Filho assume a presid\u00eancia Foi empossada nesta quinta-feira (20), a nova diretoria do Observat\u00f3rio Social do Brasil (OSB) em Franca. Dorival Mour\u00e3o Filho assumiu [\u2026]","og_url":"https:\/\/verdadeon.com.br\/portal\/2020\/02\/20\/observatorio-social-de-franca-apresenta-nova-diretoria\/","og_site_name":"VerdadeOn","article_published_time":"2020-02-20T17:27:08+00:00","article_modified_time":"2020-02-20T20:49:35+00:00","og_image":[{"width":1000,"height":574,"url":"https:\/\/verdadeon.com.br\/portal\/wp-content\/uploads\/2020\/02\/WhatsApp-Image-2020-02-20-at-13.09.33-1-scaled.jpeg","type":"image\/jpeg"}],"author":"Admin","twitter_card":"summary_large_image","twitter_misc":{"Escrito por":"Admin","Est. tempo de leitura":"1 minuto"},"schema":{"@context":"https:\/\/schema.org","@graph":[{"@type":"WebPage","@id":"https:\/\/verdadeon.com.br\/portal\/2020\/02\/20\/observatorio-social-de-franca-apresenta-nova-diretoria\/","url":"https:\/\/verdadeon.com.br\/portal\/2020\/02\/20\/observatorio-social-de-franca-apresenta-nova-diretoria\/","name":"Observat\u00f3rio Social de Franca apresenta nova diretoria - VerdadeOn","isPartOf":{"@id":"https:\/\/verdadeon.com.br\/portal\/#website"},"primaryImageOfPage":{"@id":"https:\/\/verdadeon.com.br\/portal\/2020\/02\/20\/observatorio-social-de-franca-apresenta-nova-diretoria\/#primaryimage"},"image":{"@id":"https:\/\/verdadeon.com.br\/portal\/2020\/02\/20\/observatorio-social-de-franca-apresenta-nova-diretoria\/#primaryimage"},"thumbnailUrl":"https:\/\/i0.wp.com\/verdadeon.com.br\/portal\/wp-content\/uploads\/2020\/02\/WhatsApp-Image-2020-02-20-at-13.09.33-1-scaled.jpeg?fit=1000%2C574&ssl=1","datePublished":"2020-02-20T17:27:08+00:00","dateModified":"2020-02-20T20:49:35+00:00","author":{"@id":"https:\/\/verdadeon.com.br\/portal\/#\/schema\/person\/31b3f1eb559e4ce9d3c1dc1f2268a70c"},"breadcrumb":{"@id":"https:\/\/verdadeon.com.br\/portal\/2020\/02\/20\/observatorio-social-de-franca-apresenta-nova-diretoria\/#breadcrumb"},"inLanguage":"pt-BR","potentialAction":[{"@type":"ReadAction","target":["https:\/\/verdadeon.com.br\/portal\/2020\/02\/20\/observatorio-social-de-franca-apresenta-nova-diretoria\/"]}]},{"@type":"ImageObject","inLanguage":"pt-BR","@id":"https:\/\/verdadeon.com.br\/portal\/2020\/02\/20\/observatorio-social-de-franca-apresenta-nova-diretoria\/#primaryimage","url":"https:\/\/i0.wp.com\/verdadeon.com.br\/portal\/wp-content\/uploads\/2020\/02\/WhatsApp-Image-2020-02-20-at-13.09.33-1-scaled.jpeg?fit=1000%2C574&ssl=1","contentUrl":"https:\/\/i0.wp.com\/verdadeon.com.br\/portal\/wp-content\/uploads\/2020\/02\/WhatsApp-Image-2020-02-20-at-13.09.33-1-scaled.jpeg?fit=1000%2C574&ssl=1","width":1000,"height":574,"caption":"Neurologista explicou os riscos das \u201cbrincadeiras\u201d que podem causar traumas na cabe\u00e7a e coluna cervical, com riscos de sequelas como tetraplegia | Foto: Reprod. Redes Sociais"},{"@type":"BreadcrumbList","@id":"https:\/\/verdadeon.com.br\/portal\/2020\/02\/20\/observatorio-social-de-franca-apresenta-nova-diretoria\/#breadcrumb","itemListElement":[{"@type":"ListItem","position":1,"name":"In\u00edcio","item":"https:\/\/verdadeon.com.br\/portal\/"},{"@type":"ListItem","position":2,"name":"Observat\u00f3rio Social de Franca apresenta nova diretoria"}]},{"@type":"WebSite","@id":"https:\/\/verdadeon.com.br\/portal\/#website","url":"https:\/\/verdadeon.com.br\/portal\/","name":"VerdadeOn","description":"Not\u00edcias di\u00e1rias sobre Franca, Regi\u00e3o, Esporte, Cultura, Cotidiano, Colunas. Cobertura nos principais eventos da cidade \u00e9 aqui - Verdadeon Franca","potentialAction":[{"@type":"SearchAction","target":{"@type":"EntryPoint","urlTemplate":"https:\/\/verdadeon.com.br\/portal\/?s={search_term_string}"},"query-input":{"@type":"PropertyValueSpecification","valueRequired":true,"valueName":"search_term_string"}}],"inLanguage":"pt-BR"},{"@type":"Person","@id":"https:\/\/verdadeon.com.br\/portal\/#\/schema\/person\/31b3f1eb559e4ce9d3c1dc1f2268a70c","name":"Admin","image":{"@type":"ImageObject","inLanguage":"pt-BR","@id":"https:\/\/verdadeon.com.br\/portal\/#\/schema\/person\/image\/","url":"https:\/\/secure.gravatar.com\/avatar\/e550a5b4dab3efe8ca3a8bf0fb981073a921f9a24159040707270602980dd8af?s=96&d=mm&r=g","contentUrl":"https:\/\/secure.gravatar.com\/avatar\/e550a5b4dab3efe8ca3a8bf0fb981073a921f9a24159040707270602980dd8af?s=96&d=mm&r=g","caption":"Admin"},"url":"https:\/\/verdadeon.com.br\/portal\/author\/admin\/"}]}},"jetpack_publicize_connections":[],"jetpack_featured_media_url":"https:\/\/i0.wp.com\/verdadeon.com.br\/portal\/wp-content\/uploads\/2020\/02\/WhatsApp-Image-2020-02-20-at-13.09.33-1-scaled.jpeg?fit=1000%2C574&ssl=1","jetpack_sharing_enabled":true,"_links":{"self":[{"href":"https:\/\/verdadeon.com.br\/portal\/wp-json\/wp\/v2\/posts\/3908","targetHints":{"allow":["GET"]}}],"collection":[{"href":"https:\/\/verdadeon.com.br\/portal\/wp-json\/wp\/v2\/posts"}],"about":[{"href":"https:\/\/verdadeon.com.br\/portal\/wp-json\/wp\/v2\/types\/post"}],"author":[{"embeddable":true,"href":"https:\/\/verdadeon.com.br\/portal\/wp-json\/wp\/v2\/users\/3"}],"replies":[{"embeddable":true,"href":"https:\/\/verdadeon.com.br\/portal\/wp-json\/wp\/v2\/comments?post=3908"}],"version-history":[{"count":0,"href":"https:\/\/verdadeon.com.br\/portal\/wp-json\/wp\/v2\/posts\/3908\/revisions"}],"wp:featuredmedia":[{"embeddable":true,"href":"https:\/\/verdadeon.com.br\/portal\/wp-json\/wp\/v2\/media\/3917"}],"wp:attachment":[{"href":"https:\/\/verdadeon.com.br\/portal\/wp-json\/wp\/v2\/media?parent=3908"}],"wp:term":[{"taxonomy":"category","embeddable":true,"href":"https:\/\/verdadeon.com.br\/portal\/wp-json\/wp\/v2\/categories?post=3908"},{"taxonomy":"post_tag","embeddable":true,"href":"https:\/\/verdadeon.com.br\/portal\/wp-json\/wp\/v2\/tags?post=3908"}],"curies":[{"name":"wp","href":"https:\/\/api.w.org\/{rel}","templated":true}]}}