{"id":39000,"date":"2023-11-08T12:00:01","date_gmt":"2023-11-08T15:00:01","guid":{"rendered":"https:\/\/verdadeon.com.br\/portal\/?p=39000"},"modified":"2023-11-08T14:06:05","modified_gmt":"2023-11-08T17:06:05","slug":"ramon-menezes-inclui-john-kennedy-na-lista-da-selecao-pre-olimpica","status":"publish","type":"post","link":"https:\/\/verdadeon.com.br\/portal\/2023\/11\/08\/ramon-menezes-inclui-john-kennedy-na-lista-da-selecao-pre-olimpica\/","title":{"rendered":"Ramon Menezes inclui John Kennedy na lista da sele\u00e7\u00e3o pr\u00e9-ol\u00edmpica"},"content":{"rendered":"<div class=\"row\">\n<h2 class=\"col-10 offset-1 animated fadeInDown dealy-900 display-8 display-md-8 alt-font font-italic my-1 text-center\">Atacante do Fluminense foi decisivo na conquista da Libertadores<\/h2>\n<p>O atacante John Kennedy, do Fluminense, \u00e9 uma das novidades na lista de\u00a0<strong><a href=\"https:\/\/www.instagram.com\/p\/CzW5bcjvdew\/\">23 convocados da sele\u00e7\u00e3o brasileira pr\u00e9-ol\u00edmpica\u00a0<\/a><\/strong>anunciada nesta ter\u00e7a-feira (7) pelo t\u00e9cnico Ramon Menezes, para os \u00faltimos treinos antes do Torneio Pr\u00e9-Ol\u00edmpico em janeiro, na Venezuela. Kennedy, de 21 anos, marcou o gol da vit\u00f3ria do Fluminense sobre o Boca Juniors (2 a 1) que garantiu o t\u00edtulo in\u00e9dito da Libertadores.<img data-recalc-dims=\"1\" decoding=\"async\" src=\"https:\/\/i0.wp.com\/agenciabrasil.ebc.com.br\/ebc.png?w=1220&#038;ssl=1\" \/><img data-recalc-dims=\"1\" decoding=\"async\" src=\"https:\/\/i0.wp.com\/agenciabrasil.ebc.com.br\/ebc.gif?w=1220&#038;ssl=1\" \/><\/p>\n<p>Entre os selecionados tamb\u00e9m est\u00e3o oito atletas da sele\u00e7\u00e3o campe\u00e3 nos Jogos Pan-Americanos de Santiago (Chile), feito que n\u00e3o ocorria h\u00e1 36 anos. Conquistaram o ouro pan-americano os goleiros Mycael (Athletico-PR) e Andrew (Gil Vicente\/Portugal); \u00a0o lateral Patryck (S\u00e3o Paulo); os zagueiros Arthur Chaves (Acad\u00eamico de Viseu\/Portugal) e Michel (Palmeiras); o meio-campista Igor Jesus (Flamengo); e os atacantes Guilherme Biro (Corinthians) e Matheus Nascimento (Botafogo).<\/p>\n<p>A prepara\u00e7\u00e3o tem in\u00edcio na pr\u00f3xima segunda (13) e vai at\u00e9 21 de novembro no Centro de Treinamento (CT) Joaquim Grava (Corinthians). Bicampe\u00e3o nos Jogos de T\u00f3quio, o Brasil precisa chegar \u00e0 final do Pr\u00e9-Ol\u00edmpico para garantir presen\u00e7a em Paris 2024.<\/p>\n<p>Ao todo 10 sele\u00e7\u00f5es lutar\u00e3o pelas duas vagas no Pr\u00e9-Ol\u00edmpico na Venezuela, entre os dias 20 de janeiro e 11 de fevereiro de 2024. A competi\u00e7\u00e3o ocorrer\u00e1 na capital Caracas e tamb\u00e9m nas cidades de Valencia e Barquisimeto.<img loading=\"lazy\" decoding=\"async\" src=\"file:\/\/\/C:\/Users\/CLAUDI~1.ROD\/AppData\/Local\/Temp\/msohtmlclip1\/01\/clip_image002.gif\" width=\"1\" height=\"1\" \/><img loading=\"lazy\" decoding=\"async\" src=\"file:\/\/\/C:\/Users\/CLAUDI~1.ROD\/AppData\/Local\/Temp\/msohtmlclip1\/01\/clip_image002.gif\" width=\"1\" height=\"1\" \/>\u00a0O Brasil est\u00e1 o no Grupo A, junto com Venezuela, Col\u00f4mbia, Bol\u00edvia e Equador). Na outra chave est\u00e3o (Argentina, Chile, Paraguai, Peru e Uruguai).<\/p>\n<p><strong>Convocados<\/strong><\/p>\n<p><strong>Goleiros<\/strong><\/p>\n<p>Andrew &#8211; Gil Vicente (POR)<\/p>\n<p>Marcelo Pitaluga &#8211; Liverpool (ING)<\/p>\n<p>Mycael &#8211; Athletico<\/p>\n<p><strong>Laterais<\/strong><\/p>\n<p>Khellven &#8211; CSKA (RUS)<\/p>\n<p>Vinicius Tobias &#8211; Real Madrid (ESP)<\/p>\n<p>Patryck &#8211; S\u00e3o Paulo<\/p>\n<p>Vanderlan &#8211; Palmeiras<\/p>\n<p><strong>Zagueiros<\/strong><\/p>\n<p>Arthur Chaves &#8211; Acad\u00eamico de Viseu (POR)<\/p>\n<p>Robert Renan &#8211; Zenit (RUS)<\/p>\n<p>Lucas Beraldo &#8211; S\u00e3o Paulo<\/p>\n<p>Michel &#8211; Palmeiras<\/p>\n<p><strong>Meio-campistas<\/strong><\/p>\n<p>Aleksander &#8211; Fluminense<\/p>\n<p>Igor Jesus &#8211; Flamengo<\/p>\n<p>Andrey &#8211; \u00a0Nottingham Forest\u00a0(ING)<\/p>\n<p>Pablo Maia &#8211; S\u00e3o Paulo<\/p>\n<p>Luis Guilherme &#8211; Palmeiras<\/p>\n<p>Victor Hugo &#8211; Flamengo<\/p>\n<p><strong>Atacantes<\/strong><\/p>\n<p>Guilherme Biro &#8211; Corinthians<\/p>\n<p>John Kennedy &#8211; Fluminense<\/p>\n<p>Gabriel Pec &#8211; Vasco<\/p>\n<p>Marcos Leonardo &#8211; Santos<\/p>\n<p>S\u00e1vio &#8211; Girona<\/p>\n<p>Matheus Nascimento &#8211; Botafogo<\/p>\n<p>Fonte: Ag\u00eancia Brasil<\/p>\n<\/div>\n","protected":false},"excerpt":{"rendered":"<p>Atacante do Fluminense foi decisivo na conquista da Libertadores O atacante John Kennedy, do Fluminense, \u00e9 uma das novidades na lista de\u00a023 convocados da sele\u00e7\u00e3o brasileira<span class=\"excerpt-hellip\"> [\u2026]<\/span><\/p>\n","protected":false},"author":10,"featured_media":39001,"comment_status":"open","ping_status":"open","sticky":false,"template":"","format":"standard","meta":{"_jetpack_memberships_contains_paid_content":false,"footnotes":"","jetpack_publicize_message":"","jetpack_publicize_feature_enabled":true,"jetpack_social_post_already_shared":false,"jetpack_social_options":{"image_generator_settings":{"template":"highway","default_image_id":0,"enabled":false},"version":2}},"categories":[28,44],"tags":[],"class_list":["post-39000","post","type-post","status-publish","format-standard","has-post-thumbnail","hentry","category-cotidiano","category-noticias"],"yoast_head":"<!-- This site is optimized with the Yoast SEO plugin v25.6 - https:\/\/yoast.com\/wordpress\/plugins\/seo\/ -->\n<title>Ramon Menezes inclui John Kennedy na lista da sele\u00e7\u00e3o pr\u00e9-ol\u00edmpica - VerdadeOn<\/title>\n<meta name=\"robots\" content=\"index, follow, max-snippet:-1, max-image-preview:large, max-video-preview:-1\" \/>\n<link rel=\"canonical\" href=\"https:\/\/verdadeon.com.br\/portal\/2023\/11\/08\/ramon-menezes-inclui-john-kennedy-na-lista-da-selecao-pre-olimpica\/\" \/>\n<meta property=\"og:locale\" content=\"pt_BR\" \/>\n<meta property=\"og:type\" content=\"article\" \/>\n<meta property=\"og:title\" content=\"Ramon Menezes inclui John Kennedy na lista da sele\u00e7\u00e3o pr\u00e9-ol\u00edmpica - VerdadeOn\" \/>\n<meta property=\"og:description\" content=\"Atacante do Fluminense foi decisivo na conquista da Libertadores O atacante John Kennedy, do Fluminense, \u00e9 uma das novidades na lista de\u00a023 convocados da sele\u00e7\u00e3o brasileira [\u2026]\" \/>\n<meta property=\"og:url\" content=\"https:\/\/verdadeon.com.br\/portal\/2023\/11\/08\/ramon-menezes-inclui-john-kennedy-na-lista-da-selecao-pre-olimpica\/\" \/>\n<meta property=\"og:site_name\" content=\"VerdadeOn\" \/>\n<meta property=\"article:published_time\" content=\"2023-11-08T15:00:01+00:00\" \/>\n<meta property=\"article:modified_time\" content=\"2023-11-08T17:06:05+00:00\" \/>\n<meta property=\"og:image\" content=\"https:\/\/verdadeon.com.br\/portal\/wp-content\/uploads\/2023\/11\/AnyConv.com__ramon_selecao_pre_olimpica.jpeg\" \/>\n\t<meta property=\"og:image:width\" content=\"1044\" \/>\n\t<meta property=\"og:image:height\" content=\"700\" \/>\n\t<meta property=\"og:image:type\" content=\"image\/jpeg\" \/>\n<meta name=\"author\" content=\"Redacao VerdadeOn\" \/>\n<meta name=\"twitter:card\" content=\"summary_large_image\" \/>\n<meta name=\"twitter:label1\" content=\"Escrito por\" \/>\n\t<meta name=\"twitter:data1\" content=\"Redacao VerdadeOn\" \/>\n\t<meta name=\"twitter:label2\" content=\"Est. tempo de leitura\" \/>\n\t<meta name=\"twitter:data2\" content=\"3 minutos\" \/>\n<script type=\"application\/ld+json\" class=\"yoast-schema-graph\">{\"@context\":\"https:\/\/schema.org\",\"@graph\":[{\"@type\":\"WebPage\",\"@id\":\"https:\/\/verdadeon.com.br\/portal\/2023\/11\/08\/ramon-menezes-inclui-john-kennedy-na-lista-da-selecao-pre-olimpica\/\",\"url\":\"https:\/\/verdadeon.com.br\/portal\/2023\/11\/08\/ramon-menezes-inclui-john-kennedy-na-lista-da-selecao-pre-olimpica\/\",\"name\":\"Ramon Menezes inclui John Kennedy na lista da sele\u00e7\u00e3o pr\u00e9-ol\u00edmpica - VerdadeOn\",\"isPartOf\":{\"@id\":\"https:\/\/verdadeon.com.br\/portal\/#website\"},\"primaryImageOfPage\":{\"@id\":\"https:\/\/verdadeon.com.br\/portal\/2023\/11\/08\/ramon-menezes-inclui-john-kennedy-na-lista-da-selecao-pre-olimpica\/#primaryimage\"},\"image\":{\"@id\":\"https:\/\/verdadeon.com.br\/portal\/2023\/11\/08\/ramon-menezes-inclui-john-kennedy-na-lista-da-selecao-pre-olimpica\/#primaryimage\"},\"thumbnailUrl\":\"https:\/\/i0.wp.com\/verdadeon.com.br\/portal\/wp-content\/uploads\/2023\/11\/AnyConv.com__ramon_selecao_pre_olimpica.jpeg?fit=1044%2C700&ssl=1\",\"datePublished\":\"2023-11-08T15:00:01+00:00\",\"dateModified\":\"2023-11-08T17:06:05+00:00\",\"author\":{\"@id\":\"https:\/\/verdadeon.com.br\/portal\/#\/schema\/person\/a5060ad1e9ea3df545188fc93ce43d2f\"},\"breadcrumb\":{\"@id\":\"https:\/\/verdadeon.com.br\/portal\/2023\/11\/08\/ramon-menezes-inclui-john-kennedy-na-lista-da-selecao-pre-olimpica\/#breadcrumb\"},\"inLanguage\":\"pt-BR\",\"potentialAction\":[{\"@type\":\"ReadAction\",\"target\":[\"https:\/\/verdadeon.com.br\/portal\/2023\/11\/08\/ramon-menezes-inclui-john-kennedy-na-lista-da-selecao-pre-olimpica\/\"]}]},{\"@type\":\"ImageObject\",\"inLanguage\":\"pt-BR\",\"@id\":\"https:\/\/verdadeon.com.br\/portal\/2023\/11\/08\/ramon-menezes-inclui-john-kennedy-na-lista-da-selecao-pre-olimpica\/#primaryimage\",\"url\":\"https:\/\/i0.wp.com\/verdadeon.com.br\/portal\/wp-content\/uploads\/2023\/11\/AnyConv.com__ramon_selecao_pre_olimpica.jpeg?fit=1044%2C700&ssl=1\",\"contentUrl\":\"https:\/\/i0.wp.com\/verdadeon.com.br\/portal\/wp-content\/uploads\/2023\/11\/AnyConv.com__ramon_selecao_pre_olimpica.jpeg?fit=1044%2C700&ssl=1\",\"width\":1044,\"height\":700,\"caption\":\"Sele\u00e7\u00e3o Brasileira est\u00e1 na briga pela vaga no Torneio Pr\u00e9-Ol\u00edmpico na Venezuela (\u00a9Joilson Marconne\/CBF\/Direitos Reservados)\"},{\"@type\":\"BreadcrumbList\",\"@id\":\"https:\/\/verdadeon.com.br\/portal\/2023\/11\/08\/ramon-menezes-inclui-john-kennedy-na-lista-da-selecao-pre-olimpica\/#breadcrumb\",\"itemListElement\":[{\"@type\":\"ListItem\",\"position\":1,\"name\":\"In\u00edcio\",\"item\":\"https:\/\/verdadeon.com.br\/portal\/\"},{\"@type\":\"ListItem\",\"position\":2,\"name\":\"Ramon Menezes inclui John Kennedy na lista da sele\u00e7\u00e3o pr\u00e9-ol\u00edmpica\"}]},{\"@type\":\"WebSite\",\"@id\":\"https:\/\/verdadeon.com.br\/portal\/#website\",\"url\":\"https:\/\/verdadeon.com.br\/portal\/\",\"name\":\"VerdadeOn\",\"description\":\"Not\u00edcias di\u00e1rias sobre Franca, Regi\u00e3o, Esporte, Cultura, Cotidiano, Colunas. Cobertura nos principais eventos da cidade \u00e9 aqui - Verdadeon Franca\",\"potentialAction\":[{\"@type\":\"SearchAction\",\"target\":{\"@type\":\"EntryPoint\",\"urlTemplate\":\"https:\/\/verdadeon.com.br\/portal\/?s={search_term_string}\"},\"query-input\":{\"@type\":\"PropertyValueSpecification\",\"valueRequired\":true,\"valueName\":\"search_term_string\"}}],\"inLanguage\":\"pt-BR\"},{\"@type\":\"Person\",\"@id\":\"https:\/\/verdadeon.com.br\/portal\/#\/schema\/person\/a5060ad1e9ea3df545188fc93ce43d2f\",\"name\":\"Redacao VerdadeOn\",\"image\":{\"@type\":\"ImageObject\",\"inLanguage\":\"pt-BR\",\"@id\":\"https:\/\/verdadeon.com.br\/portal\/#\/schema\/person\/image\/\",\"url\":\"https:\/\/secure.gravatar.com\/avatar\/459a9613caaaf07f582c3d0841eea68bdd66f533e465e6ba8b9cb45619572cf4?s=96&d=mm&r=g\",\"contentUrl\":\"https:\/\/secure.gravatar.com\/avatar\/459a9613caaaf07f582c3d0841eea68bdd66f533e465e6ba8b9cb45619572cf4?s=96&d=mm&r=g\",\"caption\":\"Redacao VerdadeOn\"},\"url\":\"https:\/\/verdadeon.com.br\/portal\/author\/redacao\/\"}]}<\/script>\n<!-- \/ Yoast SEO plugin. -->","yoast_head_json":{"title":"Ramon Menezes inclui John Kennedy na lista da sele\u00e7\u00e3o pr\u00e9-ol\u00edmpica - VerdadeOn","robots":{"index":"index","follow":"follow","max-snippet":"max-snippet:-1","max-image-preview":"max-image-preview:large","max-video-preview":"max-video-preview:-1"},"canonical":"https:\/\/verdadeon.com.br\/portal\/2023\/11\/08\/ramon-menezes-inclui-john-kennedy-na-lista-da-selecao-pre-olimpica\/","og_locale":"pt_BR","og_type":"article","og_title":"Ramon Menezes inclui John Kennedy na lista da sele\u00e7\u00e3o pr\u00e9-ol\u00edmpica - VerdadeOn","og_description":"Atacante do Fluminense foi decisivo na conquista da Libertadores O atacante John Kennedy, do Fluminense, \u00e9 uma das novidades na lista de\u00a023 convocados da sele\u00e7\u00e3o brasileira [\u2026]","og_url":"https:\/\/verdadeon.com.br\/portal\/2023\/11\/08\/ramon-menezes-inclui-john-kennedy-na-lista-da-selecao-pre-olimpica\/","og_site_name":"VerdadeOn","article_published_time":"2023-11-08T15:00:01+00:00","article_modified_time":"2023-11-08T17:06:05+00:00","og_image":[{"width":1044,"height":700,"url":"https:\/\/verdadeon.com.br\/portal\/wp-content\/uploads\/2023\/11\/AnyConv.com__ramon_selecao_pre_olimpica.jpeg","type":"image\/jpeg"}],"author":"Redacao VerdadeOn","twitter_card":"summary_large_image","twitter_misc":{"Escrito por":"Redacao VerdadeOn","Est. tempo de leitura":"3 minutos"},"schema":{"@context":"https:\/\/schema.org","@graph":[{"@type":"WebPage","@id":"https:\/\/verdadeon.com.br\/portal\/2023\/11\/08\/ramon-menezes-inclui-john-kennedy-na-lista-da-selecao-pre-olimpica\/","url":"https:\/\/verdadeon.com.br\/portal\/2023\/11\/08\/ramon-menezes-inclui-john-kennedy-na-lista-da-selecao-pre-olimpica\/","name":"Ramon Menezes inclui John Kennedy na lista da sele\u00e7\u00e3o pr\u00e9-ol\u00edmpica - VerdadeOn","isPartOf":{"@id":"https:\/\/verdadeon.com.br\/portal\/#website"},"primaryImageOfPage":{"@id":"https:\/\/verdadeon.com.br\/portal\/2023\/11\/08\/ramon-menezes-inclui-john-kennedy-na-lista-da-selecao-pre-olimpica\/#primaryimage"},"image":{"@id":"https:\/\/verdadeon.com.br\/portal\/2023\/11\/08\/ramon-menezes-inclui-john-kennedy-na-lista-da-selecao-pre-olimpica\/#primaryimage"},"thumbnailUrl":"https:\/\/i0.wp.com\/verdadeon.com.br\/portal\/wp-content\/uploads\/2023\/11\/AnyConv.com__ramon_selecao_pre_olimpica.jpeg?fit=1044%2C700&ssl=1","datePublished":"2023-11-08T15:00:01+00:00","dateModified":"2023-11-08T17:06:05+00:00","author":{"@id":"https:\/\/verdadeon.com.br\/portal\/#\/schema\/person\/a5060ad1e9ea3df545188fc93ce43d2f"},"breadcrumb":{"@id":"https:\/\/verdadeon.com.br\/portal\/2023\/11\/08\/ramon-menezes-inclui-john-kennedy-na-lista-da-selecao-pre-olimpica\/#breadcrumb"},"inLanguage":"pt-BR","potentialAction":[{"@type":"ReadAction","target":["https:\/\/verdadeon.com.br\/portal\/2023\/11\/08\/ramon-menezes-inclui-john-kennedy-na-lista-da-selecao-pre-olimpica\/"]}]},{"@type":"ImageObject","inLanguage":"pt-BR","@id":"https:\/\/verdadeon.com.br\/portal\/2023\/11\/08\/ramon-menezes-inclui-john-kennedy-na-lista-da-selecao-pre-olimpica\/#primaryimage","url":"https:\/\/i0.wp.com\/verdadeon.com.br\/portal\/wp-content\/uploads\/2023\/11\/AnyConv.com__ramon_selecao_pre_olimpica.jpeg?fit=1044%2C700&ssl=1","contentUrl":"https:\/\/i0.wp.com\/verdadeon.com.br\/portal\/wp-content\/uploads\/2023\/11\/AnyConv.com__ramon_selecao_pre_olimpica.jpeg?fit=1044%2C700&ssl=1","width":1044,"height":700,"caption":"Sele\u00e7\u00e3o Brasileira est\u00e1 na briga pela vaga no Torneio Pr\u00e9-Ol\u00edmpico na Venezuela (\u00a9Joilson Marconne\/CBF\/Direitos Reservados)"},{"@type":"BreadcrumbList","@id":"https:\/\/verdadeon.com.br\/portal\/2023\/11\/08\/ramon-menezes-inclui-john-kennedy-na-lista-da-selecao-pre-olimpica\/#breadcrumb","itemListElement":[{"@type":"ListItem","position":1,"name":"In\u00edcio","item":"https:\/\/verdadeon.com.br\/portal\/"},{"@type":"ListItem","position":2,"name":"Ramon Menezes inclui John Kennedy na lista da sele\u00e7\u00e3o pr\u00e9-ol\u00edmpica"}]},{"@type":"WebSite","@id":"https:\/\/verdadeon.com.br\/portal\/#website","url":"https:\/\/verdadeon.com.br\/portal\/","name":"VerdadeOn","description":"Not\u00edcias di\u00e1rias sobre Franca, Regi\u00e3o, Esporte, Cultura, Cotidiano, Colunas. Cobertura nos principais eventos da cidade \u00e9 aqui - Verdadeon Franca","potentialAction":[{"@type":"SearchAction","target":{"@type":"EntryPoint","urlTemplate":"https:\/\/verdadeon.com.br\/portal\/?s={search_term_string}"},"query-input":{"@type":"PropertyValueSpecification","valueRequired":true,"valueName":"search_term_string"}}],"inLanguage":"pt-BR"},{"@type":"Person","@id":"https:\/\/verdadeon.com.br\/portal\/#\/schema\/person\/a5060ad1e9ea3df545188fc93ce43d2f","name":"Redacao VerdadeOn","image":{"@type":"ImageObject","inLanguage":"pt-BR","@id":"https:\/\/verdadeon.com.br\/portal\/#\/schema\/person\/image\/","url":"https:\/\/secure.gravatar.com\/avatar\/459a9613caaaf07f582c3d0841eea68bdd66f533e465e6ba8b9cb45619572cf4?s=96&d=mm&r=g","contentUrl":"https:\/\/secure.gravatar.com\/avatar\/459a9613caaaf07f582c3d0841eea68bdd66f533e465e6ba8b9cb45619572cf4?s=96&d=mm&r=g","caption":"Redacao VerdadeOn"},"url":"https:\/\/verdadeon.com.br\/portal\/author\/redacao\/"}]}},"jetpack_publicize_connections":[],"jetpack_featured_media_url":"https:\/\/i0.wp.com\/verdadeon.com.br\/portal\/wp-content\/uploads\/2023\/11\/AnyConv.com__ramon_selecao_pre_olimpica.jpeg?fit=1044%2C700&ssl=1","jetpack_sharing_enabled":true,"_links":{"self":[{"href":"https:\/\/verdadeon.com.br\/portal\/wp-json\/wp\/v2\/posts\/39000","targetHints":{"allow":["GET"]}}],"collection":[{"href":"https:\/\/verdadeon.com.br\/portal\/wp-json\/wp\/v2\/posts"}],"about":[{"href":"https:\/\/verdadeon.com.br\/portal\/wp-json\/wp\/v2\/types\/post"}],"author":[{"embeddable":true,"href":"https:\/\/verdadeon.com.br\/portal\/wp-json\/wp\/v2\/users\/10"}],"replies":[{"embeddable":true,"href":"https:\/\/verdadeon.com.br\/portal\/wp-json\/wp\/v2\/comments?post=39000"}],"version-history":[{"count":1,"href":"https:\/\/verdadeon.com.br\/portal\/wp-json\/wp\/v2\/posts\/39000\/revisions"}],"predecessor-version":[{"id":39002,"href":"https:\/\/verdadeon.com.br\/portal\/wp-json\/wp\/v2\/posts\/39000\/revisions\/39002"}],"wp:featuredmedia":[{"embeddable":true,"href":"https:\/\/verdadeon.com.br\/portal\/wp-json\/wp\/v2\/media\/39001"}],"wp:attachment":[{"href":"https:\/\/verdadeon.com.br\/portal\/wp-json\/wp\/v2\/media?parent=39000"}],"wp:term":[{"taxonomy":"category","embeddable":true,"href":"https:\/\/verdadeon.com.br\/portal\/wp-json\/wp\/v2\/categories?post=39000"},{"taxonomy":"post_tag","embeddable":true,"href":"https:\/\/verdadeon.com.br\/portal\/wp-json\/wp\/v2\/tags?post=39000"}],"curies":[{"name":"wp","href":"https:\/\/api.w.org\/{rel}","templated":true}]}}