{"id":38931,"date":"2023-11-06T10:00:17","date_gmt":"2023-11-06T13:00:17","guid":{"rendered":"https:\/\/verdadeon.com.br\/portal\/?p=38931"},"modified":"2023-11-06T14:39:51","modified_gmt":"2023-11-06T17:39:51","slug":"inscricoes-para-o-concurso-publico-do-crea-sp-encerram-dia-07-11","status":"publish","type":"post","link":"https:\/\/verdadeon.com.br\/portal\/2023\/11\/06\/inscricoes-para-o-concurso-publico-do-crea-sp-encerram-dia-07-11\/","title":{"rendered":"Inscri\u00e7\u00f5es para o concurso p\u00fablico do Crea-SP encerram dia 07\/11"},"content":{"rendered":"<h2>Edital conta com oportunidades de n\u00edvel m\u00e9dio e superior em todo o Estado<\/h2>\n<p>O Conselho Regional de Engenharia e Agronomia do Estado de S\u00e3o Paulo (Crea-SP) prorrogou o prazo para as inscri\u00e7\u00f5es em concurso p\u00fablico que busca novos colaboradores. O edital tem vagas nos n\u00edveis m\u00e9dio e superior tanto para efetiva\u00e7\u00e3o imediata, quanto para cadastro reserva. Nas \u00e1reas que exigem gradua\u00e7\u00e3o, est\u00e3o cargos em Direito, Engenharia, Tecnologia da Informa\u00e7\u00e3o e Ci\u00eancias Cont\u00e1beis. As inscri\u00e7\u00f5es est\u00e3o na reta final e encerram nesta ter\u00e7a-feira (07\/11).<\/p>\n<p>\u201cCom o processo seletivo, traremos novos perfis e diferentes forma\u00e7\u00f5es para fazer parte do Conselho. A expectativa \u00e9 conseguir integrar ainda mais as equipes em formatos multidisciplinares e de valoriza\u00e7\u00e3o do nosso principal recurso, que \u00e9 o humano\u201d, destaca o vice-presidente no exerc\u00edcio da Presid\u00eancia da autarquia, engenheiro Mamede Abou Dehn Jr.<\/p>\n<p>O edital est\u00e1 dispon\u00edvel no portal do\u00a0<a href=\"https:\/\/s2311.imxsnd10.com\/link.php?code=bDpodHRwcyUzQSUyRiUyRnd3dy5jcmVhc3Aub3JnLmJyJTJGY29uY3Vyc29zLXB1YmxpY29zOjExMTEwODQ3MDg6ZmVybmFuZG9jYWxpeHRvQGdtYWlsLmNvbToyMTIxOTg6NjA=\" target=\"_blank\" rel=\"noopener\" data-saferedirecturl=\"https:\/\/www.google.com\/url?q=https:\/\/s2311.imxsnd10.com\/link.php?code%3DbDpodHRwcyUzQSUyRiUyRnd3dy5jcmVhc3Aub3JnLmJyJTJGY29uY3Vyc29zLXB1YmxpY29zOjExMTEwODQ3MDg6ZmVybmFuZG9jYWxpeHRvQGdtYWlsLmNvbToyMTIxOTg6NjA%3D&amp;source=gmail&amp;ust=1699378341603000&amp;usg=AOvVaw1RghTVykclWmk6TOvZJsOJ\"><u>Crea-SP<\/u><\/a>\u00a0e tamb\u00e9m do\u00a0<a href=\"https:\/\/s2311.imxsnd10.com\/link.php?code=bDpodHRwcyUzQSUyRiUyRnd3dy5pbnN0aXR1dG9zZWxlY2FvLmNvbS5icjoxMTExMDg0NzA4OmZlcm5hbmRvY2FsaXh0b0BnbWFpbC5jb206ZjgyY2ExOjYw\" target=\"_blank\" rel=\"noopener\" data-saferedirecturl=\"https:\/\/www.google.com\/url?q=https:\/\/s2311.imxsnd10.com\/link.php?code%3DbDpodHRwcyUzQSUyRiUyRnd3dy5pbnN0aXR1dG9zZWxlY2FvLmNvbS5icjoxMTExMDg0NzA4OmZlcm5hbmRvY2FsaXh0b0BnbWFpbC5jb206ZjgyY2ExOjYw&amp;source=gmail&amp;ust=1699378341603000&amp;usg=AOvVaw2sCPFQbc0Q6ERYwj2PK_NY\"><u>Instituto Sele\u00e7\u00e3o e Tecnologia<\/u><\/a>, respons\u00e1vel pela realiza\u00e7\u00e3o das etapas do concurso. As provas devem ser realizadas em 03\/12, com aplica\u00e7\u00f5es nas regi\u00f5es de Ara\u00e7atuba, Bauru, Campinas, Presidente Prudente, Ribeir\u00e3o Preto e Santos, al\u00e9m da capital paulista, a depender da escolha do candidato. J\u00e1 as contrata\u00e7\u00f5es est\u00e3o previstas para o ano de 2024.<\/p>\n<p>O Conselho soma, atualmente, cerca de 700 colaboradores em mais de 180 unidades presentes no estado de S\u00e3o Paulo.<\/p>\n<p><strong>Sobre o Crea-SP\u202f-<\/strong>\u00a0Instalada h\u00e1 89 anos, a autarquia federal \u00e9 respons\u00e1vel pela fiscaliza\u00e7\u00e3o, controle, orienta\u00e7\u00e3o e aprimoramento do exerc\u00edcio e das atividades profissionais nas \u00e1reas da Engenharia, Agronomia e Geoci\u00eancias. O Crea-SP est\u00e1 presente nos 645 munic\u00edpios do Estado, conta com cerca de 350 mil profissionais registrados e 95 mil empresas registradas.<\/p>\n","protected":false},"excerpt":{"rendered":"<p>Edital conta com oportunidades de n\u00edvel m\u00e9dio e superior em todo o Estado O Conselho Regional de Engenharia e Agronomia do Estado de S\u00e3o Paulo (Crea-SP)<span class=\"excerpt-hellip\"> [\u2026]<\/span><\/p>\n","protected":false},"author":10,"featured_media":20208,"comment_status":"open","ping_status":"open","sticky":false,"template":"","format":"standard","meta":{"_jetpack_memberships_contains_paid_content":false,"footnotes":"","jetpack_publicize_message":"","jetpack_publicize_feature_enabled":true,"jetpack_social_post_already_shared":false,"jetpack_social_options":{"image_generator_settings":{"template":"highway","default_image_id":0,"enabled":false},"version":2}},"categories":[28,44],"tags":[],"class_list":["post-38931","post","type-post","status-publish","format-standard","has-post-thumbnail","hentry","category-cotidiano","category-noticias"],"yoast_head":"<!-- This site is optimized with the Yoast SEO plugin v25.6 - https:\/\/yoast.com\/wordpress\/plugins\/seo\/ -->\n<title>Inscri\u00e7\u00f5es para o concurso p\u00fablico do Crea-SP encerram dia 07\/11 - VerdadeOn<\/title>\n<meta name=\"robots\" content=\"index, follow, max-snippet:-1, max-image-preview:large, max-video-preview:-1\" \/>\n<link rel=\"canonical\" href=\"https:\/\/verdadeon.com.br\/portal\/2023\/11\/06\/inscricoes-para-o-concurso-publico-do-crea-sp-encerram-dia-07-11\/\" \/>\n<meta property=\"og:locale\" content=\"pt_BR\" \/>\n<meta property=\"og:type\" content=\"article\" \/>\n<meta property=\"og:title\" content=\"Inscri\u00e7\u00f5es para o concurso p\u00fablico do Crea-SP encerram dia 07\/11 - VerdadeOn\" \/>\n<meta property=\"og:description\" content=\"Edital conta com oportunidades de n\u00edvel m\u00e9dio e superior em todo o Estado O Conselho Regional de Engenharia e Agronomia do Estado de S\u00e3o Paulo (Crea-SP) [\u2026]\" \/>\n<meta property=\"og:url\" content=\"https:\/\/verdadeon.com.br\/portal\/2023\/11\/06\/inscricoes-para-o-concurso-publico-do-crea-sp-encerram-dia-07-11\/\" \/>\n<meta property=\"og:site_name\" content=\"VerdadeOn\" \/>\n<meta property=\"article:published_time\" content=\"2023-11-06T13:00:17+00:00\" \/>\n<meta property=\"article:modified_time\" content=\"2023-11-06T17:39:51+00:00\" \/>\n<meta property=\"og:image\" content=\"https:\/\/verdadeon.com.br\/portal\/wp-content\/uploads\/2021\/10\/concurso-scaled.jpg\" \/>\n\t<meta property=\"og:image:width\" content=\"2560\" \/>\n\t<meta property=\"og:image:height\" content=\"1707\" \/>\n\t<meta property=\"og:image:type\" content=\"image\/jpeg\" \/>\n<meta name=\"author\" content=\"Redacao VerdadeOn\" \/>\n<meta name=\"twitter:card\" content=\"summary_large_image\" \/>\n<meta name=\"twitter:label1\" content=\"Escrito por\" \/>\n\t<meta name=\"twitter:data1\" content=\"Redacao VerdadeOn\" \/>\n\t<meta name=\"twitter:label2\" content=\"Est. tempo de leitura\" \/>\n\t<meta name=\"twitter:data2\" content=\"2 minutos\" \/>\n<script type=\"application\/ld+json\" class=\"yoast-schema-graph\">{\"@context\":\"https:\/\/schema.org\",\"@graph\":[{\"@type\":\"WebPage\",\"@id\":\"https:\/\/verdadeon.com.br\/portal\/2023\/11\/06\/inscricoes-para-o-concurso-publico-do-crea-sp-encerram-dia-07-11\/\",\"url\":\"https:\/\/verdadeon.com.br\/portal\/2023\/11\/06\/inscricoes-para-o-concurso-publico-do-crea-sp-encerram-dia-07-11\/\",\"name\":\"Inscri\u00e7\u00f5es para o concurso p\u00fablico do Crea-SP encerram dia 07\/11 - VerdadeOn\",\"isPartOf\":{\"@id\":\"https:\/\/verdadeon.com.br\/portal\/#website\"},\"primaryImageOfPage\":{\"@id\":\"https:\/\/verdadeon.com.br\/portal\/2023\/11\/06\/inscricoes-para-o-concurso-publico-do-crea-sp-encerram-dia-07-11\/#primaryimage\"},\"image\":{\"@id\":\"https:\/\/verdadeon.com.br\/portal\/2023\/11\/06\/inscricoes-para-o-concurso-publico-do-crea-sp-encerram-dia-07-11\/#primaryimage\"},\"thumbnailUrl\":\"https:\/\/i0.wp.com\/verdadeon.com.br\/portal\/wp-content\/uploads\/2021\/10\/concurso-scaled.jpg?fit=2560%2C1707&ssl=1\",\"datePublished\":\"2023-11-06T13:00:17+00:00\",\"dateModified\":\"2023-11-06T17:39:51+00:00\",\"author\":{\"@id\":\"https:\/\/verdadeon.com.br\/portal\/#\/schema\/person\/a5060ad1e9ea3df545188fc93ce43d2f\"},\"breadcrumb\":{\"@id\":\"https:\/\/verdadeon.com.br\/portal\/2023\/11\/06\/inscricoes-para-o-concurso-publico-do-crea-sp-encerram-dia-07-11\/#breadcrumb\"},\"inLanguage\":\"pt-BR\",\"potentialAction\":[{\"@type\":\"ReadAction\",\"target\":[\"https:\/\/verdadeon.com.br\/portal\/2023\/11\/06\/inscricoes-para-o-concurso-publico-do-crea-sp-encerram-dia-07-11\/\"]}]},{\"@type\":\"ImageObject\",\"inLanguage\":\"pt-BR\",\"@id\":\"https:\/\/verdadeon.com.br\/portal\/2023\/11\/06\/inscricoes-para-o-concurso-publico-do-crea-sp-encerram-dia-07-11\/#primaryimage\",\"url\":\"https:\/\/i0.wp.com\/verdadeon.com.br\/portal\/wp-content\/uploads\/2021\/10\/concurso-scaled.jpg?fit=2560%2C1707&ssl=1\",\"contentUrl\":\"https:\/\/i0.wp.com\/verdadeon.com.br\/portal\/wp-content\/uploads\/2021\/10\/concurso-scaled.jpg?fit=2560%2C1707&ssl=1\",\"width\":2560,\"height\":1707,\"caption\":\"O edital est\u00e1 dispon\u00edvel no site da Funda\u00e7\u00e3o Carlos Chagas (\u00a9Divulga\u00e7\u00e3o)\"},{\"@type\":\"BreadcrumbList\",\"@id\":\"https:\/\/verdadeon.com.br\/portal\/2023\/11\/06\/inscricoes-para-o-concurso-publico-do-crea-sp-encerram-dia-07-11\/#breadcrumb\",\"itemListElement\":[{\"@type\":\"ListItem\",\"position\":1,\"name\":\"In\u00edcio\",\"item\":\"https:\/\/verdadeon.com.br\/portal\/\"},{\"@type\":\"ListItem\",\"position\":2,\"name\":\"Inscri\u00e7\u00f5es para o concurso p\u00fablico do Crea-SP encerram dia 07\/11\"}]},{\"@type\":\"WebSite\",\"@id\":\"https:\/\/verdadeon.com.br\/portal\/#website\",\"url\":\"https:\/\/verdadeon.com.br\/portal\/\",\"name\":\"VerdadeOn\",\"description\":\"Not\u00edcias di\u00e1rias sobre Franca, Regi\u00e3o, Esporte, Cultura, Cotidiano, Colunas. Cobertura nos principais eventos da cidade \u00e9 aqui - Verdadeon Franca\",\"potentialAction\":[{\"@type\":\"SearchAction\",\"target\":{\"@type\":\"EntryPoint\",\"urlTemplate\":\"https:\/\/verdadeon.com.br\/portal\/?s={search_term_string}\"},\"query-input\":{\"@type\":\"PropertyValueSpecification\",\"valueRequired\":true,\"valueName\":\"search_term_string\"}}],\"inLanguage\":\"pt-BR\"},{\"@type\":\"Person\",\"@id\":\"https:\/\/verdadeon.com.br\/portal\/#\/schema\/person\/a5060ad1e9ea3df545188fc93ce43d2f\",\"name\":\"Redacao VerdadeOn\",\"image\":{\"@type\":\"ImageObject\",\"inLanguage\":\"pt-BR\",\"@id\":\"https:\/\/verdadeon.com.br\/portal\/#\/schema\/person\/image\/\",\"url\":\"https:\/\/secure.gravatar.com\/avatar\/459a9613caaaf07f582c3d0841eea68bdd66f533e465e6ba8b9cb45619572cf4?s=96&d=mm&r=g\",\"contentUrl\":\"https:\/\/secure.gravatar.com\/avatar\/459a9613caaaf07f582c3d0841eea68bdd66f533e465e6ba8b9cb45619572cf4?s=96&d=mm&r=g\",\"caption\":\"Redacao VerdadeOn\"},\"url\":\"https:\/\/verdadeon.com.br\/portal\/author\/redacao\/\"}]}<\/script>\n<!-- \/ Yoast SEO plugin. -->","yoast_head_json":{"title":"Inscri\u00e7\u00f5es para o concurso p\u00fablico do Crea-SP encerram dia 07\/11 - VerdadeOn","robots":{"index":"index","follow":"follow","max-snippet":"max-snippet:-1","max-image-preview":"max-image-preview:large","max-video-preview":"max-video-preview:-1"},"canonical":"https:\/\/verdadeon.com.br\/portal\/2023\/11\/06\/inscricoes-para-o-concurso-publico-do-crea-sp-encerram-dia-07-11\/","og_locale":"pt_BR","og_type":"article","og_title":"Inscri\u00e7\u00f5es para o concurso p\u00fablico do Crea-SP encerram dia 07\/11 - VerdadeOn","og_description":"Edital conta com oportunidades de n\u00edvel m\u00e9dio e superior em todo o Estado O Conselho Regional de Engenharia e Agronomia do Estado de S\u00e3o Paulo (Crea-SP) [\u2026]","og_url":"https:\/\/verdadeon.com.br\/portal\/2023\/11\/06\/inscricoes-para-o-concurso-publico-do-crea-sp-encerram-dia-07-11\/","og_site_name":"VerdadeOn","article_published_time":"2023-11-06T13:00:17+00:00","article_modified_time":"2023-11-06T17:39:51+00:00","og_image":[{"width":2560,"height":1707,"url":"https:\/\/verdadeon.com.br\/portal\/wp-content\/uploads\/2021\/10\/concurso-scaled.jpg","type":"image\/jpeg"}],"author":"Redacao VerdadeOn","twitter_card":"summary_large_image","twitter_misc":{"Escrito por":"Redacao VerdadeOn","Est. tempo de leitura":"2 minutos"},"schema":{"@context":"https:\/\/schema.org","@graph":[{"@type":"WebPage","@id":"https:\/\/verdadeon.com.br\/portal\/2023\/11\/06\/inscricoes-para-o-concurso-publico-do-crea-sp-encerram-dia-07-11\/","url":"https:\/\/verdadeon.com.br\/portal\/2023\/11\/06\/inscricoes-para-o-concurso-publico-do-crea-sp-encerram-dia-07-11\/","name":"Inscri\u00e7\u00f5es para o concurso p\u00fablico do Crea-SP encerram dia 07\/11 - VerdadeOn","isPartOf":{"@id":"https:\/\/verdadeon.com.br\/portal\/#website"},"primaryImageOfPage":{"@id":"https:\/\/verdadeon.com.br\/portal\/2023\/11\/06\/inscricoes-para-o-concurso-publico-do-crea-sp-encerram-dia-07-11\/#primaryimage"},"image":{"@id":"https:\/\/verdadeon.com.br\/portal\/2023\/11\/06\/inscricoes-para-o-concurso-publico-do-crea-sp-encerram-dia-07-11\/#primaryimage"},"thumbnailUrl":"https:\/\/i0.wp.com\/verdadeon.com.br\/portal\/wp-content\/uploads\/2021\/10\/concurso-scaled.jpg?fit=2560%2C1707&ssl=1","datePublished":"2023-11-06T13:00:17+00:00","dateModified":"2023-11-06T17:39:51+00:00","author":{"@id":"https:\/\/verdadeon.com.br\/portal\/#\/schema\/person\/a5060ad1e9ea3df545188fc93ce43d2f"},"breadcrumb":{"@id":"https:\/\/verdadeon.com.br\/portal\/2023\/11\/06\/inscricoes-para-o-concurso-publico-do-crea-sp-encerram-dia-07-11\/#breadcrumb"},"inLanguage":"pt-BR","potentialAction":[{"@type":"ReadAction","target":["https:\/\/verdadeon.com.br\/portal\/2023\/11\/06\/inscricoes-para-o-concurso-publico-do-crea-sp-encerram-dia-07-11\/"]}]},{"@type":"ImageObject","inLanguage":"pt-BR","@id":"https:\/\/verdadeon.com.br\/portal\/2023\/11\/06\/inscricoes-para-o-concurso-publico-do-crea-sp-encerram-dia-07-11\/#primaryimage","url":"https:\/\/i0.wp.com\/verdadeon.com.br\/portal\/wp-content\/uploads\/2021\/10\/concurso-scaled.jpg?fit=2560%2C1707&ssl=1","contentUrl":"https:\/\/i0.wp.com\/verdadeon.com.br\/portal\/wp-content\/uploads\/2021\/10\/concurso-scaled.jpg?fit=2560%2C1707&ssl=1","width":2560,"height":1707,"caption":"O edital est\u00e1 dispon\u00edvel no site da Funda\u00e7\u00e3o Carlos Chagas (\u00a9Divulga\u00e7\u00e3o)"},{"@type":"BreadcrumbList","@id":"https:\/\/verdadeon.com.br\/portal\/2023\/11\/06\/inscricoes-para-o-concurso-publico-do-crea-sp-encerram-dia-07-11\/#breadcrumb","itemListElement":[{"@type":"ListItem","position":1,"name":"In\u00edcio","item":"https:\/\/verdadeon.com.br\/portal\/"},{"@type":"ListItem","position":2,"name":"Inscri\u00e7\u00f5es para o concurso p\u00fablico do Crea-SP encerram dia 07\/11"}]},{"@type":"WebSite","@id":"https:\/\/verdadeon.com.br\/portal\/#website","url":"https:\/\/verdadeon.com.br\/portal\/","name":"VerdadeOn","description":"Not\u00edcias di\u00e1rias sobre Franca, Regi\u00e3o, Esporte, Cultura, Cotidiano, Colunas. Cobertura nos principais eventos da cidade \u00e9 aqui - Verdadeon Franca","potentialAction":[{"@type":"SearchAction","target":{"@type":"EntryPoint","urlTemplate":"https:\/\/verdadeon.com.br\/portal\/?s={search_term_string}"},"query-input":{"@type":"PropertyValueSpecification","valueRequired":true,"valueName":"search_term_string"}}],"inLanguage":"pt-BR"},{"@type":"Person","@id":"https:\/\/verdadeon.com.br\/portal\/#\/schema\/person\/a5060ad1e9ea3df545188fc93ce43d2f","name":"Redacao VerdadeOn","image":{"@type":"ImageObject","inLanguage":"pt-BR","@id":"https:\/\/verdadeon.com.br\/portal\/#\/schema\/person\/image\/","url":"https:\/\/secure.gravatar.com\/avatar\/459a9613caaaf07f582c3d0841eea68bdd66f533e465e6ba8b9cb45619572cf4?s=96&d=mm&r=g","contentUrl":"https:\/\/secure.gravatar.com\/avatar\/459a9613caaaf07f582c3d0841eea68bdd66f533e465e6ba8b9cb45619572cf4?s=96&d=mm&r=g","caption":"Redacao VerdadeOn"},"url":"https:\/\/verdadeon.com.br\/portal\/author\/redacao\/"}]}},"jetpack_publicize_connections":[],"jetpack_featured_media_url":"https:\/\/i0.wp.com\/verdadeon.com.br\/portal\/wp-content\/uploads\/2021\/10\/concurso-scaled.jpg?fit=2560%2C1707&ssl=1","jetpack_sharing_enabled":true,"_links":{"self":[{"href":"https:\/\/verdadeon.com.br\/portal\/wp-json\/wp\/v2\/posts\/38931","targetHints":{"allow":["GET"]}}],"collection":[{"href":"https:\/\/verdadeon.com.br\/portal\/wp-json\/wp\/v2\/posts"}],"about":[{"href":"https:\/\/verdadeon.com.br\/portal\/wp-json\/wp\/v2\/types\/post"}],"author":[{"embeddable":true,"href":"https:\/\/verdadeon.com.br\/portal\/wp-json\/wp\/v2\/users\/10"}],"replies":[{"embeddable":true,"href":"https:\/\/verdadeon.com.br\/portal\/wp-json\/wp\/v2\/comments?post=38931"}],"version-history":[{"count":1,"href":"https:\/\/verdadeon.com.br\/portal\/wp-json\/wp\/v2\/posts\/38931\/revisions"}],"predecessor-version":[{"id":38932,"href":"https:\/\/verdadeon.com.br\/portal\/wp-json\/wp\/v2\/posts\/38931\/revisions\/38932"}],"wp:featuredmedia":[{"embeddable":true,"href":"https:\/\/verdadeon.com.br\/portal\/wp-json\/wp\/v2\/media\/20208"}],"wp:attachment":[{"href":"https:\/\/verdadeon.com.br\/portal\/wp-json\/wp\/v2\/media?parent=38931"}],"wp:term":[{"taxonomy":"category","embeddable":true,"href":"https:\/\/verdadeon.com.br\/portal\/wp-json\/wp\/v2\/categories?post=38931"},{"taxonomy":"post_tag","embeddable":true,"href":"https:\/\/verdadeon.com.br\/portal\/wp-json\/wp\/v2\/tags?post=38931"}],"curies":[{"name":"wp","href":"https:\/\/api.w.org\/{rel}","templated":true}]}}