{"id":38913,"date":"2023-11-04T13:31:26","date_gmt":"2023-11-04T16:31:26","guid":{"rendered":"https:\/\/verdadeon.com.br\/portal\/?p=38913"},"modified":"2023-11-04T13:31:26","modified_gmt":"2023-11-04T16:31:26","slug":"camara-vota-projeto-que-amplia-orientacoes-aos-contribuintes-sobre-divida-ativa","status":"publish","type":"post","link":"https:\/\/verdadeon.com.br\/portal\/2023\/11\/04\/camara-vota-projeto-que-amplia-orientacoes-aos-contribuintes-sobre-divida-ativa\/","title":{"rendered":"C\u00e2mara vota projeto que amplia orienta\u00e7\u00f5es aos contribuintes sobre d\u00edvida ativa"},"content":{"rendered":"<h2>Confira alguns projetos em pauta para a 40\u00aa Sess\u00e3o Ordin\u00e1ria da C\u00e2mara de Franca<\/h2>\n<p>Os vereadores se re\u00fanem nesta ter\u00e7a-feira, 7 de novembro, para discuss\u00e3o e vota\u00e7\u00f5es de projetos na 40\u00aa Sess\u00e3o Ordin\u00e1ria.<\/p>\n<p>No per\u00edodo da manh\u00e3 acontece o Expediente com as leituras dos documentos e of\u00edcios, al\u00e9m de uso da Tribuna tanto pelos mun\u00edcipes inscritos previamente e os pr\u00f3prios parlamentares, a partir das 9h. \u00c0 tarde, a partir das 14h, ser\u00e3o debatidos e votados os temas que passaram por an\u00e1lise das comiss\u00f5es da Casa de Leis e ou propostas que sejam inclu\u00eddas em regime de urg\u00eancia.<\/p>\n<p><strong>D\u00edvida Ativa<\/strong><\/p>\n<p>Ser\u00e1 votado o Projeto de Lei Complementar n\u00ba 12\/2023 dos vereadores Carlinho Petr\u00f3polis Farm\u00e1cia (PL), Daniel Bassi (PSDB), Della Motta (Podemos), Donizete da Farm\u00e1cia (MDB), Gilson Pelizaro (PT) e Marcelo Tidy (Uni\u00e3o) que modifica dispositivos no C\u00f3digo Tribut\u00e1rio do Munic\u00edpio de Franca (Lei n\u00ba 1.672\/68), e d\u00e1 outras provid\u00eancias.<\/p>\n<p>Os parlamentares argumentam: &#8220;A comunica\u00e7\u00e3o da inscri\u00e7\u00e3o em d\u00edvida ativa ao contribuinte \u00e9 um passo fundamental para garantir a transpar\u00eancia e a responsabilidade fiscal. Permitir que os contribuintes saibam de forma clara e oportuna sobre suas d\u00edvidas e as consequ\u00eancias da inscri\u00e7\u00e3o em d\u00edvida ativa \u00e9 essencial para promover o pagamento volunt\u00e1rio e evitar lit\u00edgios desnecess\u00e1rios&#8221;.<\/p>\n<p>Ainda de acordo os vereadores, &#8220;hoje, na forma estabelecida no art. 51 do C\u00f3digo Tribut\u00e1rio Municipal, infelizmente n\u00e3o tem surtido efeito pr\u00e1tico a comunica\u00e7\u00e3o da inscri\u00e7\u00e3o da d\u00edvida ativa ao contribuinte somente pelo Di\u00e1rio Oficial do Munic\u00edpio. \u00c9 a praxe adotada hoje pelo Poder P\u00fablico. Ora, s\u00e3o poucos os contribuintes que acompanham diariamente as publica\u00e7\u00f5es no Di\u00e1rio Oficial. \u00c9 importante que continue, por motivo de transpar\u00eancia a divulga\u00e7\u00e3o no Di\u00e1rio Oficial, todavia, \u00e9 preciso de mecanismo eficaz que garanta que o contribuinte tome conhecimento da notifica\u00e7\u00e3o de que seu nome est\u00e1 sendo inclu\u00eddo na d\u00edvida ativa, como, por exemplo, a comunica\u00e7\u00e3o da referida informa\u00e7\u00e3o via AR, ou via e-mail ou at\u00e9 mesmo via whatsapp, antes do ajuizamento da execu\u00e7\u00e3o fiscal pelo Poder P\u00fablico, dando maior oportunidade \u00e1s pessoas quitarem seus d\u00e9bitos tribut\u00e1rios&#8221;.<\/p>\n<p>Os legisladores defendem: &#8220;A presente lei estabelece diretrizes claras para a comunica\u00e7\u00e3o da inscri\u00e7\u00e3o em d\u00edvida ativa, assegurando que os contribuintes recebam informa\u00e7\u00f5es adequadas e tenham a oportunidade de contestar a inscri\u00e7\u00e3o, se for o caso&#8221;.<\/p>\n<p>Durante an\u00e1lise das Comiss\u00f5es, a advogada Maria Fernanda Bordini disse que &#8220;al\u00e9m do que j\u00e1 tem hoje que \u00e9 o n\u00famero de cadastro inscrito em d\u00edvida, a origem da d\u00edvida e seu valor, o projeto insere o inciso III quais as consequ\u00eancias legais da inscri\u00e7\u00e3o na d\u00edvida ativa&#8221;. E concluiu: &#8220;\u00c9 um projeto que potencializa o princ\u00edpio da transpar\u00eancia e nesse sentido est\u00e1 adequado ao ordenamento jur\u00eddico e a princ\u00edpio n\u00e3o interfere na compet\u00eancia e autonomia do Poder Executivo&#8221;.<\/p>\n<p><strong>Vereadores debatem&#8230;<\/strong><\/p>\n<p>Tamb\u00e9m ser\u00e3o debatidos e votados o Requerimento 643\/2023 de autoria do vereador Marcelo Tidy (Uni\u00e3o) solicitando aumento na fiscaliza\u00e7\u00e3o nos dep\u00f3sitos de compra de reciclados, conhecidos como \u201cferros velhos\u201d contra a onda de furtos de hidr\u00f4metros da Sabesp e fios de cobre e alum\u00ednio que est\u00e3o ocorrendo nas resid\u00eancias e espa\u00e7os p\u00fablicos da cidade.<\/p>\n<p>O parlamentar ainda apresentou o Requerimento 644\/2023 pedindo a Prefeitura para notificar o respons\u00e1vel por deixar o lixo na Rua Volunt\u00e1rios da Franca, ao lado da Santa Casa.<\/p>\n<p>Tidy ainda questiona pelo Requerimento 646\/2023 informa\u00e7\u00f5es sobre qual ser\u00e1 a destina\u00e7\u00e3o do antigo pr\u00e9dio do CVV, localizado na Rua Carlos do Carmo, n.\u00ba 419, na Cidade Nova.<\/p>\n<p>Tamb\u00e9m de autoria do vereador Tidy (Uni\u00e3o) ser\u00e1 apreciado o Requerimento 649\/2023 para que a Prefeitura informe a esta Casa de Leis informa\u00e7\u00f5es sobre como est\u00e1 o processo de destina\u00e7\u00e3o do pr\u00e9dio abandonado (&#8220;esqueleto&#8221;) localizado na Avenida Adhemar Polo Filho, no bairro Parque dos Lima.<\/p>\n<p>O vereador Gilson Pelizaro (PT) apresentou o Requerimento 651\/2023 solicitando informa\u00e7\u00f5es sobre a convoca\u00e7\u00e3o dos candidatos aprovados no Concurso P\u00fablico n\u00ba 1\/2022, para o provimento dos cargos de Coveiro.<\/p>\n<p><strong>Mo\u00e7\u00e3o de Rep\u00fadio<\/strong><\/p>\n<p>\u00c9 inadmiss\u00edvel que, nos dias de hoje, um esportista conhecido como refer\u00eancia nacional utilize express\u00f5es em desrespeito \u00e0 cidade que \u00e9 reconhecida mundialmente no basquete.<\/p>\n<p>O Legislativo francano sempre estar\u00e1 se posicionando pela ordem e acima de tudo pelo respeito.<\/p>\n<p>Na pr\u00f3xima ter\u00e7a-feira, 7 de novembro, de autoria coletiva ser\u00e1 apresentada e votada Mo\u00e7\u00e3o de Rep\u00fadio contra as manifesta\u00e7\u00f5es lament\u00e1veis de Oscar Schmidt.<\/p>\n","protected":false},"excerpt":{"rendered":"<p>Confira alguns projetos em pauta para a 40\u00aa Sess\u00e3o Ordin\u00e1ria da C\u00e2mara de Franca Os vereadores se re\u00fanem nesta ter\u00e7a-feira, 7 de novembro, para discuss\u00e3o e<span class=\"excerpt-hellip\"> [\u2026]<\/span><\/p>\n","protected":false},"author":10,"featured_media":36512,"comment_status":"open","ping_status":"open","sticky":false,"template":"","format":"standard","meta":{"_jetpack_memberships_contains_paid_content":false,"footnotes":"","jetpack_publicize_message":"","jetpack_publicize_feature_enabled":true,"jetpack_social_post_already_shared":false,"jetpack_social_options":{"image_generator_settings":{"template":"highway","default_image_id":0,"enabled":false},"version":2}},"categories":[28],"tags":[],"class_list":["post-38913","post","type-post","status-publish","format-standard","has-post-thumbnail","hentry","category-cotidiano"],"yoast_head":"<!-- This site is optimized with the Yoast SEO plugin v25.6 - https:\/\/yoast.com\/wordpress\/plugins\/seo\/ -->\n<title>C\u00e2mara vota projeto que amplia orienta\u00e7\u00f5es aos contribuintes sobre d\u00edvida ativa - VerdadeOn<\/title>\n<meta name=\"robots\" content=\"index, follow, max-snippet:-1, max-image-preview:large, max-video-preview:-1\" \/>\n<link rel=\"canonical\" href=\"https:\/\/verdadeon.com.br\/portal\/2023\/11\/04\/camara-vota-projeto-que-amplia-orientacoes-aos-contribuintes-sobre-divida-ativa\/\" \/>\n<meta property=\"og:locale\" content=\"pt_BR\" \/>\n<meta property=\"og:type\" content=\"article\" \/>\n<meta property=\"og:title\" content=\"C\u00e2mara vota projeto que amplia orienta\u00e7\u00f5es aos contribuintes sobre d\u00edvida ativa - VerdadeOn\" \/>\n<meta property=\"og:description\" content=\"Confira alguns projetos em pauta para a 40\u00aa Sess\u00e3o Ordin\u00e1ria da C\u00e2mara de Franca Os vereadores se re\u00fanem nesta ter\u00e7a-feira, 7 de novembro, para discuss\u00e3o e [\u2026]\" \/>\n<meta property=\"og:url\" content=\"https:\/\/verdadeon.com.br\/portal\/2023\/11\/04\/camara-vota-projeto-que-amplia-orientacoes-aos-contribuintes-sobre-divida-ativa\/\" \/>\n<meta property=\"og:site_name\" content=\"VerdadeOn\" \/>\n<meta property=\"article:published_time\" content=\"2023-11-04T16:31:26+00:00\" \/>\n<meta property=\"og:image\" content=\"https:\/\/verdadeon.com.br\/portal\/wp-content\/uploads\/2023\/08\/neutras2022-7.jpeg\" \/>\n\t<meta property=\"og:image:width\" content=\"832\" \/>\n\t<meta property=\"og:image:height\" content=\"557\" \/>\n\t<meta property=\"og:image:type\" content=\"image\/jpeg\" \/>\n<meta name=\"author\" content=\"Redacao VerdadeOn\" \/>\n<meta name=\"twitter:card\" content=\"summary_large_image\" \/>\n<meta name=\"twitter:label1\" content=\"Escrito por\" \/>\n\t<meta name=\"twitter:data1\" content=\"Redacao VerdadeOn\" \/>\n\t<meta name=\"twitter:label2\" content=\"Est. tempo de leitura\" \/>\n\t<meta name=\"twitter:data2\" content=\"4 minutos\" \/>\n<script type=\"application\/ld+json\" class=\"yoast-schema-graph\">{\"@context\":\"https:\/\/schema.org\",\"@graph\":[{\"@type\":\"WebPage\",\"@id\":\"https:\/\/verdadeon.com.br\/portal\/2023\/11\/04\/camara-vota-projeto-que-amplia-orientacoes-aos-contribuintes-sobre-divida-ativa\/\",\"url\":\"https:\/\/verdadeon.com.br\/portal\/2023\/11\/04\/camara-vota-projeto-que-amplia-orientacoes-aos-contribuintes-sobre-divida-ativa\/\",\"name\":\"C\u00e2mara vota projeto que amplia orienta\u00e7\u00f5es aos contribuintes sobre d\u00edvida ativa - VerdadeOn\",\"isPartOf\":{\"@id\":\"https:\/\/verdadeon.com.br\/portal\/#website\"},\"primaryImageOfPage\":{\"@id\":\"https:\/\/verdadeon.com.br\/portal\/2023\/11\/04\/camara-vota-projeto-que-amplia-orientacoes-aos-contribuintes-sobre-divida-ativa\/#primaryimage\"},\"image\":{\"@id\":\"https:\/\/verdadeon.com.br\/portal\/2023\/11\/04\/camara-vota-projeto-que-amplia-orientacoes-aos-contribuintes-sobre-divida-ativa\/#primaryimage\"},\"thumbnailUrl\":\"https:\/\/i0.wp.com\/verdadeon.com.br\/portal\/wp-content\/uploads\/2023\/08\/neutras2022-7.jpeg?fit=832%2C557&ssl=1\",\"datePublished\":\"2023-11-04T16:31:26+00:00\",\"author\":{\"@id\":\"https:\/\/verdadeon.com.br\/portal\/#\/schema\/person\/a5060ad1e9ea3df545188fc93ce43d2f\"},\"breadcrumb\":{\"@id\":\"https:\/\/verdadeon.com.br\/portal\/2023\/11\/04\/camara-vota-projeto-que-amplia-orientacoes-aos-contribuintes-sobre-divida-ativa\/#breadcrumb\"},\"inLanguage\":\"pt-BR\",\"potentialAction\":[{\"@type\":\"ReadAction\",\"target\":[\"https:\/\/verdadeon.com.br\/portal\/2023\/11\/04\/camara-vota-projeto-que-amplia-orientacoes-aos-contribuintes-sobre-divida-ativa\/\"]}]},{\"@type\":\"ImageObject\",\"inLanguage\":\"pt-BR\",\"@id\":\"https:\/\/verdadeon.com.br\/portal\/2023\/11\/04\/camara-vota-projeto-que-amplia-orientacoes-aos-contribuintes-sobre-divida-ativa\/#primaryimage\",\"url\":\"https:\/\/i0.wp.com\/verdadeon.com.br\/portal\/wp-content\/uploads\/2023\/08\/neutras2022-7.jpeg?fit=832%2C557&ssl=1\",\"contentUrl\":\"https:\/\/i0.wp.com\/verdadeon.com.br\/portal\/wp-content\/uploads\/2023\/08\/neutras2022-7.jpeg?fit=832%2C557&ssl=1\",\"width\":832,\"height\":557,\"caption\":\"Popula\u00e7\u00e3o pode acompanhar reuni\u00e3o no Plen\u00e1rio, na TV e tamb\u00e9m nas redes sociais (\u00a9C\u00e2mara Municipal de Franca)\"},{\"@type\":\"BreadcrumbList\",\"@id\":\"https:\/\/verdadeon.com.br\/portal\/2023\/11\/04\/camara-vota-projeto-que-amplia-orientacoes-aos-contribuintes-sobre-divida-ativa\/#breadcrumb\",\"itemListElement\":[{\"@type\":\"ListItem\",\"position\":1,\"name\":\"In\u00edcio\",\"item\":\"https:\/\/verdadeon.com.br\/portal\/\"},{\"@type\":\"ListItem\",\"position\":2,\"name\":\"C\u00e2mara vota projeto que amplia orienta\u00e7\u00f5es aos contribuintes sobre d\u00edvida ativa\"}]},{\"@type\":\"WebSite\",\"@id\":\"https:\/\/verdadeon.com.br\/portal\/#website\",\"url\":\"https:\/\/verdadeon.com.br\/portal\/\",\"name\":\"VerdadeOn\",\"description\":\"Not\u00edcias di\u00e1rias sobre Franca, Regi\u00e3o, Esporte, Cultura, Cotidiano, Colunas. Cobertura nos principais eventos da cidade \u00e9 aqui - Verdadeon Franca\",\"potentialAction\":[{\"@type\":\"SearchAction\",\"target\":{\"@type\":\"EntryPoint\",\"urlTemplate\":\"https:\/\/verdadeon.com.br\/portal\/?s={search_term_string}\"},\"query-input\":{\"@type\":\"PropertyValueSpecification\",\"valueRequired\":true,\"valueName\":\"search_term_string\"}}],\"inLanguage\":\"pt-BR\"},{\"@type\":\"Person\",\"@id\":\"https:\/\/verdadeon.com.br\/portal\/#\/schema\/person\/a5060ad1e9ea3df545188fc93ce43d2f\",\"name\":\"Redacao VerdadeOn\",\"image\":{\"@type\":\"ImageObject\",\"inLanguage\":\"pt-BR\",\"@id\":\"https:\/\/verdadeon.com.br\/portal\/#\/schema\/person\/image\/\",\"url\":\"https:\/\/secure.gravatar.com\/avatar\/459a9613caaaf07f582c3d0841eea68bdd66f533e465e6ba8b9cb45619572cf4?s=96&d=mm&r=g\",\"contentUrl\":\"https:\/\/secure.gravatar.com\/avatar\/459a9613caaaf07f582c3d0841eea68bdd66f533e465e6ba8b9cb45619572cf4?s=96&d=mm&r=g\",\"caption\":\"Redacao VerdadeOn\"},\"url\":\"https:\/\/verdadeon.com.br\/portal\/author\/redacao\/\"}]}<\/script>\n<!-- \/ Yoast SEO plugin. -->","yoast_head_json":{"title":"C\u00e2mara vota projeto que amplia orienta\u00e7\u00f5es aos contribuintes sobre d\u00edvida ativa - VerdadeOn","robots":{"index":"index","follow":"follow","max-snippet":"max-snippet:-1","max-image-preview":"max-image-preview:large","max-video-preview":"max-video-preview:-1"},"canonical":"https:\/\/verdadeon.com.br\/portal\/2023\/11\/04\/camara-vota-projeto-que-amplia-orientacoes-aos-contribuintes-sobre-divida-ativa\/","og_locale":"pt_BR","og_type":"article","og_title":"C\u00e2mara vota projeto que amplia orienta\u00e7\u00f5es aos contribuintes sobre d\u00edvida ativa - VerdadeOn","og_description":"Confira alguns projetos em pauta para a 40\u00aa Sess\u00e3o Ordin\u00e1ria da C\u00e2mara de Franca Os vereadores se re\u00fanem nesta ter\u00e7a-feira, 7 de novembro, para discuss\u00e3o e [\u2026]","og_url":"https:\/\/verdadeon.com.br\/portal\/2023\/11\/04\/camara-vota-projeto-que-amplia-orientacoes-aos-contribuintes-sobre-divida-ativa\/","og_site_name":"VerdadeOn","article_published_time":"2023-11-04T16:31:26+00:00","og_image":[{"width":832,"height":557,"url":"https:\/\/verdadeon.com.br\/portal\/wp-content\/uploads\/2023\/08\/neutras2022-7.jpeg","type":"image\/jpeg"}],"author":"Redacao VerdadeOn","twitter_card":"summary_large_image","twitter_misc":{"Escrito por":"Redacao VerdadeOn","Est. tempo de leitura":"4 minutos"},"schema":{"@context":"https:\/\/schema.org","@graph":[{"@type":"WebPage","@id":"https:\/\/verdadeon.com.br\/portal\/2023\/11\/04\/camara-vota-projeto-que-amplia-orientacoes-aos-contribuintes-sobre-divida-ativa\/","url":"https:\/\/verdadeon.com.br\/portal\/2023\/11\/04\/camara-vota-projeto-que-amplia-orientacoes-aos-contribuintes-sobre-divida-ativa\/","name":"C\u00e2mara vota projeto que amplia orienta\u00e7\u00f5es aos contribuintes sobre d\u00edvida ativa - VerdadeOn","isPartOf":{"@id":"https:\/\/verdadeon.com.br\/portal\/#website"},"primaryImageOfPage":{"@id":"https:\/\/verdadeon.com.br\/portal\/2023\/11\/04\/camara-vota-projeto-que-amplia-orientacoes-aos-contribuintes-sobre-divida-ativa\/#primaryimage"},"image":{"@id":"https:\/\/verdadeon.com.br\/portal\/2023\/11\/04\/camara-vota-projeto-que-amplia-orientacoes-aos-contribuintes-sobre-divida-ativa\/#primaryimage"},"thumbnailUrl":"https:\/\/i0.wp.com\/verdadeon.com.br\/portal\/wp-content\/uploads\/2023\/08\/neutras2022-7.jpeg?fit=832%2C557&ssl=1","datePublished":"2023-11-04T16:31:26+00:00","author":{"@id":"https:\/\/verdadeon.com.br\/portal\/#\/schema\/person\/a5060ad1e9ea3df545188fc93ce43d2f"},"breadcrumb":{"@id":"https:\/\/verdadeon.com.br\/portal\/2023\/11\/04\/camara-vota-projeto-que-amplia-orientacoes-aos-contribuintes-sobre-divida-ativa\/#breadcrumb"},"inLanguage":"pt-BR","potentialAction":[{"@type":"ReadAction","target":["https:\/\/verdadeon.com.br\/portal\/2023\/11\/04\/camara-vota-projeto-que-amplia-orientacoes-aos-contribuintes-sobre-divida-ativa\/"]}]},{"@type":"ImageObject","inLanguage":"pt-BR","@id":"https:\/\/verdadeon.com.br\/portal\/2023\/11\/04\/camara-vota-projeto-que-amplia-orientacoes-aos-contribuintes-sobre-divida-ativa\/#primaryimage","url":"https:\/\/i0.wp.com\/verdadeon.com.br\/portal\/wp-content\/uploads\/2023\/08\/neutras2022-7.jpeg?fit=832%2C557&ssl=1","contentUrl":"https:\/\/i0.wp.com\/verdadeon.com.br\/portal\/wp-content\/uploads\/2023\/08\/neutras2022-7.jpeg?fit=832%2C557&ssl=1","width":832,"height":557,"caption":"Popula\u00e7\u00e3o pode acompanhar reuni\u00e3o no Plen\u00e1rio, na TV e tamb\u00e9m nas redes sociais (\u00a9C\u00e2mara Municipal de Franca)"},{"@type":"BreadcrumbList","@id":"https:\/\/verdadeon.com.br\/portal\/2023\/11\/04\/camara-vota-projeto-que-amplia-orientacoes-aos-contribuintes-sobre-divida-ativa\/#breadcrumb","itemListElement":[{"@type":"ListItem","position":1,"name":"In\u00edcio","item":"https:\/\/verdadeon.com.br\/portal\/"},{"@type":"ListItem","position":2,"name":"C\u00e2mara vota projeto que amplia orienta\u00e7\u00f5es aos contribuintes sobre d\u00edvida ativa"}]},{"@type":"WebSite","@id":"https:\/\/verdadeon.com.br\/portal\/#website","url":"https:\/\/verdadeon.com.br\/portal\/","name":"VerdadeOn","description":"Not\u00edcias di\u00e1rias sobre Franca, Regi\u00e3o, Esporte, Cultura, Cotidiano, Colunas. Cobertura nos principais eventos da cidade \u00e9 aqui - Verdadeon Franca","potentialAction":[{"@type":"SearchAction","target":{"@type":"EntryPoint","urlTemplate":"https:\/\/verdadeon.com.br\/portal\/?s={search_term_string}"},"query-input":{"@type":"PropertyValueSpecification","valueRequired":true,"valueName":"search_term_string"}}],"inLanguage":"pt-BR"},{"@type":"Person","@id":"https:\/\/verdadeon.com.br\/portal\/#\/schema\/person\/a5060ad1e9ea3df545188fc93ce43d2f","name":"Redacao VerdadeOn","image":{"@type":"ImageObject","inLanguage":"pt-BR","@id":"https:\/\/verdadeon.com.br\/portal\/#\/schema\/person\/image\/","url":"https:\/\/secure.gravatar.com\/avatar\/459a9613caaaf07f582c3d0841eea68bdd66f533e465e6ba8b9cb45619572cf4?s=96&d=mm&r=g","contentUrl":"https:\/\/secure.gravatar.com\/avatar\/459a9613caaaf07f582c3d0841eea68bdd66f533e465e6ba8b9cb45619572cf4?s=96&d=mm&r=g","caption":"Redacao VerdadeOn"},"url":"https:\/\/verdadeon.com.br\/portal\/author\/redacao\/"}]}},"jetpack_publicize_connections":[],"jetpack_featured_media_url":"https:\/\/i0.wp.com\/verdadeon.com.br\/portal\/wp-content\/uploads\/2023\/08\/neutras2022-7.jpeg?fit=832%2C557&ssl=1","jetpack_sharing_enabled":true,"_links":{"self":[{"href":"https:\/\/verdadeon.com.br\/portal\/wp-json\/wp\/v2\/posts\/38913","targetHints":{"allow":["GET"]}}],"collection":[{"href":"https:\/\/verdadeon.com.br\/portal\/wp-json\/wp\/v2\/posts"}],"about":[{"href":"https:\/\/verdadeon.com.br\/portal\/wp-json\/wp\/v2\/types\/post"}],"author":[{"embeddable":true,"href":"https:\/\/verdadeon.com.br\/portal\/wp-json\/wp\/v2\/users\/10"}],"replies":[{"embeddable":true,"href":"https:\/\/verdadeon.com.br\/portal\/wp-json\/wp\/v2\/comments?post=38913"}],"version-history":[{"count":1,"href":"https:\/\/verdadeon.com.br\/portal\/wp-json\/wp\/v2\/posts\/38913\/revisions"}],"predecessor-version":[{"id":38914,"href":"https:\/\/verdadeon.com.br\/portal\/wp-json\/wp\/v2\/posts\/38913\/revisions\/38914"}],"wp:featuredmedia":[{"embeddable":true,"href":"https:\/\/verdadeon.com.br\/portal\/wp-json\/wp\/v2\/media\/36512"}],"wp:attachment":[{"href":"https:\/\/verdadeon.com.br\/portal\/wp-json\/wp\/v2\/media?parent=38913"}],"wp:term":[{"taxonomy":"category","embeddable":true,"href":"https:\/\/verdadeon.com.br\/portal\/wp-json\/wp\/v2\/categories?post=38913"},{"taxonomy":"post_tag","embeddable":true,"href":"https:\/\/verdadeon.com.br\/portal\/wp-json\/wp\/v2\/tags?post=38913"}],"curies":[{"name":"wp","href":"https:\/\/api.w.org\/{rel}","templated":true}]}}